{"id":9999,"date":"2010-11-29T20:49:12","date_gmt":"2010-11-29T19:49:12","guid":{"rendered":"https:\/\/sandzakpress.net\/arhiva\/?p=9999"},"modified":"2010-11-29T20:49:12","modified_gmt":"2010-11-29T19:49:12","slug":"u-prijepolju-se-susrecu-bosnjacki-i-srpski-akademici-na-temu-sandzak","status":"publish","type":"post","link":"https:\/\/sandzakpress.net\/arhiva\/u-prijepolju-se-susrecu-bosnjacki-i-srpski-akademici-na-temu-sandzak\/","title":{"rendered":"U Prijepolju se susre\u0107u bo\u0161nja\u010dki i srpski akademici na temu Sand\u017eak"},"content":{"rendered":"<p><strong><a href=\"https:\/\/sandzakpress.net\/arhiva\/wp-content\/uploads\/2010\/11\/kzs-bkz-29.11.2010..jpg\"><img loading=\"lazy\" decoding=\"async\" class=\"alignleft size-medium wp-image-10000\" title=\"kzs-bkz-29.11.2010.\" src=\"https:\/\/sandzakpress.net\/arhiva\/wp-content\/uploads\/2010\/11\/kzs-bkz-29.11.2010.-300x182.jpg\" alt=\"\" width=\"300\" height=\"182\" \/><\/a>Prijepolje &#8211; Na konferenciji za novinare koja je odr\u017eana u ponedeljak 29.11.2010. godine u prostorijama Bo\u0161nja\u010dke kulturne zajednice na trgu Gazi Isa-bega predstavnici ove organizacije Samir Tandir, Sead \u0160a\u0107irovi\u0107 i Jahja Ferhatovi\u0107 upoznali su javnost da \u0107e se u petak 3.decembra u Domu kulture u Prijepolju odr\u017eati nau\u010dni skup pod nazivom \u201eHistorijski i kulturolo\u0161ki procesi u Sand\u017eaku\/Staroj Ra\u0161koj\u201c. Tom prilikom Samir Tandir je rekao:<img decoding=\"async\" title=\"Vi\u0161e...\" src=\"http:\/\/www.bkz.org.rs\/wp-includes\/js\/tinymce\/plugins\/wordpress\/img\/trans.gif\" alt=\"\" \/><\/strong><\/p>\n<p>\u201eDvodnevni me\u0111unarodni simpozijum \u0107e biti odr\u017ean u Prijepolju 3. i 4. decembra. Ovaj simpozijum organizuje BKZ u saradnji sa Domom kulture u Prijepolju na \u010diji poziv smo i uzeli u\u010de\u0161\u0107e. Gosti \u0107e biti eminentni stru\u010dnjaci akademici SANU kao i akademici doktori i profesori iz Sarajeva, Skoplja, Zagreba, Podgorice, neki \u0107e do\u0107i iz zapadne Evrope. \u017delim da naglasim da je trajno opredeljenje BKZ-a i temelj na kojem je nastala razvijanje kulture dijaloga. Mi sa ovim Me\u0111unarodnim simpozijumom koji \u017eelimo da organizujemo u Prijepolju \u0161aljemo takvu poruku da o autonomiji Sand\u017eaka, kulturnim, historijskim i svim drugim procesima koji su se de\u0161avali i koji se sada de\u0161avaju u Sand\u017eaku mo\u017eemo da razgovaramo bez gr\u010da. Nama je u interesu da se istina sazna i da se dosta tih stvari iz na\u0161e povjesti koje su prekrivene velom tajni napokon otkrije. Svi radovi profesora koji \u0107e gostovati bi\u0107e objavljeni u Zborniku poslije Simpozijuma.\u201c<\/p>\n<p>Zatim je Jahja Ferhatovi\u0107 pro\u010ditao spisak u\u010desnika ovog Simpozijuma, a njihova imena i teme na koje \u0107e podnositi referate su:<\/p>\n<p>Prof. dr. Muhamed Filipovi\u0107: \u201cOp\u0107i pogled na historijske i kulturolo\u0161ke procese u Sand\u017eaku\u201d, prof. dr. Ferid Muhi\u0107: \u201eAutohtonost Bo\u0161njaka u Sand\u017eaku\u201c, prof. dr. Ibrahim Pa\u0161i\u0107: \u201eNoviji pogledi na etnogenezu Bo\u0161njaka\u201c, prof.dr. D\u017eevad Jahi\u0107: \u201eJezi\u010dki identitet Bo\u0161njaka u Sand\u017eaku\u201c, prof. dr. D\u017eemal Lati\u0107: \u201e\u017divotni prostor Bo\u0161njaka i Srba \u2013 nu\u017enost dijaloga\u201c, prof. dr. Smail \u010ceki\u0107 \u201cStradanje Bo\u0161njaka u sand\u017eaku\u201d, prof. dr. Enes Durmi\u0161evi\u0107: \u201cNacionalna dr\u017eava Bo\u0161njaka nu\u017enost ili utopija\u201d, dr. Harun Had\u017ei\u0107: \u201c Me\u0111unarodnopravni osnov za rje\u0161avanje statusa Sand\u017eaka\u201d, dr. Almir Pramenkovi\u0107: \u201eIslamska zajednica \u2013 temelj identiteta Bo\u0161njaka u Sand\u017eaku\u201c, dr. Mehmed Slezovi\u0107: \u201eUniverzitet u Novom Pazaru, zna\u010daj u dru\u0161tvenim procesima u Sand\u017eaku\u201d, dr. Rifat Red\u017eovi\u0107: \u201eBo\u0161nja\u010dko nacionalno vije\u0107e i prava Bo\u0161njaka \u201c, prof. dr. Admir Muratovi\u0107: \u201eAutonomija Sand\u017eaka historijski i kulturolo\u0161ki kontekst\u201c. Prof. dr Vojislav Suboti\u0107: Presek istorijekih procesa u Staroj Ra\u0161koj do 1912. godine, Prof. Salih Selimovi\u0107: Turska okupacija Stare Ra\u0161ke, adminietrativne podele i po\u010detak islamizacije, Prof. dr Darko Tanaskovi\u0107: Islamizacija, civilizaiijski i politi\u010dki aspekti, Prof. Dragica Premovi\u0107: Sand\u017eak &#8211; administrativna jedinica u okupacionom sistemu u Staroj Ra\u0161koj, Prof. Mili\u0107 f. Petrovi\u0107: Karakteristike administrativnih podela u Staroj Ra\u0161koj od 1912-1945., Dr Slavenko Terzi\u0107: Dokumenta o noeolazarskom Sand\u017eaku u XVII \u2013 XIX veku, Akademik, prof. dr Petar Vlahovi\u0107: Etni\u010dke i etnolo\u0161ke odlike u Staroj Ra\u0161koj, Prof. dr Anika Skoeran: Sakralna umetnost u Staroj Ra\u0161koj, Akademik, prof. dr Vasilije Kresti\u0107: DiskusiJa o zna\u010daju saop\u0161tenja, Dr Petar \u0106ur\u010di\u0107: Vekovni problemi zdravstva u Staroj Ra\u0161koj.<\/p>\n<p>Izvor: <strong>IslamskaZajednica.org<\/strong><\/p>\n","protected":false},"excerpt":{"rendered":"<p>Prijepolje &#8211; Na konferenciji za novinare koja je odr\u017eana u ponedeljak 29.11.2010. godine u prostorijama Bo\u0161nja\u010dke kulturne zajednice na trgu Gazi Isa-bega predstavnici ove organizacije Samir Tandir, Sead \u0160a\u0107irovi\u0107 i Jahja Ferhatovi\u0107 upoznali su javnost da \u0107e se u petak 3.decembra u Domu kulture u Prijepolju odr\u017eati nau\u010dni skup pod nazivom \u201eHistorijski i kulturolo\u0161ki procesi [&hellip;]<\/p>\n","protected":false},"author":83,"featured_media":10000,"comment_status":"open","ping_status":"open","sticky":false,"template":"","format":"standard","meta":{"footnotes":""},"categories":[800,392],"tags":[],"class_list":{"0":"post-9999","1":"post","2":"type-post","3":"status-publish","4":"format-standard","5":"has-post-thumbnail","7":"category-nacija","8":"category-prijepolje_"},"yoast_head":"<!-- This site is optimized with the Yoast SEO Premium plugin v23.1 (Yoast SEO v24.9) - https:\/\/yoast.com\/wordpress\/plugins\/seo\/ -->\n<title>U Prijepolju se susre\u0107u bo\u0161nja\u010dki i srpski akademici na temu Sand\u017eak<\/title>\n<meta name=\"robots\" content=\"index, follow, max-snippet:-1, max-image-preview:large, max-video-preview:-1\" \/>\n<link rel=\"canonical\" href=\"https:\/\/sandzakpress.net\/arhiva\/u-prijepolju-se-susrecu-bosnjacki-i-srpski-akademici-na-temu-sandzak\/\" \/>\n<meta property=\"og:locale\" content=\"bs_BA\" \/>\n<meta property=\"og:type\" content=\"article\" \/>\n<meta property=\"og:title\" content=\"U Prijepolju se susre\u0107u bo\u0161nja\u010dki i srpski akademici na temu Sand\u017eak\" \/>\n<meta property=\"og:description\" content=\"Prijepolje &#8211; Na konferenciji za novinare koja je odr\u017eana u ponedeljak 29.11.2010. godine u prostorijama Bo\u0161nja\u010dke kulturne zajednice na trgu Gazi Isa-bega predstavnici ove organizacije Samir Tandir, Sead \u0160a\u0107irovi\u0107 i Jahja Ferhatovi\u0107 upoznali su javnost da \u0107e se u petak 3.decembra u Domu kulture u Prijepolju odr\u017eati nau\u010dni skup pod nazivom \u201eHistorijski i kulturolo\u0161ki procesi [&hellip;]\" \/>\n<meta property=\"og:url\" content=\"https:\/\/sandzakpress.net\/arhiva\/u-prijepolju-se-susrecu-bosnjacki-i-srpski-akademici-na-temu-sandzak\/\" \/>\n<meta property=\"og:site_name\" content=\"Sand\u017eak PRESS\" \/>\n<meta property=\"article:published_time\" content=\"2010-11-29T19:49:12+00:00\" \/>\n<meta property=\"og:image\" content=\"https:\/\/sandzakpress.net\/arhiva\/wp-content\/uploads\/2010\/11\/kzs-bkz-29.11.2010..jpg\" \/>\n\t<meta property=\"og:image:width\" content=\"551\" \/>\n\t<meta property=\"og:image:height\" content=\"336\" \/>\n\t<meta property=\"og:image:type\" content=\"image\/jpeg\" \/>\n<meta name=\"author\" content=\"bosniak\" \/>\n<meta name=\"twitter:card\" content=\"summary_large_image\" \/>\n<meta name=\"twitter:label1\" content=\"Written by\" \/>\n\t<meta name=\"twitter:data1\" content=\"bosniak\" \/>\n\t<meta name=\"twitter:label2\" content=\"Est. reading time\" \/>\n\t<meta name=\"twitter:data2\" content=\"3 minute\" \/>\n<script type=\"application\/ld+json\" class=\"yoast-schema-graph\">{\"@context\":\"https:\/\/schema.org\",\"@graph\":[{\"@type\":\"Article\",\"@id\":\"https:\/\/sandzakpress.net\/arhiva\/u-prijepolju-se-susrecu-bosnjacki-i-srpski-akademici-na-temu-sandzak\/#article\",\"isPartOf\":{\"@id\":\"https:\/\/sandzakpress.net\/arhiva\/u-prijepolju-se-susrecu-bosnjacki-i-srpski-akademici-na-temu-sandzak\/\"},\"author\":{\"name\":\"bosniak\",\"@id\":\"https:\/\/sandzakpress.net\/arhiva\/#\/schema\/person\/c8baee722073534b583ea7bdb2e36c02\"},\"headline\":\"U Prijepolju se susre\u0107u bo\u0161nja\u010dki i srpski akademici na temu Sand\u017eak\",\"datePublished\":\"2010-11-29T19:49:12+00:00\",\"mainEntityOfPage\":{\"@id\":\"https:\/\/sandzakpress.net\/arhiva\/u-prijepolju-se-susrecu-bosnjacki-i-srpski-akademici-na-temu-sandzak\/\"},\"wordCount\":552,\"commentCount\":3,\"publisher\":{\"@id\":\"https:\/\/sandzakpress.net\/arhiva\/#\/schema\/person\/6e72b67d6e51910a1117b3b483ba20bd\"},\"image\":{\"@id\":\"https:\/\/sandzakpress.net\/arhiva\/u-prijepolju-se-susrecu-bosnjacki-i-srpski-akademici-na-temu-sandzak\/#primaryimage\"},\"thumbnailUrl\":\"https:\/\/sandzakpress.net\/arhiva\/wp-content\/uploads\/2010\/11\/kzs-bkz-29.11.2010..jpg\",\"articleSection\":[\"Nacija\",\"Prijepolje\"],\"inLanguage\":\"bs-BA\",\"potentialAction\":[{\"@type\":\"CommentAction\",\"name\":\"Comment\",\"target\":[\"https:\/\/sandzakpress.net\/arhiva\/u-prijepolju-se-susrecu-bosnjacki-i-srpski-akademici-na-temu-sandzak\/#respond\"]}]},{\"@type\":\"WebPage\",\"@id\":\"https:\/\/sandzakpress.net\/arhiva\/u-prijepolju-se-susrecu-bosnjacki-i-srpski-akademici-na-temu-sandzak\/\",\"url\":\"https:\/\/sandzakpress.net\/arhiva\/u-prijepolju-se-susrecu-bosnjacki-i-srpski-akademici-na-temu-sandzak\/\",\"name\":\"U Prijepolju se susre\u0107u bo\u0161nja\u010dki i srpski akademici na temu Sand\u017eak\",\"isPartOf\":{\"@id\":\"https:\/\/sandzakpress.net\/arhiva\/#website\"},\"primaryImageOfPage\":{\"@id\":\"https:\/\/sandzakpress.net\/arhiva\/u-prijepolju-se-susrecu-bosnjacki-i-srpski-akademici-na-temu-sandzak\/#primaryimage\"},\"image\":{\"@id\":\"https:\/\/sandzakpress.net\/arhiva\/u-prijepolju-se-susrecu-bosnjacki-i-srpski-akademici-na-temu-sandzak\/#primaryimage\"},\"thumbnailUrl\":\"https:\/\/sandzakpress.net\/arhiva\/wp-content\/uploads\/2010\/11\/kzs-bkz-29.11.2010..jpg\",\"datePublished\":\"2010-11-29T19:49:12+00:00\",\"breadcrumb\":{\"@id\":\"https:\/\/sandzakpress.net\/arhiva\/u-prijepolju-se-susrecu-bosnjacki-i-srpski-akademici-na-temu-sandzak\/#breadcrumb\"},\"inLanguage\":\"bs-BA\",\"potentialAction\":[{\"@type\":\"ReadAction\",\"target\":[\"https:\/\/sandzakpress.net\/arhiva\/u-prijepolju-se-susrecu-bosnjacki-i-srpski-akademici-na-temu-sandzak\/\"]}]},{\"@type\":\"ImageObject\",\"inLanguage\":\"bs-BA\",\"@id\":\"https:\/\/sandzakpress.net\/arhiva\/u-prijepolju-se-susrecu-bosnjacki-i-srpski-akademici-na-temu-sandzak\/#primaryimage\",\"url\":\"https:\/\/sandzakpress.net\/arhiva\/wp-content\/uploads\/2010\/11\/kzs-bkz-29.11.2010..jpg\",\"contentUrl\":\"https:\/\/sandzakpress.net\/arhiva\/wp-content\/uploads\/2010\/11\/kzs-bkz-29.11.2010..jpg\",\"width\":551,\"height\":336},{\"@type\":\"BreadcrumbList\",\"@id\":\"https:\/\/sandzakpress.net\/arhiva\/u-prijepolju-se-susrecu-bosnjacki-i-srpski-akademici-na-temu-sandzak\/#breadcrumb\",\"itemListElement\":[{\"@type\":\"ListItem\",\"position\":1,\"name\":\"Home\",\"item\":\"https:\/\/sandzakpress.net\/arhiva\/\"},{\"@type\":\"ListItem\",\"position\":2,\"name\":\"U Prijepolju se susre\u0107u bo\u0161nja\u010dki i srpski akademici na temu Sand\u017eak\"}]},{\"@type\":\"WebSite\",\"@id\":\"https:\/\/sandzakpress.net\/arhiva\/#website\",\"url\":\"https:\/\/sandzakpress.net\/arhiva\/\",\"name\":\"Sand\u017eak PRESS\",\"description\":\"Prve elektronske novine u Sand\u017eaku\",\"publisher\":{\"@id\":\"https:\/\/sandzakpress.net\/arhiva\/#\/schema\/person\/6e72b67d6e51910a1117b3b483ba20bd\"},\"potentialAction\":[{\"@type\":\"SearchAction\",\"target\":{\"@type\":\"EntryPoint\",\"urlTemplate\":\"https:\/\/sandzakpress.net\/arhiva\/?s={search_term_string}\"},\"query-input\":{\"@type\":\"PropertyValueSpecification\",\"valueRequired\":true,\"valueName\":\"search_term_string\"}}],\"inLanguage\":\"bs-BA\"},{\"@type\":[\"Person\",\"Organization\"],\"@id\":\"https:\/\/sandzakpress.net\/arhiva\/#\/schema\/person\/6e72b67d6e51910a1117b3b483ba20bd\",\"name\":\"Kul\",\"image\":{\"@type\":\"ImageObject\",\"inLanguage\":\"bs-BA\",\"@id\":\"https:\/\/sandzakpress.net\/arhiva\/#\/schema\/person\/image\/\",\"url\":\"https:\/\/secure.gravatar.com\/avatar\/42263f39aa27ac04c43cab85c280eb2e?s=96&d=mm&r=pg\",\"contentUrl\":\"https:\/\/secure.gravatar.com\/avatar\/42263f39aa27ac04c43cab85c280eb2e?s=96&d=mm&r=pg\",\"caption\":\"Kul\"},\"logo\":{\"@id\":\"https:\/\/sandzakpress.net\/arhiva\/#\/schema\/person\/image\/\"}},{\"@type\":\"Person\",\"@id\":\"https:\/\/sandzakpress.net\/arhiva\/#\/schema\/person\/c8baee722073534b583ea7bdb2e36c02\",\"name\":\"bosniak\",\"image\":{\"@type\":\"ImageObject\",\"inLanguage\":\"bs-BA\",\"@id\":\"https:\/\/sandzakpress.net\/arhiva\/#\/schema\/person\/image\/\",\"url\":\"https:\/\/secure.gravatar.com\/avatar\/a04fd330bfe3a36a72a0ad4a6d89fca7?s=96&d=mm&r=pg\",\"contentUrl\":\"https:\/\/secure.gravatar.com\/avatar\/a04fd330bfe3a36a72a0ad4a6d89fca7?s=96&d=mm&r=pg\",\"caption\":\"bosniak\"},\"url\":\"https:\/\/sandzakpress.net\/arhiva\/author\/bosniak\/\"}]}<\/script>\n<!-- \/ Yoast SEO Premium plugin. -->","yoast_head_json":{"title":"U Prijepolju se susre\u0107u bo\u0161nja\u010dki i srpski akademici na temu Sand\u017eak","robots":{"index":"index","follow":"follow","max-snippet":"max-snippet:-1","max-image-preview":"max-image-preview:large","max-video-preview":"max-video-preview:-1"},"canonical":"https:\/\/sandzakpress.net\/arhiva\/u-prijepolju-se-susrecu-bosnjacki-i-srpski-akademici-na-temu-sandzak\/","og_locale":"bs_BA","og_type":"article","og_title":"U Prijepolju se susre\u0107u bo\u0161nja\u010dki i srpski akademici na temu Sand\u017eak","og_description":"Prijepolje &#8211; Na konferenciji za novinare koja je odr\u017eana u ponedeljak 29.11.2010. godine u prostorijama Bo\u0161nja\u010dke kulturne zajednice na trgu Gazi Isa-bega predstavnici ove organizacije Samir Tandir, Sead \u0160a\u0107irovi\u0107 i Jahja Ferhatovi\u0107 upoznali su javnost da \u0107e se u petak 3.decembra u Domu kulture u Prijepolju odr\u017eati nau\u010dni skup pod nazivom \u201eHistorijski i kulturolo\u0161ki procesi [&hellip;]","og_url":"https:\/\/sandzakpress.net\/arhiva\/u-prijepolju-se-susrecu-bosnjacki-i-srpski-akademici-na-temu-sandzak\/","og_site_name":"Sand\u017eak PRESS","article_published_time":"2010-11-29T19:49:12+00:00","og_image":[{"width":551,"height":336,"url":"https:\/\/sandzakpress.net\/arhiva\/wp-content\/uploads\/2010\/11\/kzs-bkz-29.11.2010..jpg","type":"image\/jpeg"}],"author":"bosniak","twitter_card":"summary_large_image","twitter_misc":{"Written by":"bosniak","Est. reading time":"3 minute"},"schema":{"@context":"https:\/\/schema.org","@graph":[{"@type":"Article","@id":"https:\/\/sandzakpress.net\/arhiva\/u-prijepolju-se-susrecu-bosnjacki-i-srpski-akademici-na-temu-sandzak\/#article","isPartOf":{"@id":"https:\/\/sandzakpress.net\/arhiva\/u-prijepolju-se-susrecu-bosnjacki-i-srpski-akademici-na-temu-sandzak\/"},"author":{"name":"bosniak","@id":"https:\/\/sandzakpress.net\/arhiva\/#\/schema\/person\/c8baee722073534b583ea7bdb2e36c02"},"headline":"U Prijepolju se susre\u0107u bo\u0161nja\u010dki i srpski akademici na temu Sand\u017eak","datePublished":"2010-11-29T19:49:12+00:00","mainEntityOfPage":{"@id":"https:\/\/sandzakpress.net\/arhiva\/u-prijepolju-se-susrecu-bosnjacki-i-srpski-akademici-na-temu-sandzak\/"},"wordCount":552,"commentCount":3,"publisher":{"@id":"https:\/\/sandzakpress.net\/arhiva\/#\/schema\/person\/6e72b67d6e51910a1117b3b483ba20bd"},"image":{"@id":"https:\/\/sandzakpress.net\/arhiva\/u-prijepolju-se-susrecu-bosnjacki-i-srpski-akademici-na-temu-sandzak\/#primaryimage"},"thumbnailUrl":"https:\/\/sandzakpress.net\/arhiva\/wp-content\/uploads\/2010\/11\/kzs-bkz-29.11.2010..jpg","articleSection":["Nacija","Prijepolje"],"inLanguage":"bs-BA","potentialAction":[{"@type":"CommentAction","name":"Comment","target":["https:\/\/sandzakpress.net\/arhiva\/u-prijepolju-se-susrecu-bosnjacki-i-srpski-akademici-na-temu-sandzak\/#respond"]}]},{"@type":"WebPage","@id":"https:\/\/sandzakpress.net\/arhiva\/u-prijepolju-se-susrecu-bosnjacki-i-srpski-akademici-na-temu-sandzak\/","url":"https:\/\/sandzakpress.net\/arhiva\/u-prijepolju-se-susrecu-bosnjacki-i-srpski-akademici-na-temu-sandzak\/","name":"U Prijepolju se susre\u0107u bo\u0161nja\u010dki i srpski akademici na temu Sand\u017eak","isPartOf":{"@id":"https:\/\/sandzakpress.net\/arhiva\/#website"},"primaryImageOfPage":{"@id":"https:\/\/sandzakpress.net\/arhiva\/u-prijepolju-se-susrecu-bosnjacki-i-srpski-akademici-na-temu-sandzak\/#primaryimage"},"image":{"@id":"https:\/\/sandzakpress.net\/arhiva\/u-prijepolju-se-susrecu-bosnjacki-i-srpski-akademici-na-temu-sandzak\/#primaryimage"},"thumbnailUrl":"https:\/\/sandzakpress.net\/arhiva\/wp-content\/uploads\/2010\/11\/kzs-bkz-29.11.2010..jpg","datePublished":"2010-11-29T19:49:12+00:00","breadcrumb":{"@id":"https:\/\/sandzakpress.net\/arhiva\/u-prijepolju-se-susrecu-bosnjacki-i-srpski-akademici-na-temu-sandzak\/#breadcrumb"},"inLanguage":"bs-BA","potentialAction":[{"@type":"ReadAction","target":["https:\/\/sandzakpress.net\/arhiva\/u-prijepolju-se-susrecu-bosnjacki-i-srpski-akademici-na-temu-sandzak\/"]}]},{"@type":"ImageObject","inLanguage":"bs-BA","@id":"https:\/\/sandzakpress.net\/arhiva\/u-prijepolju-se-susrecu-bosnjacki-i-srpski-akademici-na-temu-sandzak\/#primaryimage","url":"https:\/\/sandzakpress.net\/arhiva\/wp-content\/uploads\/2010\/11\/kzs-bkz-29.11.2010..jpg","contentUrl":"https:\/\/sandzakpress.net\/arhiva\/wp-content\/uploads\/2010\/11\/kzs-bkz-29.11.2010..jpg","width":551,"height":336},{"@type":"BreadcrumbList","@id":"https:\/\/sandzakpress.net\/arhiva\/u-prijepolju-se-susrecu-bosnjacki-i-srpski-akademici-na-temu-sandzak\/#breadcrumb","itemListElement":[{"@type":"ListItem","position":1,"name":"Home","item":"https:\/\/sandzakpress.net\/arhiva\/"},{"@type":"ListItem","position":2,"name":"U Prijepolju se susre\u0107u bo\u0161nja\u010dki i srpski akademici na temu Sand\u017eak"}]},{"@type":"WebSite","@id":"https:\/\/sandzakpress.net\/arhiva\/#website","url":"https:\/\/sandzakpress.net\/arhiva\/","name":"Sand\u017eak PRESS","description":"Prve elektronske novine u Sand\u017eaku","publisher":{"@id":"https:\/\/sandzakpress.net\/arhiva\/#\/schema\/person\/6e72b67d6e51910a1117b3b483ba20bd"},"potentialAction":[{"@type":"SearchAction","target":{"@type":"EntryPoint","urlTemplate":"https:\/\/sandzakpress.net\/arhiva\/?s={search_term_string}"},"query-input":{"@type":"PropertyValueSpecification","valueRequired":true,"valueName":"search_term_string"}}],"inLanguage":"bs-BA"},{"@type":["Person","Organization"],"@id":"https:\/\/sandzakpress.net\/arhiva\/#\/schema\/person\/6e72b67d6e51910a1117b3b483ba20bd","name":"Kul","image":{"@type":"ImageObject","inLanguage":"bs-BA","@id":"https:\/\/sandzakpress.net\/arhiva\/#\/schema\/person\/image\/","url":"https:\/\/secure.gravatar.com\/avatar\/42263f39aa27ac04c43cab85c280eb2e?s=96&d=mm&r=pg","contentUrl":"https:\/\/secure.gravatar.com\/avatar\/42263f39aa27ac04c43cab85c280eb2e?s=96&d=mm&r=pg","caption":"Kul"},"logo":{"@id":"https:\/\/sandzakpress.net\/arhiva\/#\/schema\/person\/image\/"}},{"@type":"Person","@id":"https:\/\/sandzakpress.net\/arhiva\/#\/schema\/person\/c8baee722073534b583ea7bdb2e36c02","name":"bosniak","image":{"@type":"ImageObject","inLanguage":"bs-BA","@id":"https:\/\/sandzakpress.net\/arhiva\/#\/schema\/person\/image\/","url":"https:\/\/secure.gravatar.com\/avatar\/a04fd330bfe3a36a72a0ad4a6d89fca7?s=96&d=mm&r=pg","contentUrl":"https:\/\/secure.gravatar.com\/avatar\/a04fd330bfe3a36a72a0ad4a6d89fca7?s=96&d=mm&r=pg","caption":"bosniak"},"url":"https:\/\/sandzakpress.net\/arhiva\/author\/bosniak\/"}]}},"_links":{"self":[{"href":"https:\/\/sandzakpress.net\/arhiva\/wp-json\/wp\/v2\/posts\/9999"}],"collection":[{"href":"https:\/\/sandzakpress.net\/arhiva\/wp-json\/wp\/v2\/posts"}],"about":[{"href":"https:\/\/sandzakpress.net\/arhiva\/wp-json\/wp\/v2\/types\/post"}],"author":[{"embeddable":true,"href":"https:\/\/sandzakpress.net\/arhiva\/wp-json\/wp\/v2\/users\/83"}],"replies":[{"embeddable":true,"href":"https:\/\/sandzakpress.net\/arhiva\/wp-json\/wp\/v2\/comments?post=9999"}],"version-history":[{"count":0,"href":"https:\/\/sandzakpress.net\/arhiva\/wp-json\/wp\/v2\/posts\/9999\/revisions"}],"wp:featuredmedia":[{"embeddable":true,"href":"https:\/\/sandzakpress.net\/arhiva\/wp-json\/wp\/v2\/media\/10000"}],"wp:attachment":[{"href":"https:\/\/sandzakpress.net\/arhiva\/wp-json\/wp\/v2\/media?parent=9999"}],"wp:term":[{"taxonomy":"category","embeddable":true,"href":"https:\/\/sandzakpress.net\/arhiva\/wp-json\/wp\/v2\/categories?post=9999"},{"taxonomy":"post_tag","embeddable":true,"href":"https:\/\/sandzakpress.net\/arhiva\/wp-json\/wp\/v2\/tags?post=9999"}],"curies":[{"name":"wp","href":"https:\/\/api.w.org\/{rel}","templated":true}]}}