{"id":99772,"date":"2014-01-16T16:42:27","date_gmt":"2014-01-16T15:42:27","guid":{"rendered":"https:\/\/sandzakpress.net\/arhiva\/?p=99772"},"modified":"2014-01-16T16:42:27","modified_gmt":"2014-01-16T15:42:27","slug":"kako-je-crnogorsko-pravosude-cestitalo-albancima-i-bosnjacima-novu-godinu","status":"publish","type":"post","link":"https:\/\/sandzakpress.net\/arhiva\/kako-je-crnogorsko-pravosude-cestitalo-albancima-i-bosnjacima-novu-godinu\/","title":{"rendered":"Kako je crnogorsko &#8216;pravosu\u0111e&#8217; \u010destitalo Albancima i Bo\u0161njacima Novu godinu"},"content":{"rendered":"<p><img loading=\"lazy\" decoding=\"async\" class=\"alignleft size-medium wp-image-99773\" alt=\"unnamed (1)\" src=\"https:\/\/sandzakpress.net\/arhiva\/wp-content\/uploads\/2014\/01\/unnamed-14-300x220.jpg\" width=\"300\" height=\"220\" \/>Jedna od karakteristika kontinuiteta lo\u0161e dr\u017eavne politike da se sand\u017eacki region o\u010disti od Bo\u0161njaka i Albanaca ogleda se u nakaradnim presudama crnogorskog \u201cpravosu\u0111a\u201d. U tom smislu se donose razne presude koje umjesto da raskrinkavaju zlo\u010din i kazne po\u010dinioce, presude zapravo bivaju jedan od instrumenata da se legalizira zlo\u010din. Najsvje\u017eiji primjer takve presude i legaliziranja zlo\u010dina je skora\u0161nja novogodi\u0161nja presuda u predmetu Kalu\u0111erski laz, gdje su osumnji\u010deni za zlo\u010din pu\u0161teni na slobodu a porodice \u017ertava jos jednom ostale razo\u010darane u pravni sistem Crne Gore.<\/p>\n<p>Iako pojmovi legalno i zlo\u010din ne idu jedan uz drugi, aktuelni \u201cpravosudni\u201d pipci kriminalizirane vlasti u Crnoj Gori na ovaj na\u010din legaliziraju zlo\u010din i poru\u010duju da svako ko u budu\u0107e bude \u010dinio zlo\u010dine nad Bo\u0161njacima i Albancima mo\u017ee dobiti po nekoliko mjeseci zatvora i to samo dok traje proces da borave u pritvoru ali \u0107e ih onda uz sve po\u010dasti za Novu godinu pustiti na slobodu, a porodicama \u017ertava baciti rukavice u lice sa okahrenom \u010destitkom za Novu godinu uz obrazlo\u017eenje da ce \u201cpravosudni\u201dorgani dati sve od sebe da se zlo\u010dinci kazne i slu\u010daj rasvijetli. O \u010demu se zapravo radi? Svo \u0161arenilo, ki\u010d i \u0161und, pirotehni\u010dka sredstva, slavlja, razbacivanje novcem iz dr\u017eavnog bud\u017eeta sa go\u0161\u0107enjem kvazi umjetnika i umjetnica tj. folk i pop umjetnika i umjetnica po trgovima crnogorskih gradova, a dobar dio gra\u0111ana nema ni za hljeba da jede, ukra\u0161avanje gradova, sijedi starac pijan ko letva popularno nazvan Djed mraz, tu\u010de alkoholiziranih grupa po ulicama i lokalima i niz drugih rituala ludovanja povodom Nove godine, nije bilo dovoljno da upotpuni ambijent bezna\u0111a prilikom napu\u0161tanja stare i ulazak u novu kalendarsku godinu te je sve za\u010dinjeno nakaradnom presudom. Naime, pored toga \u0161to je nakaradna, presuda u predmetu Kalu\u0111erski laz je i podmukla, jer dolazi na zadnji dan kalendarske godine kad se malo ko interesuje za bilo kakvu presudu, a posebno za crnogorsko javno mjenje presudu povodom ubijanja tamo nekakvih Albanaca, kao da su albanske i bo\u0161nja\u010dke \u017ertve manje vrijedne od drugih i kao da su pale sa neke jo\u0161 neotkrivene planete, pa ne pripadaju ovom podneblju, ali ciljano donesenu presudu jer se u tom periodu godine niko ne interesuje za presude ve\u0107 za to gdje \u0107e se proslaviti Nova godina i pobje\u0107i od problema svakodnevice.<\/p>\n<p>Presudom su porodice \u017ertava o\u010dekivale i tra\u010dak pravde od Djeda mraza koji je o ovom slu\u010daju predstavlja crnogorsko \u201cpravosu\u0111e\u201d koje je trebalo donijeti poklone u smislu kazni za po\u010dinioce ovog gnusnog zlo\u010dina, a porodicama unijeti u srca satisfakciju da je makar nesto ura\u0111eno za njihove najmilije. Ali kao sto je u ovom slu\u010daju pijanica Djeda Mraz sam po sebi besmislen, tako je i crnogorsko \u201cpravosu\u0111e\u201d postalo besmisleno donose\u0107i osloba\u0111aju\u0107u presudu za optu\u017eene u ovom predmetu. Tako da je sasvim jasno da je objavljivanjem presude u ovom periodu godine crnogorsko \u201cpravosudje \u201cposlalo poruku nezainteresovanosti i te\u017enju da zata\u0161ka zlo\u010din. Ovakva presuda nije prva po redu, sli\u010dno je bilo i sa raznim predmetima poput deportacija BiH izbjeglica, Bukovice, \u0160trpci&#8230; A poruka je uglavno ista i sadr\u017ei tri dimenzije zlo\u010dina. Prva dimenzija je sam \u010din zlo\u010dina, i to je RATNA dimenzija. Druga dimenzija je \u201cPRAVOSUDNA\u201d dimenzija, koja je samo nastavak ratne dimenzije u drugom obliku. A tre\u0107a dimenzija je posljedica prve i druge, i to je PSIHOLO\u0160KA DIMENZIJA zlo\u010dina koja je najbrutalnija, jer ima za cilj da porodice \u017ertava i stavnovni\u0161tvo ovog dijela Crne Gore izgube povjerenje u crnogorske institucije i u kona\u010dnici \u0161alje dalekose\u017enu poruku \u0160TA VI IMA OVDJE DA TRA\u017dITE??? Svakom iole pametnom insanu je lahko zaklju\u010diti da crnogorski \u201cpravosudni\u201d organi na ovaj perfidni psiholo\u0161ki na\u010din poku\u0161avaju da ovjere zlo\u010din u smislu da su oni uvijek na strani zlo\u010dina i zlo\u010dinaca,a nikako na strani \u017ertava i pravde. Za\u0161to je ovo ovako???<\/p>\n<p>Logi\u010dno bi bilo da je obrnuto, ali nije, jer u crnogorskom \u201dpravosu\u0111u\u201d dobrim dijelom rade kadrovi zlo\u010dinackih i genocidnih politika, bliski ro\u0111aci po\u010dinilaca te\u0161kih zlo\u010dina tokom devedesetih, za\u0161titnici kriminalaca i tajkuna, za\u0161titnici korupcijskih afera, za\u0161titnici onih koji peru novac u svrhu promovisanja destruktivne politike aktuelne vlasti i \u0161to je najva\u017enije za\u0161titnici onih koji sponzori\u0161u zlo\u010din i njihove mentore. \u201dPravosudni\u201d organi su zapravo pravni bataljon podr\u0161ke zlo\u010dinu kao sto je recimo zloglasni Sedmi bataljon bio izvr\u0161ioc eliminicije druga\u010dijeg i drugog od sebe, u ovom slu\u010daju nedu\u017enih gra\u0111ana albanske nacionalnosti, kao i izvr\u0161ioc planiranih potencijalnih zlo\u010dina od strane mozgova i inspiratora zlo\u010dina. Potencijalnih iz razloga sto se geografski Kalu\u0111erski laz nalazi nadomak Ro\u017eaja na teritoriji Crne Gore i teritoriji Ju\u017enog Sand\u017eaka, sa jasnom intencijom da se po\u010dev od tog mjesta krene u pohod etni\u010dkog ci\u0161\u0107enja Bo\u0161njaka i Albanaca sa ovog podru\u010dja, sve uz motiv Njego\u0161a i njegovog stiha \u201cda se istrijebi guba iz torine\u201d, \u0161to je bila i ideolo\u0161ka podloga za zlo\u010din. U ovom pogledu treba napomenuti da pojedini bo\u0161nja\u010dki predstavnici u vlasti ostaju nijemi na ovakve presude ili \u0161to je jo\u0161 gore kad bo\u0161njacki predstavnici daju licemjerna reagovanja povodom ovakvih presuda iako se dobro zna da oni participiraju u vlasti i da svojim anga\u017emanom mogu mnogo u\u010diniti da ovakve presude budu druga\u010dije zato je njihovo samo koliko da ispiraju usta i da da skinu odgovornost sa sebe, a zapravo time pokazuju koliko su zapravo neodgovorni po pitanju pozicija na koje ih je narod postavio.<\/p>\n<p>&nbsp;<\/p>\n<table width=\"520\" border=\"0\" cellspacing=\"0\" cellpadding=\"5\" align=\"center\" bgcolor=\"Gainsboro\">\n<tbody>\n<tr>\n<td align=\"left\"><center><img decoding=\"async\" alt=\"\" src=\"http:\/\/www.bosnjaci.net\/foto\/Sprovodjenje_optuzenih_Foto_Beca_Cokovic1.jpg\" width=\"520\" border=\"0\" \/><br \/>\nSproveli ih na sud kao zlo\u010dince, pustili ih kao heroje<\/center><\/td>\n<\/tr>\n<\/tbody>\n<\/table>\n<p>\u0160ta je rje\u0161enje? Da bi crnogorsko &#8220;pravosu\u0111e\u201d odnosno crnogorsko krivosu\u0111e postalo zaista pravosu\u0111e bez znaka navoda, potrebno je nekoliko stvari koje treba raditi koordinirano i sinhronizirano. Naime ako Crna Gora iskreno pristupa procesima evropskih integracija potrebno bi bilo da uz niz reformi dodje i do reforme pravosudnih organa. Reforma bi podrazumijevala smjene korumpiranog kadra koji nije pokazao da je dostojan pravne struke u pravom smislu te rije\u010di. Dalje, smjenjivanje onih tu\u017eioca i sudija koji su bili osovina podr\u0161ke genocidnih politika. I tre\u0107e adekvatna zastupljenost pripadnika Albanskog i Bo\u0161nja\u010dkog naroda u pravosudnim organima. Ova zastupljenost u pravosudnim organima pripadnika albanske i bo\u0161njacke nacije ne bi bila samo formalna zastupljenost kao \u0161to je to bilo do sad, ve\u0107 zastupljenost su\u0161tinske prirode u smislu da bi takvi predstavnici bili poznati po svojim moralnim i profesionalnim kvalitetima. A ne kao \u0161to je to sada gdje se posebno pripadnici Bo\u0161njackog naroda u ovim institucijama unapre\u0111uju ali ne zbog aktivizma za dobrobit svog naroda ve\u0107 se unapre\u0111uju zbog poltronstva svome \u0161efu i pasivnosti u smislu nano\u0161enja \u0161tete vlastitom narodu, a tako i ostalim gra\u0111anima Crne Gore. To zna\u010di da bi na narednim izborima pripadnici ovih naroda a posebno Bo\u0161njaci trebali olovkom poslati u politi\u010dku penziju svoje lo\u0161e predstavnike u vlasti, samim tim i njihove mentore jer su i jedni i drugi podjednako odgovorni za lo\u0161e stanje u ovim institucijama. Takva bo\u0161njacka politi\u010dka elita pouzdanih i iskrenih koji se na putu dostizanja pravde ne\u0107e bojati ni\u010dijeg prijekora bi bila u stanju da izvede na \u010distac sve po\u010dinioce ratnih zlo\u010dina pred lice pravde i onda bi na profesionalan na\u010din bez upliva mentora genocidne politike razrije\u0161ila nagomilane slu\u010dajeve nerasvijetljenih ratnih zlo\u010dina. Poslije ovog procesa porodice \u017ertava bi dobile kona\u010dnu satisfakciju u smislu postizanja makar jednog dijela pravde i to ovosvjetske pravde kao najboljeg poklona za njihove povrije\u0111ene du\u0161e, a najbolji poklon za sve nas bila bi relaksacija me\u0111uljudskih, me\u0111uvjerskih, medjunacionalnih odnosa a to bi dovelo do stabilazacije prilika za sve gra\u0111ane Crne Gore, a sve to bez novogodi\u0161nje halabuke i vatrometa.<\/p>\n<hr noshade=\"noshade\" size=\"3\" \/>\n<p>Autor: Demir Hod\u017ei\u0107<br \/>\n(<i>Autor je potpredsjenik Bo\u0161nja\u010dke demokratske zajednice (BDZ)\u00a0<\/i>)<\/p>\n","protected":false},"excerpt":{"rendered":"<p>Autor: Demir Hod\u017ei\u0107<\/p>\n","protected":false},"author":83,"featured_media":99774,"comment_status":"open","ping_status":"open","sticky":false,"template":"","format":"standard","meta":{"footnotes":""},"categories":[10196,10308],"tags":[10223],"class_list":{"0":"post-99772","1":"post","2":"type-post","3":"status-publish","4":"format-standard","5":"has-post-thumbnail","7":"category-iz-pera-nasih-autora","8":"category-crna-gora","9":"tag-bdz"},"yoast_head":"<!-- This site is optimized with the Yoast SEO Premium plugin v23.1 (Yoast SEO v24.9) - https:\/\/yoast.com\/wordpress\/plugins\/seo\/ -->\n<title>Kako je crnogorsko &#039;pravosu\u0111e&#039; \u010destitalo Albancima i Bo\u0161njacima Novu godinu<\/title>\n<meta name=\"robots\" content=\"index, follow, max-snippet:-1, max-image-preview:large, max-video-preview:-1\" \/>\n<link rel=\"canonical\" href=\"https:\/\/sandzakpress.net\/arhiva\/kako-je-crnogorsko-pravosude-cestitalo-albancima-i-bosnjacima-novu-godinu\/\" \/>\n<meta property=\"og:locale\" content=\"bs_BA\" \/>\n<meta property=\"og:type\" content=\"article\" \/>\n<meta property=\"og:title\" content=\"Kako je crnogorsko &#039;pravosu\u0111e&#039; \u010destitalo Albancima i Bo\u0161njacima Novu godinu\" \/>\n<meta property=\"og:description\" content=\"Autor: Demir Hod\u017ei\u0107\" \/>\n<meta property=\"og:url\" content=\"https:\/\/sandzakpress.net\/arhiva\/kako-je-crnogorsko-pravosude-cestitalo-albancima-i-bosnjacima-novu-godinu\/\" \/>\n<meta property=\"og:site_name\" content=\"Sand\u017eak PRESS\" \/>\n<meta property=\"article:published_time\" content=\"2014-01-16T15:42:27+00:00\" \/>\n<meta property=\"og:image\" content=\"https:\/\/sandzakpress.net\/arhiva\/wp-content\/uploads\/2014\/01\/unnamed-14-300x2201.jpg\" \/>\n\t<meta property=\"og:image:width\" content=\"300\" \/>\n\t<meta property=\"og:image:height\" content=\"220\" \/>\n\t<meta property=\"og:image:type\" content=\"image\/jpeg\" \/>\n<meta name=\"author\" content=\"bosniak\" \/>\n<meta name=\"twitter:card\" content=\"summary_large_image\" \/>\n<meta name=\"twitter:label1\" content=\"Written by\" \/>\n\t<meta name=\"twitter:data1\" content=\"bosniak\" \/>\n\t<meta name=\"twitter:label2\" content=\"Est. reading time\" \/>\n\t<meta name=\"twitter:data2\" content=\"7 minuta\" \/>\n<script type=\"application\/ld+json\" class=\"yoast-schema-graph\">{\"@context\":\"https:\/\/schema.org\",\"@graph\":[{\"@type\":\"Article\",\"@id\":\"https:\/\/sandzakpress.net\/arhiva\/kako-je-crnogorsko-pravosude-cestitalo-albancima-i-bosnjacima-novu-godinu\/#article\",\"isPartOf\":{\"@id\":\"https:\/\/sandzakpress.net\/arhiva\/kako-je-crnogorsko-pravosude-cestitalo-albancima-i-bosnjacima-novu-godinu\/\"},\"author\":{\"name\":\"bosniak\",\"@id\":\"https:\/\/sandzakpress.net\/arhiva\/#\/schema\/person\/c8baee722073534b583ea7bdb2e36c02\"},\"headline\":\"Kako je crnogorsko &#8216;pravosu\u0111e&#8217; \u010destitalo Albancima i Bo\u0161njacima Novu godinu\",\"datePublished\":\"2014-01-16T15:42:27+00:00\",\"mainEntityOfPage\":{\"@id\":\"https:\/\/sandzakpress.net\/arhiva\/kako-je-crnogorsko-pravosude-cestitalo-albancima-i-bosnjacima-novu-godinu\/\"},\"wordCount\":1382,\"commentCount\":6,\"publisher\":{\"@id\":\"https:\/\/sandzakpress.net\/arhiva\/#\/schema\/person\/6e72b67d6e51910a1117b3b483ba20bd\"},\"image\":{\"@id\":\"https:\/\/sandzakpress.net\/arhiva\/kako-je-crnogorsko-pravosude-cestitalo-albancima-i-bosnjacima-novu-godinu\/#primaryimage\"},\"thumbnailUrl\":\"https:\/\/sandzakpress.net\/arhiva\/wp-content\/uploads\/2014\/01\/unnamed-14-300x2201.jpg\",\"keywords\":[\"BDZ\"],\"articleSection\":[\"Iz pera na\u0161ih autora\",\"Crna Gora\"],\"inLanguage\":\"bs-BA\",\"potentialAction\":[{\"@type\":\"CommentAction\",\"name\":\"Comment\",\"target\":[\"https:\/\/sandzakpress.net\/arhiva\/kako-je-crnogorsko-pravosude-cestitalo-albancima-i-bosnjacima-novu-godinu\/#respond\"]}]},{\"@type\":\"WebPage\",\"@id\":\"https:\/\/sandzakpress.net\/arhiva\/kako-je-crnogorsko-pravosude-cestitalo-albancima-i-bosnjacima-novu-godinu\/\",\"url\":\"https:\/\/sandzakpress.net\/arhiva\/kako-je-crnogorsko-pravosude-cestitalo-albancima-i-bosnjacima-novu-godinu\/\",\"name\":\"Kako je crnogorsko 'pravosu\u0111e' \u010destitalo Albancima i Bo\u0161njacima Novu godinu\",\"isPartOf\":{\"@id\":\"https:\/\/sandzakpress.net\/arhiva\/#website\"},\"primaryImageOfPage\":{\"@id\":\"https:\/\/sandzakpress.net\/arhiva\/kako-je-crnogorsko-pravosude-cestitalo-albancima-i-bosnjacima-novu-godinu\/#primaryimage\"},\"image\":{\"@id\":\"https:\/\/sandzakpress.net\/arhiva\/kako-je-crnogorsko-pravosude-cestitalo-albancima-i-bosnjacima-novu-godinu\/#primaryimage\"},\"thumbnailUrl\":\"https:\/\/sandzakpress.net\/arhiva\/wp-content\/uploads\/2014\/01\/unnamed-14-300x2201.jpg\",\"datePublished\":\"2014-01-16T15:42:27+00:00\",\"breadcrumb\":{\"@id\":\"https:\/\/sandzakpress.net\/arhiva\/kako-je-crnogorsko-pravosude-cestitalo-albancima-i-bosnjacima-novu-godinu\/#breadcrumb\"},\"inLanguage\":\"bs-BA\",\"potentialAction\":[{\"@type\":\"ReadAction\",\"target\":[\"https:\/\/sandzakpress.net\/arhiva\/kako-je-crnogorsko-pravosude-cestitalo-albancima-i-bosnjacima-novu-godinu\/\"]}]},{\"@type\":\"ImageObject\",\"inLanguage\":\"bs-BA\",\"@id\":\"https:\/\/sandzakpress.net\/arhiva\/kako-je-crnogorsko-pravosude-cestitalo-albancima-i-bosnjacima-novu-godinu\/#primaryimage\",\"url\":\"https:\/\/sandzakpress.net\/arhiva\/wp-content\/uploads\/2014\/01\/unnamed-14-300x2201.jpg\",\"contentUrl\":\"https:\/\/sandzakpress.net\/arhiva\/wp-content\/uploads\/2014\/01\/unnamed-14-300x2201.jpg\",\"width\":300,\"height\":220},{\"@type\":\"BreadcrumbList\",\"@id\":\"https:\/\/sandzakpress.net\/arhiva\/kako-je-crnogorsko-pravosude-cestitalo-albancima-i-bosnjacima-novu-godinu\/#breadcrumb\",\"itemListElement\":[{\"@type\":\"ListItem\",\"position\":1,\"name\":\"Home\",\"item\":\"https:\/\/sandzakpress.net\/arhiva\/\"},{\"@type\":\"ListItem\",\"position\":2,\"name\":\"Kako je crnogorsko &#8216;pravosu\u0111e&#8217; \u010destitalo Albancima i Bo\u0161njacima Novu godinu\"}]},{\"@type\":\"WebSite\",\"@id\":\"https:\/\/sandzakpress.net\/arhiva\/#website\",\"url\":\"https:\/\/sandzakpress.net\/arhiva\/\",\"name\":\"Sand\u017eak PRESS\",\"description\":\"Prve elektronske novine u Sand\u017eaku\",\"publisher\":{\"@id\":\"https:\/\/sandzakpress.net\/arhiva\/#\/schema\/person\/6e72b67d6e51910a1117b3b483ba20bd\"},\"potentialAction\":[{\"@type\":\"SearchAction\",\"target\":{\"@type\":\"EntryPoint\",\"urlTemplate\":\"https:\/\/sandzakpress.net\/arhiva\/?s={search_term_string}\"},\"query-input\":{\"@type\":\"PropertyValueSpecification\",\"valueRequired\":true,\"valueName\":\"search_term_string\"}}],\"inLanguage\":\"bs-BA\"},{\"@type\":[\"Person\",\"Organization\"],\"@id\":\"https:\/\/sandzakpress.net\/arhiva\/#\/schema\/person\/6e72b67d6e51910a1117b3b483ba20bd\",\"name\":\"Kul\",\"image\":{\"@type\":\"ImageObject\",\"inLanguage\":\"bs-BA\",\"@id\":\"https:\/\/sandzakpress.net\/arhiva\/#\/schema\/person\/image\/\",\"url\":\"https:\/\/secure.gravatar.com\/avatar\/42263f39aa27ac04c43cab85c280eb2e?s=96&d=mm&r=pg\",\"contentUrl\":\"https:\/\/secure.gravatar.com\/avatar\/42263f39aa27ac04c43cab85c280eb2e?s=96&d=mm&r=pg\",\"caption\":\"Kul\"},\"logo\":{\"@id\":\"https:\/\/sandzakpress.net\/arhiva\/#\/schema\/person\/image\/\"}},{\"@type\":\"Person\",\"@id\":\"https:\/\/sandzakpress.net\/arhiva\/#\/schema\/person\/c8baee722073534b583ea7bdb2e36c02\",\"name\":\"bosniak\",\"image\":{\"@type\":\"ImageObject\",\"inLanguage\":\"bs-BA\",\"@id\":\"https:\/\/sandzakpress.net\/arhiva\/#\/schema\/person\/image\/\",\"url\":\"https:\/\/secure.gravatar.com\/avatar\/a04fd330bfe3a36a72a0ad4a6d89fca7?s=96&d=mm&r=pg\",\"contentUrl\":\"https:\/\/secure.gravatar.com\/avatar\/a04fd330bfe3a36a72a0ad4a6d89fca7?s=96&d=mm&r=pg\",\"caption\":\"bosniak\"},\"url\":\"https:\/\/sandzakpress.net\/arhiva\/author\/bosniak\/\"}]}<\/script>\n<!-- \/ Yoast SEO Premium plugin. -->","yoast_head_json":{"title":"Kako je crnogorsko 'pravosu\u0111e' \u010destitalo Albancima i Bo\u0161njacima Novu godinu","robots":{"index":"index","follow":"follow","max-snippet":"max-snippet:-1","max-image-preview":"max-image-preview:large","max-video-preview":"max-video-preview:-1"},"canonical":"https:\/\/sandzakpress.net\/arhiva\/kako-je-crnogorsko-pravosude-cestitalo-albancima-i-bosnjacima-novu-godinu\/","og_locale":"bs_BA","og_type":"article","og_title":"Kako je crnogorsko 'pravosu\u0111e' \u010destitalo Albancima i Bo\u0161njacima Novu godinu","og_description":"Autor: Demir Hod\u017ei\u0107","og_url":"https:\/\/sandzakpress.net\/arhiva\/kako-je-crnogorsko-pravosude-cestitalo-albancima-i-bosnjacima-novu-godinu\/","og_site_name":"Sand\u017eak PRESS","article_published_time":"2014-01-16T15:42:27+00:00","og_image":[{"width":300,"height":220,"url":"https:\/\/sandzakpress.net\/arhiva\/wp-content\/uploads\/2014\/01\/unnamed-14-300x2201.jpg","type":"image\/jpeg"}],"author":"bosniak","twitter_card":"summary_large_image","twitter_misc":{"Written by":"bosniak","Est. reading time":"7 minuta"},"schema":{"@context":"https:\/\/schema.org","@graph":[{"@type":"Article","@id":"https:\/\/sandzakpress.net\/arhiva\/kako-je-crnogorsko-pravosude-cestitalo-albancima-i-bosnjacima-novu-godinu\/#article","isPartOf":{"@id":"https:\/\/sandzakpress.net\/arhiva\/kako-je-crnogorsko-pravosude-cestitalo-albancima-i-bosnjacima-novu-godinu\/"},"author":{"name":"bosniak","@id":"https:\/\/sandzakpress.net\/arhiva\/#\/schema\/person\/c8baee722073534b583ea7bdb2e36c02"},"headline":"Kako je crnogorsko &#8216;pravosu\u0111e&#8217; \u010destitalo Albancima i Bo\u0161njacima Novu godinu","datePublished":"2014-01-16T15:42:27+00:00","mainEntityOfPage":{"@id":"https:\/\/sandzakpress.net\/arhiva\/kako-je-crnogorsko-pravosude-cestitalo-albancima-i-bosnjacima-novu-godinu\/"},"wordCount":1382,"commentCount":6,"publisher":{"@id":"https:\/\/sandzakpress.net\/arhiva\/#\/schema\/person\/6e72b67d6e51910a1117b3b483ba20bd"},"image":{"@id":"https:\/\/sandzakpress.net\/arhiva\/kako-je-crnogorsko-pravosude-cestitalo-albancima-i-bosnjacima-novu-godinu\/#primaryimage"},"thumbnailUrl":"https:\/\/sandzakpress.net\/arhiva\/wp-content\/uploads\/2014\/01\/unnamed-14-300x2201.jpg","keywords":["BDZ"],"articleSection":["Iz pera na\u0161ih autora","Crna Gora"],"inLanguage":"bs-BA","potentialAction":[{"@type":"CommentAction","name":"Comment","target":["https:\/\/sandzakpress.net\/arhiva\/kako-je-crnogorsko-pravosude-cestitalo-albancima-i-bosnjacima-novu-godinu\/#respond"]}]},{"@type":"WebPage","@id":"https:\/\/sandzakpress.net\/arhiva\/kako-je-crnogorsko-pravosude-cestitalo-albancima-i-bosnjacima-novu-godinu\/","url":"https:\/\/sandzakpress.net\/arhiva\/kako-je-crnogorsko-pravosude-cestitalo-albancima-i-bosnjacima-novu-godinu\/","name":"Kako je crnogorsko 'pravosu\u0111e' \u010destitalo Albancima i Bo\u0161njacima Novu godinu","isPartOf":{"@id":"https:\/\/sandzakpress.net\/arhiva\/#website"},"primaryImageOfPage":{"@id":"https:\/\/sandzakpress.net\/arhiva\/kako-je-crnogorsko-pravosude-cestitalo-albancima-i-bosnjacima-novu-godinu\/#primaryimage"},"image":{"@id":"https:\/\/sandzakpress.net\/arhiva\/kako-je-crnogorsko-pravosude-cestitalo-albancima-i-bosnjacima-novu-godinu\/#primaryimage"},"thumbnailUrl":"https:\/\/sandzakpress.net\/arhiva\/wp-content\/uploads\/2014\/01\/unnamed-14-300x2201.jpg","datePublished":"2014-01-16T15:42:27+00:00","breadcrumb":{"@id":"https:\/\/sandzakpress.net\/arhiva\/kako-je-crnogorsko-pravosude-cestitalo-albancima-i-bosnjacima-novu-godinu\/#breadcrumb"},"inLanguage":"bs-BA","potentialAction":[{"@type":"ReadAction","target":["https:\/\/sandzakpress.net\/arhiva\/kako-je-crnogorsko-pravosude-cestitalo-albancima-i-bosnjacima-novu-godinu\/"]}]},{"@type":"ImageObject","inLanguage":"bs-BA","@id":"https:\/\/sandzakpress.net\/arhiva\/kako-je-crnogorsko-pravosude-cestitalo-albancima-i-bosnjacima-novu-godinu\/#primaryimage","url":"https:\/\/sandzakpress.net\/arhiva\/wp-content\/uploads\/2014\/01\/unnamed-14-300x2201.jpg","contentUrl":"https:\/\/sandzakpress.net\/arhiva\/wp-content\/uploads\/2014\/01\/unnamed-14-300x2201.jpg","width":300,"height":220},{"@type":"BreadcrumbList","@id":"https:\/\/sandzakpress.net\/arhiva\/kako-je-crnogorsko-pravosude-cestitalo-albancima-i-bosnjacima-novu-godinu\/#breadcrumb","itemListElement":[{"@type":"ListItem","position":1,"name":"Home","item":"https:\/\/sandzakpress.net\/arhiva\/"},{"@type":"ListItem","position":2,"name":"Kako je crnogorsko &#8216;pravosu\u0111e&#8217; \u010destitalo Albancima i Bo\u0161njacima Novu godinu"}]},{"@type":"WebSite","@id":"https:\/\/sandzakpress.net\/arhiva\/#website","url":"https:\/\/sandzakpress.net\/arhiva\/","name":"Sand\u017eak PRESS","description":"Prve elektronske novine u Sand\u017eaku","publisher":{"@id":"https:\/\/sandzakpress.net\/arhiva\/#\/schema\/person\/6e72b67d6e51910a1117b3b483ba20bd"},"potentialAction":[{"@type":"SearchAction","target":{"@type":"EntryPoint","urlTemplate":"https:\/\/sandzakpress.net\/arhiva\/?s={search_term_string}"},"query-input":{"@type":"PropertyValueSpecification","valueRequired":true,"valueName":"search_term_string"}}],"inLanguage":"bs-BA"},{"@type":["Person","Organization"],"@id":"https:\/\/sandzakpress.net\/arhiva\/#\/schema\/person\/6e72b67d6e51910a1117b3b483ba20bd","name":"Kul","image":{"@type":"ImageObject","inLanguage":"bs-BA","@id":"https:\/\/sandzakpress.net\/arhiva\/#\/schema\/person\/image\/","url":"https:\/\/secure.gravatar.com\/avatar\/42263f39aa27ac04c43cab85c280eb2e?s=96&d=mm&r=pg","contentUrl":"https:\/\/secure.gravatar.com\/avatar\/42263f39aa27ac04c43cab85c280eb2e?s=96&d=mm&r=pg","caption":"Kul"},"logo":{"@id":"https:\/\/sandzakpress.net\/arhiva\/#\/schema\/person\/image\/"}},{"@type":"Person","@id":"https:\/\/sandzakpress.net\/arhiva\/#\/schema\/person\/c8baee722073534b583ea7bdb2e36c02","name":"bosniak","image":{"@type":"ImageObject","inLanguage":"bs-BA","@id":"https:\/\/sandzakpress.net\/arhiva\/#\/schema\/person\/image\/","url":"https:\/\/secure.gravatar.com\/avatar\/a04fd330bfe3a36a72a0ad4a6d89fca7?s=96&d=mm&r=pg","contentUrl":"https:\/\/secure.gravatar.com\/avatar\/a04fd330bfe3a36a72a0ad4a6d89fca7?s=96&d=mm&r=pg","caption":"bosniak"},"url":"https:\/\/sandzakpress.net\/arhiva\/author\/bosniak\/"}]}},"_links":{"self":[{"href":"https:\/\/sandzakpress.net\/arhiva\/wp-json\/wp\/v2\/posts\/99772"}],"collection":[{"href":"https:\/\/sandzakpress.net\/arhiva\/wp-json\/wp\/v2\/posts"}],"about":[{"href":"https:\/\/sandzakpress.net\/arhiva\/wp-json\/wp\/v2\/types\/post"}],"author":[{"embeddable":true,"href":"https:\/\/sandzakpress.net\/arhiva\/wp-json\/wp\/v2\/users\/83"}],"replies":[{"embeddable":true,"href":"https:\/\/sandzakpress.net\/arhiva\/wp-json\/wp\/v2\/comments?post=99772"}],"version-history":[{"count":0,"href":"https:\/\/sandzakpress.net\/arhiva\/wp-json\/wp\/v2\/posts\/99772\/revisions"}],"wp:featuredmedia":[{"embeddable":true,"href":"https:\/\/sandzakpress.net\/arhiva\/wp-json\/wp\/v2\/media\/99774"}],"wp:attachment":[{"href":"https:\/\/sandzakpress.net\/arhiva\/wp-json\/wp\/v2\/media?parent=99772"}],"wp:term":[{"taxonomy":"category","embeddable":true,"href":"https:\/\/sandzakpress.net\/arhiva\/wp-json\/wp\/v2\/categories?post=99772"},{"taxonomy":"post_tag","embeddable":true,"href":"https:\/\/sandzakpress.net\/arhiva\/wp-json\/wp\/v2\/tags?post=99772"}],"curies":[{"name":"wp","href":"https:\/\/api.w.org\/{rel}","templated":true}]}}