{"id":99722,"date":"2014-01-15T17:33:27","date_gmt":"2014-01-15T16:33:27","guid":{"rendered":"https:\/\/sandzakpress.net\/arhiva\/?p=99722"},"modified":"2014-01-15T18:08:42","modified_gmt":"2014-01-15T17:08:42","slug":"reisu-l-ulema-primio-delegaciju-mesihata-iz-u-srbiji","status":"publish","type":"post","link":"https:\/\/sandzakpress.net\/arhiva\/reisu-l-ulema-primio-delegaciju-mesihata-iz-u-srbiji\/","title":{"rendered":"Delegacija Me\u0161ihata posjetila Resu-l-ulemu Kavazovi\u0107a"},"content":{"rendered":"<p><a style=\"font-size: 14px; line-height: 1.5em;\" href=\"https:\/\/sandzakpress.net\/arhiva\/wp-content\/uploads\/2014\/01\/reis-del-izus-01-2014-1.jpg\"><img loading=\"lazy\" decoding=\"async\" class=\"alignnone size-large wp-image-99723\" alt=\"reis-del-izus-01-2014-1\" src=\"https:\/\/sandzakpress.net\/arhiva\/wp-content\/uploads\/2014\/01\/reis-del-izus-01-2014-1-616x412.jpg\" width=\"615\" height=\"411\" srcset=\"https:\/\/sandzakpress.net\/arhiva\/wp-content\/uploads\/2014\/01\/reis-del-izus-01-2014-1-616x412.jpg 616w, https:\/\/sandzakpress.net\/arhiva\/wp-content\/uploads\/2014\/01\/reis-del-izus-01-2014-1.jpg 722w\" sizes=\"(max-width: 615px) 100vw, 615px\" \/><\/a><\/p>\n<p><strong>Sarajevo &#8211; Danas 15. januara uprili\u010dena je prva zvani\u010dna posjeta novoizabranog predsjednika Me\u0161ihata Islamske zajednice u Srbiji dr. Mevlud-ef. Dudi\u0107a reisu-l-ulemi Islamske zajednice u BiH mr. Husein-ef. Kavazovi\u0107u. Delegaciju Me\u0161ihata, pored predsjednika dr. Dudi\u0107a, \u010dinili su i muftija sand\u017ea\u010dki Muamer-ef. Zukorli\u0107 i muftija pre\u0161evski Fikret-ef. Limani. Ovo je prva posjeta najvi\u0161e delegacije Islamske zajednice u Srbiji nakon izbora dr. Mevlud-ef. Dudi\u0107a za predsjednika Me\u0161ihata.<\/strong><!--more--><\/p>\n<p>Tom prilikom predsjednik Me\u0161ihata, dr. Dudi\u0107, istakao je da je nakon \u0161to je po\u010da\u0161\u0107en izborom za prvog \u010dovjeka Islamske zajednice u Srbiji, po\u010da\u0161\u0107en i prilikom da predvodi delegaciju u \u010dijem su sastavu sand\u017ea\u010dki muftija Muamer-ef. Zukorli\u0107 i muftija pre\u0161evski Fikret-ef. Limani, nagla\u0161avaju\u0107i da \u0107e Islamska zajednica nastaviti istim putem borbe za slobodu i prava muslimana, te jednakosti Islamske zajednice sa drugim crkvama i vjerskim zajednicama.<\/p>\n<p>Sand\u017ea\u010dki muftija,\u00a0 Muamer-ef. Zukorli\u0107, istakao je da osje\u0107a veliko zadovoljstvo da Islamska zajednica pokazuje svoju zrelost u pogledu istinskog rada i me\u0111usobnog po\u0161tovanja i saradnje me\u0111u nosiocima najva\u017enijih funkcija u Zajednici, nagla\u0161avaju\u0107i punu podr\u0161ku novoizabranom predsjedniku Me\u0161ihata.<\/p>\n<p>Muftija pre\u0161evski, Fikret-ef. Limani, naglasio je da je ova posjeta veoma va\u017ena i da \u0107e Muftijstvo pre\u0161evsko biti veoma konstruktivno u daljem razvoju Islamske zajednice te afirmaciji saradnje me\u0111u Albancima i Bo\u0161njacima.<\/p>\n<p>Reis-l-ulema, mr. Husein-ef. Kavazovi\u0107, istakao je da ima puno povjerenje u svu trojicu muftija te da su vrata Sarajeva uvijek otvorena za sve muslimane koji pripadaju Islamskoj zajednici sa sjedi\u0161tem u Sarajevu, ali i za sve druge u okru\u017eenju i \u0161ire, ukazuju\u0107i da \u0107e on li\u010dno ulo\u017eiti svoj autoritet da se zapo\u010deti projekti u Sand\u017eaku zavr\u0161e te da se otpo\u010dne sa realizacijom projekta medrese u Pre\u0161evu.<\/p>\n<p><strong>(Mesihat.org)<\/strong><\/p>\n","protected":false},"excerpt":{"rendered":"<p>Sarajevo &#8211; Danas 15. januara uprili\u010dena je prva zvani\u010dna posjeta novoizabranog predsjednika Me\u0161ihata Islamske zajednice u Srbiji dr. Mevlud-ef. Dudi\u0107a reisu-l-ulemi Islamske zajednice u BiH mr. Husein-ef. Kavazovi\u0107u. Delegaciju Me\u0161ihata, pored predsjednika dr. Dudi\u0107a, \u010dinili su i muftija sand\u017ea\u010dki Muamer-ef. Zukorli\u0107 i muftija pre\u0161evski Fikret-ef. Limani. Ovo je prva posjeta najvi\u0161e delegacije Islamske zajednice u [&hellip;]<\/p>\n","protected":false},"author":83,"featured_media":99724,"comment_status":"open","ping_status":"open","sticky":false,"template":"","format":"standard","meta":{"footnotes":""},"categories":[72,2860,802,8957],"tags":[10204,10232,10271],"class_list":{"0":"post-99722","1":"post","2":"type-post","3":"status-publish","4":"format-standard","5":"has-post-thumbnail","7":"category-novi-pazar","8":"category-bosna-i-hercegovina-gradovi","9":"category-islamska_zajednica","10":"category-vijesti-dana","11":"tag-muftija-muamer-zukorlic","12":"tag-reisu-l-uleme-husein-kavazovic","13":"tag-mevlud-dudic"},"yoast_head":"<!-- This site is optimized with the Yoast SEO Premium plugin v23.1 (Yoast SEO v24.9) - https:\/\/yoast.com\/wordpress\/plugins\/seo\/ -->\n<title>Delegacija Me\u0161ihata posjetila Resu-l-ulemu Kavazovi\u0107a<\/title>\n<meta name=\"robots\" content=\"index, follow, max-snippet:-1, max-image-preview:large, max-video-preview:-1\" \/>\n<link rel=\"canonical\" href=\"https:\/\/sandzakpress.net\/arhiva\/reisu-l-ulema-primio-delegaciju-mesihata-iz-u-srbiji\/\" \/>\n<meta property=\"og:locale\" content=\"bs_BA\" \/>\n<meta property=\"og:type\" content=\"article\" \/>\n<meta property=\"og:title\" content=\"Delegacija Me\u0161ihata posjetila Resu-l-ulemu Kavazovi\u0107a\" \/>\n<meta property=\"og:description\" content=\"Sarajevo &#8211; Danas 15. januara uprili\u010dena je prva zvani\u010dna posjeta novoizabranog predsjednika Me\u0161ihata Islamske zajednice u Srbiji dr. Mevlud-ef. Dudi\u0107a reisu-l-ulemi Islamske zajednice u BiH mr. Husein-ef. Kavazovi\u0107u. Delegaciju Me\u0161ihata, pored predsjednika dr. Dudi\u0107a, \u010dinili su i muftija sand\u017ea\u010dki Muamer-ef. Zukorli\u0107 i muftija pre\u0161evski Fikret-ef. Limani. Ovo je prva posjeta najvi\u0161e delegacije Islamske zajednice u [&hellip;]\" \/>\n<meta property=\"og:url\" content=\"https:\/\/sandzakpress.net\/arhiva\/reisu-l-ulema-primio-delegaciju-mesihata-iz-u-srbiji\/\" \/>\n<meta property=\"og:site_name\" content=\"Sand\u017eak PRESS\" \/>\n<meta property=\"article:published_time\" content=\"2014-01-15T16:33:27+00:00\" \/>\n<meta property=\"article:modified_time\" content=\"2014-01-15T17:08:42+00:00\" \/>\n<meta property=\"og:image\" content=\"https:\/\/sandzakpress.net\/arhiva\/wp-content\/uploads\/2014\/01\/reis-del-izus-01-2014-1-616x4121.jpg\" \/>\n\t<meta property=\"og:image:width\" content=\"616\" \/>\n\t<meta property=\"og:image:height\" content=\"412\" \/>\n\t<meta property=\"og:image:type\" content=\"image\/jpeg\" \/>\n<meta name=\"author\" content=\"bosniak\" \/>\n<meta name=\"twitter:card\" content=\"summary_large_image\" \/>\n<meta name=\"twitter:label1\" content=\"Written by\" \/>\n\t<meta name=\"twitter:data1\" content=\"bosniak\" \/>\n\t<meta name=\"twitter:label2\" content=\"Est. reading time\" \/>\n\t<meta name=\"twitter:data2\" content=\"2 minute\" \/>\n<script type=\"application\/ld+json\" class=\"yoast-schema-graph\">{\"@context\":\"https:\/\/schema.org\",\"@graph\":[{\"@type\":\"Article\",\"@id\":\"https:\/\/sandzakpress.net\/arhiva\/reisu-l-ulema-primio-delegaciju-mesihata-iz-u-srbiji\/#article\",\"isPartOf\":{\"@id\":\"https:\/\/sandzakpress.net\/arhiva\/reisu-l-ulema-primio-delegaciju-mesihata-iz-u-srbiji\/\"},\"author\":{\"name\":\"bosniak\",\"@id\":\"https:\/\/sandzakpress.net\/arhiva\/#\/schema\/person\/c8baee722073534b583ea7bdb2e36c02\"},\"headline\":\"Delegacija Me\u0161ihata posjetila Resu-l-ulemu Kavazovi\u0107a\",\"datePublished\":\"2014-01-15T16:33:27+00:00\",\"dateModified\":\"2014-01-15T17:08:42+00:00\",\"mainEntityOfPage\":{\"@id\":\"https:\/\/sandzakpress.net\/arhiva\/reisu-l-ulema-primio-delegaciju-mesihata-iz-u-srbiji\/\"},\"wordCount\":321,\"commentCount\":3,\"publisher\":{\"@id\":\"https:\/\/sandzakpress.net\/arhiva\/#\/schema\/person\/6e72b67d6e51910a1117b3b483ba20bd\"},\"image\":{\"@id\":\"https:\/\/sandzakpress.net\/arhiva\/reisu-l-ulema-primio-delegaciju-mesihata-iz-u-srbiji\/#primaryimage\"},\"thumbnailUrl\":\"https:\/\/sandzakpress.net\/arhiva\/wp-content\/uploads\/2014\/01\/reis-del-izus-01-2014-1-616x4121.jpg\",\"keywords\":[\"muftija Muamer Zukorli\u0107\",\"Reisu-l-uleme Husein Kavazovi\u0107\",\"Mevlud Dudi\u0107\"],\"articleSection\":[\"Novi Pazar\",\"Bosna i Hercegovina\",\"Islamska zajednica\",\"VIJESTI DANA\"],\"inLanguage\":\"bs-BA\",\"potentialAction\":[{\"@type\":\"CommentAction\",\"name\":\"Comment\",\"target\":[\"https:\/\/sandzakpress.net\/arhiva\/reisu-l-ulema-primio-delegaciju-mesihata-iz-u-srbiji\/#respond\"]}]},{\"@type\":\"WebPage\",\"@id\":\"https:\/\/sandzakpress.net\/arhiva\/reisu-l-ulema-primio-delegaciju-mesihata-iz-u-srbiji\/\",\"url\":\"https:\/\/sandzakpress.net\/arhiva\/reisu-l-ulema-primio-delegaciju-mesihata-iz-u-srbiji\/\",\"name\":\"Delegacija Me\u0161ihata posjetila Resu-l-ulemu Kavazovi\u0107a\",\"isPartOf\":{\"@id\":\"https:\/\/sandzakpress.net\/arhiva\/#website\"},\"primaryImageOfPage\":{\"@id\":\"https:\/\/sandzakpress.net\/arhiva\/reisu-l-ulema-primio-delegaciju-mesihata-iz-u-srbiji\/#primaryimage\"},\"image\":{\"@id\":\"https:\/\/sandzakpress.net\/arhiva\/reisu-l-ulema-primio-delegaciju-mesihata-iz-u-srbiji\/#primaryimage\"},\"thumbnailUrl\":\"https:\/\/sandzakpress.net\/arhiva\/wp-content\/uploads\/2014\/01\/reis-del-izus-01-2014-1-616x4121.jpg\",\"datePublished\":\"2014-01-15T16:33:27+00:00\",\"dateModified\":\"2014-01-15T17:08:42+00:00\",\"breadcrumb\":{\"@id\":\"https:\/\/sandzakpress.net\/arhiva\/reisu-l-ulema-primio-delegaciju-mesihata-iz-u-srbiji\/#breadcrumb\"},\"inLanguage\":\"bs-BA\",\"potentialAction\":[{\"@type\":\"ReadAction\",\"target\":[\"https:\/\/sandzakpress.net\/arhiva\/reisu-l-ulema-primio-delegaciju-mesihata-iz-u-srbiji\/\"]}]},{\"@type\":\"ImageObject\",\"inLanguage\":\"bs-BA\",\"@id\":\"https:\/\/sandzakpress.net\/arhiva\/reisu-l-ulema-primio-delegaciju-mesihata-iz-u-srbiji\/#primaryimage\",\"url\":\"https:\/\/sandzakpress.net\/arhiva\/wp-content\/uploads\/2014\/01\/reis-del-izus-01-2014-1-616x4121.jpg\",\"contentUrl\":\"https:\/\/sandzakpress.net\/arhiva\/wp-content\/uploads\/2014\/01\/reis-del-izus-01-2014-1-616x4121.jpg\",\"width\":616,\"height\":412},{\"@type\":\"BreadcrumbList\",\"@id\":\"https:\/\/sandzakpress.net\/arhiva\/reisu-l-ulema-primio-delegaciju-mesihata-iz-u-srbiji\/#breadcrumb\",\"itemListElement\":[{\"@type\":\"ListItem\",\"position\":1,\"name\":\"Home\",\"item\":\"https:\/\/sandzakpress.net\/arhiva\/\"},{\"@type\":\"ListItem\",\"position\":2,\"name\":\"Delegacija Me\u0161ihata posjetila Resu-l-ulemu Kavazovi\u0107a\"}]},{\"@type\":\"WebSite\",\"@id\":\"https:\/\/sandzakpress.net\/arhiva\/#website\",\"url\":\"https:\/\/sandzakpress.net\/arhiva\/\",\"name\":\"Sand\u017eak PRESS\",\"description\":\"Prve elektronske novine u Sand\u017eaku\",\"publisher\":{\"@id\":\"https:\/\/sandzakpress.net\/arhiva\/#\/schema\/person\/6e72b67d6e51910a1117b3b483ba20bd\"},\"potentialAction\":[{\"@type\":\"SearchAction\",\"target\":{\"@type\":\"EntryPoint\",\"urlTemplate\":\"https:\/\/sandzakpress.net\/arhiva\/?s={search_term_string}\"},\"query-input\":{\"@type\":\"PropertyValueSpecification\",\"valueRequired\":true,\"valueName\":\"search_term_string\"}}],\"inLanguage\":\"bs-BA\"},{\"@type\":[\"Person\",\"Organization\"],\"@id\":\"https:\/\/sandzakpress.net\/arhiva\/#\/schema\/person\/6e72b67d6e51910a1117b3b483ba20bd\",\"name\":\"Kul\",\"image\":{\"@type\":\"ImageObject\",\"inLanguage\":\"bs-BA\",\"@id\":\"https:\/\/sandzakpress.net\/arhiva\/#\/schema\/person\/image\/\",\"url\":\"https:\/\/secure.gravatar.com\/avatar\/42263f39aa27ac04c43cab85c280eb2e?s=96&d=mm&r=pg\",\"contentUrl\":\"https:\/\/secure.gravatar.com\/avatar\/42263f39aa27ac04c43cab85c280eb2e?s=96&d=mm&r=pg\",\"caption\":\"Kul\"},\"logo\":{\"@id\":\"https:\/\/sandzakpress.net\/arhiva\/#\/schema\/person\/image\/\"}},{\"@type\":\"Person\",\"@id\":\"https:\/\/sandzakpress.net\/arhiva\/#\/schema\/person\/c8baee722073534b583ea7bdb2e36c02\",\"name\":\"bosniak\",\"image\":{\"@type\":\"ImageObject\",\"inLanguage\":\"bs-BA\",\"@id\":\"https:\/\/sandzakpress.net\/arhiva\/#\/schema\/person\/image\/\",\"url\":\"https:\/\/secure.gravatar.com\/avatar\/a04fd330bfe3a36a72a0ad4a6d89fca7?s=96&d=mm&r=pg\",\"contentUrl\":\"https:\/\/secure.gravatar.com\/avatar\/a04fd330bfe3a36a72a0ad4a6d89fca7?s=96&d=mm&r=pg\",\"caption\":\"bosniak\"},\"url\":\"https:\/\/sandzakpress.net\/arhiva\/author\/bosniak\/\"}]}<\/script>\n<!-- \/ Yoast SEO Premium plugin. -->","yoast_head_json":{"title":"Delegacija Me\u0161ihata posjetila Resu-l-ulemu Kavazovi\u0107a","robots":{"index":"index","follow":"follow","max-snippet":"max-snippet:-1","max-image-preview":"max-image-preview:large","max-video-preview":"max-video-preview:-1"},"canonical":"https:\/\/sandzakpress.net\/arhiva\/reisu-l-ulema-primio-delegaciju-mesihata-iz-u-srbiji\/","og_locale":"bs_BA","og_type":"article","og_title":"Delegacija Me\u0161ihata posjetila Resu-l-ulemu Kavazovi\u0107a","og_description":"Sarajevo &#8211; Danas 15. januara uprili\u010dena je prva zvani\u010dna posjeta novoizabranog predsjednika Me\u0161ihata Islamske zajednice u Srbiji dr. Mevlud-ef. Dudi\u0107a reisu-l-ulemi Islamske zajednice u BiH mr. Husein-ef. Kavazovi\u0107u. Delegaciju Me\u0161ihata, pored predsjednika dr. Dudi\u0107a, \u010dinili su i muftija sand\u017ea\u010dki Muamer-ef. Zukorli\u0107 i muftija pre\u0161evski Fikret-ef. Limani. Ovo je prva posjeta najvi\u0161e delegacije Islamske zajednice u [&hellip;]","og_url":"https:\/\/sandzakpress.net\/arhiva\/reisu-l-ulema-primio-delegaciju-mesihata-iz-u-srbiji\/","og_site_name":"Sand\u017eak PRESS","article_published_time":"2014-01-15T16:33:27+00:00","article_modified_time":"2014-01-15T17:08:42+00:00","og_image":[{"width":616,"height":412,"url":"https:\/\/sandzakpress.net\/arhiva\/wp-content\/uploads\/2014\/01\/reis-del-izus-01-2014-1-616x4121.jpg","type":"image\/jpeg"}],"author":"bosniak","twitter_card":"summary_large_image","twitter_misc":{"Written by":"bosniak","Est. reading time":"2 minute"},"schema":{"@context":"https:\/\/schema.org","@graph":[{"@type":"Article","@id":"https:\/\/sandzakpress.net\/arhiva\/reisu-l-ulema-primio-delegaciju-mesihata-iz-u-srbiji\/#article","isPartOf":{"@id":"https:\/\/sandzakpress.net\/arhiva\/reisu-l-ulema-primio-delegaciju-mesihata-iz-u-srbiji\/"},"author":{"name":"bosniak","@id":"https:\/\/sandzakpress.net\/arhiva\/#\/schema\/person\/c8baee722073534b583ea7bdb2e36c02"},"headline":"Delegacija Me\u0161ihata posjetila Resu-l-ulemu Kavazovi\u0107a","datePublished":"2014-01-15T16:33:27+00:00","dateModified":"2014-01-15T17:08:42+00:00","mainEntityOfPage":{"@id":"https:\/\/sandzakpress.net\/arhiva\/reisu-l-ulema-primio-delegaciju-mesihata-iz-u-srbiji\/"},"wordCount":321,"commentCount":3,"publisher":{"@id":"https:\/\/sandzakpress.net\/arhiva\/#\/schema\/person\/6e72b67d6e51910a1117b3b483ba20bd"},"image":{"@id":"https:\/\/sandzakpress.net\/arhiva\/reisu-l-ulema-primio-delegaciju-mesihata-iz-u-srbiji\/#primaryimage"},"thumbnailUrl":"https:\/\/sandzakpress.net\/arhiva\/wp-content\/uploads\/2014\/01\/reis-del-izus-01-2014-1-616x4121.jpg","keywords":["muftija Muamer Zukorli\u0107","Reisu-l-uleme Husein Kavazovi\u0107","Mevlud Dudi\u0107"],"articleSection":["Novi Pazar","Bosna i Hercegovina","Islamska zajednica","VIJESTI DANA"],"inLanguage":"bs-BA","potentialAction":[{"@type":"CommentAction","name":"Comment","target":["https:\/\/sandzakpress.net\/arhiva\/reisu-l-ulema-primio-delegaciju-mesihata-iz-u-srbiji\/#respond"]}]},{"@type":"WebPage","@id":"https:\/\/sandzakpress.net\/arhiva\/reisu-l-ulema-primio-delegaciju-mesihata-iz-u-srbiji\/","url":"https:\/\/sandzakpress.net\/arhiva\/reisu-l-ulema-primio-delegaciju-mesihata-iz-u-srbiji\/","name":"Delegacija Me\u0161ihata posjetila Resu-l-ulemu Kavazovi\u0107a","isPartOf":{"@id":"https:\/\/sandzakpress.net\/arhiva\/#website"},"primaryImageOfPage":{"@id":"https:\/\/sandzakpress.net\/arhiva\/reisu-l-ulema-primio-delegaciju-mesihata-iz-u-srbiji\/#primaryimage"},"image":{"@id":"https:\/\/sandzakpress.net\/arhiva\/reisu-l-ulema-primio-delegaciju-mesihata-iz-u-srbiji\/#primaryimage"},"thumbnailUrl":"https:\/\/sandzakpress.net\/arhiva\/wp-content\/uploads\/2014\/01\/reis-del-izus-01-2014-1-616x4121.jpg","datePublished":"2014-01-15T16:33:27+00:00","dateModified":"2014-01-15T17:08:42+00:00","breadcrumb":{"@id":"https:\/\/sandzakpress.net\/arhiva\/reisu-l-ulema-primio-delegaciju-mesihata-iz-u-srbiji\/#breadcrumb"},"inLanguage":"bs-BA","potentialAction":[{"@type":"ReadAction","target":["https:\/\/sandzakpress.net\/arhiva\/reisu-l-ulema-primio-delegaciju-mesihata-iz-u-srbiji\/"]}]},{"@type":"ImageObject","inLanguage":"bs-BA","@id":"https:\/\/sandzakpress.net\/arhiva\/reisu-l-ulema-primio-delegaciju-mesihata-iz-u-srbiji\/#primaryimage","url":"https:\/\/sandzakpress.net\/arhiva\/wp-content\/uploads\/2014\/01\/reis-del-izus-01-2014-1-616x4121.jpg","contentUrl":"https:\/\/sandzakpress.net\/arhiva\/wp-content\/uploads\/2014\/01\/reis-del-izus-01-2014-1-616x4121.jpg","width":616,"height":412},{"@type":"BreadcrumbList","@id":"https:\/\/sandzakpress.net\/arhiva\/reisu-l-ulema-primio-delegaciju-mesihata-iz-u-srbiji\/#breadcrumb","itemListElement":[{"@type":"ListItem","position":1,"name":"Home","item":"https:\/\/sandzakpress.net\/arhiva\/"},{"@type":"ListItem","position":2,"name":"Delegacija Me\u0161ihata posjetila Resu-l-ulemu Kavazovi\u0107a"}]},{"@type":"WebSite","@id":"https:\/\/sandzakpress.net\/arhiva\/#website","url":"https:\/\/sandzakpress.net\/arhiva\/","name":"Sand\u017eak PRESS","description":"Prve elektronske novine u Sand\u017eaku","publisher":{"@id":"https:\/\/sandzakpress.net\/arhiva\/#\/schema\/person\/6e72b67d6e51910a1117b3b483ba20bd"},"potentialAction":[{"@type":"SearchAction","target":{"@type":"EntryPoint","urlTemplate":"https:\/\/sandzakpress.net\/arhiva\/?s={search_term_string}"},"query-input":{"@type":"PropertyValueSpecification","valueRequired":true,"valueName":"search_term_string"}}],"inLanguage":"bs-BA"},{"@type":["Person","Organization"],"@id":"https:\/\/sandzakpress.net\/arhiva\/#\/schema\/person\/6e72b67d6e51910a1117b3b483ba20bd","name":"Kul","image":{"@type":"ImageObject","inLanguage":"bs-BA","@id":"https:\/\/sandzakpress.net\/arhiva\/#\/schema\/person\/image\/","url":"https:\/\/secure.gravatar.com\/avatar\/42263f39aa27ac04c43cab85c280eb2e?s=96&d=mm&r=pg","contentUrl":"https:\/\/secure.gravatar.com\/avatar\/42263f39aa27ac04c43cab85c280eb2e?s=96&d=mm&r=pg","caption":"Kul"},"logo":{"@id":"https:\/\/sandzakpress.net\/arhiva\/#\/schema\/person\/image\/"}},{"@type":"Person","@id":"https:\/\/sandzakpress.net\/arhiva\/#\/schema\/person\/c8baee722073534b583ea7bdb2e36c02","name":"bosniak","image":{"@type":"ImageObject","inLanguage":"bs-BA","@id":"https:\/\/sandzakpress.net\/arhiva\/#\/schema\/person\/image\/","url":"https:\/\/secure.gravatar.com\/avatar\/a04fd330bfe3a36a72a0ad4a6d89fca7?s=96&d=mm&r=pg","contentUrl":"https:\/\/secure.gravatar.com\/avatar\/a04fd330bfe3a36a72a0ad4a6d89fca7?s=96&d=mm&r=pg","caption":"bosniak"},"url":"https:\/\/sandzakpress.net\/arhiva\/author\/bosniak\/"}]}},"_links":{"self":[{"href":"https:\/\/sandzakpress.net\/arhiva\/wp-json\/wp\/v2\/posts\/99722"}],"collection":[{"href":"https:\/\/sandzakpress.net\/arhiva\/wp-json\/wp\/v2\/posts"}],"about":[{"href":"https:\/\/sandzakpress.net\/arhiva\/wp-json\/wp\/v2\/types\/post"}],"author":[{"embeddable":true,"href":"https:\/\/sandzakpress.net\/arhiva\/wp-json\/wp\/v2\/users\/83"}],"replies":[{"embeddable":true,"href":"https:\/\/sandzakpress.net\/arhiva\/wp-json\/wp\/v2\/comments?post=99722"}],"version-history":[{"count":0,"href":"https:\/\/sandzakpress.net\/arhiva\/wp-json\/wp\/v2\/posts\/99722\/revisions"}],"wp:featuredmedia":[{"embeddable":true,"href":"https:\/\/sandzakpress.net\/arhiva\/wp-json\/wp\/v2\/media\/99724"}],"wp:attachment":[{"href":"https:\/\/sandzakpress.net\/arhiva\/wp-json\/wp\/v2\/media?parent=99722"}],"wp:term":[{"taxonomy":"category","embeddable":true,"href":"https:\/\/sandzakpress.net\/arhiva\/wp-json\/wp\/v2\/categories?post=99722"},{"taxonomy":"post_tag","embeddable":true,"href":"https:\/\/sandzakpress.net\/arhiva\/wp-json\/wp\/v2\/tags?post=99722"}],"curies":[{"name":"wp","href":"https:\/\/api.w.org\/{rel}","templated":true}]}}