{"id":99659,"date":"2014-01-14T09:43:07","date_gmt":"2014-01-14T08:43:07","guid":{"rendered":"https:\/\/sandzakpress.net\/arhiva\/?p=99659"},"modified":"2014-01-24T21:03:46","modified_gmt":"2014-01-24T20:03:46","slug":"muftija-sandzacki-gost-bundestaga","status":"publish","type":"post","link":"https:\/\/sandzakpress.net\/arhiva\/muftija-sandzacki-gost-bundestaga\/","title":{"rendered":"Muftija sand\u017ea\u010dki gost Bundestaga"},"content":{"rendered":"<p><a href=\"https:\/\/sandzakpress.net\/arhiva\/wp-content\/uploads\/2014\/01\/muftija-u-bundestagu-1.jpg\"><img loading=\"lazy\" decoding=\"async\" class=\"alignnone size-large wp-image-99661\" alt=\"muftija u bundestagu (1)\" src=\"https:\/\/sandzakpress.net\/arhiva\/wp-content\/uploads\/2014\/01\/muftija-u-bundestagu-1-616x462.jpg\" width=\"615\" height=\"461\" srcset=\"https:\/\/sandzakpress.net\/arhiva\/wp-content\/uploads\/2014\/01\/muftija-u-bundestagu-1-616x462.jpg 616w, https:\/\/sandzakpress.net\/arhiva\/wp-content\/uploads\/2014\/01\/muftija-u-bundestagu-1.jpg 700w\" sizes=\"(max-width: 615px) 100vw, 615px\" \/><\/a><\/p>\n<p><strong>Berlin -Muftija sand\u017ea\u010dki Muamer ef. Zukorli\u0107, u pratnji predsjednika Bo\u0161nja\u010dke demokratske zajednice u Crnoj Gori Hazbije Kala\u010da i potpredsjednika Zajednice sand\u017ea\u010dke dijaspore Ahmeta Ahmatovi\u0107a, boravio je u zvani\u010dnoj posjeti Bundestagu u ponedjeljak 13.01.2014. god. \u00a0\u00a0\u00a0\u00a0<!--more--><\/strong><\/p>\n<p>Tom prilikom vo\u0111eni su razgovori sa predstavnicima Odbora za spoljnu politiku Bundestaga zadu\u017eenim za jugoisto\u010dnu Evropu. Tema razgovora je Sand\u017eak prekograni\u010dna autonomna regija u svjetlu euro-integracija Srbije, Crne Gore i Balkana. Doma\u0107ini su pokazali veoma visok stepen interesovanja za ovu temu izra\u017eavaju\u0107i spremnost nastavka saradnje kako bi Sand\u017eak u duhu proklamovanih principa Evropske unije imao svoje mjesto me\u0111u evropskim regijama. U tom razgovoru delegacija je predstavila viziju prekograni\u010dnog evro-regiona Sand\u017eaka ukazuju\u0107i na va\u017enosti ovog projekta za sve gra\u0111ane Sand\u017eaka, kao i za stabilnost u regionu.<\/p>\n<table width=\"250\" border=\"1\" cellspacing=\"10\" cellpadding=\"10\" align=\"right\">\n<tbody>\n<tr>\n<td>\n<blockquote><p><strong>Ernest Kala\u010d: <\/strong>Pitanje prekograni\u010dnog regionalizma je normativno pitanje koje se temelji na osnovu odluke broj 1082\/2006 od 05.07.2006. Evropskog Parlamenta i Evropske Komisije, koja defini\u0161e spajanje teritorija i zajedni\u010dki rad regija u Evropi.Iz tog razloga prirodno je da i Sand\u017eak u skoroj budu\u0107nosti ostvari prekograni\u010dnu regiju. Ovo je izuzetno va\u017eno iz razloga efikasnijeg pristupanja \u201ckohezionim fondovima\u201d za razvoj regija u Evropskoj uniji.<\/p><\/blockquote>\n<\/td>\n<\/tr>\n<\/tbody>\n<\/table>\n<p>Razgovori su tako\u0111er vo\u0111eni i o stanju ljudskih prava u Srbiji i Crnoj Gori sa posebnim osvrtom na vjerska prava i neophodnost implementacije propisa jednakosti svih gra\u0111ana i zajednica bez obzira na nacionalnu ili vjersku pripadnost.<\/p>\n<p>Razgovarano je i o ideji uspostave evropskog muftijstva u cilju intenzivnijeg rje\u0161avanja brojnih muslimanskih pitanja u Evropi.<\/p>\n<p>Posebno je bio zanimljiv razgovor sa predstavnikom spoljno-politi\u010dkog odbora Bundestaga zadu\u017eenog za jugoisto\u010dnu Evropu, Josipom Juratovi\u0107em, koji je ukazao izuzetno zanimanje po pitanju Balkana.<\/p>\n<p>Tokom posjete uprili\u010deno je jo\u0161 nekoliko susreta sa \u010dlanovima Bundestaga. Delegacija Sand\u017eaka je tako\u0111er prisustvovala manifestaciji \u201eDeset godina zlatne zvijezde sporta\u201c, najzna\u010dajnije sve\u010danosti ove vrste u Njema\u010dkoj, uz prisustvo dr\u017eavnog vrha ove zemlje na kome je bilo nekoliko veoma interesantnih susreta. Najzaslu\u017eniji za uspjeh ove posjete je savjetnik kancelarke Angele Merkel za pitanja Evrope, Ernest Kala\u010d.<\/p>\n<div class=\"youtube-embed\" data-video_id=\"BF3f7vAoElQ\"><iframe loading=\"lazy\" title=\"Muftija Zukorli\u0107 gost Bundestaga\" width=\"696\" height=\"522\" src=\"https:\/\/www.youtube.com\/embed\/BF3f7vAoElQ?feature=oembed&#038;enablejsapi=1\" frameborder=\"0\" allow=\"accelerometer; autoplay; encrypted-media; gyroscope; picture-in-picture\" allowfullscreen><\/iframe><\/div>\n<p><a href=\"https:\/\/sandzakpress.net\/arhiva\/wp-content\/uploads\/2014\/01\/muftija-u-bundestagu-0.jpg\"><img loading=\"lazy\" decoding=\"async\" class=\"alignnone size-full wp-image-99671\" alt=\"muftija u bundestagu (0)\" src=\"https:\/\/sandzakpress.net\/arhiva\/wp-content\/uploads\/2014\/01\/muftija-u-bundestagu-0.jpg\" width=\"616\" height=\"462\" \/><\/a><\/p>\n<p><a href=\"https:\/\/sandzakpress.net\/arhiva\/wp-content\/uploads\/2014\/01\/muftija-u-bundestagu-3.jpg\"><img loading=\"lazy\" decoding=\"async\" class=\"alignnone size-large wp-image-99662\" alt=\"muftija u bundestagu (3)\" src=\"https:\/\/sandzakpress.net\/arhiva\/wp-content\/uploads\/2014\/01\/muftija-u-bundestagu-3-616x462.jpg\" width=\"615\" height=\"461\" srcset=\"https:\/\/sandzakpress.net\/arhiva\/wp-content\/uploads\/2014\/01\/muftija-u-bundestagu-3-616x462.jpg 616w, https:\/\/sandzakpress.net\/arhiva\/wp-content\/uploads\/2014\/01\/muftija-u-bundestagu-3.jpg 700w\" sizes=\"(max-width: 615px) 100vw, 615px\" \/><\/a><\/p>\n<p><a href=\"https:\/\/sandzakpress.net\/arhiva\/wp-content\/uploads\/2014\/01\/muftija-u-bundestagu-4.jpg\"><img loading=\"lazy\" decoding=\"async\" class=\"wp-image-99663 alignnone\" alt=\"muftija u bundestagu (4)\" src=\"https:\/\/sandzakpress.net\/arhiva\/wp-content\/uploads\/2014\/01\/muftija-u-bundestagu-4-616x821.jpg\" width=\"295\" height=\"400\" \/><\/a> <a href=\"https:\/\/sandzakpress.net\/arhiva\/wp-content\/uploads\/2014\/01\/muftija-u-bundestagu-5.jpg\"><img loading=\"lazy\" decoding=\"async\" class=\"wp-image-99664 alignnone\" alt=\"muftija u bundestagu (5)\" src=\"https:\/\/sandzakpress.net\/arhiva\/wp-content\/uploads\/2014\/01\/muftija-u-bundestagu-5.jpg\" width=\"295\" height=\"400\" \/><\/a><\/p>\n<p><a href=\"https:\/\/sandzakpress.net\/arhiva\/wp-content\/uploads\/2014\/01\/muftija-u-bundestagu-6.jpg\"><img loading=\"lazy\" decoding=\"async\" alt=\"muftija u bundestagu (6)\" src=\"https:\/\/sandzakpress.net\/arhiva\/wp-content\/uploads\/2014\/01\/muftija-u-bundestagu-6-616x462.jpg\" width=\"615\" height=\"461\" \/><\/a><\/p>\n","protected":false},"excerpt":{"rendered":"<p>Berlin -Muftija sand\u017ea\u010dki Muamer ef. Zukorli\u0107, u pratnji predsjednika Bo\u0161nja\u010dke demokratske zajednice u Crnoj Gori Hazbije Kala\u010da i potpredsjednika Zajednice sand\u017ea\u010dke dijaspore Ahmeta Ahmatovi\u0107a, boravio je u zvani\u010dnoj posjeti Bundestagu u ponedjeljak 13.01.2014. god. \u00a0\u00a0\u00a0\u00a0<\/p>\n","protected":false},"author":83,"featured_media":99665,"comment_status":"open","ping_status":"open","sticky":false,"template":"","format":"standard","meta":{"footnotes":""},"categories":[72,800,9538,8957],"tags":[10204,10251,10288],"class_list":{"0":"post-99659","1":"post","2":"type-post","3":"status-publish","4":"format-standard","5":"has-post-thumbnail","7":"category-novi-pazar","8":"category-nacija","9":"category-njemacka-dijaspora-gradovi-vase-vijesti","10":"category-vijesti-dana","11":"tag-muftija-muamer-zukorlic","12":"tag-hazbija-kalac","13":"tag-autonomija-sandzaka"},"yoast_head":"<!-- This site is optimized with the Yoast SEO Premium plugin v23.1 (Yoast SEO v24.9) - https:\/\/yoast.com\/wordpress\/plugins\/seo\/ -->\n<title>Muftija sand\u017ea\u010dki gost Bundestaga<\/title>\n<meta name=\"robots\" content=\"index, follow, max-snippet:-1, max-image-preview:large, max-video-preview:-1\" \/>\n<link rel=\"canonical\" href=\"https:\/\/sandzakpress.net\/arhiva\/muftija-sandzacki-gost-bundestaga\/\" \/>\n<meta property=\"og:locale\" content=\"bs_BA\" \/>\n<meta property=\"og:type\" content=\"article\" \/>\n<meta property=\"og:title\" content=\"Muftija sand\u017ea\u010dki gost Bundestaga\" \/>\n<meta property=\"og:description\" content=\"Berlin -Muftija sand\u017ea\u010dki Muamer ef. Zukorli\u0107, u pratnji predsjednika Bo\u0161nja\u010dke demokratske zajednice u Crnoj Gori Hazbije Kala\u010da i potpredsjednika Zajednice sand\u017ea\u010dke dijaspore Ahmeta Ahmatovi\u0107a, boravio je u zvani\u010dnoj posjeti Bundestagu u ponedjeljak 13.01.2014. god. \u00a0\u00a0\u00a0\u00a0\" \/>\n<meta property=\"og:url\" content=\"https:\/\/sandzakpress.net\/arhiva\/muftija-sandzacki-gost-bundestaga\/\" \/>\n<meta property=\"og:site_name\" content=\"Sand\u017eak PRESS\" \/>\n<meta property=\"article:published_time\" content=\"2014-01-14T08:43:07+00:00\" \/>\n<meta property=\"article:modified_time\" content=\"2014-01-24T20:03:46+00:00\" \/>\n<meta property=\"og:image\" content=\"https:\/\/sandzakpress.net\/arhiva\/wp-content\/uploads\/2014\/01\/muftija-u-bundestagu-1-616x4621.jpg\" \/>\n\t<meta property=\"og:image:width\" content=\"616\" \/>\n\t<meta property=\"og:image:height\" content=\"462\" \/>\n\t<meta property=\"og:image:type\" content=\"image\/jpeg\" \/>\n<meta name=\"author\" content=\"bosniak\" \/>\n<meta name=\"twitter:card\" content=\"summary_large_image\" \/>\n<meta name=\"twitter:label1\" content=\"Written by\" \/>\n\t<meta name=\"twitter:data1\" content=\"bosniak\" \/>\n\t<meta name=\"twitter:label2\" content=\"Est. reading time\" \/>\n\t<meta name=\"twitter:data2\" content=\"2 minute\" \/>\n<script type=\"application\/ld+json\" class=\"yoast-schema-graph\">{\"@context\":\"https:\/\/schema.org\",\"@graph\":[{\"@type\":\"Article\",\"@id\":\"https:\/\/sandzakpress.net\/arhiva\/muftija-sandzacki-gost-bundestaga\/#article\",\"isPartOf\":{\"@id\":\"https:\/\/sandzakpress.net\/arhiva\/muftija-sandzacki-gost-bundestaga\/\"},\"author\":{\"name\":\"bosniak\",\"@id\":\"https:\/\/sandzakpress.net\/arhiva\/#\/schema\/person\/c8baee722073534b583ea7bdb2e36c02\"},\"headline\":\"Muftija sand\u017ea\u010dki gost Bundestaga\",\"datePublished\":\"2014-01-14T08:43:07+00:00\",\"dateModified\":\"2014-01-24T20:03:46+00:00\",\"mainEntityOfPage\":{\"@id\":\"https:\/\/sandzakpress.net\/arhiva\/muftija-sandzacki-gost-bundestaga\/\"},\"wordCount\":375,\"commentCount\":55,\"publisher\":{\"@id\":\"https:\/\/sandzakpress.net\/arhiva\/#\/schema\/person\/6e72b67d6e51910a1117b3b483ba20bd\"},\"image\":{\"@id\":\"https:\/\/sandzakpress.net\/arhiva\/muftija-sandzacki-gost-bundestaga\/#primaryimage\"},\"thumbnailUrl\":\"https:\/\/sandzakpress.net\/arhiva\/wp-content\/uploads\/2014\/01\/muftija-u-bundestagu-1-616x4621.jpg\",\"keywords\":[\"muftija Muamer Zukorli\u0107\",\"Hazbija Kala\u010d\",\"Autonomija Sand\u017eaka\"],\"articleSection\":[\"Novi Pazar\",\"Nacija\",\"Njema\u010dka\",\"VIJESTI DANA\"],\"inLanguage\":\"bs-BA\",\"potentialAction\":[{\"@type\":\"CommentAction\",\"name\":\"Comment\",\"target\":[\"https:\/\/sandzakpress.net\/arhiva\/muftija-sandzacki-gost-bundestaga\/#respond\"]}]},{\"@type\":\"WebPage\",\"@id\":\"https:\/\/sandzakpress.net\/arhiva\/muftija-sandzacki-gost-bundestaga\/\",\"url\":\"https:\/\/sandzakpress.net\/arhiva\/muftija-sandzacki-gost-bundestaga\/\",\"name\":\"Muftija sand\u017ea\u010dki gost Bundestaga\",\"isPartOf\":{\"@id\":\"https:\/\/sandzakpress.net\/arhiva\/#website\"},\"primaryImageOfPage\":{\"@id\":\"https:\/\/sandzakpress.net\/arhiva\/muftija-sandzacki-gost-bundestaga\/#primaryimage\"},\"image\":{\"@id\":\"https:\/\/sandzakpress.net\/arhiva\/muftija-sandzacki-gost-bundestaga\/#primaryimage\"},\"thumbnailUrl\":\"https:\/\/sandzakpress.net\/arhiva\/wp-content\/uploads\/2014\/01\/muftija-u-bundestagu-1-616x4621.jpg\",\"datePublished\":\"2014-01-14T08:43:07+00:00\",\"dateModified\":\"2014-01-24T20:03:46+00:00\",\"breadcrumb\":{\"@id\":\"https:\/\/sandzakpress.net\/arhiva\/muftija-sandzacki-gost-bundestaga\/#breadcrumb\"},\"inLanguage\":\"bs-BA\",\"potentialAction\":[{\"@type\":\"ReadAction\",\"target\":[\"https:\/\/sandzakpress.net\/arhiva\/muftija-sandzacki-gost-bundestaga\/\"]}]},{\"@type\":\"ImageObject\",\"inLanguage\":\"bs-BA\",\"@id\":\"https:\/\/sandzakpress.net\/arhiva\/muftija-sandzacki-gost-bundestaga\/#primaryimage\",\"url\":\"https:\/\/sandzakpress.net\/arhiva\/wp-content\/uploads\/2014\/01\/muftija-u-bundestagu-1-616x4621.jpg\",\"contentUrl\":\"https:\/\/sandzakpress.net\/arhiva\/wp-content\/uploads\/2014\/01\/muftija-u-bundestagu-1-616x4621.jpg\",\"width\":616,\"height\":462},{\"@type\":\"BreadcrumbList\",\"@id\":\"https:\/\/sandzakpress.net\/arhiva\/muftija-sandzacki-gost-bundestaga\/#breadcrumb\",\"itemListElement\":[{\"@type\":\"ListItem\",\"position\":1,\"name\":\"Home\",\"item\":\"https:\/\/sandzakpress.net\/arhiva\/\"},{\"@type\":\"ListItem\",\"position\":2,\"name\":\"Muftija sand\u017ea\u010dki gost Bundestaga\"}]},{\"@type\":\"WebSite\",\"@id\":\"https:\/\/sandzakpress.net\/arhiva\/#website\",\"url\":\"https:\/\/sandzakpress.net\/arhiva\/\",\"name\":\"Sand\u017eak PRESS\",\"description\":\"Prve elektronske novine u Sand\u017eaku\",\"publisher\":{\"@id\":\"https:\/\/sandzakpress.net\/arhiva\/#\/schema\/person\/6e72b67d6e51910a1117b3b483ba20bd\"},\"potentialAction\":[{\"@type\":\"SearchAction\",\"target\":{\"@type\":\"EntryPoint\",\"urlTemplate\":\"https:\/\/sandzakpress.net\/arhiva\/?s={search_term_string}\"},\"query-input\":{\"@type\":\"PropertyValueSpecification\",\"valueRequired\":true,\"valueName\":\"search_term_string\"}}],\"inLanguage\":\"bs-BA\"},{\"@type\":[\"Person\",\"Organization\"],\"@id\":\"https:\/\/sandzakpress.net\/arhiva\/#\/schema\/person\/6e72b67d6e51910a1117b3b483ba20bd\",\"name\":\"Kul\",\"image\":{\"@type\":\"ImageObject\",\"inLanguage\":\"bs-BA\",\"@id\":\"https:\/\/sandzakpress.net\/arhiva\/#\/schema\/person\/image\/\",\"url\":\"https:\/\/secure.gravatar.com\/avatar\/42263f39aa27ac04c43cab85c280eb2e?s=96&d=mm&r=pg\",\"contentUrl\":\"https:\/\/secure.gravatar.com\/avatar\/42263f39aa27ac04c43cab85c280eb2e?s=96&d=mm&r=pg\",\"caption\":\"Kul\"},\"logo\":{\"@id\":\"https:\/\/sandzakpress.net\/arhiva\/#\/schema\/person\/image\/\"}},{\"@type\":\"Person\",\"@id\":\"https:\/\/sandzakpress.net\/arhiva\/#\/schema\/person\/c8baee722073534b583ea7bdb2e36c02\",\"name\":\"bosniak\",\"image\":{\"@type\":\"ImageObject\",\"inLanguage\":\"bs-BA\",\"@id\":\"https:\/\/sandzakpress.net\/arhiva\/#\/schema\/person\/image\/\",\"url\":\"https:\/\/secure.gravatar.com\/avatar\/a04fd330bfe3a36a72a0ad4a6d89fca7?s=96&d=mm&r=pg\",\"contentUrl\":\"https:\/\/secure.gravatar.com\/avatar\/a04fd330bfe3a36a72a0ad4a6d89fca7?s=96&d=mm&r=pg\",\"caption\":\"bosniak\"},\"url\":\"https:\/\/sandzakpress.net\/arhiva\/author\/bosniak\/\"}]}<\/script>\n<!-- \/ Yoast SEO Premium plugin. -->","yoast_head_json":{"title":"Muftija sand\u017ea\u010dki gost Bundestaga","robots":{"index":"index","follow":"follow","max-snippet":"max-snippet:-1","max-image-preview":"max-image-preview:large","max-video-preview":"max-video-preview:-1"},"canonical":"https:\/\/sandzakpress.net\/arhiva\/muftija-sandzacki-gost-bundestaga\/","og_locale":"bs_BA","og_type":"article","og_title":"Muftija sand\u017ea\u010dki gost Bundestaga","og_description":"Berlin -Muftija sand\u017ea\u010dki Muamer ef. Zukorli\u0107, u pratnji predsjednika Bo\u0161nja\u010dke demokratske zajednice u Crnoj Gori Hazbije Kala\u010da i potpredsjednika Zajednice sand\u017ea\u010dke dijaspore Ahmeta Ahmatovi\u0107a, boravio je u zvani\u010dnoj posjeti Bundestagu u ponedjeljak 13.01.2014. god. \u00a0\u00a0\u00a0\u00a0","og_url":"https:\/\/sandzakpress.net\/arhiva\/muftija-sandzacki-gost-bundestaga\/","og_site_name":"Sand\u017eak PRESS","article_published_time":"2014-01-14T08:43:07+00:00","article_modified_time":"2014-01-24T20:03:46+00:00","og_image":[{"width":616,"height":462,"url":"https:\/\/sandzakpress.net\/arhiva\/wp-content\/uploads\/2014\/01\/muftija-u-bundestagu-1-616x4621.jpg","type":"image\/jpeg"}],"author":"bosniak","twitter_card":"summary_large_image","twitter_misc":{"Written by":"bosniak","Est. reading time":"2 minute"},"schema":{"@context":"https:\/\/schema.org","@graph":[{"@type":"Article","@id":"https:\/\/sandzakpress.net\/arhiva\/muftija-sandzacki-gost-bundestaga\/#article","isPartOf":{"@id":"https:\/\/sandzakpress.net\/arhiva\/muftija-sandzacki-gost-bundestaga\/"},"author":{"name":"bosniak","@id":"https:\/\/sandzakpress.net\/arhiva\/#\/schema\/person\/c8baee722073534b583ea7bdb2e36c02"},"headline":"Muftija sand\u017ea\u010dki gost Bundestaga","datePublished":"2014-01-14T08:43:07+00:00","dateModified":"2014-01-24T20:03:46+00:00","mainEntityOfPage":{"@id":"https:\/\/sandzakpress.net\/arhiva\/muftija-sandzacki-gost-bundestaga\/"},"wordCount":375,"commentCount":55,"publisher":{"@id":"https:\/\/sandzakpress.net\/arhiva\/#\/schema\/person\/6e72b67d6e51910a1117b3b483ba20bd"},"image":{"@id":"https:\/\/sandzakpress.net\/arhiva\/muftija-sandzacki-gost-bundestaga\/#primaryimage"},"thumbnailUrl":"https:\/\/sandzakpress.net\/arhiva\/wp-content\/uploads\/2014\/01\/muftija-u-bundestagu-1-616x4621.jpg","keywords":["muftija Muamer Zukorli\u0107","Hazbija Kala\u010d","Autonomija Sand\u017eaka"],"articleSection":["Novi Pazar","Nacija","Njema\u010dka","VIJESTI DANA"],"inLanguage":"bs-BA","potentialAction":[{"@type":"CommentAction","name":"Comment","target":["https:\/\/sandzakpress.net\/arhiva\/muftija-sandzacki-gost-bundestaga\/#respond"]}]},{"@type":"WebPage","@id":"https:\/\/sandzakpress.net\/arhiva\/muftija-sandzacki-gost-bundestaga\/","url":"https:\/\/sandzakpress.net\/arhiva\/muftija-sandzacki-gost-bundestaga\/","name":"Muftija sand\u017ea\u010dki gost Bundestaga","isPartOf":{"@id":"https:\/\/sandzakpress.net\/arhiva\/#website"},"primaryImageOfPage":{"@id":"https:\/\/sandzakpress.net\/arhiva\/muftija-sandzacki-gost-bundestaga\/#primaryimage"},"image":{"@id":"https:\/\/sandzakpress.net\/arhiva\/muftija-sandzacki-gost-bundestaga\/#primaryimage"},"thumbnailUrl":"https:\/\/sandzakpress.net\/arhiva\/wp-content\/uploads\/2014\/01\/muftija-u-bundestagu-1-616x4621.jpg","datePublished":"2014-01-14T08:43:07+00:00","dateModified":"2014-01-24T20:03:46+00:00","breadcrumb":{"@id":"https:\/\/sandzakpress.net\/arhiva\/muftija-sandzacki-gost-bundestaga\/#breadcrumb"},"inLanguage":"bs-BA","potentialAction":[{"@type":"ReadAction","target":["https:\/\/sandzakpress.net\/arhiva\/muftija-sandzacki-gost-bundestaga\/"]}]},{"@type":"ImageObject","inLanguage":"bs-BA","@id":"https:\/\/sandzakpress.net\/arhiva\/muftija-sandzacki-gost-bundestaga\/#primaryimage","url":"https:\/\/sandzakpress.net\/arhiva\/wp-content\/uploads\/2014\/01\/muftija-u-bundestagu-1-616x4621.jpg","contentUrl":"https:\/\/sandzakpress.net\/arhiva\/wp-content\/uploads\/2014\/01\/muftija-u-bundestagu-1-616x4621.jpg","width":616,"height":462},{"@type":"BreadcrumbList","@id":"https:\/\/sandzakpress.net\/arhiva\/muftija-sandzacki-gost-bundestaga\/#breadcrumb","itemListElement":[{"@type":"ListItem","position":1,"name":"Home","item":"https:\/\/sandzakpress.net\/arhiva\/"},{"@type":"ListItem","position":2,"name":"Muftija sand\u017ea\u010dki gost Bundestaga"}]},{"@type":"WebSite","@id":"https:\/\/sandzakpress.net\/arhiva\/#website","url":"https:\/\/sandzakpress.net\/arhiva\/","name":"Sand\u017eak PRESS","description":"Prve elektronske novine u Sand\u017eaku","publisher":{"@id":"https:\/\/sandzakpress.net\/arhiva\/#\/schema\/person\/6e72b67d6e51910a1117b3b483ba20bd"},"potentialAction":[{"@type":"SearchAction","target":{"@type":"EntryPoint","urlTemplate":"https:\/\/sandzakpress.net\/arhiva\/?s={search_term_string}"},"query-input":{"@type":"PropertyValueSpecification","valueRequired":true,"valueName":"search_term_string"}}],"inLanguage":"bs-BA"},{"@type":["Person","Organization"],"@id":"https:\/\/sandzakpress.net\/arhiva\/#\/schema\/person\/6e72b67d6e51910a1117b3b483ba20bd","name":"Kul","image":{"@type":"ImageObject","inLanguage":"bs-BA","@id":"https:\/\/sandzakpress.net\/arhiva\/#\/schema\/person\/image\/","url":"https:\/\/secure.gravatar.com\/avatar\/42263f39aa27ac04c43cab85c280eb2e?s=96&d=mm&r=pg","contentUrl":"https:\/\/secure.gravatar.com\/avatar\/42263f39aa27ac04c43cab85c280eb2e?s=96&d=mm&r=pg","caption":"Kul"},"logo":{"@id":"https:\/\/sandzakpress.net\/arhiva\/#\/schema\/person\/image\/"}},{"@type":"Person","@id":"https:\/\/sandzakpress.net\/arhiva\/#\/schema\/person\/c8baee722073534b583ea7bdb2e36c02","name":"bosniak","image":{"@type":"ImageObject","inLanguage":"bs-BA","@id":"https:\/\/sandzakpress.net\/arhiva\/#\/schema\/person\/image\/","url":"https:\/\/secure.gravatar.com\/avatar\/a04fd330bfe3a36a72a0ad4a6d89fca7?s=96&d=mm&r=pg","contentUrl":"https:\/\/secure.gravatar.com\/avatar\/a04fd330bfe3a36a72a0ad4a6d89fca7?s=96&d=mm&r=pg","caption":"bosniak"},"url":"https:\/\/sandzakpress.net\/arhiva\/author\/bosniak\/"}]}},"_links":{"self":[{"href":"https:\/\/sandzakpress.net\/arhiva\/wp-json\/wp\/v2\/posts\/99659"}],"collection":[{"href":"https:\/\/sandzakpress.net\/arhiva\/wp-json\/wp\/v2\/posts"}],"about":[{"href":"https:\/\/sandzakpress.net\/arhiva\/wp-json\/wp\/v2\/types\/post"}],"author":[{"embeddable":true,"href":"https:\/\/sandzakpress.net\/arhiva\/wp-json\/wp\/v2\/users\/83"}],"replies":[{"embeddable":true,"href":"https:\/\/sandzakpress.net\/arhiva\/wp-json\/wp\/v2\/comments?post=99659"}],"version-history":[{"count":0,"href":"https:\/\/sandzakpress.net\/arhiva\/wp-json\/wp\/v2\/posts\/99659\/revisions"}],"wp:featuredmedia":[{"embeddable":true,"href":"https:\/\/sandzakpress.net\/arhiva\/wp-json\/wp\/v2\/media\/99665"}],"wp:attachment":[{"href":"https:\/\/sandzakpress.net\/arhiva\/wp-json\/wp\/v2\/media?parent=99659"}],"wp:term":[{"taxonomy":"category","embeddable":true,"href":"https:\/\/sandzakpress.net\/arhiva\/wp-json\/wp\/v2\/categories?post=99659"},{"taxonomy":"post_tag","embeddable":true,"href":"https:\/\/sandzakpress.net\/arhiva\/wp-json\/wp\/v2\/tags?post=99659"}],"curies":[{"name":"wp","href":"https:\/\/api.w.org\/{rel}","templated":true}]}}