{"id":99590,"date":"2014-01-12T17:19:38","date_gmt":"2014-01-12T16:19:38","guid":{"rendered":"https:\/\/sandzakpress.net\/arhiva\/?p=99590"},"modified":"2014-01-12T19:14:31","modified_gmt":"2014-01-12T18:14:31","slug":"medzlis-iz-novi-pazar-osuduje-pokusaj-ubistva-svog-sluzbenika","status":"publish","type":"post","link":"https:\/\/sandzakpress.net\/arhiva\/medzlis-iz-novi-pazar-osuduje-pokusaj-ubistva-svog-sluzbenika\/","title":{"rendered":"Med\u017elis IZ Novi Pazar osu\u0111uje poku\u0161aj ubistva svog slu\u017ebenika"},"content":{"rendered":"<p><strong><img loading=\"lazy\" decoding=\"async\" class=\"alignleft  wp-image-99591\" alt=\"223107_2103281940361_5066209_n\" src=\"https:\/\/sandzakpress.net\/arhiva\/wp-content\/uploads\/2014\/01\/223107_2103281940361_5066209_n1.jpg\" width=\"395\" height=\"346\" \/>Novi Pazar &#8211; Med\u017elis Islamske zajednice u Novom Pazaru najo\u0161trije osu\u0111uje poku\u0161aj ubistva imama Ifeta-ef. Ali\u010dkovi\u0107a u d\u017eamiji Jo\u0161anica od strane Nazima Mahmutovi\u0107a amid\u017ee gradona\u010delnika Novog Pazara Meha Mahmutovi\u0107a.\u00a0\u00a0<\/strong><\/p>\n<p>U nedelju 12.01. teku\u0107e godine na radnom mjestu prilikom izvo\u0111enja vjerske pouke, mu\u010dki je od strane Mahmutovi\u0107a imam Aki\u010dkovi\u0107 udaren trnokopom u predjelu lica i tom prilikom zadobio te\u0161ke tjelesne povrede izgubiv\u0161i tri zuba i razderotine lica i usta. Ovom kukavi\u010dkom aktu prethodio je vi\u0161emjese\u010dni pritisak na imama Alickovi\u0107a od strane pomenutog Mahmutovi\u0107a i ostalih lokalnih kadrova SDP-a.<\/p>\n<p>Med\u017elis IZ-e zahtijeva od policije, sudstva i tu\u017eilastva da Nazima Mahmutovi\u0107a hitno privedu pravdi kao i sve podstreka\u010de na poku\u0161aj ubistva imama Ali\u010dkovi\u0107a na radnom mjestu u d\u017eamiji u Jo\u0161anici.<\/p>\n<p><em><strong>Informativna slu\u017eba<\/strong><\/em><\/p>\n","protected":false},"excerpt":{"rendered":"<p>Med\u017elis IZ-e zahtijeva od policije, sudstva i tu\u017eilastva da Nazima Mahmutovi\u0107a hitno privedu pravdi kao i sve podstreka\u010de na poku\u0161aj ubistva imama Ali\u010dkovi\u0107a na radnom mjestu u d\u017eamiji u Jo\u0161anici.<\/p>\n","protected":false},"author":83,"featured_media":99591,"comment_status":"open","ping_status":"open","sticky":false,"template":"","format":"standard","meta":{"footnotes":""},"categories":[72,802],"tags":[10229,10257],"class_list":{"0":"post-99590","1":"post","2":"type-post","3":"status-publish","4":"format-standard","5":"has-post-thumbnail","7":"category-novi-pazar","8":"category-islamska_zajednica","9":"tag-islamska-zajednica","10":"tag-sdp"},"yoast_head":"<!-- This site is optimized with the Yoast SEO Premium plugin v23.1 (Yoast SEO v24.9) - https:\/\/yoast.com\/wordpress\/plugins\/seo\/ -->\n<title>Med\u017elis IZ Novi Pazar osu\u0111uje poku\u0161aj ubistva svog slu\u017ebenika<\/title>\n<meta name=\"robots\" content=\"index, follow, max-snippet:-1, max-image-preview:large, max-video-preview:-1\" \/>\n<link rel=\"canonical\" href=\"https:\/\/sandzakpress.net\/arhiva\/medzlis-iz-novi-pazar-osuduje-pokusaj-ubistva-svog-sluzbenika\/\" \/>\n<meta property=\"og:locale\" content=\"bs_BA\" \/>\n<meta property=\"og:type\" content=\"article\" \/>\n<meta property=\"og:title\" content=\"Med\u017elis IZ Novi Pazar osu\u0111uje poku\u0161aj ubistva svog slu\u017ebenika\" \/>\n<meta property=\"og:description\" content=\"Med\u017elis IZ-e zahtijeva od policije, sudstva i tu\u017eilastva da Nazima Mahmutovi\u0107a hitno privedu pravdi kao i sve podstreka\u010de na poku\u0161aj ubistva imama Ali\u010dkovi\u0107a na radnom mjestu u d\u017eamiji u Jo\u0161anici.\" \/>\n<meta property=\"og:url\" content=\"https:\/\/sandzakpress.net\/arhiva\/medzlis-iz-novi-pazar-osuduje-pokusaj-ubistva-svog-sluzbenika\/\" \/>\n<meta property=\"og:site_name\" content=\"Sand\u017eak PRESS\" \/>\n<meta property=\"article:published_time\" content=\"2014-01-12T16:19:38+00:00\" \/>\n<meta property=\"article:modified_time\" content=\"2014-01-12T18:14:31+00:00\" \/>\n<meta property=\"og:image\" content=\"https:\/\/sandzakpress.net\/arhiva\/wp-content\/uploads\/2014\/01\/223107_2103281940361_5066209_n1.jpg\" \/>\n\t<meta property=\"og:image:width\" content=\"494\" \/>\n\t<meta property=\"og:image:height\" content=\"432\" \/>\n\t<meta property=\"og:image:type\" content=\"image\/jpeg\" \/>\n<meta name=\"author\" content=\"bosniak\" \/>\n<meta name=\"twitter:card\" content=\"summary_large_image\" \/>\n<meta name=\"twitter:label1\" content=\"Written by\" \/>\n\t<meta name=\"twitter:data1\" content=\"bosniak\" \/>\n\t<meta name=\"twitter:label2\" content=\"Est. reading time\" \/>\n\t<meta name=\"twitter:data2\" content=\"1 minuta\" \/>\n<script type=\"application\/ld+json\" class=\"yoast-schema-graph\">{\"@context\":\"https:\/\/schema.org\",\"@graph\":[{\"@type\":\"Article\",\"@id\":\"https:\/\/sandzakpress.net\/arhiva\/medzlis-iz-novi-pazar-osuduje-pokusaj-ubistva-svog-sluzbenika\/#article\",\"isPartOf\":{\"@id\":\"https:\/\/sandzakpress.net\/arhiva\/medzlis-iz-novi-pazar-osuduje-pokusaj-ubistva-svog-sluzbenika\/\"},\"author\":{\"name\":\"bosniak\",\"@id\":\"https:\/\/sandzakpress.net\/arhiva\/#\/schema\/person\/c8baee722073534b583ea7bdb2e36c02\"},\"headline\":\"Med\u017elis IZ Novi Pazar osu\u0111uje poku\u0161aj ubistva svog slu\u017ebenika\",\"datePublished\":\"2014-01-12T16:19:38+00:00\",\"dateModified\":\"2014-01-12T18:14:31+00:00\",\"mainEntityOfPage\":{\"@id\":\"https:\/\/sandzakpress.net\/arhiva\/medzlis-iz-novi-pazar-osuduje-pokusaj-ubistva-svog-sluzbenika\/\"},\"wordCount\":165,\"commentCount\":0,\"publisher\":{\"@id\":\"https:\/\/sandzakpress.net\/arhiva\/#\/schema\/person\/6e72b67d6e51910a1117b3b483ba20bd\"},\"image\":{\"@id\":\"https:\/\/sandzakpress.net\/arhiva\/medzlis-iz-novi-pazar-osuduje-pokusaj-ubistva-svog-sluzbenika\/#primaryimage\"},\"thumbnailUrl\":\"https:\/\/sandzakpress.net\/arhiva\/wp-content\/uploads\/2014\/01\/223107_2103281940361_5066209_n1.jpg\",\"keywords\":[\"Islamska zajednica\",\"SDPS\"],\"articleSection\":[\"Novi Pazar\",\"Islamska zajednica\"],\"inLanguage\":\"bs-BA\",\"potentialAction\":[{\"@type\":\"CommentAction\",\"name\":\"Comment\",\"target\":[\"https:\/\/sandzakpress.net\/arhiva\/medzlis-iz-novi-pazar-osuduje-pokusaj-ubistva-svog-sluzbenika\/#respond\"]}]},{\"@type\":\"WebPage\",\"@id\":\"https:\/\/sandzakpress.net\/arhiva\/medzlis-iz-novi-pazar-osuduje-pokusaj-ubistva-svog-sluzbenika\/\",\"url\":\"https:\/\/sandzakpress.net\/arhiva\/medzlis-iz-novi-pazar-osuduje-pokusaj-ubistva-svog-sluzbenika\/\",\"name\":\"Med\u017elis IZ Novi Pazar osu\u0111uje poku\u0161aj ubistva svog slu\u017ebenika\",\"isPartOf\":{\"@id\":\"https:\/\/sandzakpress.net\/arhiva\/#website\"},\"primaryImageOfPage\":{\"@id\":\"https:\/\/sandzakpress.net\/arhiva\/medzlis-iz-novi-pazar-osuduje-pokusaj-ubistva-svog-sluzbenika\/#primaryimage\"},\"image\":{\"@id\":\"https:\/\/sandzakpress.net\/arhiva\/medzlis-iz-novi-pazar-osuduje-pokusaj-ubistva-svog-sluzbenika\/#primaryimage\"},\"thumbnailUrl\":\"https:\/\/sandzakpress.net\/arhiva\/wp-content\/uploads\/2014\/01\/223107_2103281940361_5066209_n1.jpg\",\"datePublished\":\"2014-01-12T16:19:38+00:00\",\"dateModified\":\"2014-01-12T18:14:31+00:00\",\"breadcrumb\":{\"@id\":\"https:\/\/sandzakpress.net\/arhiva\/medzlis-iz-novi-pazar-osuduje-pokusaj-ubistva-svog-sluzbenika\/#breadcrumb\"},\"inLanguage\":\"bs-BA\",\"potentialAction\":[{\"@type\":\"ReadAction\",\"target\":[\"https:\/\/sandzakpress.net\/arhiva\/medzlis-iz-novi-pazar-osuduje-pokusaj-ubistva-svog-sluzbenika\/\"]}]},{\"@type\":\"ImageObject\",\"inLanguage\":\"bs-BA\",\"@id\":\"https:\/\/sandzakpress.net\/arhiva\/medzlis-iz-novi-pazar-osuduje-pokusaj-ubistva-svog-sluzbenika\/#primaryimage\",\"url\":\"https:\/\/sandzakpress.net\/arhiva\/wp-content\/uploads\/2014\/01\/223107_2103281940361_5066209_n1.jpg\",\"contentUrl\":\"https:\/\/sandzakpress.net\/arhiva\/wp-content\/uploads\/2014\/01\/223107_2103281940361_5066209_n1.jpg\",\"width\":494,\"height\":432},{\"@type\":\"BreadcrumbList\",\"@id\":\"https:\/\/sandzakpress.net\/arhiva\/medzlis-iz-novi-pazar-osuduje-pokusaj-ubistva-svog-sluzbenika\/#breadcrumb\",\"itemListElement\":[{\"@type\":\"ListItem\",\"position\":1,\"name\":\"Home\",\"item\":\"https:\/\/sandzakpress.net\/arhiva\/\"},{\"@type\":\"ListItem\",\"position\":2,\"name\":\"Med\u017elis IZ Novi Pazar osu\u0111uje poku\u0161aj ubistva svog slu\u017ebenika\"}]},{\"@type\":\"WebSite\",\"@id\":\"https:\/\/sandzakpress.net\/arhiva\/#website\",\"url\":\"https:\/\/sandzakpress.net\/arhiva\/\",\"name\":\"Sand\u017eak PRESS\",\"description\":\"Prve elektronske novine u Sand\u017eaku\",\"publisher\":{\"@id\":\"https:\/\/sandzakpress.net\/arhiva\/#\/schema\/person\/6e72b67d6e51910a1117b3b483ba20bd\"},\"potentialAction\":[{\"@type\":\"SearchAction\",\"target\":{\"@type\":\"EntryPoint\",\"urlTemplate\":\"https:\/\/sandzakpress.net\/arhiva\/?s={search_term_string}\"},\"query-input\":{\"@type\":\"PropertyValueSpecification\",\"valueRequired\":true,\"valueName\":\"search_term_string\"}}],\"inLanguage\":\"bs-BA\"},{\"@type\":[\"Person\",\"Organization\"],\"@id\":\"https:\/\/sandzakpress.net\/arhiva\/#\/schema\/person\/6e72b67d6e51910a1117b3b483ba20bd\",\"name\":\"Kul\",\"image\":{\"@type\":\"ImageObject\",\"inLanguage\":\"bs-BA\",\"@id\":\"https:\/\/sandzakpress.net\/arhiva\/#\/schema\/person\/image\/\",\"url\":\"https:\/\/secure.gravatar.com\/avatar\/42263f39aa27ac04c43cab85c280eb2e?s=96&d=mm&r=pg\",\"contentUrl\":\"https:\/\/secure.gravatar.com\/avatar\/42263f39aa27ac04c43cab85c280eb2e?s=96&d=mm&r=pg\",\"caption\":\"Kul\"},\"logo\":{\"@id\":\"https:\/\/sandzakpress.net\/arhiva\/#\/schema\/person\/image\/\"}},{\"@type\":\"Person\",\"@id\":\"https:\/\/sandzakpress.net\/arhiva\/#\/schema\/person\/c8baee722073534b583ea7bdb2e36c02\",\"name\":\"bosniak\",\"image\":{\"@type\":\"ImageObject\",\"inLanguage\":\"bs-BA\",\"@id\":\"https:\/\/sandzakpress.net\/arhiva\/#\/schema\/person\/image\/\",\"url\":\"https:\/\/secure.gravatar.com\/avatar\/a04fd330bfe3a36a72a0ad4a6d89fca7?s=96&d=mm&r=pg\",\"contentUrl\":\"https:\/\/secure.gravatar.com\/avatar\/a04fd330bfe3a36a72a0ad4a6d89fca7?s=96&d=mm&r=pg\",\"caption\":\"bosniak\"},\"url\":\"https:\/\/sandzakpress.net\/arhiva\/author\/bosniak\/\"}]}<\/script>\n<!-- \/ Yoast SEO Premium plugin. -->","yoast_head_json":{"title":"Med\u017elis IZ Novi Pazar osu\u0111uje poku\u0161aj ubistva svog slu\u017ebenika","robots":{"index":"index","follow":"follow","max-snippet":"max-snippet:-1","max-image-preview":"max-image-preview:large","max-video-preview":"max-video-preview:-1"},"canonical":"https:\/\/sandzakpress.net\/arhiva\/medzlis-iz-novi-pazar-osuduje-pokusaj-ubistva-svog-sluzbenika\/","og_locale":"bs_BA","og_type":"article","og_title":"Med\u017elis IZ Novi Pazar osu\u0111uje poku\u0161aj ubistva svog slu\u017ebenika","og_description":"Med\u017elis IZ-e zahtijeva od policije, sudstva i tu\u017eilastva da Nazima Mahmutovi\u0107a hitno privedu pravdi kao i sve podstreka\u010de na poku\u0161aj ubistva imama Ali\u010dkovi\u0107a na radnom mjestu u d\u017eamiji u Jo\u0161anici.","og_url":"https:\/\/sandzakpress.net\/arhiva\/medzlis-iz-novi-pazar-osuduje-pokusaj-ubistva-svog-sluzbenika\/","og_site_name":"Sand\u017eak PRESS","article_published_time":"2014-01-12T16:19:38+00:00","article_modified_time":"2014-01-12T18:14:31+00:00","og_image":[{"width":494,"height":432,"url":"https:\/\/sandzakpress.net\/arhiva\/wp-content\/uploads\/2014\/01\/223107_2103281940361_5066209_n1.jpg","type":"image\/jpeg"}],"author":"bosniak","twitter_card":"summary_large_image","twitter_misc":{"Written by":"bosniak","Est. reading time":"1 minuta"},"schema":{"@context":"https:\/\/schema.org","@graph":[{"@type":"Article","@id":"https:\/\/sandzakpress.net\/arhiva\/medzlis-iz-novi-pazar-osuduje-pokusaj-ubistva-svog-sluzbenika\/#article","isPartOf":{"@id":"https:\/\/sandzakpress.net\/arhiva\/medzlis-iz-novi-pazar-osuduje-pokusaj-ubistva-svog-sluzbenika\/"},"author":{"name":"bosniak","@id":"https:\/\/sandzakpress.net\/arhiva\/#\/schema\/person\/c8baee722073534b583ea7bdb2e36c02"},"headline":"Med\u017elis IZ Novi Pazar osu\u0111uje poku\u0161aj ubistva svog slu\u017ebenika","datePublished":"2014-01-12T16:19:38+00:00","dateModified":"2014-01-12T18:14:31+00:00","mainEntityOfPage":{"@id":"https:\/\/sandzakpress.net\/arhiva\/medzlis-iz-novi-pazar-osuduje-pokusaj-ubistva-svog-sluzbenika\/"},"wordCount":165,"commentCount":0,"publisher":{"@id":"https:\/\/sandzakpress.net\/arhiva\/#\/schema\/person\/6e72b67d6e51910a1117b3b483ba20bd"},"image":{"@id":"https:\/\/sandzakpress.net\/arhiva\/medzlis-iz-novi-pazar-osuduje-pokusaj-ubistva-svog-sluzbenika\/#primaryimage"},"thumbnailUrl":"https:\/\/sandzakpress.net\/arhiva\/wp-content\/uploads\/2014\/01\/223107_2103281940361_5066209_n1.jpg","keywords":["Islamska zajednica","SDPS"],"articleSection":["Novi Pazar","Islamska zajednica"],"inLanguage":"bs-BA","potentialAction":[{"@type":"CommentAction","name":"Comment","target":["https:\/\/sandzakpress.net\/arhiva\/medzlis-iz-novi-pazar-osuduje-pokusaj-ubistva-svog-sluzbenika\/#respond"]}]},{"@type":"WebPage","@id":"https:\/\/sandzakpress.net\/arhiva\/medzlis-iz-novi-pazar-osuduje-pokusaj-ubistva-svog-sluzbenika\/","url":"https:\/\/sandzakpress.net\/arhiva\/medzlis-iz-novi-pazar-osuduje-pokusaj-ubistva-svog-sluzbenika\/","name":"Med\u017elis IZ Novi Pazar osu\u0111uje poku\u0161aj ubistva svog slu\u017ebenika","isPartOf":{"@id":"https:\/\/sandzakpress.net\/arhiva\/#website"},"primaryImageOfPage":{"@id":"https:\/\/sandzakpress.net\/arhiva\/medzlis-iz-novi-pazar-osuduje-pokusaj-ubistva-svog-sluzbenika\/#primaryimage"},"image":{"@id":"https:\/\/sandzakpress.net\/arhiva\/medzlis-iz-novi-pazar-osuduje-pokusaj-ubistva-svog-sluzbenika\/#primaryimage"},"thumbnailUrl":"https:\/\/sandzakpress.net\/arhiva\/wp-content\/uploads\/2014\/01\/223107_2103281940361_5066209_n1.jpg","datePublished":"2014-01-12T16:19:38+00:00","dateModified":"2014-01-12T18:14:31+00:00","breadcrumb":{"@id":"https:\/\/sandzakpress.net\/arhiva\/medzlis-iz-novi-pazar-osuduje-pokusaj-ubistva-svog-sluzbenika\/#breadcrumb"},"inLanguage":"bs-BA","potentialAction":[{"@type":"ReadAction","target":["https:\/\/sandzakpress.net\/arhiva\/medzlis-iz-novi-pazar-osuduje-pokusaj-ubistva-svog-sluzbenika\/"]}]},{"@type":"ImageObject","inLanguage":"bs-BA","@id":"https:\/\/sandzakpress.net\/arhiva\/medzlis-iz-novi-pazar-osuduje-pokusaj-ubistva-svog-sluzbenika\/#primaryimage","url":"https:\/\/sandzakpress.net\/arhiva\/wp-content\/uploads\/2014\/01\/223107_2103281940361_5066209_n1.jpg","contentUrl":"https:\/\/sandzakpress.net\/arhiva\/wp-content\/uploads\/2014\/01\/223107_2103281940361_5066209_n1.jpg","width":494,"height":432},{"@type":"BreadcrumbList","@id":"https:\/\/sandzakpress.net\/arhiva\/medzlis-iz-novi-pazar-osuduje-pokusaj-ubistva-svog-sluzbenika\/#breadcrumb","itemListElement":[{"@type":"ListItem","position":1,"name":"Home","item":"https:\/\/sandzakpress.net\/arhiva\/"},{"@type":"ListItem","position":2,"name":"Med\u017elis IZ Novi Pazar osu\u0111uje poku\u0161aj ubistva svog slu\u017ebenika"}]},{"@type":"WebSite","@id":"https:\/\/sandzakpress.net\/arhiva\/#website","url":"https:\/\/sandzakpress.net\/arhiva\/","name":"Sand\u017eak PRESS","description":"Prve elektronske novine u Sand\u017eaku","publisher":{"@id":"https:\/\/sandzakpress.net\/arhiva\/#\/schema\/person\/6e72b67d6e51910a1117b3b483ba20bd"},"potentialAction":[{"@type":"SearchAction","target":{"@type":"EntryPoint","urlTemplate":"https:\/\/sandzakpress.net\/arhiva\/?s={search_term_string}"},"query-input":{"@type":"PropertyValueSpecification","valueRequired":true,"valueName":"search_term_string"}}],"inLanguage":"bs-BA"},{"@type":["Person","Organization"],"@id":"https:\/\/sandzakpress.net\/arhiva\/#\/schema\/person\/6e72b67d6e51910a1117b3b483ba20bd","name":"Kul","image":{"@type":"ImageObject","inLanguage":"bs-BA","@id":"https:\/\/sandzakpress.net\/arhiva\/#\/schema\/person\/image\/","url":"https:\/\/secure.gravatar.com\/avatar\/42263f39aa27ac04c43cab85c280eb2e?s=96&d=mm&r=pg","contentUrl":"https:\/\/secure.gravatar.com\/avatar\/42263f39aa27ac04c43cab85c280eb2e?s=96&d=mm&r=pg","caption":"Kul"},"logo":{"@id":"https:\/\/sandzakpress.net\/arhiva\/#\/schema\/person\/image\/"}},{"@type":"Person","@id":"https:\/\/sandzakpress.net\/arhiva\/#\/schema\/person\/c8baee722073534b583ea7bdb2e36c02","name":"bosniak","image":{"@type":"ImageObject","inLanguage":"bs-BA","@id":"https:\/\/sandzakpress.net\/arhiva\/#\/schema\/person\/image\/","url":"https:\/\/secure.gravatar.com\/avatar\/a04fd330bfe3a36a72a0ad4a6d89fca7?s=96&d=mm&r=pg","contentUrl":"https:\/\/secure.gravatar.com\/avatar\/a04fd330bfe3a36a72a0ad4a6d89fca7?s=96&d=mm&r=pg","caption":"bosniak"},"url":"https:\/\/sandzakpress.net\/arhiva\/author\/bosniak\/"}]}},"_links":{"self":[{"href":"https:\/\/sandzakpress.net\/arhiva\/wp-json\/wp\/v2\/posts\/99590"}],"collection":[{"href":"https:\/\/sandzakpress.net\/arhiva\/wp-json\/wp\/v2\/posts"}],"about":[{"href":"https:\/\/sandzakpress.net\/arhiva\/wp-json\/wp\/v2\/types\/post"}],"author":[{"embeddable":true,"href":"https:\/\/sandzakpress.net\/arhiva\/wp-json\/wp\/v2\/users\/83"}],"replies":[{"embeddable":true,"href":"https:\/\/sandzakpress.net\/arhiva\/wp-json\/wp\/v2\/comments?post=99590"}],"version-history":[{"count":0,"href":"https:\/\/sandzakpress.net\/arhiva\/wp-json\/wp\/v2\/posts\/99590\/revisions"}],"wp:featuredmedia":[{"embeddable":true,"href":"https:\/\/sandzakpress.net\/arhiva\/wp-json\/wp\/v2\/media\/99591"}],"wp:attachment":[{"href":"https:\/\/sandzakpress.net\/arhiva\/wp-json\/wp\/v2\/media?parent=99590"}],"wp:term":[{"taxonomy":"category","embeddable":true,"href":"https:\/\/sandzakpress.net\/arhiva\/wp-json\/wp\/v2\/categories?post=99590"},{"taxonomy":"post_tag","embeddable":true,"href":"https:\/\/sandzakpress.net\/arhiva\/wp-json\/wp\/v2\/tags?post=99590"}],"curies":[{"name":"wp","href":"https:\/\/api.w.org\/{rel}","templated":true}]}}