{"id":99517,"date":"2014-01-10T21:00:41","date_gmt":"2014-01-10T20:00:41","guid":{"rendered":"https:\/\/sandzakpress.net\/arhiva\/?p=99517"},"modified":"2014-01-10T21:00:41","modified_gmt":"2014-01-10T20:00:41","slug":"ugljanin-bosnjaci-se-diskriminisu-kad-je-u-pitanju-izdavanje-licnih-karti","status":"publish","type":"post","link":"https:\/\/sandzakpress.net\/arhiva\/ugljanin-bosnjaci-se-diskriminisu-kad-je-u-pitanju-izdavanje-licnih-karti\/","title":{"rendered":"Ugljanin: Bo\u0161njaci se diskrimini\u0161u kad je u pitanju izdavanje li\u010dnih karti"},"content":{"rendered":"<p><strong><img decoding=\"async\" class=\"alignleft\" alt=\"\" src=\"http:\/\/sandzaklive.rs\/images\/Politika\/Sandzak\/Sulejman.Ugljanin\/Sulejman_5.jpg\" \/>Sjeverni Sand\u017eak &#8211; Ministar bez portfelja zadu\u017een za odr\u017eivi razvoj nedovoljno razvijenih podru\u010dja Sulejman Ugljanin pozvao je danas nadle\u017ene organe da rije\u0161e problem izdavanja li\u010dnih dokumenata na jeziku nacionalnih manjina koje je utvr\u0111eno pravnim\u00a0poretkom Srbije.<\/strong><\/p>\n<p>&#8220;U svojstvu ministra u Vladi Srbije i legitimnog predstavnika Bo\u0161njaka, zahtjevam, prije svega od Ministarstva unutra\u0161njih poslova i Ministarstva pravde i dr\u017eavne uprave, da daju pisane instrukcije nadle\u017enim organima u Srbiji koji izdaju li\u010dna dokumenta, kako bi se na taj na\u010din omogu\u0107ilo nacionalnim manjinama da ostvaruju svoja prava koja su im zagarantovana Ustavom i zakonima&#8221;, navodi se u Ugljaninovoj izjavi dostavljenoj agenciji Beta.<\/p>\n<p>Dodao je da posebno skre\u0107e pa\u017enju na diskriminaciju koju \u010dine slu\u017ebe MUP-a i lokalnih samouprava koja izdaju li\u010dna dokumenata Bo\u0161njacima u sand\u017ea\u010dkim op\u0161tinama.<\/p>\n<p>Prema njegovim rije\u010dima, tim pitanjem bavio se i za\u0161titnik gra\u0111ana koji je i ranije ukazivao na taj problem.<\/p>\n<p>Tako\u0111e, Ugljanin je naveo da upotreba termina srpsko dr\u017eavljanstvo nije u skladu sa propisima Srbije, te u tom smislu takav termin asocira na nacionalnu pripadnost, a ne na pripadnost odre\u0111enoj dr\u017eavi.<\/p>\n<p>U skladu sa Ustavom Srbije zagarantovano je da se \u0161tite prava nacionalnih manjina i garantuje njihova posebna za\u0161tita radi ostvarivanja potpune ravnopravnosti i o\u010duvanja njihovog identiteta, garantuje pravo na o\u010duvanje posebnosti i pravo nacionalnim manjinama na kori\u0161\u0107enje svog jezika i pisma.<\/p>\n<p>Zakonom o li\u010dnoj karti, Zakonom o putnim ispravama, kao i Zakonom o slu\u017ebenoj upotrebi jezika propisano je da pripadnici nacionalne manjine imaju pravo da se koriste svojim jezikom, pismom i pravopisom, navodi se u saop\u0161tenju.<\/p>\n<p>(Radio100+)<\/p>\n","protected":false},"excerpt":{"rendered":"<p>Ministar bez portfelja zadu\u017een za odr\u017eivi razvoj nedovoljno razvijenih podru\u010dja Sulejman Ugljanin pozvao je danas nadle\u017ene organe da rije\u0161e problem izdavanja li\u010dnih dokumenata na jeziku nacionalnih manjina koje je utvr\u0111eno pravnim poretkom Srbije.<\/p>\n","protected":false},"author":83,"featured_media":99518,"comment_status":"open","ping_status":"open","sticky":false,"template":"","format":"standard","meta":{"footnotes":""},"categories":[72,1,52,327,8957],"tags":[10269],"class_list":{"0":"post-99517","1":"post","2":"type-post","3":"status-publish","4":"format-standard","5":"has-post-thumbnail","7":"category-novi-pazar","8":"category-politika","9":"category-sjenica","10":"category-tutin","11":"category-vijesti-dana","12":"tag-sulejman-ugljanin"},"yoast_head":"<!-- This site is optimized with the Yoast SEO Premium plugin v23.1 (Yoast SEO v24.9) - https:\/\/yoast.com\/wordpress\/plugins\/seo\/ -->\n<title>Ugljanin: Bo\u0161njaci se diskrimini\u0161u kad je u pitanju izdavanje li\u010dnih karti<\/title>\n<meta name=\"robots\" content=\"index, follow, max-snippet:-1, max-image-preview:large, max-video-preview:-1\" \/>\n<link rel=\"canonical\" href=\"https:\/\/sandzakpress.net\/arhiva\/ugljanin-bosnjaci-se-diskriminisu-kad-je-u-pitanju-izdavanje-licnih-karti\/\" \/>\n<meta property=\"og:locale\" content=\"bs_BA\" \/>\n<meta property=\"og:type\" content=\"article\" \/>\n<meta property=\"og:title\" content=\"Ugljanin: Bo\u0161njaci se diskrimini\u0161u kad je u pitanju izdavanje li\u010dnih karti\" \/>\n<meta property=\"og:description\" content=\"Ministar bez portfelja zadu\u017een za odr\u017eivi razvoj nedovoljno razvijenih podru\u010dja Sulejman Ugljanin pozvao je danas nadle\u017ene organe da rije\u0161e problem izdavanja li\u010dnih dokumenata na jeziku nacionalnih manjina koje je utvr\u0111eno pravnim poretkom Srbije.\" \/>\n<meta property=\"og:url\" content=\"https:\/\/sandzakpress.net\/arhiva\/ugljanin-bosnjaci-se-diskriminisu-kad-je-u-pitanju-izdavanje-licnih-karti\/\" \/>\n<meta property=\"og:site_name\" content=\"Sand\u017eak PRESS\" \/>\n<meta property=\"article:published_time\" content=\"2014-01-10T20:00:41+00:00\" \/>\n<meta property=\"og:image\" content=\"https:\/\/sandzakpress.net\/arhiva\/wp-content\/uploads\/2014\/01\/Sulejman_5.jpg\" \/>\n\t<meta property=\"og:image:width\" content=\"480\" \/>\n\t<meta property=\"og:image:height\" content=\"290\" \/>\n\t<meta property=\"og:image:type\" content=\"image\/jpeg\" \/>\n<meta name=\"author\" content=\"bosniak\" \/>\n<meta name=\"twitter:card\" content=\"summary_large_image\" \/>\n<meta name=\"twitter:label1\" content=\"Written by\" \/>\n\t<meta name=\"twitter:data1\" content=\"bosniak\" \/>\n\t<meta name=\"twitter:label2\" content=\"Est. reading time\" \/>\n\t<meta name=\"twitter:data2\" content=\"1 minuta\" \/>\n<script type=\"application\/ld+json\" class=\"yoast-schema-graph\">{\"@context\":\"https:\/\/schema.org\",\"@graph\":[{\"@type\":\"Article\",\"@id\":\"https:\/\/sandzakpress.net\/arhiva\/ugljanin-bosnjaci-se-diskriminisu-kad-je-u-pitanju-izdavanje-licnih-karti\/#article\",\"isPartOf\":{\"@id\":\"https:\/\/sandzakpress.net\/arhiva\/ugljanin-bosnjaci-se-diskriminisu-kad-je-u-pitanju-izdavanje-licnih-karti\/\"},\"author\":{\"name\":\"bosniak\",\"@id\":\"https:\/\/sandzakpress.net\/arhiva\/#\/schema\/person\/c8baee722073534b583ea7bdb2e36c02\"},\"headline\":\"Ugljanin: Bo\u0161njaci se diskrimini\u0161u kad je u pitanju izdavanje li\u010dnih karti\",\"datePublished\":\"2014-01-10T20:00:41+00:00\",\"mainEntityOfPage\":{\"@id\":\"https:\/\/sandzakpress.net\/arhiva\/ugljanin-bosnjaci-se-diskriminisu-kad-je-u-pitanju-izdavanje-licnih-karti\/\"},\"wordCount\":299,\"commentCount\":7,\"publisher\":{\"@id\":\"https:\/\/sandzakpress.net\/arhiva\/#\/schema\/person\/6e72b67d6e51910a1117b3b483ba20bd\"},\"image\":{\"@id\":\"https:\/\/sandzakpress.net\/arhiva\/ugljanin-bosnjaci-se-diskriminisu-kad-je-u-pitanju-izdavanje-licnih-karti\/#primaryimage\"},\"thumbnailUrl\":\"https:\/\/sandzakpress.net\/arhiva\/wp-content\/uploads\/2014\/01\/Sulejman_5.jpg\",\"keywords\":[\"Sulejman Ugljanin\"],\"articleSection\":[\"Novi Pazar\",\"Politika\",\"Sjenica\",\"Tutin\",\"VIJESTI DANA\"],\"inLanguage\":\"bs-BA\",\"potentialAction\":[{\"@type\":\"CommentAction\",\"name\":\"Comment\",\"target\":[\"https:\/\/sandzakpress.net\/arhiva\/ugljanin-bosnjaci-se-diskriminisu-kad-je-u-pitanju-izdavanje-licnih-karti\/#respond\"]}]},{\"@type\":\"WebPage\",\"@id\":\"https:\/\/sandzakpress.net\/arhiva\/ugljanin-bosnjaci-se-diskriminisu-kad-je-u-pitanju-izdavanje-licnih-karti\/\",\"url\":\"https:\/\/sandzakpress.net\/arhiva\/ugljanin-bosnjaci-se-diskriminisu-kad-je-u-pitanju-izdavanje-licnih-karti\/\",\"name\":\"Ugljanin: Bo\u0161njaci se diskrimini\u0161u kad je u pitanju izdavanje li\u010dnih karti\",\"isPartOf\":{\"@id\":\"https:\/\/sandzakpress.net\/arhiva\/#website\"},\"primaryImageOfPage\":{\"@id\":\"https:\/\/sandzakpress.net\/arhiva\/ugljanin-bosnjaci-se-diskriminisu-kad-je-u-pitanju-izdavanje-licnih-karti\/#primaryimage\"},\"image\":{\"@id\":\"https:\/\/sandzakpress.net\/arhiva\/ugljanin-bosnjaci-se-diskriminisu-kad-je-u-pitanju-izdavanje-licnih-karti\/#primaryimage\"},\"thumbnailUrl\":\"https:\/\/sandzakpress.net\/arhiva\/wp-content\/uploads\/2014\/01\/Sulejman_5.jpg\",\"datePublished\":\"2014-01-10T20:00:41+00:00\",\"breadcrumb\":{\"@id\":\"https:\/\/sandzakpress.net\/arhiva\/ugljanin-bosnjaci-se-diskriminisu-kad-je-u-pitanju-izdavanje-licnih-karti\/#breadcrumb\"},\"inLanguage\":\"bs-BA\",\"potentialAction\":[{\"@type\":\"ReadAction\",\"target\":[\"https:\/\/sandzakpress.net\/arhiva\/ugljanin-bosnjaci-se-diskriminisu-kad-je-u-pitanju-izdavanje-licnih-karti\/\"]}]},{\"@type\":\"ImageObject\",\"inLanguage\":\"bs-BA\",\"@id\":\"https:\/\/sandzakpress.net\/arhiva\/ugljanin-bosnjaci-se-diskriminisu-kad-je-u-pitanju-izdavanje-licnih-karti\/#primaryimage\",\"url\":\"https:\/\/sandzakpress.net\/arhiva\/wp-content\/uploads\/2014\/01\/Sulejman_5.jpg\",\"contentUrl\":\"https:\/\/sandzakpress.net\/arhiva\/wp-content\/uploads\/2014\/01\/Sulejman_5.jpg\",\"width\":480,\"height\":290},{\"@type\":\"BreadcrumbList\",\"@id\":\"https:\/\/sandzakpress.net\/arhiva\/ugljanin-bosnjaci-se-diskriminisu-kad-je-u-pitanju-izdavanje-licnih-karti\/#breadcrumb\",\"itemListElement\":[{\"@type\":\"ListItem\",\"position\":1,\"name\":\"Home\",\"item\":\"https:\/\/sandzakpress.net\/arhiva\/\"},{\"@type\":\"ListItem\",\"position\":2,\"name\":\"Ugljanin: Bo\u0161njaci se diskrimini\u0161u kad je u pitanju izdavanje li\u010dnih karti\"}]},{\"@type\":\"WebSite\",\"@id\":\"https:\/\/sandzakpress.net\/arhiva\/#website\",\"url\":\"https:\/\/sandzakpress.net\/arhiva\/\",\"name\":\"Sand\u017eak PRESS\",\"description\":\"Prve elektronske novine u Sand\u017eaku\",\"publisher\":{\"@id\":\"https:\/\/sandzakpress.net\/arhiva\/#\/schema\/person\/6e72b67d6e51910a1117b3b483ba20bd\"},\"potentialAction\":[{\"@type\":\"SearchAction\",\"target\":{\"@type\":\"EntryPoint\",\"urlTemplate\":\"https:\/\/sandzakpress.net\/arhiva\/?s={search_term_string}\"},\"query-input\":{\"@type\":\"PropertyValueSpecification\",\"valueRequired\":true,\"valueName\":\"search_term_string\"}}],\"inLanguage\":\"bs-BA\"},{\"@type\":[\"Person\",\"Organization\"],\"@id\":\"https:\/\/sandzakpress.net\/arhiva\/#\/schema\/person\/6e72b67d6e51910a1117b3b483ba20bd\",\"name\":\"Kul\",\"image\":{\"@type\":\"ImageObject\",\"inLanguage\":\"bs-BA\",\"@id\":\"https:\/\/sandzakpress.net\/arhiva\/#\/schema\/person\/image\/\",\"url\":\"https:\/\/secure.gravatar.com\/avatar\/42263f39aa27ac04c43cab85c280eb2e?s=96&d=mm&r=pg\",\"contentUrl\":\"https:\/\/secure.gravatar.com\/avatar\/42263f39aa27ac04c43cab85c280eb2e?s=96&d=mm&r=pg\",\"caption\":\"Kul\"},\"logo\":{\"@id\":\"https:\/\/sandzakpress.net\/arhiva\/#\/schema\/person\/image\/\"}},{\"@type\":\"Person\",\"@id\":\"https:\/\/sandzakpress.net\/arhiva\/#\/schema\/person\/c8baee722073534b583ea7bdb2e36c02\",\"name\":\"bosniak\",\"image\":{\"@type\":\"ImageObject\",\"inLanguage\":\"bs-BA\",\"@id\":\"https:\/\/sandzakpress.net\/arhiva\/#\/schema\/person\/image\/\",\"url\":\"https:\/\/secure.gravatar.com\/avatar\/a04fd330bfe3a36a72a0ad4a6d89fca7?s=96&d=mm&r=pg\",\"contentUrl\":\"https:\/\/secure.gravatar.com\/avatar\/a04fd330bfe3a36a72a0ad4a6d89fca7?s=96&d=mm&r=pg\",\"caption\":\"bosniak\"},\"url\":\"https:\/\/sandzakpress.net\/arhiva\/author\/bosniak\/\"}]}<\/script>\n<!-- \/ Yoast SEO Premium plugin. -->","yoast_head_json":{"title":"Ugljanin: Bo\u0161njaci se diskrimini\u0161u kad je u pitanju izdavanje li\u010dnih karti","robots":{"index":"index","follow":"follow","max-snippet":"max-snippet:-1","max-image-preview":"max-image-preview:large","max-video-preview":"max-video-preview:-1"},"canonical":"https:\/\/sandzakpress.net\/arhiva\/ugljanin-bosnjaci-se-diskriminisu-kad-je-u-pitanju-izdavanje-licnih-karti\/","og_locale":"bs_BA","og_type":"article","og_title":"Ugljanin: Bo\u0161njaci se diskrimini\u0161u kad je u pitanju izdavanje li\u010dnih karti","og_description":"Ministar bez portfelja zadu\u017een za odr\u017eivi razvoj nedovoljno razvijenih podru\u010dja Sulejman Ugljanin pozvao je danas nadle\u017ene organe da rije\u0161e problem izdavanja li\u010dnih dokumenata na jeziku nacionalnih manjina koje je utvr\u0111eno pravnim poretkom Srbije.","og_url":"https:\/\/sandzakpress.net\/arhiva\/ugljanin-bosnjaci-se-diskriminisu-kad-je-u-pitanju-izdavanje-licnih-karti\/","og_site_name":"Sand\u017eak PRESS","article_published_time":"2014-01-10T20:00:41+00:00","og_image":[{"width":480,"height":290,"url":"https:\/\/sandzakpress.net\/arhiva\/wp-content\/uploads\/2014\/01\/Sulejman_5.jpg","type":"image\/jpeg"}],"author":"bosniak","twitter_card":"summary_large_image","twitter_misc":{"Written by":"bosniak","Est. reading time":"1 minuta"},"schema":{"@context":"https:\/\/schema.org","@graph":[{"@type":"Article","@id":"https:\/\/sandzakpress.net\/arhiva\/ugljanin-bosnjaci-se-diskriminisu-kad-je-u-pitanju-izdavanje-licnih-karti\/#article","isPartOf":{"@id":"https:\/\/sandzakpress.net\/arhiva\/ugljanin-bosnjaci-se-diskriminisu-kad-je-u-pitanju-izdavanje-licnih-karti\/"},"author":{"name":"bosniak","@id":"https:\/\/sandzakpress.net\/arhiva\/#\/schema\/person\/c8baee722073534b583ea7bdb2e36c02"},"headline":"Ugljanin: Bo\u0161njaci se diskrimini\u0161u kad je u pitanju izdavanje li\u010dnih karti","datePublished":"2014-01-10T20:00:41+00:00","mainEntityOfPage":{"@id":"https:\/\/sandzakpress.net\/arhiva\/ugljanin-bosnjaci-se-diskriminisu-kad-je-u-pitanju-izdavanje-licnih-karti\/"},"wordCount":299,"commentCount":7,"publisher":{"@id":"https:\/\/sandzakpress.net\/arhiva\/#\/schema\/person\/6e72b67d6e51910a1117b3b483ba20bd"},"image":{"@id":"https:\/\/sandzakpress.net\/arhiva\/ugljanin-bosnjaci-se-diskriminisu-kad-je-u-pitanju-izdavanje-licnih-karti\/#primaryimage"},"thumbnailUrl":"https:\/\/sandzakpress.net\/arhiva\/wp-content\/uploads\/2014\/01\/Sulejman_5.jpg","keywords":["Sulejman Ugljanin"],"articleSection":["Novi Pazar","Politika","Sjenica","Tutin","VIJESTI DANA"],"inLanguage":"bs-BA","potentialAction":[{"@type":"CommentAction","name":"Comment","target":["https:\/\/sandzakpress.net\/arhiva\/ugljanin-bosnjaci-se-diskriminisu-kad-je-u-pitanju-izdavanje-licnih-karti\/#respond"]}]},{"@type":"WebPage","@id":"https:\/\/sandzakpress.net\/arhiva\/ugljanin-bosnjaci-se-diskriminisu-kad-je-u-pitanju-izdavanje-licnih-karti\/","url":"https:\/\/sandzakpress.net\/arhiva\/ugljanin-bosnjaci-se-diskriminisu-kad-je-u-pitanju-izdavanje-licnih-karti\/","name":"Ugljanin: Bo\u0161njaci se diskrimini\u0161u kad je u pitanju izdavanje li\u010dnih karti","isPartOf":{"@id":"https:\/\/sandzakpress.net\/arhiva\/#website"},"primaryImageOfPage":{"@id":"https:\/\/sandzakpress.net\/arhiva\/ugljanin-bosnjaci-se-diskriminisu-kad-je-u-pitanju-izdavanje-licnih-karti\/#primaryimage"},"image":{"@id":"https:\/\/sandzakpress.net\/arhiva\/ugljanin-bosnjaci-se-diskriminisu-kad-je-u-pitanju-izdavanje-licnih-karti\/#primaryimage"},"thumbnailUrl":"https:\/\/sandzakpress.net\/arhiva\/wp-content\/uploads\/2014\/01\/Sulejman_5.jpg","datePublished":"2014-01-10T20:00:41+00:00","breadcrumb":{"@id":"https:\/\/sandzakpress.net\/arhiva\/ugljanin-bosnjaci-se-diskriminisu-kad-je-u-pitanju-izdavanje-licnih-karti\/#breadcrumb"},"inLanguage":"bs-BA","potentialAction":[{"@type":"ReadAction","target":["https:\/\/sandzakpress.net\/arhiva\/ugljanin-bosnjaci-se-diskriminisu-kad-je-u-pitanju-izdavanje-licnih-karti\/"]}]},{"@type":"ImageObject","inLanguage":"bs-BA","@id":"https:\/\/sandzakpress.net\/arhiva\/ugljanin-bosnjaci-se-diskriminisu-kad-je-u-pitanju-izdavanje-licnih-karti\/#primaryimage","url":"https:\/\/sandzakpress.net\/arhiva\/wp-content\/uploads\/2014\/01\/Sulejman_5.jpg","contentUrl":"https:\/\/sandzakpress.net\/arhiva\/wp-content\/uploads\/2014\/01\/Sulejman_5.jpg","width":480,"height":290},{"@type":"BreadcrumbList","@id":"https:\/\/sandzakpress.net\/arhiva\/ugljanin-bosnjaci-se-diskriminisu-kad-je-u-pitanju-izdavanje-licnih-karti\/#breadcrumb","itemListElement":[{"@type":"ListItem","position":1,"name":"Home","item":"https:\/\/sandzakpress.net\/arhiva\/"},{"@type":"ListItem","position":2,"name":"Ugljanin: Bo\u0161njaci se diskrimini\u0161u kad je u pitanju izdavanje li\u010dnih karti"}]},{"@type":"WebSite","@id":"https:\/\/sandzakpress.net\/arhiva\/#website","url":"https:\/\/sandzakpress.net\/arhiva\/","name":"Sand\u017eak PRESS","description":"Prve elektronske novine u Sand\u017eaku","publisher":{"@id":"https:\/\/sandzakpress.net\/arhiva\/#\/schema\/person\/6e72b67d6e51910a1117b3b483ba20bd"},"potentialAction":[{"@type":"SearchAction","target":{"@type":"EntryPoint","urlTemplate":"https:\/\/sandzakpress.net\/arhiva\/?s={search_term_string}"},"query-input":{"@type":"PropertyValueSpecification","valueRequired":true,"valueName":"search_term_string"}}],"inLanguage":"bs-BA"},{"@type":["Person","Organization"],"@id":"https:\/\/sandzakpress.net\/arhiva\/#\/schema\/person\/6e72b67d6e51910a1117b3b483ba20bd","name":"Kul","image":{"@type":"ImageObject","inLanguage":"bs-BA","@id":"https:\/\/sandzakpress.net\/arhiva\/#\/schema\/person\/image\/","url":"https:\/\/secure.gravatar.com\/avatar\/42263f39aa27ac04c43cab85c280eb2e?s=96&d=mm&r=pg","contentUrl":"https:\/\/secure.gravatar.com\/avatar\/42263f39aa27ac04c43cab85c280eb2e?s=96&d=mm&r=pg","caption":"Kul"},"logo":{"@id":"https:\/\/sandzakpress.net\/arhiva\/#\/schema\/person\/image\/"}},{"@type":"Person","@id":"https:\/\/sandzakpress.net\/arhiva\/#\/schema\/person\/c8baee722073534b583ea7bdb2e36c02","name":"bosniak","image":{"@type":"ImageObject","inLanguage":"bs-BA","@id":"https:\/\/sandzakpress.net\/arhiva\/#\/schema\/person\/image\/","url":"https:\/\/secure.gravatar.com\/avatar\/a04fd330bfe3a36a72a0ad4a6d89fca7?s=96&d=mm&r=pg","contentUrl":"https:\/\/secure.gravatar.com\/avatar\/a04fd330bfe3a36a72a0ad4a6d89fca7?s=96&d=mm&r=pg","caption":"bosniak"},"url":"https:\/\/sandzakpress.net\/arhiva\/author\/bosniak\/"}]}},"_links":{"self":[{"href":"https:\/\/sandzakpress.net\/arhiva\/wp-json\/wp\/v2\/posts\/99517"}],"collection":[{"href":"https:\/\/sandzakpress.net\/arhiva\/wp-json\/wp\/v2\/posts"}],"about":[{"href":"https:\/\/sandzakpress.net\/arhiva\/wp-json\/wp\/v2\/types\/post"}],"author":[{"embeddable":true,"href":"https:\/\/sandzakpress.net\/arhiva\/wp-json\/wp\/v2\/users\/83"}],"replies":[{"embeddable":true,"href":"https:\/\/sandzakpress.net\/arhiva\/wp-json\/wp\/v2\/comments?post=99517"}],"version-history":[{"count":0,"href":"https:\/\/sandzakpress.net\/arhiva\/wp-json\/wp\/v2\/posts\/99517\/revisions"}],"wp:featuredmedia":[{"embeddable":true,"href":"https:\/\/sandzakpress.net\/arhiva\/wp-json\/wp\/v2\/media\/99518"}],"wp:attachment":[{"href":"https:\/\/sandzakpress.net\/arhiva\/wp-json\/wp\/v2\/media?parent=99517"}],"wp:term":[{"taxonomy":"category","embeddable":true,"href":"https:\/\/sandzakpress.net\/arhiva\/wp-json\/wp\/v2\/categories?post=99517"},{"taxonomy":"post_tag","embeddable":true,"href":"https:\/\/sandzakpress.net\/arhiva\/wp-json\/wp\/v2\/tags?post=99517"}],"curies":[{"name":"wp","href":"https:\/\/api.w.org\/{rel}","templated":true}]}}