{"id":99476,"date":"2014-01-10T17:24:41","date_gmt":"2014-01-10T16:24:41","guid":{"rendered":"https:\/\/sandzakpress.net\/arhiva\/?p=99476"},"modified":"2014-01-10T17:24:42","modified_gmt":"2014-01-10T16:24:42","slug":"skupstina-crne-gore-do-25-januara-o-statusu-opstine-gusinje","status":"publish","type":"post","link":"https:\/\/sandzakpress.net\/arhiva\/skupstina-crne-gore-do-25-januara-o-statusu-opstine-gusinje\/","title":{"rendered":"Skup\u0161tina Crne Gore do 25. januara o statusu op\u0161tine Gusinje"},"content":{"rendered":"<p><img loading=\"lazy\" decoding=\"async\" class=\"alignleft\" style=\"font-size: 14px; line-height: 1.5em;\" alt=\"\" src=\"http:\/\/www.img2.cdm.me\/sites\/cdm.bild-studio.me\/files\/styles\/301x227\/public\/multimedia\/foto\/2014\/01\/10\/gusinje.jpg\" width=\"344\" height=\"209\" \/><strong>Gusinje &#8211;\u00a0&#8220;To zna\u010di da bi Gusinje moglo postati punopravna op\u0161tina do 1.februara, jer rok od 30 dana isti\u010de 25. januara,\u00a0kada \u0107e presjednik Parlamenta\u00a0Ranko Krivokapi\u0107\u00a0zakazati vanrednu Skup\u0161tinu gdje \u0107e jedina ta\u010dka dnevnog reda biti povra\u0107aj statusa Op\u0161tine Gusinje\u201c, rekli su za CdM iz Organizacionog odbora za povratak op\u0161tine.<\/strong><\/p>\n<p>Kako su dodali, gra\u0111ani Gusinja su ovu vijest primili sa velikim odu\u0161evljenjem.<\/p>\n<p>&#8220;U dijaspori su se prije nekoliko prikupila velika nov\u010dana sredstva za Op\u0161tinu Gusinje. Kako saznajemo prvi presjednik Gusinja \u0107e voziti Mercedes koji \u0107e sti\u0107i direktno iz Nujorka\u201c, isti\u010du u Odboru.<\/p>\n<p>Podsje\u0107amo, sa skupa koji je u odr\u017ean 14. decembra pro\u0161le godine u Gusinju poru\u010deno je da Vlada mora u narednih nekoliko dana da donese odluku i proslijedi je parlamentu na glasanje.<\/p>\n<p>Tada se vi\u0161e od hiljadu ljudi okupilo u Domu kulture, odakle su poslali jasnu poruku- da Gusinje mora postati \u0161to prije op\u0161tina.<\/p>\n<p>Gra\u0111ani Gusinja su odr\u017eali 8. januara 2013. referendumu kojim su tra\u017eili da njihovo mjesto postane op\u0161tina.<\/p>\n<p>(CDM)<\/p>\n","protected":false},"excerpt":{"rendered":"<p>Gusinje &#8211;\u00a0&#8220;To zna\u010di da bi Gusinje moglo postati punopravna op\u0161tina do 1.februara, jer rok od 30 dana isti\u010de 25. januara,\u00a0kada \u0107e presjednik Parlamenta\u00a0Ranko Krivokapi\u0107\u00a0zakazati vanrednu Skup\u0161tinu gdje \u0107e jedina ta\u010dka dnevnog reda biti povra\u0107aj statusa Op\u0161tine Gusinje\u201c, rekli su za CdM iz Organizacionog odbora za povratak op\u0161tine. Kako su dodali, gra\u0111ani Gusinja su ovu vijest [&hellip;]<\/p>\n","protected":false},"author":83,"featured_media":99477,"comment_status":"open","ping_status":"open","sticky":false,"template":"","format":"standard","meta":{"footnotes":""},"categories":[1,10173],"tags":[],"class_list":{"0":"post-99476","1":"post","2":"type-post","3":"status-publish","4":"format-standard","5":"has-post-thumbnail","7":"category-politika","8":"category-gusinje-vase-vijesti"},"yoast_head":"<!-- This site is optimized with the Yoast SEO Premium plugin v23.1 (Yoast SEO v24.9) - https:\/\/yoast.com\/wordpress\/plugins\/seo\/ -->\n<title>Skup\u0161tina Crne Gore do 25. januara o statusu op\u0161tine Gusinje<\/title>\n<meta name=\"robots\" content=\"index, follow, max-snippet:-1, max-image-preview:large, max-video-preview:-1\" \/>\n<link rel=\"canonical\" href=\"https:\/\/sandzakpress.net\/arhiva\/skupstina-crne-gore-do-25-januara-o-statusu-opstine-gusinje\/\" \/>\n<meta property=\"og:locale\" content=\"bs_BA\" \/>\n<meta property=\"og:type\" content=\"article\" \/>\n<meta property=\"og:title\" content=\"Skup\u0161tina Crne Gore do 25. januara o statusu op\u0161tine Gusinje\" \/>\n<meta property=\"og:description\" content=\"Gusinje &#8211;\u00a0&#8220;To zna\u010di da bi Gusinje moglo postati punopravna op\u0161tina do 1.februara, jer rok od 30 dana isti\u010de 25. januara,\u00a0kada \u0107e presjednik Parlamenta\u00a0Ranko Krivokapi\u0107\u00a0zakazati vanrednu Skup\u0161tinu gdje \u0107e jedina ta\u010dka dnevnog reda biti povra\u0107aj statusa Op\u0161tine Gusinje\u201c, rekli su za CdM iz Organizacionog odbora za povratak op\u0161tine. Kako su dodali, gra\u0111ani Gusinja su ovu vijest [&hellip;]\" \/>\n<meta property=\"og:url\" content=\"https:\/\/sandzakpress.net\/arhiva\/skupstina-crne-gore-do-25-januara-o-statusu-opstine-gusinje\/\" \/>\n<meta property=\"og:site_name\" content=\"Sand\u017eak PRESS\" \/>\n<meta property=\"article:published_time\" content=\"2014-01-10T16:24:41+00:00\" \/>\n<meta property=\"article:modified_time\" content=\"2014-01-10T16:24:42+00:00\" \/>\n<meta property=\"og:image\" content=\"https:\/\/sandzakpress.net\/arhiva\/wp-content\/uploads\/2014\/01\/gusinje.jpg\" \/>\n\t<meta property=\"og:image:width\" content=\"573\" \/>\n\t<meta property=\"og:image:height\" content=\"349\" \/>\n\t<meta property=\"og:image:type\" content=\"image\/jpeg\" \/>\n<meta name=\"author\" content=\"bosniak\" \/>\n<meta name=\"twitter:card\" content=\"summary_large_image\" \/>\n<meta name=\"twitter:label1\" content=\"Written by\" \/>\n\t<meta name=\"twitter:data1\" content=\"bosniak\" \/>\n\t<meta name=\"twitter:label2\" content=\"Est. reading time\" \/>\n\t<meta name=\"twitter:data2\" content=\"1 minuta\" \/>\n<script type=\"application\/ld+json\" class=\"yoast-schema-graph\">{\"@context\":\"https:\/\/schema.org\",\"@graph\":[{\"@type\":\"Article\",\"@id\":\"https:\/\/sandzakpress.net\/arhiva\/skupstina-crne-gore-do-25-januara-o-statusu-opstine-gusinje\/#article\",\"isPartOf\":{\"@id\":\"https:\/\/sandzakpress.net\/arhiva\/skupstina-crne-gore-do-25-januara-o-statusu-opstine-gusinje\/\"},\"author\":{\"name\":\"bosniak\",\"@id\":\"https:\/\/sandzakpress.net\/arhiva\/#\/schema\/person\/c8baee722073534b583ea7bdb2e36c02\"},\"headline\":\"Skup\u0161tina Crne Gore do 25. januara o statusu op\u0161tine Gusinje\",\"datePublished\":\"2014-01-10T16:24:41+00:00\",\"dateModified\":\"2014-01-10T16:24:42+00:00\",\"mainEntityOfPage\":{\"@id\":\"https:\/\/sandzakpress.net\/arhiva\/skupstina-crne-gore-do-25-januara-o-statusu-opstine-gusinje\/\"},\"wordCount\":193,\"commentCount\":1,\"publisher\":{\"@id\":\"https:\/\/sandzakpress.net\/arhiva\/#\/schema\/person\/6e72b67d6e51910a1117b3b483ba20bd\"},\"image\":{\"@id\":\"https:\/\/sandzakpress.net\/arhiva\/skupstina-crne-gore-do-25-januara-o-statusu-opstine-gusinje\/#primaryimage\"},\"thumbnailUrl\":\"https:\/\/sandzakpress.net\/arhiva\/wp-content\/uploads\/2014\/01\/gusinje.jpg\",\"articleSection\":[\"Politika\",\"Gusinje\"],\"inLanguage\":\"bs-BA\",\"potentialAction\":[{\"@type\":\"CommentAction\",\"name\":\"Comment\",\"target\":[\"https:\/\/sandzakpress.net\/arhiva\/skupstina-crne-gore-do-25-januara-o-statusu-opstine-gusinje\/#respond\"]}]},{\"@type\":\"WebPage\",\"@id\":\"https:\/\/sandzakpress.net\/arhiva\/skupstina-crne-gore-do-25-januara-o-statusu-opstine-gusinje\/\",\"url\":\"https:\/\/sandzakpress.net\/arhiva\/skupstina-crne-gore-do-25-januara-o-statusu-opstine-gusinje\/\",\"name\":\"Skup\u0161tina Crne Gore do 25. januara o statusu op\u0161tine Gusinje\",\"isPartOf\":{\"@id\":\"https:\/\/sandzakpress.net\/arhiva\/#website\"},\"primaryImageOfPage\":{\"@id\":\"https:\/\/sandzakpress.net\/arhiva\/skupstina-crne-gore-do-25-januara-o-statusu-opstine-gusinje\/#primaryimage\"},\"image\":{\"@id\":\"https:\/\/sandzakpress.net\/arhiva\/skupstina-crne-gore-do-25-januara-o-statusu-opstine-gusinje\/#primaryimage\"},\"thumbnailUrl\":\"https:\/\/sandzakpress.net\/arhiva\/wp-content\/uploads\/2014\/01\/gusinje.jpg\",\"datePublished\":\"2014-01-10T16:24:41+00:00\",\"dateModified\":\"2014-01-10T16:24:42+00:00\",\"breadcrumb\":{\"@id\":\"https:\/\/sandzakpress.net\/arhiva\/skupstina-crne-gore-do-25-januara-o-statusu-opstine-gusinje\/#breadcrumb\"},\"inLanguage\":\"bs-BA\",\"potentialAction\":[{\"@type\":\"ReadAction\",\"target\":[\"https:\/\/sandzakpress.net\/arhiva\/skupstina-crne-gore-do-25-januara-o-statusu-opstine-gusinje\/\"]}]},{\"@type\":\"ImageObject\",\"inLanguage\":\"bs-BA\",\"@id\":\"https:\/\/sandzakpress.net\/arhiva\/skupstina-crne-gore-do-25-januara-o-statusu-opstine-gusinje\/#primaryimage\",\"url\":\"https:\/\/sandzakpress.net\/arhiva\/wp-content\/uploads\/2014\/01\/gusinje.jpg\",\"contentUrl\":\"https:\/\/sandzakpress.net\/arhiva\/wp-content\/uploads\/2014\/01\/gusinje.jpg\",\"width\":573,\"height\":349},{\"@type\":\"BreadcrumbList\",\"@id\":\"https:\/\/sandzakpress.net\/arhiva\/skupstina-crne-gore-do-25-januara-o-statusu-opstine-gusinje\/#breadcrumb\",\"itemListElement\":[{\"@type\":\"ListItem\",\"position\":1,\"name\":\"Home\",\"item\":\"https:\/\/sandzakpress.net\/arhiva\/\"},{\"@type\":\"ListItem\",\"position\":2,\"name\":\"Skup\u0161tina Crne Gore do 25. januara o statusu op\u0161tine Gusinje\"}]},{\"@type\":\"WebSite\",\"@id\":\"https:\/\/sandzakpress.net\/arhiva\/#website\",\"url\":\"https:\/\/sandzakpress.net\/arhiva\/\",\"name\":\"Sand\u017eak PRESS\",\"description\":\"Prve elektronske novine u Sand\u017eaku\",\"publisher\":{\"@id\":\"https:\/\/sandzakpress.net\/arhiva\/#\/schema\/person\/6e72b67d6e51910a1117b3b483ba20bd\"},\"potentialAction\":[{\"@type\":\"SearchAction\",\"target\":{\"@type\":\"EntryPoint\",\"urlTemplate\":\"https:\/\/sandzakpress.net\/arhiva\/?s={search_term_string}\"},\"query-input\":{\"@type\":\"PropertyValueSpecification\",\"valueRequired\":true,\"valueName\":\"search_term_string\"}}],\"inLanguage\":\"bs-BA\"},{\"@type\":[\"Person\",\"Organization\"],\"@id\":\"https:\/\/sandzakpress.net\/arhiva\/#\/schema\/person\/6e72b67d6e51910a1117b3b483ba20bd\",\"name\":\"Kul\",\"image\":{\"@type\":\"ImageObject\",\"inLanguage\":\"bs-BA\",\"@id\":\"https:\/\/sandzakpress.net\/arhiva\/#\/schema\/person\/image\/\",\"url\":\"https:\/\/secure.gravatar.com\/avatar\/42263f39aa27ac04c43cab85c280eb2e?s=96&d=mm&r=pg\",\"contentUrl\":\"https:\/\/secure.gravatar.com\/avatar\/42263f39aa27ac04c43cab85c280eb2e?s=96&d=mm&r=pg\",\"caption\":\"Kul\"},\"logo\":{\"@id\":\"https:\/\/sandzakpress.net\/arhiva\/#\/schema\/person\/image\/\"}},{\"@type\":\"Person\",\"@id\":\"https:\/\/sandzakpress.net\/arhiva\/#\/schema\/person\/c8baee722073534b583ea7bdb2e36c02\",\"name\":\"bosniak\",\"image\":{\"@type\":\"ImageObject\",\"inLanguage\":\"bs-BA\",\"@id\":\"https:\/\/sandzakpress.net\/arhiva\/#\/schema\/person\/image\/\",\"url\":\"https:\/\/secure.gravatar.com\/avatar\/a04fd330bfe3a36a72a0ad4a6d89fca7?s=96&d=mm&r=pg\",\"contentUrl\":\"https:\/\/secure.gravatar.com\/avatar\/a04fd330bfe3a36a72a0ad4a6d89fca7?s=96&d=mm&r=pg\",\"caption\":\"bosniak\"},\"url\":\"https:\/\/sandzakpress.net\/arhiva\/author\/bosniak\/\"}]}<\/script>\n<!-- \/ Yoast SEO Premium plugin. -->","yoast_head_json":{"title":"Skup\u0161tina Crne Gore do 25. januara o statusu op\u0161tine Gusinje","robots":{"index":"index","follow":"follow","max-snippet":"max-snippet:-1","max-image-preview":"max-image-preview:large","max-video-preview":"max-video-preview:-1"},"canonical":"https:\/\/sandzakpress.net\/arhiva\/skupstina-crne-gore-do-25-januara-o-statusu-opstine-gusinje\/","og_locale":"bs_BA","og_type":"article","og_title":"Skup\u0161tina Crne Gore do 25. januara o statusu op\u0161tine Gusinje","og_description":"Gusinje &#8211;\u00a0&#8220;To zna\u010di da bi Gusinje moglo postati punopravna op\u0161tina do 1.februara, jer rok od 30 dana isti\u010de 25. januara,\u00a0kada \u0107e presjednik Parlamenta\u00a0Ranko Krivokapi\u0107\u00a0zakazati vanrednu Skup\u0161tinu gdje \u0107e jedina ta\u010dka dnevnog reda biti povra\u0107aj statusa Op\u0161tine Gusinje\u201c, rekli su za CdM iz Organizacionog odbora za povratak op\u0161tine. Kako su dodali, gra\u0111ani Gusinja su ovu vijest [&hellip;]","og_url":"https:\/\/sandzakpress.net\/arhiva\/skupstina-crne-gore-do-25-januara-o-statusu-opstine-gusinje\/","og_site_name":"Sand\u017eak PRESS","article_published_time":"2014-01-10T16:24:41+00:00","article_modified_time":"2014-01-10T16:24:42+00:00","og_image":[{"width":573,"height":349,"url":"https:\/\/sandzakpress.net\/arhiva\/wp-content\/uploads\/2014\/01\/gusinje.jpg","type":"image\/jpeg"}],"author":"bosniak","twitter_card":"summary_large_image","twitter_misc":{"Written by":"bosniak","Est. reading time":"1 minuta"},"schema":{"@context":"https:\/\/schema.org","@graph":[{"@type":"Article","@id":"https:\/\/sandzakpress.net\/arhiva\/skupstina-crne-gore-do-25-januara-o-statusu-opstine-gusinje\/#article","isPartOf":{"@id":"https:\/\/sandzakpress.net\/arhiva\/skupstina-crne-gore-do-25-januara-o-statusu-opstine-gusinje\/"},"author":{"name":"bosniak","@id":"https:\/\/sandzakpress.net\/arhiva\/#\/schema\/person\/c8baee722073534b583ea7bdb2e36c02"},"headline":"Skup\u0161tina Crne Gore do 25. januara o statusu op\u0161tine Gusinje","datePublished":"2014-01-10T16:24:41+00:00","dateModified":"2014-01-10T16:24:42+00:00","mainEntityOfPage":{"@id":"https:\/\/sandzakpress.net\/arhiva\/skupstina-crne-gore-do-25-januara-o-statusu-opstine-gusinje\/"},"wordCount":193,"commentCount":1,"publisher":{"@id":"https:\/\/sandzakpress.net\/arhiva\/#\/schema\/person\/6e72b67d6e51910a1117b3b483ba20bd"},"image":{"@id":"https:\/\/sandzakpress.net\/arhiva\/skupstina-crne-gore-do-25-januara-o-statusu-opstine-gusinje\/#primaryimage"},"thumbnailUrl":"https:\/\/sandzakpress.net\/arhiva\/wp-content\/uploads\/2014\/01\/gusinje.jpg","articleSection":["Politika","Gusinje"],"inLanguage":"bs-BA","potentialAction":[{"@type":"CommentAction","name":"Comment","target":["https:\/\/sandzakpress.net\/arhiva\/skupstina-crne-gore-do-25-januara-o-statusu-opstine-gusinje\/#respond"]}]},{"@type":"WebPage","@id":"https:\/\/sandzakpress.net\/arhiva\/skupstina-crne-gore-do-25-januara-o-statusu-opstine-gusinje\/","url":"https:\/\/sandzakpress.net\/arhiva\/skupstina-crne-gore-do-25-januara-o-statusu-opstine-gusinje\/","name":"Skup\u0161tina Crne Gore do 25. januara o statusu op\u0161tine Gusinje","isPartOf":{"@id":"https:\/\/sandzakpress.net\/arhiva\/#website"},"primaryImageOfPage":{"@id":"https:\/\/sandzakpress.net\/arhiva\/skupstina-crne-gore-do-25-januara-o-statusu-opstine-gusinje\/#primaryimage"},"image":{"@id":"https:\/\/sandzakpress.net\/arhiva\/skupstina-crne-gore-do-25-januara-o-statusu-opstine-gusinje\/#primaryimage"},"thumbnailUrl":"https:\/\/sandzakpress.net\/arhiva\/wp-content\/uploads\/2014\/01\/gusinje.jpg","datePublished":"2014-01-10T16:24:41+00:00","dateModified":"2014-01-10T16:24:42+00:00","breadcrumb":{"@id":"https:\/\/sandzakpress.net\/arhiva\/skupstina-crne-gore-do-25-januara-o-statusu-opstine-gusinje\/#breadcrumb"},"inLanguage":"bs-BA","potentialAction":[{"@type":"ReadAction","target":["https:\/\/sandzakpress.net\/arhiva\/skupstina-crne-gore-do-25-januara-o-statusu-opstine-gusinje\/"]}]},{"@type":"ImageObject","inLanguage":"bs-BA","@id":"https:\/\/sandzakpress.net\/arhiva\/skupstina-crne-gore-do-25-januara-o-statusu-opstine-gusinje\/#primaryimage","url":"https:\/\/sandzakpress.net\/arhiva\/wp-content\/uploads\/2014\/01\/gusinje.jpg","contentUrl":"https:\/\/sandzakpress.net\/arhiva\/wp-content\/uploads\/2014\/01\/gusinje.jpg","width":573,"height":349},{"@type":"BreadcrumbList","@id":"https:\/\/sandzakpress.net\/arhiva\/skupstina-crne-gore-do-25-januara-o-statusu-opstine-gusinje\/#breadcrumb","itemListElement":[{"@type":"ListItem","position":1,"name":"Home","item":"https:\/\/sandzakpress.net\/arhiva\/"},{"@type":"ListItem","position":2,"name":"Skup\u0161tina Crne Gore do 25. januara o statusu op\u0161tine Gusinje"}]},{"@type":"WebSite","@id":"https:\/\/sandzakpress.net\/arhiva\/#website","url":"https:\/\/sandzakpress.net\/arhiva\/","name":"Sand\u017eak PRESS","description":"Prve elektronske novine u Sand\u017eaku","publisher":{"@id":"https:\/\/sandzakpress.net\/arhiva\/#\/schema\/person\/6e72b67d6e51910a1117b3b483ba20bd"},"potentialAction":[{"@type":"SearchAction","target":{"@type":"EntryPoint","urlTemplate":"https:\/\/sandzakpress.net\/arhiva\/?s={search_term_string}"},"query-input":{"@type":"PropertyValueSpecification","valueRequired":true,"valueName":"search_term_string"}}],"inLanguage":"bs-BA"},{"@type":["Person","Organization"],"@id":"https:\/\/sandzakpress.net\/arhiva\/#\/schema\/person\/6e72b67d6e51910a1117b3b483ba20bd","name":"Kul","image":{"@type":"ImageObject","inLanguage":"bs-BA","@id":"https:\/\/sandzakpress.net\/arhiva\/#\/schema\/person\/image\/","url":"https:\/\/secure.gravatar.com\/avatar\/42263f39aa27ac04c43cab85c280eb2e?s=96&d=mm&r=pg","contentUrl":"https:\/\/secure.gravatar.com\/avatar\/42263f39aa27ac04c43cab85c280eb2e?s=96&d=mm&r=pg","caption":"Kul"},"logo":{"@id":"https:\/\/sandzakpress.net\/arhiva\/#\/schema\/person\/image\/"}},{"@type":"Person","@id":"https:\/\/sandzakpress.net\/arhiva\/#\/schema\/person\/c8baee722073534b583ea7bdb2e36c02","name":"bosniak","image":{"@type":"ImageObject","inLanguage":"bs-BA","@id":"https:\/\/sandzakpress.net\/arhiva\/#\/schema\/person\/image\/","url":"https:\/\/secure.gravatar.com\/avatar\/a04fd330bfe3a36a72a0ad4a6d89fca7?s=96&d=mm&r=pg","contentUrl":"https:\/\/secure.gravatar.com\/avatar\/a04fd330bfe3a36a72a0ad4a6d89fca7?s=96&d=mm&r=pg","caption":"bosniak"},"url":"https:\/\/sandzakpress.net\/arhiva\/author\/bosniak\/"}]}},"_links":{"self":[{"href":"https:\/\/sandzakpress.net\/arhiva\/wp-json\/wp\/v2\/posts\/99476"}],"collection":[{"href":"https:\/\/sandzakpress.net\/arhiva\/wp-json\/wp\/v2\/posts"}],"about":[{"href":"https:\/\/sandzakpress.net\/arhiva\/wp-json\/wp\/v2\/types\/post"}],"author":[{"embeddable":true,"href":"https:\/\/sandzakpress.net\/arhiva\/wp-json\/wp\/v2\/users\/83"}],"replies":[{"embeddable":true,"href":"https:\/\/sandzakpress.net\/arhiva\/wp-json\/wp\/v2\/comments?post=99476"}],"version-history":[{"count":0,"href":"https:\/\/sandzakpress.net\/arhiva\/wp-json\/wp\/v2\/posts\/99476\/revisions"}],"wp:featuredmedia":[{"embeddable":true,"href":"https:\/\/sandzakpress.net\/arhiva\/wp-json\/wp\/v2\/media\/99477"}],"wp:attachment":[{"href":"https:\/\/sandzakpress.net\/arhiva\/wp-json\/wp\/v2\/media?parent=99476"}],"wp:term":[{"taxonomy":"category","embeddable":true,"href":"https:\/\/sandzakpress.net\/arhiva\/wp-json\/wp\/v2\/categories?post=99476"},{"taxonomy":"post_tag","embeddable":true,"href":"https:\/\/sandzakpress.net\/arhiva\/wp-json\/wp\/v2\/tags?post=99476"}],"curies":[{"name":"wp","href":"https:\/\/api.w.org\/{rel}","templated":true}]}}