{"id":994,"date":"2010-01-07T15:15:08","date_gmt":"2010-01-07T15:15:08","guid":{"rendered":"https:\/\/sandzakpress.net\/arhiva\/?p=994"},"modified":"2010-01-07T15:17:31","modified_gmt":"2010-01-07T15:17:31","slug":"podvampirili-se-rahman-i-sejdo","status":"publish","type":"post","link":"https:\/\/sandzakpress.net\/arhiva\/podvampirili-se-rahman-i-sejdo\/","title":{"rendered":"Podvampirili se &#8220;Sejdo i Rahman&#8221;"},"content":{"rendered":"<p><a href=\"https:\/\/sandzakpress.net\/arhiva\/wp-content\/uploads\/2010\/01\/ljajic-ugljanin-v1.jpg\"><img loading=\"lazy\" decoding=\"async\" class=\"aligncenter size-full wp-image-998\" title=\"ljajic-ugljanin-v\" src=\"https:\/\/sandzakpress.net\/arhiva\/wp-content\/uploads\/2010\/01\/ljajic-ugljanin-v1.jpg\" alt=\"\" width=\"620\" height=\"248\" \/><\/a><\/p>\n<p><strong>Ve\u0107 neki dan se u srpskim medijima, a i na ovim na\u0161im lokalnim, govori o regioanlizaciji, \u00a0sa posebnim osvrtom na Sand\u017eak koji je Vladinom Uredbom podijeljen na dva dijela unutar Srbije.<\/strong><\/p>\n<p>Zanimljivo je da su za Vladinu Uredbu glasali oba bo\u0161nja\u010dka ministra, Sulejman Ugljanin i Rasim Ljaji\u0107. Oni sami to nisu priznali, ali ih je \u201eofirao\u201c (kao da mi to nismo znali i o\u010dekivali) ministar Dinki\u0107, koji kroz \u0161alu na ra\u010dun dva poslu\u0161na bo\u0161nja\u010dka ministra re\u010de: \u201e Mo\u017eda nisu dobro pro\u010ditali dokument ispred sebe.\u201c Zvani\u010dni sajt RTS-a prenosi slede\u0107u izjavu: \u201eMiladin Kova\u010devi\u0107 tvrdi da su ministri na sednici Vlade, kada se glasalo o Uredbi, imali mapu Srbije sa regionima na kojoj se lepo vidi koja op\u0161tina pripada kom regionu,\u201c u daljem komentaru se dodaje: \u201ePoslanici bo\u0161nja\u010dkih partija, me\u0111utim, nisu dali konkretno obja\u0161njenje kako se onda dogodilo da njihovi ministri glasaju za takvu uredbu.\u201c<\/p>\n<p>Mi znamo kako se dogodilo da po ko zna koji put bo\u0161nja\u010dki ministri izdaju povjerenje svojih bira\u010da i la\u017eu na ra\u010dun naroda koji im je omogu\u0107io da zastupaju njegove interese. Kako ih zastupaju zna napa\u0107eni narod koji se \u010dudom \u010dudi \u0161ta Rahman i Sejdo rade po Beogradu. U jednoj novopazarskoj kahvi ka\u017eu da su se Rahman i Sejdo podvampirili i ponovo pojavili u liku Sulja i Rasima te potpuno op\u010dinili ova dva insana koji su izgubili kompas i nemaju pojma \u0161ta u dokumentima pi\u0161e i \u0161ta im Vladini sekretari poturaju pod nos. U ovoj kahvi se \u010dude, za Rasima posebno, i ka\u017eu: \u201e Randa je bio pismen, lijepo \u010dita, pri\u010da, dotjeran, ne mucka ko ovaj drugi, \u0161ta to bi sa njim ? Jedan veli, iz \u0107o\u0161ka kahve\u010dajnice: \u201eMo\u017eda ga obsihiri\u0161e ovi Ademovi sihirbazi pa ne zna \u0161ta radi, a drugi \u0107e, jok, nije to, no se opet udru\u017eio sa onim bahsuzom \u0160oji\u0107em pa mu nepismenost pre\u0161la od njega, to ti je ko ovaj Svinjski grip, \u010dim se sa kaljavim udru\u017ei\u0161 ono pre\u0111e i na tebe, eto, to ti je tako.\u201c<\/p>\n<p>\u201eKahva\u201c prepreda na njoj svojstven na\u010din, tjeraju\u0107i cirkus sa bo\u0161nja\u010dkim ministrima, koji, vala, za cirkus i jesu. \u010cas ovako, \u010das onako, te ho\u0107e da ru\u0161e Vladu, te ne\u0107e da je ru\u0161e. Poni\u017eavaju mentalni sklop svojih sunarodnika govore\u0107i da je u pitanju \u201etehni\u010dka gre\u0161ka\u201c koju \u0107e Vlada da ispravi. Aman ja rabi, veselika. Pa nije Vladin aparat na nivou ko\u0161arka\u0161ke utakmice da se tako lako prave tehni\u010dke gre\u0161ke. Oni misle da je Bo\u0161njak nepismen i nezreo, pa ne vide \u0161ta rade i kako obmanjuju svoje bira\u010de. Ne\u0107e to mo\u0107i tako, ne vi\u0161e. Ima neko ko pamti i pi\u0161e, gleda i ra\u010duna, analizira i sabira pa sve javnosti predo\u010dava. Bo\u0161njak je postao pismen i jak!<\/p>\n<p>Sramota je i bruka \u0161ta bo\u0161nja\u010dki ministri i njhovi poslanici po Beogradu rade. Kako izdaju i Sand\u017eak omalova\u017eavaju. Sramota ovoga i onoga svijeta. Glasali za Vladinu Uredbu a onda pred narod izlaze tra\u017ee\u0107i da Vlada Uredbu povu\u010de. Kako je to jadno i bijedno, ogavno da ogavnije ne mo\u017ee biti.To je gore od licimjerstva. Na\u0161 narod veli: \u201eOnaj \u0161to ho\u0107e da sla\u017ee on ho\u0107e i da ukrade i da radi mnogo gora nedjela od toga.\u201c Kako je narod pametno rekao, to ba\u0161 va\u017ei za bo\u0161nja\u010dke ministre i njhove poslanike.<\/p>\n<p>Ono \u0161to mnistri zakuhaju, moraju da \u201eli\u017eu\u201c njhovi \u201esateliti\u201c, Poturak i D\u017eud\u017eevi\u0107, Jusufovi\u0107 i Ba\u0107i\u0107anin. Poslu\u0161no i bestidno dezavuji\u0161u sand\u017ea\u010dki narod, la\u017eu i obmanjuju sve sa nadom da je narod ovca i da ne shva\u0107a. Jednom, u predizbornoj kampanji \u0160oji\u0107, tj. Suljo je rekao na posetku pred svojim poslu\u0161nicima: \u201e Ja da napi\u0161em na ovcu Suljo, narod \u0107e za nju da glasa.\u201c<\/p>\n<p>Gospodo la\u017eovi, davno je pro\u0161lo vrijeme kad je Bo\u0161njak bio ovca. Tra\u017eite ovce me\u0111u va\u0161im poslu\u0161nicima u politi\u010dkom smislu, a narod poodavno nije za \u201e\u0161i\u0161anje\u201c. Bo\u0161njaci nisu ovce!<\/p>\n<p>Autor: <strong>Hamza Kola\u0161inac<\/strong><\/p>\n","protected":false},"excerpt":{"rendered":"<p>Ve\u0107 neki dan se u srpskim medijima, a i na ovim na\u0161im lokalnim, govori o regioanlizaciji, \u00a0sa posebnim osvrtom na Sand\u017eak koji je Vladinom Uredbom podijeljen na dva dijela unutar Srbije. Zanimljivo je da su za Vladinu Uredbu glasali oba bo\u0161nja\u010dka ministra, Sulejman Ugljanin i Rasim Ljaji\u0107. Oni sami to nisu priznali, ali ih je [&hellip;]<\/p>\n","protected":false},"author":83,"featured_media":998,"comment_status":"open","ping_status":"open","sticky":false,"template":"","format":"standard","meta":{"footnotes":""},"categories":[16],"tags":[],"class_list":{"0":"post-994","1":"post","2":"type-post","3":"status-publish","4":"format-standard","5":"has-post-thumbnail","7":"category-novine"},"yoast_head":"<!-- This site is optimized with the Yoast SEO Premium plugin v23.1 (Yoast SEO v24.9) - https:\/\/yoast.com\/wordpress\/plugins\/seo\/ -->\n<title>Podvampirili se &quot;Sejdo i Rahman&quot;<\/title>\n<meta name=\"robots\" content=\"index, follow, max-snippet:-1, max-image-preview:large, max-video-preview:-1\" \/>\n<link rel=\"canonical\" href=\"https:\/\/sandzakpress.net\/arhiva\/podvampirili-se-rahman-i-sejdo\/\" \/>\n<meta property=\"og:locale\" content=\"bs_BA\" \/>\n<meta property=\"og:type\" content=\"article\" \/>\n<meta property=\"og:title\" content=\"Podvampirili se &quot;Sejdo i Rahman&quot;\" \/>\n<meta property=\"og:description\" content=\"Ve\u0107 neki dan se u srpskim medijima, a i na ovim na\u0161im lokalnim, govori o regioanlizaciji, \u00a0sa posebnim osvrtom na Sand\u017eak koji je Vladinom Uredbom podijeljen na dva dijela unutar Srbije. Zanimljivo je da su za Vladinu Uredbu glasali oba bo\u0161nja\u010dka ministra, Sulejman Ugljanin i Rasim Ljaji\u0107. Oni sami to nisu priznali, ali ih je [&hellip;]\" \/>\n<meta property=\"og:url\" content=\"https:\/\/sandzakpress.net\/arhiva\/podvampirili-se-rahman-i-sejdo\/\" \/>\n<meta property=\"og:site_name\" content=\"Sand\u017eak PRESS\" \/>\n<meta property=\"article:published_time\" content=\"2010-01-07T15:15:08+00:00\" \/>\n<meta property=\"article:modified_time\" content=\"2010-01-07T15:17:31+00:00\" \/>\n<meta property=\"og:image\" content=\"https:\/\/sandzakpress.net\/arhiva\/wp-content\/uploads\/2010\/01\/ljajic-ugljanin-v1.jpg\" \/>\n\t<meta property=\"og:image:width\" content=\"616\" \/>\n\t<meta property=\"og:image:height\" content=\"246\" \/>\n\t<meta property=\"og:image:type\" content=\"image\/jpeg\" \/>\n<meta name=\"author\" content=\"bosniak\" \/>\n<meta name=\"twitter:card\" content=\"summary_large_image\" \/>\n<meta name=\"twitter:label1\" content=\"Written by\" \/>\n\t<meta name=\"twitter:data1\" content=\"bosniak\" \/>\n\t<meta name=\"twitter:label2\" content=\"Est. reading time\" \/>\n\t<meta name=\"twitter:data2\" content=\"4 minute\" \/>\n<script type=\"application\/ld+json\" class=\"yoast-schema-graph\">{\"@context\":\"https:\/\/schema.org\",\"@graph\":[{\"@type\":\"Article\",\"@id\":\"https:\/\/sandzakpress.net\/arhiva\/podvampirili-se-rahman-i-sejdo\/#article\",\"isPartOf\":{\"@id\":\"https:\/\/sandzakpress.net\/arhiva\/podvampirili-se-rahman-i-sejdo\/\"},\"author\":{\"name\":\"bosniak\",\"@id\":\"https:\/\/sandzakpress.net\/arhiva\/#\/schema\/person\/c8baee722073534b583ea7bdb2e36c02\"},\"headline\":\"Podvampirili se &#8220;Sejdo i Rahman&#8221;\",\"datePublished\":\"2010-01-07T15:15:08+00:00\",\"dateModified\":\"2010-01-07T15:17:31+00:00\",\"mainEntityOfPage\":{\"@id\":\"https:\/\/sandzakpress.net\/arhiva\/podvampirili-se-rahman-i-sejdo\/\"},\"wordCount\":723,\"commentCount\":1,\"publisher\":{\"@id\":\"https:\/\/sandzakpress.net\/arhiva\/#\/schema\/person\/6e72b67d6e51910a1117b3b483ba20bd\"},\"image\":{\"@id\":\"https:\/\/sandzakpress.net\/arhiva\/podvampirili-se-rahman-i-sejdo\/#primaryimage\"},\"thumbnailUrl\":\"https:\/\/sandzakpress.net\/arhiva\/wp-content\/uploads\/2010\/01\/ljajic-ugljanin-v1.jpg\",\"articleSection\":[\"Novine\"],\"inLanguage\":\"bs-BA\",\"potentialAction\":[{\"@type\":\"CommentAction\",\"name\":\"Comment\",\"target\":[\"https:\/\/sandzakpress.net\/arhiva\/podvampirili-se-rahman-i-sejdo\/#respond\"]}]},{\"@type\":\"WebPage\",\"@id\":\"https:\/\/sandzakpress.net\/arhiva\/podvampirili-se-rahman-i-sejdo\/\",\"url\":\"https:\/\/sandzakpress.net\/arhiva\/podvampirili-se-rahman-i-sejdo\/\",\"name\":\"Podvampirili se \\\"Sejdo i Rahman\\\"\",\"isPartOf\":{\"@id\":\"https:\/\/sandzakpress.net\/arhiva\/#website\"},\"primaryImageOfPage\":{\"@id\":\"https:\/\/sandzakpress.net\/arhiva\/podvampirili-se-rahman-i-sejdo\/#primaryimage\"},\"image\":{\"@id\":\"https:\/\/sandzakpress.net\/arhiva\/podvampirili-se-rahman-i-sejdo\/#primaryimage\"},\"thumbnailUrl\":\"https:\/\/sandzakpress.net\/arhiva\/wp-content\/uploads\/2010\/01\/ljajic-ugljanin-v1.jpg\",\"datePublished\":\"2010-01-07T15:15:08+00:00\",\"dateModified\":\"2010-01-07T15:17:31+00:00\",\"breadcrumb\":{\"@id\":\"https:\/\/sandzakpress.net\/arhiva\/podvampirili-se-rahman-i-sejdo\/#breadcrumb\"},\"inLanguage\":\"bs-BA\",\"potentialAction\":[{\"@type\":\"ReadAction\",\"target\":[\"https:\/\/sandzakpress.net\/arhiva\/podvampirili-se-rahman-i-sejdo\/\"]}]},{\"@type\":\"ImageObject\",\"inLanguage\":\"bs-BA\",\"@id\":\"https:\/\/sandzakpress.net\/arhiva\/podvampirili-se-rahman-i-sejdo\/#primaryimage\",\"url\":\"https:\/\/sandzakpress.net\/arhiva\/wp-content\/uploads\/2010\/01\/ljajic-ugljanin-v1.jpg\",\"contentUrl\":\"https:\/\/sandzakpress.net\/arhiva\/wp-content\/uploads\/2010\/01\/ljajic-ugljanin-v1.jpg\",\"width\":616,\"height\":246},{\"@type\":\"BreadcrumbList\",\"@id\":\"https:\/\/sandzakpress.net\/arhiva\/podvampirili-se-rahman-i-sejdo\/#breadcrumb\",\"itemListElement\":[{\"@type\":\"ListItem\",\"position\":1,\"name\":\"Home\",\"item\":\"https:\/\/sandzakpress.net\/arhiva\/\"},{\"@type\":\"ListItem\",\"position\":2,\"name\":\"Podvampirili se &#8220;Sejdo i Rahman&#8221;\"}]},{\"@type\":\"WebSite\",\"@id\":\"https:\/\/sandzakpress.net\/arhiva\/#website\",\"url\":\"https:\/\/sandzakpress.net\/arhiva\/\",\"name\":\"Sand\u017eak PRESS\",\"description\":\"Prve elektronske novine u Sand\u017eaku\",\"publisher\":{\"@id\":\"https:\/\/sandzakpress.net\/arhiva\/#\/schema\/person\/6e72b67d6e51910a1117b3b483ba20bd\"},\"potentialAction\":[{\"@type\":\"SearchAction\",\"target\":{\"@type\":\"EntryPoint\",\"urlTemplate\":\"https:\/\/sandzakpress.net\/arhiva\/?s={search_term_string}\"},\"query-input\":{\"@type\":\"PropertyValueSpecification\",\"valueRequired\":true,\"valueName\":\"search_term_string\"}}],\"inLanguage\":\"bs-BA\"},{\"@type\":[\"Person\",\"Organization\"],\"@id\":\"https:\/\/sandzakpress.net\/arhiva\/#\/schema\/person\/6e72b67d6e51910a1117b3b483ba20bd\",\"name\":\"Kul\",\"image\":{\"@type\":\"ImageObject\",\"inLanguage\":\"bs-BA\",\"@id\":\"https:\/\/sandzakpress.net\/arhiva\/#\/schema\/person\/image\/\",\"url\":\"https:\/\/secure.gravatar.com\/avatar\/42263f39aa27ac04c43cab85c280eb2e?s=96&d=mm&r=pg\",\"contentUrl\":\"https:\/\/secure.gravatar.com\/avatar\/42263f39aa27ac04c43cab85c280eb2e?s=96&d=mm&r=pg\",\"caption\":\"Kul\"},\"logo\":{\"@id\":\"https:\/\/sandzakpress.net\/arhiva\/#\/schema\/person\/image\/\"}},{\"@type\":\"Person\",\"@id\":\"https:\/\/sandzakpress.net\/arhiva\/#\/schema\/person\/c8baee722073534b583ea7bdb2e36c02\",\"name\":\"bosniak\",\"image\":{\"@type\":\"ImageObject\",\"inLanguage\":\"bs-BA\",\"@id\":\"https:\/\/sandzakpress.net\/arhiva\/#\/schema\/person\/image\/\",\"url\":\"https:\/\/secure.gravatar.com\/avatar\/a04fd330bfe3a36a72a0ad4a6d89fca7?s=96&d=mm&r=pg\",\"contentUrl\":\"https:\/\/secure.gravatar.com\/avatar\/a04fd330bfe3a36a72a0ad4a6d89fca7?s=96&d=mm&r=pg\",\"caption\":\"bosniak\"},\"url\":\"https:\/\/sandzakpress.net\/arhiva\/author\/bosniak\/\"}]}<\/script>\n<!-- \/ Yoast SEO Premium plugin. -->","yoast_head_json":{"title":"Podvampirili se \"Sejdo i Rahman\"","robots":{"index":"index","follow":"follow","max-snippet":"max-snippet:-1","max-image-preview":"max-image-preview:large","max-video-preview":"max-video-preview:-1"},"canonical":"https:\/\/sandzakpress.net\/arhiva\/podvampirili-se-rahman-i-sejdo\/","og_locale":"bs_BA","og_type":"article","og_title":"Podvampirili se \"Sejdo i Rahman\"","og_description":"Ve\u0107 neki dan se u srpskim medijima, a i na ovim na\u0161im lokalnim, govori o regioanlizaciji, \u00a0sa posebnim osvrtom na Sand\u017eak koji je Vladinom Uredbom podijeljen na dva dijela unutar Srbije. Zanimljivo je da su za Vladinu Uredbu glasali oba bo\u0161nja\u010dka ministra, Sulejman Ugljanin i Rasim Ljaji\u0107. Oni sami to nisu priznali, ali ih je [&hellip;]","og_url":"https:\/\/sandzakpress.net\/arhiva\/podvampirili-se-rahman-i-sejdo\/","og_site_name":"Sand\u017eak PRESS","article_published_time":"2010-01-07T15:15:08+00:00","article_modified_time":"2010-01-07T15:17:31+00:00","og_image":[{"width":616,"height":246,"url":"https:\/\/sandzakpress.net\/arhiva\/wp-content\/uploads\/2010\/01\/ljajic-ugljanin-v1.jpg","type":"image\/jpeg"}],"author":"bosniak","twitter_card":"summary_large_image","twitter_misc":{"Written by":"bosniak","Est. reading time":"4 minute"},"schema":{"@context":"https:\/\/schema.org","@graph":[{"@type":"Article","@id":"https:\/\/sandzakpress.net\/arhiva\/podvampirili-se-rahman-i-sejdo\/#article","isPartOf":{"@id":"https:\/\/sandzakpress.net\/arhiva\/podvampirili-se-rahman-i-sejdo\/"},"author":{"name":"bosniak","@id":"https:\/\/sandzakpress.net\/arhiva\/#\/schema\/person\/c8baee722073534b583ea7bdb2e36c02"},"headline":"Podvampirili se &#8220;Sejdo i Rahman&#8221;","datePublished":"2010-01-07T15:15:08+00:00","dateModified":"2010-01-07T15:17:31+00:00","mainEntityOfPage":{"@id":"https:\/\/sandzakpress.net\/arhiva\/podvampirili-se-rahman-i-sejdo\/"},"wordCount":723,"commentCount":1,"publisher":{"@id":"https:\/\/sandzakpress.net\/arhiva\/#\/schema\/person\/6e72b67d6e51910a1117b3b483ba20bd"},"image":{"@id":"https:\/\/sandzakpress.net\/arhiva\/podvampirili-se-rahman-i-sejdo\/#primaryimage"},"thumbnailUrl":"https:\/\/sandzakpress.net\/arhiva\/wp-content\/uploads\/2010\/01\/ljajic-ugljanin-v1.jpg","articleSection":["Novine"],"inLanguage":"bs-BA","potentialAction":[{"@type":"CommentAction","name":"Comment","target":["https:\/\/sandzakpress.net\/arhiva\/podvampirili-se-rahman-i-sejdo\/#respond"]}]},{"@type":"WebPage","@id":"https:\/\/sandzakpress.net\/arhiva\/podvampirili-se-rahman-i-sejdo\/","url":"https:\/\/sandzakpress.net\/arhiva\/podvampirili-se-rahman-i-sejdo\/","name":"Podvampirili se \"Sejdo i Rahman\"","isPartOf":{"@id":"https:\/\/sandzakpress.net\/arhiva\/#website"},"primaryImageOfPage":{"@id":"https:\/\/sandzakpress.net\/arhiva\/podvampirili-se-rahman-i-sejdo\/#primaryimage"},"image":{"@id":"https:\/\/sandzakpress.net\/arhiva\/podvampirili-se-rahman-i-sejdo\/#primaryimage"},"thumbnailUrl":"https:\/\/sandzakpress.net\/arhiva\/wp-content\/uploads\/2010\/01\/ljajic-ugljanin-v1.jpg","datePublished":"2010-01-07T15:15:08+00:00","dateModified":"2010-01-07T15:17:31+00:00","breadcrumb":{"@id":"https:\/\/sandzakpress.net\/arhiva\/podvampirili-se-rahman-i-sejdo\/#breadcrumb"},"inLanguage":"bs-BA","potentialAction":[{"@type":"ReadAction","target":["https:\/\/sandzakpress.net\/arhiva\/podvampirili-se-rahman-i-sejdo\/"]}]},{"@type":"ImageObject","inLanguage":"bs-BA","@id":"https:\/\/sandzakpress.net\/arhiva\/podvampirili-se-rahman-i-sejdo\/#primaryimage","url":"https:\/\/sandzakpress.net\/arhiva\/wp-content\/uploads\/2010\/01\/ljajic-ugljanin-v1.jpg","contentUrl":"https:\/\/sandzakpress.net\/arhiva\/wp-content\/uploads\/2010\/01\/ljajic-ugljanin-v1.jpg","width":616,"height":246},{"@type":"BreadcrumbList","@id":"https:\/\/sandzakpress.net\/arhiva\/podvampirili-se-rahman-i-sejdo\/#breadcrumb","itemListElement":[{"@type":"ListItem","position":1,"name":"Home","item":"https:\/\/sandzakpress.net\/arhiva\/"},{"@type":"ListItem","position":2,"name":"Podvampirili se &#8220;Sejdo i Rahman&#8221;"}]},{"@type":"WebSite","@id":"https:\/\/sandzakpress.net\/arhiva\/#website","url":"https:\/\/sandzakpress.net\/arhiva\/","name":"Sand\u017eak PRESS","description":"Prve elektronske novine u Sand\u017eaku","publisher":{"@id":"https:\/\/sandzakpress.net\/arhiva\/#\/schema\/person\/6e72b67d6e51910a1117b3b483ba20bd"},"potentialAction":[{"@type":"SearchAction","target":{"@type":"EntryPoint","urlTemplate":"https:\/\/sandzakpress.net\/arhiva\/?s={search_term_string}"},"query-input":{"@type":"PropertyValueSpecification","valueRequired":true,"valueName":"search_term_string"}}],"inLanguage":"bs-BA"},{"@type":["Person","Organization"],"@id":"https:\/\/sandzakpress.net\/arhiva\/#\/schema\/person\/6e72b67d6e51910a1117b3b483ba20bd","name":"Kul","image":{"@type":"ImageObject","inLanguage":"bs-BA","@id":"https:\/\/sandzakpress.net\/arhiva\/#\/schema\/person\/image\/","url":"https:\/\/secure.gravatar.com\/avatar\/42263f39aa27ac04c43cab85c280eb2e?s=96&d=mm&r=pg","contentUrl":"https:\/\/secure.gravatar.com\/avatar\/42263f39aa27ac04c43cab85c280eb2e?s=96&d=mm&r=pg","caption":"Kul"},"logo":{"@id":"https:\/\/sandzakpress.net\/arhiva\/#\/schema\/person\/image\/"}},{"@type":"Person","@id":"https:\/\/sandzakpress.net\/arhiva\/#\/schema\/person\/c8baee722073534b583ea7bdb2e36c02","name":"bosniak","image":{"@type":"ImageObject","inLanguage":"bs-BA","@id":"https:\/\/sandzakpress.net\/arhiva\/#\/schema\/person\/image\/","url":"https:\/\/secure.gravatar.com\/avatar\/a04fd330bfe3a36a72a0ad4a6d89fca7?s=96&d=mm&r=pg","contentUrl":"https:\/\/secure.gravatar.com\/avatar\/a04fd330bfe3a36a72a0ad4a6d89fca7?s=96&d=mm&r=pg","caption":"bosniak"},"url":"https:\/\/sandzakpress.net\/arhiva\/author\/bosniak\/"}]}},"_links":{"self":[{"href":"https:\/\/sandzakpress.net\/arhiva\/wp-json\/wp\/v2\/posts\/994"}],"collection":[{"href":"https:\/\/sandzakpress.net\/arhiva\/wp-json\/wp\/v2\/posts"}],"about":[{"href":"https:\/\/sandzakpress.net\/arhiva\/wp-json\/wp\/v2\/types\/post"}],"author":[{"embeddable":true,"href":"https:\/\/sandzakpress.net\/arhiva\/wp-json\/wp\/v2\/users\/83"}],"replies":[{"embeddable":true,"href":"https:\/\/sandzakpress.net\/arhiva\/wp-json\/wp\/v2\/comments?post=994"}],"version-history":[{"count":0,"href":"https:\/\/sandzakpress.net\/arhiva\/wp-json\/wp\/v2\/posts\/994\/revisions"}],"wp:featuredmedia":[{"embeddable":true,"href":"https:\/\/sandzakpress.net\/arhiva\/wp-json\/wp\/v2\/media\/998"}],"wp:attachment":[{"href":"https:\/\/sandzakpress.net\/arhiva\/wp-json\/wp\/v2\/media?parent=994"}],"wp:term":[{"taxonomy":"category","embeddable":true,"href":"https:\/\/sandzakpress.net\/arhiva\/wp-json\/wp\/v2\/categories?post=994"},{"taxonomy":"post_tag","embeddable":true,"href":"https:\/\/sandzakpress.net\/arhiva\/wp-json\/wp\/v2\/tags?post=994"}],"curies":[{"name":"wp","href":"https:\/\/api.w.org\/{rel}","templated":true}]}}