{"id":99389,"date":"2014-01-08T20:53:13","date_gmt":"2014-01-08T19:53:13","guid":{"rendered":"https:\/\/sandzakpress.net\/arhiva\/?p=99389"},"modified":"2014-01-08T20:53:13","modified_gmt":"2014-01-08T19:53:13","slug":"berane-proglaseni-najbolji-sportisti","status":"publish","type":"post","link":"https:\/\/sandzakpress.net\/arhiva\/berane-proglaseni-najbolji-sportisti\/","title":{"rendered":"Berane: Progla\u0161eni najbolji sportisti"},"content":{"rendered":"<p><img loading=\"lazy\" decoding=\"async\" class=\"alignleft\" style=\"font-size: 14px; line-height: 1.5em; -webkit-user-select: none;\" alt=\"\" src=\"https:\/\/sandzakpress.net\/arhiva\/wp-content\/uploads\/2013\/02\/280px-Berane_1.jpg\" width=\"280\" height=\"186\" \/><strong>Berane &#8211;\u00a0U organizaciji Op\u0161tine Berane i Saveza sportova uru\u010dena su priznanja najuspje\u0161nijim sportistima Berana za 2013. godinu.<\/strong><\/p>\n<p>Za najboljeg sportistu Berana u 2013. godini progla\u0161en je Dragoje Rajkovi\u0107 iz Atletskog kluba \u201eLim\u201c, dok je priznanje za najboljeg trenera dobio Zoran Joji\u0107 trener ovog kluba. Najuspje\u0161niji sportski kolektiv je Stonoteniserski klub \u201eBudim\u201c, a sportski radnik Veljko Rai\u010devi\u0107.<\/p>\n<p>U konkurenciji juniora nagradu je dobio Remzija Ikovi\u0107 iz BK\u201eRadni\u010dki\u201c, dok je u konkurenciji juniorki to \u00a0priznanje pripalo Ivoni Petri\u0107 iz STK \u201eBudim\u201c. Sportska nada u 2013. godini je Marko Radovani\u0107 iz BK \u201eBa\u0107o king\u201c.<\/p>\n<p>Osim pomenutih za postignute rezultate nagra\u0111eni su Aleksa Radevi\u0107 iz Kluba borila\u010dkih vje\u0161tina \u201eRis\u201c, Sa\u0161ka Davidovi\u0107 \u017dRK\u201eBerane 2003.\u201c, Nemanja Tmu\u0161i\u0107 FK \u201eBerane\u201c,\u00a0 Denis \u010ceki\u0107 KK \u201eBerane 2010.\u201c, \u017darko Jovanovi\u0107 \u201eSambo klub\u201c Berane, Vuki\u0107 \u0110uri\u0161i\u0107, Karate klub \u201eEho\u201c i Nemanja Drakulovi\u0107 RK \u201eBerane\u201c.<\/p>\n<p>Najbolje sportiste pozdravio i \u010destitao im na uspjehu predsjednik op\u0161tine Berane Vuka Golubovi\u0107. On je kazao da \u0107e lokalna uprava i u narednom periodu nastaviti da \u00a0podr\u017eava sportske kolektive i ula\u017ee u razvoj sportske infrastrukture. Golubovi\u0107 je istakao da su minule godine finansijski podr\u017eana 43 sportska kolektiva. On je najavio da \u0107e radovi na Sportskoj hali biti nastavljeni tokom naredne godine.<\/p>\n<p>Predsjednik Saveza sportova Miodrag Lutovac saop\u0161tio je da je \u017eiri imao te\u017eak zadatak da odabere najbolje u ovoj godini jer, kako je rekao,\u00a0 \u00a0Berane je grad koji ima izra\u017een sportski duh i shodno tome veliki broj talentovanih pojedinaca.<\/p>\n<p>(Berane)<\/p>\n","protected":false},"excerpt":{"rendered":"<p>Berane &#8211;\u00a0U organizaciji Op\u0161tine Berane i Saveza sportova uru\u010dena su priznanja najuspje\u0161nijim sportistima Berana za 2013. godinu. Za najboljeg sportistu Berana u 2013. godini progla\u0161en je Dragoje Rajkovi\u0107 iz Atletskog kluba \u201eLim\u201c, dok je priznanje za najboljeg trenera dobio Zoran Joji\u0107 trener ovog kluba. Najuspje\u0161niji sportski kolektiv je Stonoteniserski klub \u201eBudim\u201c, a sportski radnik Veljko [&hellip;]<\/p>\n","protected":false},"author":83,"featured_media":64728,"comment_status":"open","ping_status":"open","sticky":false,"template":"","format":"standard","meta":{"footnotes":""},"categories":[397,13],"tags":[],"class_list":{"0":"post-99389","1":"post","2":"type-post","3":"status-publish","4":"format-standard","5":"has-post-thumbnail","7":"category-berane","8":"category-sport"},"yoast_head":"<!-- This site is optimized with the Yoast SEO Premium plugin v23.1 (Yoast SEO v24.9) - https:\/\/yoast.com\/wordpress\/plugins\/seo\/ -->\n<title>Berane: Progla\u0161eni najbolji sportisti<\/title>\n<meta name=\"robots\" content=\"index, follow, max-snippet:-1, max-image-preview:large, max-video-preview:-1\" \/>\n<link rel=\"canonical\" href=\"https:\/\/sandzakpress.net\/arhiva\/berane-proglaseni-najbolji-sportisti\/\" \/>\n<meta property=\"og:locale\" content=\"bs_BA\" \/>\n<meta property=\"og:type\" content=\"article\" \/>\n<meta property=\"og:title\" content=\"Berane: Progla\u0161eni najbolji sportisti\" \/>\n<meta property=\"og:description\" content=\"Berane &#8211;\u00a0U organizaciji Op\u0161tine Berane i Saveza sportova uru\u010dena su priznanja najuspje\u0161nijim sportistima Berana za 2013. godinu. Za najboljeg sportistu Berana u 2013. godini progla\u0161en je Dragoje Rajkovi\u0107 iz Atletskog kluba \u201eLim\u201c, dok je priznanje za najboljeg trenera dobio Zoran Joji\u0107 trener ovog kluba. Najuspje\u0161niji sportski kolektiv je Stonoteniserski klub \u201eBudim\u201c, a sportski radnik Veljko [&hellip;]\" \/>\n<meta property=\"og:url\" content=\"https:\/\/sandzakpress.net\/arhiva\/berane-proglaseni-najbolji-sportisti\/\" \/>\n<meta property=\"og:site_name\" content=\"Sand\u017eak PRESS\" \/>\n<meta property=\"article:published_time\" content=\"2014-01-08T19:53:13+00:00\" \/>\n<meta property=\"og:image\" content=\"https:\/\/sandzakpress.net\/arhiva\/wp-content\/uploads\/2013\/02\/280px-Berane_1.jpg\" \/>\n\t<meta property=\"og:image:width\" content=\"280\" \/>\n\t<meta property=\"og:image:height\" content=\"186\" \/>\n\t<meta property=\"og:image:type\" content=\"image\/jpeg\" \/>\n<meta name=\"author\" content=\"bosniak\" \/>\n<meta name=\"twitter:card\" content=\"summary_large_image\" \/>\n<meta name=\"twitter:label1\" content=\"Written by\" \/>\n\t<meta name=\"twitter:data1\" content=\"bosniak\" \/>\n\t<meta name=\"twitter:label2\" content=\"Est. reading time\" \/>\n\t<meta name=\"twitter:data2\" content=\"1 minuta\" \/>\n<script type=\"application\/ld+json\" class=\"yoast-schema-graph\">{\"@context\":\"https:\/\/schema.org\",\"@graph\":[{\"@type\":\"Article\",\"@id\":\"https:\/\/sandzakpress.net\/arhiva\/berane-proglaseni-najbolji-sportisti\/#article\",\"isPartOf\":{\"@id\":\"https:\/\/sandzakpress.net\/arhiva\/berane-proglaseni-najbolji-sportisti\/\"},\"author\":{\"name\":\"bosniak\",\"@id\":\"https:\/\/sandzakpress.net\/arhiva\/#\/schema\/person\/c8baee722073534b583ea7bdb2e36c02\"},\"headline\":\"Berane: Progla\u0161eni najbolji sportisti\",\"datePublished\":\"2014-01-08T19:53:13+00:00\",\"mainEntityOfPage\":{\"@id\":\"https:\/\/sandzakpress.net\/arhiva\/berane-proglaseni-najbolji-sportisti\/\"},\"wordCount\":256,\"commentCount\":0,\"publisher\":{\"@id\":\"https:\/\/sandzakpress.net\/arhiva\/#\/schema\/person\/6e72b67d6e51910a1117b3b483ba20bd\"},\"image\":{\"@id\":\"https:\/\/sandzakpress.net\/arhiva\/berane-proglaseni-najbolji-sportisti\/#primaryimage\"},\"thumbnailUrl\":\"https:\/\/sandzakpress.net\/arhiva\/wp-content\/uploads\/2013\/02\/280px-Berane_1.jpg\",\"articleSection\":[\"Berane\",\"Sport\"],\"inLanguage\":\"bs-BA\",\"potentialAction\":[{\"@type\":\"CommentAction\",\"name\":\"Comment\",\"target\":[\"https:\/\/sandzakpress.net\/arhiva\/berane-proglaseni-najbolji-sportisti\/#respond\"]}]},{\"@type\":\"WebPage\",\"@id\":\"https:\/\/sandzakpress.net\/arhiva\/berane-proglaseni-najbolji-sportisti\/\",\"url\":\"https:\/\/sandzakpress.net\/arhiva\/berane-proglaseni-najbolji-sportisti\/\",\"name\":\"Berane: Progla\u0161eni najbolji sportisti\",\"isPartOf\":{\"@id\":\"https:\/\/sandzakpress.net\/arhiva\/#website\"},\"primaryImageOfPage\":{\"@id\":\"https:\/\/sandzakpress.net\/arhiva\/berane-proglaseni-najbolji-sportisti\/#primaryimage\"},\"image\":{\"@id\":\"https:\/\/sandzakpress.net\/arhiva\/berane-proglaseni-najbolji-sportisti\/#primaryimage\"},\"thumbnailUrl\":\"https:\/\/sandzakpress.net\/arhiva\/wp-content\/uploads\/2013\/02\/280px-Berane_1.jpg\",\"datePublished\":\"2014-01-08T19:53:13+00:00\",\"breadcrumb\":{\"@id\":\"https:\/\/sandzakpress.net\/arhiva\/berane-proglaseni-najbolji-sportisti\/#breadcrumb\"},\"inLanguage\":\"bs-BA\",\"potentialAction\":[{\"@type\":\"ReadAction\",\"target\":[\"https:\/\/sandzakpress.net\/arhiva\/berane-proglaseni-najbolji-sportisti\/\"]}]},{\"@type\":\"ImageObject\",\"inLanguage\":\"bs-BA\",\"@id\":\"https:\/\/sandzakpress.net\/arhiva\/berane-proglaseni-najbolji-sportisti\/#primaryimage\",\"url\":\"https:\/\/sandzakpress.net\/arhiva\/wp-content\/uploads\/2013\/02\/280px-Berane_1.jpg\",\"contentUrl\":\"https:\/\/sandzakpress.net\/arhiva\/wp-content\/uploads\/2013\/02\/280px-Berane_1.jpg\",\"width\":280,\"height\":186},{\"@type\":\"BreadcrumbList\",\"@id\":\"https:\/\/sandzakpress.net\/arhiva\/berane-proglaseni-najbolji-sportisti\/#breadcrumb\",\"itemListElement\":[{\"@type\":\"ListItem\",\"position\":1,\"name\":\"Home\",\"item\":\"https:\/\/sandzakpress.net\/arhiva\/\"},{\"@type\":\"ListItem\",\"position\":2,\"name\":\"Berane: Progla\u0161eni najbolji sportisti\"}]},{\"@type\":\"WebSite\",\"@id\":\"https:\/\/sandzakpress.net\/arhiva\/#website\",\"url\":\"https:\/\/sandzakpress.net\/arhiva\/\",\"name\":\"Sand\u017eak PRESS\",\"description\":\"Prve elektronske novine u Sand\u017eaku\",\"publisher\":{\"@id\":\"https:\/\/sandzakpress.net\/arhiva\/#\/schema\/person\/6e72b67d6e51910a1117b3b483ba20bd\"},\"potentialAction\":[{\"@type\":\"SearchAction\",\"target\":{\"@type\":\"EntryPoint\",\"urlTemplate\":\"https:\/\/sandzakpress.net\/arhiva\/?s={search_term_string}\"},\"query-input\":{\"@type\":\"PropertyValueSpecification\",\"valueRequired\":true,\"valueName\":\"search_term_string\"}}],\"inLanguage\":\"bs-BA\"},{\"@type\":[\"Person\",\"Organization\"],\"@id\":\"https:\/\/sandzakpress.net\/arhiva\/#\/schema\/person\/6e72b67d6e51910a1117b3b483ba20bd\",\"name\":\"Kul\",\"image\":{\"@type\":\"ImageObject\",\"inLanguage\":\"bs-BA\",\"@id\":\"https:\/\/sandzakpress.net\/arhiva\/#\/schema\/person\/image\/\",\"url\":\"https:\/\/secure.gravatar.com\/avatar\/42263f39aa27ac04c43cab85c280eb2e?s=96&d=mm&r=pg\",\"contentUrl\":\"https:\/\/secure.gravatar.com\/avatar\/42263f39aa27ac04c43cab85c280eb2e?s=96&d=mm&r=pg\",\"caption\":\"Kul\"},\"logo\":{\"@id\":\"https:\/\/sandzakpress.net\/arhiva\/#\/schema\/person\/image\/\"}},{\"@type\":\"Person\",\"@id\":\"https:\/\/sandzakpress.net\/arhiva\/#\/schema\/person\/c8baee722073534b583ea7bdb2e36c02\",\"name\":\"bosniak\",\"image\":{\"@type\":\"ImageObject\",\"inLanguage\":\"bs-BA\",\"@id\":\"https:\/\/sandzakpress.net\/arhiva\/#\/schema\/person\/image\/\",\"url\":\"https:\/\/secure.gravatar.com\/avatar\/a04fd330bfe3a36a72a0ad4a6d89fca7?s=96&d=mm&r=pg\",\"contentUrl\":\"https:\/\/secure.gravatar.com\/avatar\/a04fd330bfe3a36a72a0ad4a6d89fca7?s=96&d=mm&r=pg\",\"caption\":\"bosniak\"},\"url\":\"https:\/\/sandzakpress.net\/arhiva\/author\/bosniak\/\"}]}<\/script>\n<!-- \/ Yoast SEO Premium plugin. -->","yoast_head_json":{"title":"Berane: Progla\u0161eni najbolji sportisti","robots":{"index":"index","follow":"follow","max-snippet":"max-snippet:-1","max-image-preview":"max-image-preview:large","max-video-preview":"max-video-preview:-1"},"canonical":"https:\/\/sandzakpress.net\/arhiva\/berane-proglaseni-najbolji-sportisti\/","og_locale":"bs_BA","og_type":"article","og_title":"Berane: Progla\u0161eni najbolji sportisti","og_description":"Berane &#8211;\u00a0U organizaciji Op\u0161tine Berane i Saveza sportova uru\u010dena su priznanja najuspje\u0161nijim sportistima Berana za 2013. godinu. Za najboljeg sportistu Berana u 2013. godini progla\u0161en je Dragoje Rajkovi\u0107 iz Atletskog kluba \u201eLim\u201c, dok je priznanje za najboljeg trenera dobio Zoran Joji\u0107 trener ovog kluba. Najuspje\u0161niji sportski kolektiv je Stonoteniserski klub \u201eBudim\u201c, a sportski radnik Veljko [&hellip;]","og_url":"https:\/\/sandzakpress.net\/arhiva\/berane-proglaseni-najbolji-sportisti\/","og_site_name":"Sand\u017eak PRESS","article_published_time":"2014-01-08T19:53:13+00:00","og_image":[{"width":280,"height":186,"url":"https:\/\/sandzakpress.net\/arhiva\/wp-content\/uploads\/2013\/02\/280px-Berane_1.jpg","type":"image\/jpeg"}],"author":"bosniak","twitter_card":"summary_large_image","twitter_misc":{"Written by":"bosniak","Est. reading time":"1 minuta"},"schema":{"@context":"https:\/\/schema.org","@graph":[{"@type":"Article","@id":"https:\/\/sandzakpress.net\/arhiva\/berane-proglaseni-najbolji-sportisti\/#article","isPartOf":{"@id":"https:\/\/sandzakpress.net\/arhiva\/berane-proglaseni-najbolji-sportisti\/"},"author":{"name":"bosniak","@id":"https:\/\/sandzakpress.net\/arhiva\/#\/schema\/person\/c8baee722073534b583ea7bdb2e36c02"},"headline":"Berane: Progla\u0161eni najbolji sportisti","datePublished":"2014-01-08T19:53:13+00:00","mainEntityOfPage":{"@id":"https:\/\/sandzakpress.net\/arhiva\/berane-proglaseni-najbolji-sportisti\/"},"wordCount":256,"commentCount":0,"publisher":{"@id":"https:\/\/sandzakpress.net\/arhiva\/#\/schema\/person\/6e72b67d6e51910a1117b3b483ba20bd"},"image":{"@id":"https:\/\/sandzakpress.net\/arhiva\/berane-proglaseni-najbolji-sportisti\/#primaryimage"},"thumbnailUrl":"https:\/\/sandzakpress.net\/arhiva\/wp-content\/uploads\/2013\/02\/280px-Berane_1.jpg","articleSection":["Berane","Sport"],"inLanguage":"bs-BA","potentialAction":[{"@type":"CommentAction","name":"Comment","target":["https:\/\/sandzakpress.net\/arhiva\/berane-proglaseni-najbolji-sportisti\/#respond"]}]},{"@type":"WebPage","@id":"https:\/\/sandzakpress.net\/arhiva\/berane-proglaseni-najbolji-sportisti\/","url":"https:\/\/sandzakpress.net\/arhiva\/berane-proglaseni-najbolji-sportisti\/","name":"Berane: Progla\u0161eni najbolji sportisti","isPartOf":{"@id":"https:\/\/sandzakpress.net\/arhiva\/#website"},"primaryImageOfPage":{"@id":"https:\/\/sandzakpress.net\/arhiva\/berane-proglaseni-najbolji-sportisti\/#primaryimage"},"image":{"@id":"https:\/\/sandzakpress.net\/arhiva\/berane-proglaseni-najbolji-sportisti\/#primaryimage"},"thumbnailUrl":"https:\/\/sandzakpress.net\/arhiva\/wp-content\/uploads\/2013\/02\/280px-Berane_1.jpg","datePublished":"2014-01-08T19:53:13+00:00","breadcrumb":{"@id":"https:\/\/sandzakpress.net\/arhiva\/berane-proglaseni-najbolji-sportisti\/#breadcrumb"},"inLanguage":"bs-BA","potentialAction":[{"@type":"ReadAction","target":["https:\/\/sandzakpress.net\/arhiva\/berane-proglaseni-najbolji-sportisti\/"]}]},{"@type":"ImageObject","inLanguage":"bs-BA","@id":"https:\/\/sandzakpress.net\/arhiva\/berane-proglaseni-najbolji-sportisti\/#primaryimage","url":"https:\/\/sandzakpress.net\/arhiva\/wp-content\/uploads\/2013\/02\/280px-Berane_1.jpg","contentUrl":"https:\/\/sandzakpress.net\/arhiva\/wp-content\/uploads\/2013\/02\/280px-Berane_1.jpg","width":280,"height":186},{"@type":"BreadcrumbList","@id":"https:\/\/sandzakpress.net\/arhiva\/berane-proglaseni-najbolji-sportisti\/#breadcrumb","itemListElement":[{"@type":"ListItem","position":1,"name":"Home","item":"https:\/\/sandzakpress.net\/arhiva\/"},{"@type":"ListItem","position":2,"name":"Berane: Progla\u0161eni najbolji sportisti"}]},{"@type":"WebSite","@id":"https:\/\/sandzakpress.net\/arhiva\/#website","url":"https:\/\/sandzakpress.net\/arhiva\/","name":"Sand\u017eak PRESS","description":"Prve elektronske novine u Sand\u017eaku","publisher":{"@id":"https:\/\/sandzakpress.net\/arhiva\/#\/schema\/person\/6e72b67d6e51910a1117b3b483ba20bd"},"potentialAction":[{"@type":"SearchAction","target":{"@type":"EntryPoint","urlTemplate":"https:\/\/sandzakpress.net\/arhiva\/?s={search_term_string}"},"query-input":{"@type":"PropertyValueSpecification","valueRequired":true,"valueName":"search_term_string"}}],"inLanguage":"bs-BA"},{"@type":["Person","Organization"],"@id":"https:\/\/sandzakpress.net\/arhiva\/#\/schema\/person\/6e72b67d6e51910a1117b3b483ba20bd","name":"Kul","image":{"@type":"ImageObject","inLanguage":"bs-BA","@id":"https:\/\/sandzakpress.net\/arhiva\/#\/schema\/person\/image\/","url":"https:\/\/secure.gravatar.com\/avatar\/42263f39aa27ac04c43cab85c280eb2e?s=96&d=mm&r=pg","contentUrl":"https:\/\/secure.gravatar.com\/avatar\/42263f39aa27ac04c43cab85c280eb2e?s=96&d=mm&r=pg","caption":"Kul"},"logo":{"@id":"https:\/\/sandzakpress.net\/arhiva\/#\/schema\/person\/image\/"}},{"@type":"Person","@id":"https:\/\/sandzakpress.net\/arhiva\/#\/schema\/person\/c8baee722073534b583ea7bdb2e36c02","name":"bosniak","image":{"@type":"ImageObject","inLanguage":"bs-BA","@id":"https:\/\/sandzakpress.net\/arhiva\/#\/schema\/person\/image\/","url":"https:\/\/secure.gravatar.com\/avatar\/a04fd330bfe3a36a72a0ad4a6d89fca7?s=96&d=mm&r=pg","contentUrl":"https:\/\/secure.gravatar.com\/avatar\/a04fd330bfe3a36a72a0ad4a6d89fca7?s=96&d=mm&r=pg","caption":"bosniak"},"url":"https:\/\/sandzakpress.net\/arhiva\/author\/bosniak\/"}]}},"_links":{"self":[{"href":"https:\/\/sandzakpress.net\/arhiva\/wp-json\/wp\/v2\/posts\/99389"}],"collection":[{"href":"https:\/\/sandzakpress.net\/arhiva\/wp-json\/wp\/v2\/posts"}],"about":[{"href":"https:\/\/sandzakpress.net\/arhiva\/wp-json\/wp\/v2\/types\/post"}],"author":[{"embeddable":true,"href":"https:\/\/sandzakpress.net\/arhiva\/wp-json\/wp\/v2\/users\/83"}],"replies":[{"embeddable":true,"href":"https:\/\/sandzakpress.net\/arhiva\/wp-json\/wp\/v2\/comments?post=99389"}],"version-history":[{"count":0,"href":"https:\/\/sandzakpress.net\/arhiva\/wp-json\/wp\/v2\/posts\/99389\/revisions"}],"wp:featuredmedia":[{"embeddable":true,"href":"https:\/\/sandzakpress.net\/arhiva\/wp-json\/wp\/v2\/media\/64728"}],"wp:attachment":[{"href":"https:\/\/sandzakpress.net\/arhiva\/wp-json\/wp\/v2\/media?parent=99389"}],"wp:term":[{"taxonomy":"category","embeddable":true,"href":"https:\/\/sandzakpress.net\/arhiva\/wp-json\/wp\/v2\/categories?post=99389"},{"taxonomy":"post_tag","embeddable":true,"href":"https:\/\/sandzakpress.net\/arhiva\/wp-json\/wp\/v2\/tags?post=99389"}],"curies":[{"name":"wp","href":"https:\/\/api.w.org\/{rel}","templated":true}]}}