{"id":99367,"date":"2014-01-08T19:42:10","date_gmt":"2014-01-08T18:42:10","guid":{"rendered":"https:\/\/sandzakpress.net\/arhiva\/?p=99367"},"modified":"2014-01-08T19:42:10","modified_gmt":"2014-01-08T18:42:10","slug":"sabovic-nije-potreban-blok-nego-pokret","status":"publish","type":"post","link":"https:\/\/sandzakpress.net\/arhiva\/sabovic-nije-potreban-blok-nego-pokret\/","title":{"rendered":"\u0160abovi\u0107: Nije potreban blok, nego pokret"},"content":{"rendered":"<p><img loading=\"lazy\" decoding=\"async\" class=\"alignleft\" style=\"font-size: 14px; line-height: 1.5em; -webkit-user-select: none;\" alt=\"\" src=\"http:\/\/www.kodex.me\/assets\/image_cache\/670\/433\/0\/assets\/uploads\/moral%20sabovic.jpg\" width=\"362\" height=\"234\" \/><strong>Plav &#8211;\u00a0Socijaldemokratska partija jo\u0161 nije uputila poziv Pozitivnoj Crnoj Gori i Forumu 2010 na pregovore o formiranju tzv. dr\u017eavotovornog bloka i pored toga \u0161to se relativno brzo primi\u010du (na prolje\u0107e) lokalni izbori u vi\u0161e crnogorskih op\u0161tina.<\/strong><\/p>\n<p><strong><\/strong>Poslanik SDP-a D\u017eavid \u0160abovi\u0107 poru\u010dio je u izjavi za Dnevne novine da bi njegova partija to \u0161to prije trebalo da uradi, dodav\u0161i da bi budu\u0107i savez trebalo da objedini sve koji \u017eele demokratske promjene u Crnoj Gori.<\/p>\n<p>Prema njegovim rije\u010dima naziv dr\u017eavotvorni blok nije \u201cnajsretnije izabran termin\u201d, dodav\u0161i da bi na predstoje\u0107im lokalnim izborima trebalo da se pojavi jedan \u0161iri pokret.<\/p>\n<p>\u201cTo je termin koji se koristi u posljednje vrijeme, ali ne znam \u0161ta bi trebalo da zna\u010di ili preciznije koje bi sve politi\u010dke subjekte trebalo da obuhvati. Treba i\u0107i sa jednim \u0161irim pokretom, jer ne znam ko bi imao pravo da drugome ne dozvoli da u\u0111e u takav pokret, jer to ne razbija neku vrstu sukoba. Blok zna\u010di da imate nekog protiv koga se organizujete, a ja to ne bih, ja bih jedan pokret, koji nema blokova, a ispod kojeg \u0107e se svi organizovati, da bi bili kona\u010dno demokratska dr\u017eava. Jer je stvarno dosta afera, te snimaka, te prijetnji poslije, dakle svega onoga \u0161to prati izbore, slu\u017ebena auta, socijale uo\u010di izbora itd. Da narod kada glasa ne mora da se pla\u0161i da \u0107e biti ugro\u017een on ili neko iz njegove porodice i da jednostavno shvati da je to trenutak njegovog izbora\u201d, rekao je poslanik SDP-a, prenio je Portal Analitika.<\/p>\n<p>(Kodex)<\/p>\n","protected":false},"excerpt":{"rendered":"<p>Plav &#8211;\u00a0Socijaldemokratska partija jo\u0161 nije uputila poziv Pozitivnoj Crnoj Gori i Forumu 2010 na pregovore o formiranju tzv. dr\u017eavotovornog bloka i pored toga \u0161to se relativno brzo primi\u010du (na prolje\u0107e) lokalni izbori u vi\u0161e crnogorskih op\u0161tina. Poslanik SDP-a D\u017eavid \u0160abovi\u0107 poru\u010dio je u izjavi za Dnevne novine da bi njegova partija to \u0161to prije trebalo [&hellip;]<\/p>\n","protected":false},"author":83,"featured_media":99368,"comment_status":"open","ping_status":"open","sticky":false,"template":"","format":"standard","meta":{"footnotes":""},"categories":[1,399],"tags":[],"class_list":{"0":"post-99367","1":"post","2":"type-post","3":"status-publish","4":"format-standard","5":"has-post-thumbnail","7":"category-politika","8":"category-plav_"},"yoast_head":"<!-- This site is optimized with the Yoast SEO Premium plugin v23.1 (Yoast SEO v24.9) - https:\/\/yoast.com\/wordpress\/plugins\/seo\/ -->\n<title>\u0160abovi\u0107: Nije potreban blok, nego pokret<\/title>\n<meta name=\"robots\" content=\"index, follow, max-snippet:-1, max-image-preview:large, max-video-preview:-1\" \/>\n<link rel=\"canonical\" href=\"https:\/\/sandzakpress.net\/arhiva\/sabovic-nije-potreban-blok-nego-pokret\/\" \/>\n<meta property=\"og:locale\" content=\"bs_BA\" \/>\n<meta property=\"og:type\" content=\"article\" \/>\n<meta property=\"og:title\" content=\"\u0160abovi\u0107: Nije potreban blok, nego pokret\" \/>\n<meta property=\"og:description\" content=\"Plav &#8211;\u00a0Socijaldemokratska partija jo\u0161 nije uputila poziv Pozitivnoj Crnoj Gori i Forumu 2010 na pregovore o formiranju tzv. dr\u017eavotovornog bloka i pored toga \u0161to se relativno brzo primi\u010du (na prolje\u0107e) lokalni izbori u vi\u0161e crnogorskih op\u0161tina. Poslanik SDP-a D\u017eavid \u0160abovi\u0107 poru\u010dio je u izjavi za Dnevne novine da bi njegova partija to \u0161to prije trebalo [&hellip;]\" \/>\n<meta property=\"og:url\" content=\"https:\/\/sandzakpress.net\/arhiva\/sabovic-nije-potreban-blok-nego-pokret\/\" \/>\n<meta property=\"og:site_name\" content=\"Sand\u017eak PRESS\" \/>\n<meta property=\"article:published_time\" content=\"2014-01-08T18:42:10+00:00\" \/>\n<meta property=\"og:image\" content=\"https:\/\/sandzakpress.net\/arhiva\/wp-content\/uploads\/2014\/01\/moral-sabovic.jpg\" \/>\n\t<meta property=\"og:image:width\" content=\"670\" \/>\n\t<meta property=\"og:image:height\" content=\"433\" \/>\n\t<meta property=\"og:image:type\" content=\"image\/jpeg\" \/>\n<meta name=\"author\" content=\"bosniak\" \/>\n<meta name=\"twitter:card\" content=\"summary_large_image\" \/>\n<meta name=\"twitter:label1\" content=\"Written by\" \/>\n\t<meta name=\"twitter:data1\" content=\"bosniak\" \/>\n\t<meta name=\"twitter:label2\" content=\"Est. reading time\" \/>\n\t<meta name=\"twitter:data2\" content=\"1 minuta\" \/>\n<script type=\"application\/ld+json\" class=\"yoast-schema-graph\">{\"@context\":\"https:\/\/schema.org\",\"@graph\":[{\"@type\":\"Article\",\"@id\":\"https:\/\/sandzakpress.net\/arhiva\/sabovic-nije-potreban-blok-nego-pokret\/#article\",\"isPartOf\":{\"@id\":\"https:\/\/sandzakpress.net\/arhiva\/sabovic-nije-potreban-blok-nego-pokret\/\"},\"author\":{\"name\":\"bosniak\",\"@id\":\"https:\/\/sandzakpress.net\/arhiva\/#\/schema\/person\/c8baee722073534b583ea7bdb2e36c02\"},\"headline\":\"\u0160abovi\u0107: Nije potreban blok, nego pokret\",\"datePublished\":\"2014-01-08T18:42:10+00:00\",\"mainEntityOfPage\":{\"@id\":\"https:\/\/sandzakpress.net\/arhiva\/sabovic-nije-potreban-blok-nego-pokret\/\"},\"wordCount\":277,\"commentCount\":1,\"publisher\":{\"@id\":\"https:\/\/sandzakpress.net\/arhiva\/#\/schema\/person\/6e72b67d6e51910a1117b3b483ba20bd\"},\"image\":{\"@id\":\"https:\/\/sandzakpress.net\/arhiva\/sabovic-nije-potreban-blok-nego-pokret\/#primaryimage\"},\"thumbnailUrl\":\"https:\/\/sandzakpress.net\/arhiva\/wp-content\/uploads\/2014\/01\/moral-sabovic.jpg\",\"articleSection\":[\"Politika\",\"Plav\"],\"inLanguage\":\"bs-BA\",\"potentialAction\":[{\"@type\":\"CommentAction\",\"name\":\"Comment\",\"target\":[\"https:\/\/sandzakpress.net\/arhiva\/sabovic-nije-potreban-blok-nego-pokret\/#respond\"]}]},{\"@type\":\"WebPage\",\"@id\":\"https:\/\/sandzakpress.net\/arhiva\/sabovic-nije-potreban-blok-nego-pokret\/\",\"url\":\"https:\/\/sandzakpress.net\/arhiva\/sabovic-nije-potreban-blok-nego-pokret\/\",\"name\":\"\u0160abovi\u0107: Nije potreban blok, nego pokret\",\"isPartOf\":{\"@id\":\"https:\/\/sandzakpress.net\/arhiva\/#website\"},\"primaryImageOfPage\":{\"@id\":\"https:\/\/sandzakpress.net\/arhiva\/sabovic-nije-potreban-blok-nego-pokret\/#primaryimage\"},\"image\":{\"@id\":\"https:\/\/sandzakpress.net\/arhiva\/sabovic-nije-potreban-blok-nego-pokret\/#primaryimage\"},\"thumbnailUrl\":\"https:\/\/sandzakpress.net\/arhiva\/wp-content\/uploads\/2014\/01\/moral-sabovic.jpg\",\"datePublished\":\"2014-01-08T18:42:10+00:00\",\"breadcrumb\":{\"@id\":\"https:\/\/sandzakpress.net\/arhiva\/sabovic-nije-potreban-blok-nego-pokret\/#breadcrumb\"},\"inLanguage\":\"bs-BA\",\"potentialAction\":[{\"@type\":\"ReadAction\",\"target\":[\"https:\/\/sandzakpress.net\/arhiva\/sabovic-nije-potreban-blok-nego-pokret\/\"]}]},{\"@type\":\"ImageObject\",\"inLanguage\":\"bs-BA\",\"@id\":\"https:\/\/sandzakpress.net\/arhiva\/sabovic-nije-potreban-blok-nego-pokret\/#primaryimage\",\"url\":\"https:\/\/sandzakpress.net\/arhiva\/wp-content\/uploads\/2014\/01\/moral-sabovic.jpg\",\"contentUrl\":\"https:\/\/sandzakpress.net\/arhiva\/wp-content\/uploads\/2014\/01\/moral-sabovic.jpg\",\"width\":670,\"height\":433},{\"@type\":\"BreadcrumbList\",\"@id\":\"https:\/\/sandzakpress.net\/arhiva\/sabovic-nije-potreban-blok-nego-pokret\/#breadcrumb\",\"itemListElement\":[{\"@type\":\"ListItem\",\"position\":1,\"name\":\"Home\",\"item\":\"https:\/\/sandzakpress.net\/arhiva\/\"},{\"@type\":\"ListItem\",\"position\":2,\"name\":\"\u0160abovi\u0107: Nije potreban blok, nego pokret\"}]},{\"@type\":\"WebSite\",\"@id\":\"https:\/\/sandzakpress.net\/arhiva\/#website\",\"url\":\"https:\/\/sandzakpress.net\/arhiva\/\",\"name\":\"Sand\u017eak PRESS\",\"description\":\"Prve elektronske novine u Sand\u017eaku\",\"publisher\":{\"@id\":\"https:\/\/sandzakpress.net\/arhiva\/#\/schema\/person\/6e72b67d6e51910a1117b3b483ba20bd\"},\"potentialAction\":[{\"@type\":\"SearchAction\",\"target\":{\"@type\":\"EntryPoint\",\"urlTemplate\":\"https:\/\/sandzakpress.net\/arhiva\/?s={search_term_string}\"},\"query-input\":{\"@type\":\"PropertyValueSpecification\",\"valueRequired\":true,\"valueName\":\"search_term_string\"}}],\"inLanguage\":\"bs-BA\"},{\"@type\":[\"Person\",\"Organization\"],\"@id\":\"https:\/\/sandzakpress.net\/arhiva\/#\/schema\/person\/6e72b67d6e51910a1117b3b483ba20bd\",\"name\":\"Kul\",\"image\":{\"@type\":\"ImageObject\",\"inLanguage\":\"bs-BA\",\"@id\":\"https:\/\/sandzakpress.net\/arhiva\/#\/schema\/person\/image\/\",\"url\":\"https:\/\/secure.gravatar.com\/avatar\/42263f39aa27ac04c43cab85c280eb2e?s=96&d=mm&r=pg\",\"contentUrl\":\"https:\/\/secure.gravatar.com\/avatar\/42263f39aa27ac04c43cab85c280eb2e?s=96&d=mm&r=pg\",\"caption\":\"Kul\"},\"logo\":{\"@id\":\"https:\/\/sandzakpress.net\/arhiva\/#\/schema\/person\/image\/\"}},{\"@type\":\"Person\",\"@id\":\"https:\/\/sandzakpress.net\/arhiva\/#\/schema\/person\/c8baee722073534b583ea7bdb2e36c02\",\"name\":\"bosniak\",\"image\":{\"@type\":\"ImageObject\",\"inLanguage\":\"bs-BA\",\"@id\":\"https:\/\/sandzakpress.net\/arhiva\/#\/schema\/person\/image\/\",\"url\":\"https:\/\/secure.gravatar.com\/avatar\/a04fd330bfe3a36a72a0ad4a6d89fca7?s=96&d=mm&r=pg\",\"contentUrl\":\"https:\/\/secure.gravatar.com\/avatar\/a04fd330bfe3a36a72a0ad4a6d89fca7?s=96&d=mm&r=pg\",\"caption\":\"bosniak\"},\"url\":\"https:\/\/sandzakpress.net\/arhiva\/author\/bosniak\/\"}]}<\/script>\n<!-- \/ Yoast SEO Premium plugin. -->","yoast_head_json":{"title":"\u0160abovi\u0107: Nije potreban blok, nego pokret","robots":{"index":"index","follow":"follow","max-snippet":"max-snippet:-1","max-image-preview":"max-image-preview:large","max-video-preview":"max-video-preview:-1"},"canonical":"https:\/\/sandzakpress.net\/arhiva\/sabovic-nije-potreban-blok-nego-pokret\/","og_locale":"bs_BA","og_type":"article","og_title":"\u0160abovi\u0107: Nije potreban blok, nego pokret","og_description":"Plav &#8211;\u00a0Socijaldemokratska partija jo\u0161 nije uputila poziv Pozitivnoj Crnoj Gori i Forumu 2010 na pregovore o formiranju tzv. dr\u017eavotovornog bloka i pored toga \u0161to se relativno brzo primi\u010du (na prolje\u0107e) lokalni izbori u vi\u0161e crnogorskih op\u0161tina. Poslanik SDP-a D\u017eavid \u0160abovi\u0107 poru\u010dio je u izjavi za Dnevne novine da bi njegova partija to \u0161to prije trebalo [&hellip;]","og_url":"https:\/\/sandzakpress.net\/arhiva\/sabovic-nije-potreban-blok-nego-pokret\/","og_site_name":"Sand\u017eak PRESS","article_published_time":"2014-01-08T18:42:10+00:00","og_image":[{"width":670,"height":433,"url":"https:\/\/sandzakpress.net\/arhiva\/wp-content\/uploads\/2014\/01\/moral-sabovic.jpg","type":"image\/jpeg"}],"author":"bosniak","twitter_card":"summary_large_image","twitter_misc":{"Written by":"bosniak","Est. reading time":"1 minuta"},"schema":{"@context":"https:\/\/schema.org","@graph":[{"@type":"Article","@id":"https:\/\/sandzakpress.net\/arhiva\/sabovic-nije-potreban-blok-nego-pokret\/#article","isPartOf":{"@id":"https:\/\/sandzakpress.net\/arhiva\/sabovic-nije-potreban-blok-nego-pokret\/"},"author":{"name":"bosniak","@id":"https:\/\/sandzakpress.net\/arhiva\/#\/schema\/person\/c8baee722073534b583ea7bdb2e36c02"},"headline":"\u0160abovi\u0107: Nije potreban blok, nego pokret","datePublished":"2014-01-08T18:42:10+00:00","mainEntityOfPage":{"@id":"https:\/\/sandzakpress.net\/arhiva\/sabovic-nije-potreban-blok-nego-pokret\/"},"wordCount":277,"commentCount":1,"publisher":{"@id":"https:\/\/sandzakpress.net\/arhiva\/#\/schema\/person\/6e72b67d6e51910a1117b3b483ba20bd"},"image":{"@id":"https:\/\/sandzakpress.net\/arhiva\/sabovic-nije-potreban-blok-nego-pokret\/#primaryimage"},"thumbnailUrl":"https:\/\/sandzakpress.net\/arhiva\/wp-content\/uploads\/2014\/01\/moral-sabovic.jpg","articleSection":["Politika","Plav"],"inLanguage":"bs-BA","potentialAction":[{"@type":"CommentAction","name":"Comment","target":["https:\/\/sandzakpress.net\/arhiva\/sabovic-nije-potreban-blok-nego-pokret\/#respond"]}]},{"@type":"WebPage","@id":"https:\/\/sandzakpress.net\/arhiva\/sabovic-nije-potreban-blok-nego-pokret\/","url":"https:\/\/sandzakpress.net\/arhiva\/sabovic-nije-potreban-blok-nego-pokret\/","name":"\u0160abovi\u0107: Nije potreban blok, nego pokret","isPartOf":{"@id":"https:\/\/sandzakpress.net\/arhiva\/#website"},"primaryImageOfPage":{"@id":"https:\/\/sandzakpress.net\/arhiva\/sabovic-nije-potreban-blok-nego-pokret\/#primaryimage"},"image":{"@id":"https:\/\/sandzakpress.net\/arhiva\/sabovic-nije-potreban-blok-nego-pokret\/#primaryimage"},"thumbnailUrl":"https:\/\/sandzakpress.net\/arhiva\/wp-content\/uploads\/2014\/01\/moral-sabovic.jpg","datePublished":"2014-01-08T18:42:10+00:00","breadcrumb":{"@id":"https:\/\/sandzakpress.net\/arhiva\/sabovic-nije-potreban-blok-nego-pokret\/#breadcrumb"},"inLanguage":"bs-BA","potentialAction":[{"@type":"ReadAction","target":["https:\/\/sandzakpress.net\/arhiva\/sabovic-nije-potreban-blok-nego-pokret\/"]}]},{"@type":"ImageObject","inLanguage":"bs-BA","@id":"https:\/\/sandzakpress.net\/arhiva\/sabovic-nije-potreban-blok-nego-pokret\/#primaryimage","url":"https:\/\/sandzakpress.net\/arhiva\/wp-content\/uploads\/2014\/01\/moral-sabovic.jpg","contentUrl":"https:\/\/sandzakpress.net\/arhiva\/wp-content\/uploads\/2014\/01\/moral-sabovic.jpg","width":670,"height":433},{"@type":"BreadcrumbList","@id":"https:\/\/sandzakpress.net\/arhiva\/sabovic-nije-potreban-blok-nego-pokret\/#breadcrumb","itemListElement":[{"@type":"ListItem","position":1,"name":"Home","item":"https:\/\/sandzakpress.net\/arhiva\/"},{"@type":"ListItem","position":2,"name":"\u0160abovi\u0107: Nije potreban blok, nego pokret"}]},{"@type":"WebSite","@id":"https:\/\/sandzakpress.net\/arhiva\/#website","url":"https:\/\/sandzakpress.net\/arhiva\/","name":"Sand\u017eak PRESS","description":"Prve elektronske novine u Sand\u017eaku","publisher":{"@id":"https:\/\/sandzakpress.net\/arhiva\/#\/schema\/person\/6e72b67d6e51910a1117b3b483ba20bd"},"potentialAction":[{"@type":"SearchAction","target":{"@type":"EntryPoint","urlTemplate":"https:\/\/sandzakpress.net\/arhiva\/?s={search_term_string}"},"query-input":{"@type":"PropertyValueSpecification","valueRequired":true,"valueName":"search_term_string"}}],"inLanguage":"bs-BA"},{"@type":["Person","Organization"],"@id":"https:\/\/sandzakpress.net\/arhiva\/#\/schema\/person\/6e72b67d6e51910a1117b3b483ba20bd","name":"Kul","image":{"@type":"ImageObject","inLanguage":"bs-BA","@id":"https:\/\/sandzakpress.net\/arhiva\/#\/schema\/person\/image\/","url":"https:\/\/secure.gravatar.com\/avatar\/42263f39aa27ac04c43cab85c280eb2e?s=96&d=mm&r=pg","contentUrl":"https:\/\/secure.gravatar.com\/avatar\/42263f39aa27ac04c43cab85c280eb2e?s=96&d=mm&r=pg","caption":"Kul"},"logo":{"@id":"https:\/\/sandzakpress.net\/arhiva\/#\/schema\/person\/image\/"}},{"@type":"Person","@id":"https:\/\/sandzakpress.net\/arhiva\/#\/schema\/person\/c8baee722073534b583ea7bdb2e36c02","name":"bosniak","image":{"@type":"ImageObject","inLanguage":"bs-BA","@id":"https:\/\/sandzakpress.net\/arhiva\/#\/schema\/person\/image\/","url":"https:\/\/secure.gravatar.com\/avatar\/a04fd330bfe3a36a72a0ad4a6d89fca7?s=96&d=mm&r=pg","contentUrl":"https:\/\/secure.gravatar.com\/avatar\/a04fd330bfe3a36a72a0ad4a6d89fca7?s=96&d=mm&r=pg","caption":"bosniak"},"url":"https:\/\/sandzakpress.net\/arhiva\/author\/bosniak\/"}]}},"_links":{"self":[{"href":"https:\/\/sandzakpress.net\/arhiva\/wp-json\/wp\/v2\/posts\/99367"}],"collection":[{"href":"https:\/\/sandzakpress.net\/arhiva\/wp-json\/wp\/v2\/posts"}],"about":[{"href":"https:\/\/sandzakpress.net\/arhiva\/wp-json\/wp\/v2\/types\/post"}],"author":[{"embeddable":true,"href":"https:\/\/sandzakpress.net\/arhiva\/wp-json\/wp\/v2\/users\/83"}],"replies":[{"embeddable":true,"href":"https:\/\/sandzakpress.net\/arhiva\/wp-json\/wp\/v2\/comments?post=99367"}],"version-history":[{"count":0,"href":"https:\/\/sandzakpress.net\/arhiva\/wp-json\/wp\/v2\/posts\/99367\/revisions"}],"wp:featuredmedia":[{"embeddable":true,"href":"https:\/\/sandzakpress.net\/arhiva\/wp-json\/wp\/v2\/media\/99368"}],"wp:attachment":[{"href":"https:\/\/sandzakpress.net\/arhiva\/wp-json\/wp\/v2\/media?parent=99367"}],"wp:term":[{"taxonomy":"category","embeddable":true,"href":"https:\/\/sandzakpress.net\/arhiva\/wp-json\/wp\/v2\/categories?post=99367"},{"taxonomy":"post_tag","embeddable":true,"href":"https:\/\/sandzakpress.net\/arhiva\/wp-json\/wp\/v2\/tags?post=99367"}],"curies":[{"name":"wp","href":"https:\/\/api.w.org\/{rel}","templated":true}]}}