{"id":99259,"date":"2014-01-06T12:31:47","date_gmt":"2014-01-06T11:31:47","guid":{"rendered":"https:\/\/sandzakpress.net\/arhiva\/?p=99259"},"modified":"2014-01-06T12:31:47","modified_gmt":"2014-01-06T11:31:47","slug":"sirijski-djecak-3-trenutak-prije-smrti-sve-cu-vas-reci-bogu","status":"publish","type":"post","link":"https:\/\/sandzakpress.net\/arhiva\/sirijski-djecak-3-trenutak-prije-smrti-sve-cu-vas-reci-bogu\/","title":{"rendered":"SIRIJSKI DJE\u010cAK (3) TRENUTAK PRIJE SMRTI: Sve \u0107u vas re\u0107i Bogu\u2026"},"content":{"rendered":"<p><a style=\"line-height: 1.5em;\" title=\"sirijski-decak-1388918877-422521\" href=\"http:\/\/sandzaklive.rs\/images\/Ostalo\/sirijski-decak-1388918877-422521.jpg\" target=\"_blank\" rel=\"lightbox[4104]\"><img loading=\"lazy\" decoding=\"async\" class=\"alignleft\" alt=\"sirijski-decak-1388918877-422521\" src=\"http:\/\/sandzaklive.rs\/images\/thumbnails\/images\/Ostalo\/sirijski-decak-1388918877-422521-410x277.jpg\" width=\"410\" height=\"277\" \/><\/a><strong>Sirija &#8211; Dje\u010dak je pretrpio te\u0161ke povrede, uklju\u010duju\u0107i unutra\u0161nja krvarenja koja doktori nisu mogli da saniraju.Ovo je pri\u010da koja tera na suze i razmi\u0161ljanje!<\/strong><\/p>\n<p>Ova fotografija nastala je u ratu u Siriji, gdje civilno stanovni\u0161tvo trpi najte\u017ee posljedice sukoba izme\u0111u snaga odanih re\u017eimu i pobunjenika.<\/p>\n<p>Munjevito se \u0161iri na dru\u0161tvenim mre\u017eama, a posebno je potresna pri\u010da iza fotografije.<\/p>\n<p>Navodno,<strong>\u00a0dje\u010dak je pretrpio te\u0161ke povrede, uklju\u010duju\u0107i unutra\u0161nja krvarenja koja doktori nisu mogli da saniraju.<\/strong><\/p>\n<p>Iako tako mali, svega su mu bile tri godine, osjetio je da \u0107e umrijeti.<\/p>\n<p>Pre nego \u0161to \u0107e izdahnuo, kako ka\u017ee pri\u010da, rekao je: Sve \u0107u vas re\u0107i Bogu!<\/p>\n","protected":false},"excerpt":{"rendered":"<p>Djeca u Siriji neprestano ginu<\/p>\n","protected":false},"author":83,"featured_media":99260,"comment_status":"open","ping_status":"open","sticky":false,"template":"","format":"standard","meta":{"footnotes":""},"categories":[9,8957],"tags":[10225],"class_list":{"0":"post-99259","1":"post","2":"type-post","3":"status-publish","4":"format-standard","5":"has-post-thumbnail","7":"category-svijet","8":"category-vijesti-dana","9":"tag-sirija"},"yoast_head":"<!-- This site is optimized with the Yoast SEO Premium plugin v23.1 (Yoast SEO v24.9) - https:\/\/yoast.com\/wordpress\/plugins\/seo\/ -->\n<title>SIRIJSKI DJE\u010cAK (3) TRENUTAK PRIJE SMRTI: Sve \u0107u vas re\u0107i Bogu\u2026<\/title>\n<meta name=\"robots\" content=\"index, follow, max-snippet:-1, max-image-preview:large, max-video-preview:-1\" \/>\n<link rel=\"canonical\" href=\"https:\/\/sandzakpress.net\/arhiva\/sirijski-djecak-3-trenutak-prije-smrti-sve-cu-vas-reci-bogu\/\" \/>\n<meta property=\"og:locale\" content=\"bs_BA\" \/>\n<meta property=\"og:type\" content=\"article\" \/>\n<meta property=\"og:title\" content=\"SIRIJSKI DJE\u010cAK (3) TRENUTAK PRIJE SMRTI: Sve \u0107u vas re\u0107i Bogu\u2026\" \/>\n<meta property=\"og:description\" content=\"Djeca u Siriji neprestano ginu\" \/>\n<meta property=\"og:url\" content=\"https:\/\/sandzakpress.net\/arhiva\/sirijski-djecak-3-trenutak-prije-smrti-sve-cu-vas-reci-bogu\/\" \/>\n<meta property=\"og:site_name\" content=\"Sand\u017eak PRESS\" \/>\n<meta property=\"article:published_time\" content=\"2014-01-06T11:31:47+00:00\" \/>\n<meta property=\"og:image\" content=\"https:\/\/sandzakpress.net\/arhiva\/wp-content\/uploads\/2014\/01\/sirijski-decak-1388918877-422521-410x277.jpg\" \/>\n\t<meta property=\"og:image:width\" content=\"410\" \/>\n\t<meta property=\"og:image:height\" content=\"277\" \/>\n\t<meta property=\"og:image:type\" content=\"image\/jpeg\" \/>\n<meta name=\"author\" content=\"bosniak\" \/>\n<meta name=\"twitter:card\" content=\"summary_large_image\" \/>\n<meta name=\"twitter:label1\" content=\"Written by\" \/>\n\t<meta name=\"twitter:data1\" content=\"bosniak\" \/>\n\t<meta name=\"twitter:label2\" content=\"Est. reading time\" \/>\n\t<meta name=\"twitter:data2\" content=\"1 minuta\" \/>\n<script type=\"application\/ld+json\" class=\"yoast-schema-graph\">{\"@context\":\"https:\/\/schema.org\",\"@graph\":[{\"@type\":\"Article\",\"@id\":\"https:\/\/sandzakpress.net\/arhiva\/sirijski-djecak-3-trenutak-prije-smrti-sve-cu-vas-reci-bogu\/#article\",\"isPartOf\":{\"@id\":\"https:\/\/sandzakpress.net\/arhiva\/sirijski-djecak-3-trenutak-prije-smrti-sve-cu-vas-reci-bogu\/\"},\"author\":{\"name\":\"bosniak\",\"@id\":\"https:\/\/sandzakpress.net\/arhiva\/#\/schema\/person\/c8baee722073534b583ea7bdb2e36c02\"},\"headline\":\"SIRIJSKI DJE\u010cAK (3) TRENUTAK PRIJE SMRTI: Sve \u0107u vas re\u0107i Bogu\u2026\",\"datePublished\":\"2014-01-06T11:31:47+00:00\",\"mainEntityOfPage\":{\"@id\":\"https:\/\/sandzakpress.net\/arhiva\/sirijski-djecak-3-trenutak-prije-smrti-sve-cu-vas-reci-bogu\/\"},\"wordCount\":137,\"commentCount\":9,\"publisher\":{\"@id\":\"https:\/\/sandzakpress.net\/arhiva\/#\/schema\/person\/6e72b67d6e51910a1117b3b483ba20bd\"},\"image\":{\"@id\":\"https:\/\/sandzakpress.net\/arhiva\/sirijski-djecak-3-trenutak-prije-smrti-sve-cu-vas-reci-bogu\/#primaryimage\"},\"thumbnailUrl\":\"https:\/\/sandzakpress.net\/arhiva\/wp-content\/uploads\/2014\/01\/sirijski-decak-1388918877-422521-410x277.jpg\",\"keywords\":[\"Sirija\"],\"articleSection\":[\"Svijet\",\"VIJESTI DANA\"],\"inLanguage\":\"bs-BA\",\"potentialAction\":[{\"@type\":\"CommentAction\",\"name\":\"Comment\",\"target\":[\"https:\/\/sandzakpress.net\/arhiva\/sirijski-djecak-3-trenutak-prije-smrti-sve-cu-vas-reci-bogu\/#respond\"]}]},{\"@type\":\"WebPage\",\"@id\":\"https:\/\/sandzakpress.net\/arhiva\/sirijski-djecak-3-trenutak-prije-smrti-sve-cu-vas-reci-bogu\/\",\"url\":\"https:\/\/sandzakpress.net\/arhiva\/sirijski-djecak-3-trenutak-prije-smrti-sve-cu-vas-reci-bogu\/\",\"name\":\"SIRIJSKI DJE\u010cAK (3) TRENUTAK PRIJE SMRTI: Sve \u0107u vas re\u0107i Bogu\u2026\",\"isPartOf\":{\"@id\":\"https:\/\/sandzakpress.net\/arhiva\/#website\"},\"primaryImageOfPage\":{\"@id\":\"https:\/\/sandzakpress.net\/arhiva\/sirijski-djecak-3-trenutak-prije-smrti-sve-cu-vas-reci-bogu\/#primaryimage\"},\"image\":{\"@id\":\"https:\/\/sandzakpress.net\/arhiva\/sirijski-djecak-3-trenutak-prije-smrti-sve-cu-vas-reci-bogu\/#primaryimage\"},\"thumbnailUrl\":\"https:\/\/sandzakpress.net\/arhiva\/wp-content\/uploads\/2014\/01\/sirijski-decak-1388918877-422521-410x277.jpg\",\"datePublished\":\"2014-01-06T11:31:47+00:00\",\"breadcrumb\":{\"@id\":\"https:\/\/sandzakpress.net\/arhiva\/sirijski-djecak-3-trenutak-prije-smrti-sve-cu-vas-reci-bogu\/#breadcrumb\"},\"inLanguage\":\"bs-BA\",\"potentialAction\":[{\"@type\":\"ReadAction\",\"target\":[\"https:\/\/sandzakpress.net\/arhiva\/sirijski-djecak-3-trenutak-prije-smrti-sve-cu-vas-reci-bogu\/\"]}]},{\"@type\":\"ImageObject\",\"inLanguage\":\"bs-BA\",\"@id\":\"https:\/\/sandzakpress.net\/arhiva\/sirijski-djecak-3-trenutak-prije-smrti-sve-cu-vas-reci-bogu\/#primaryimage\",\"url\":\"https:\/\/sandzakpress.net\/arhiva\/wp-content\/uploads\/2014\/01\/sirijski-decak-1388918877-422521-410x277.jpg\",\"contentUrl\":\"https:\/\/sandzakpress.net\/arhiva\/wp-content\/uploads\/2014\/01\/sirijski-decak-1388918877-422521-410x277.jpg\",\"width\":410,\"height\":277},{\"@type\":\"BreadcrumbList\",\"@id\":\"https:\/\/sandzakpress.net\/arhiva\/sirijski-djecak-3-trenutak-prije-smrti-sve-cu-vas-reci-bogu\/#breadcrumb\",\"itemListElement\":[{\"@type\":\"ListItem\",\"position\":1,\"name\":\"Home\",\"item\":\"https:\/\/sandzakpress.net\/arhiva\/\"},{\"@type\":\"ListItem\",\"position\":2,\"name\":\"SIRIJSKI DJE\u010cAK (3) TRENUTAK PRIJE SMRTI: Sve \u0107u vas re\u0107i Bogu\u2026\"}]},{\"@type\":\"WebSite\",\"@id\":\"https:\/\/sandzakpress.net\/arhiva\/#website\",\"url\":\"https:\/\/sandzakpress.net\/arhiva\/\",\"name\":\"Sand\u017eak PRESS\",\"description\":\"Prve elektronske novine u Sand\u017eaku\",\"publisher\":{\"@id\":\"https:\/\/sandzakpress.net\/arhiva\/#\/schema\/person\/6e72b67d6e51910a1117b3b483ba20bd\"},\"potentialAction\":[{\"@type\":\"SearchAction\",\"target\":{\"@type\":\"EntryPoint\",\"urlTemplate\":\"https:\/\/sandzakpress.net\/arhiva\/?s={search_term_string}\"},\"query-input\":{\"@type\":\"PropertyValueSpecification\",\"valueRequired\":true,\"valueName\":\"search_term_string\"}}],\"inLanguage\":\"bs-BA\"},{\"@type\":[\"Person\",\"Organization\"],\"@id\":\"https:\/\/sandzakpress.net\/arhiva\/#\/schema\/person\/6e72b67d6e51910a1117b3b483ba20bd\",\"name\":\"Kul\",\"image\":{\"@type\":\"ImageObject\",\"inLanguage\":\"bs-BA\",\"@id\":\"https:\/\/sandzakpress.net\/arhiva\/#\/schema\/person\/image\/\",\"url\":\"https:\/\/secure.gravatar.com\/avatar\/42263f39aa27ac04c43cab85c280eb2e?s=96&d=mm&r=pg\",\"contentUrl\":\"https:\/\/secure.gravatar.com\/avatar\/42263f39aa27ac04c43cab85c280eb2e?s=96&d=mm&r=pg\",\"caption\":\"Kul\"},\"logo\":{\"@id\":\"https:\/\/sandzakpress.net\/arhiva\/#\/schema\/person\/image\/\"}},{\"@type\":\"Person\",\"@id\":\"https:\/\/sandzakpress.net\/arhiva\/#\/schema\/person\/c8baee722073534b583ea7bdb2e36c02\",\"name\":\"bosniak\",\"image\":{\"@type\":\"ImageObject\",\"inLanguage\":\"bs-BA\",\"@id\":\"https:\/\/sandzakpress.net\/arhiva\/#\/schema\/person\/image\/\",\"url\":\"https:\/\/secure.gravatar.com\/avatar\/a04fd330bfe3a36a72a0ad4a6d89fca7?s=96&d=mm&r=pg\",\"contentUrl\":\"https:\/\/secure.gravatar.com\/avatar\/a04fd330bfe3a36a72a0ad4a6d89fca7?s=96&d=mm&r=pg\",\"caption\":\"bosniak\"},\"url\":\"https:\/\/sandzakpress.net\/arhiva\/author\/bosniak\/\"}]}<\/script>\n<!-- \/ Yoast SEO Premium plugin. -->","yoast_head_json":{"title":"SIRIJSKI DJE\u010cAK (3) TRENUTAK PRIJE SMRTI: Sve \u0107u vas re\u0107i Bogu\u2026","robots":{"index":"index","follow":"follow","max-snippet":"max-snippet:-1","max-image-preview":"max-image-preview:large","max-video-preview":"max-video-preview:-1"},"canonical":"https:\/\/sandzakpress.net\/arhiva\/sirijski-djecak-3-trenutak-prije-smrti-sve-cu-vas-reci-bogu\/","og_locale":"bs_BA","og_type":"article","og_title":"SIRIJSKI DJE\u010cAK (3) TRENUTAK PRIJE SMRTI: Sve \u0107u vas re\u0107i Bogu\u2026","og_description":"Djeca u Siriji neprestano ginu","og_url":"https:\/\/sandzakpress.net\/arhiva\/sirijski-djecak-3-trenutak-prije-smrti-sve-cu-vas-reci-bogu\/","og_site_name":"Sand\u017eak PRESS","article_published_time":"2014-01-06T11:31:47+00:00","og_image":[{"width":410,"height":277,"url":"https:\/\/sandzakpress.net\/arhiva\/wp-content\/uploads\/2014\/01\/sirijski-decak-1388918877-422521-410x277.jpg","type":"image\/jpeg"}],"author":"bosniak","twitter_card":"summary_large_image","twitter_misc":{"Written by":"bosniak","Est. reading time":"1 minuta"},"schema":{"@context":"https:\/\/schema.org","@graph":[{"@type":"Article","@id":"https:\/\/sandzakpress.net\/arhiva\/sirijski-djecak-3-trenutak-prije-smrti-sve-cu-vas-reci-bogu\/#article","isPartOf":{"@id":"https:\/\/sandzakpress.net\/arhiva\/sirijski-djecak-3-trenutak-prije-smrti-sve-cu-vas-reci-bogu\/"},"author":{"name":"bosniak","@id":"https:\/\/sandzakpress.net\/arhiva\/#\/schema\/person\/c8baee722073534b583ea7bdb2e36c02"},"headline":"SIRIJSKI DJE\u010cAK (3) TRENUTAK PRIJE SMRTI: Sve \u0107u vas re\u0107i Bogu\u2026","datePublished":"2014-01-06T11:31:47+00:00","mainEntityOfPage":{"@id":"https:\/\/sandzakpress.net\/arhiva\/sirijski-djecak-3-trenutak-prije-smrti-sve-cu-vas-reci-bogu\/"},"wordCount":137,"commentCount":9,"publisher":{"@id":"https:\/\/sandzakpress.net\/arhiva\/#\/schema\/person\/6e72b67d6e51910a1117b3b483ba20bd"},"image":{"@id":"https:\/\/sandzakpress.net\/arhiva\/sirijski-djecak-3-trenutak-prije-smrti-sve-cu-vas-reci-bogu\/#primaryimage"},"thumbnailUrl":"https:\/\/sandzakpress.net\/arhiva\/wp-content\/uploads\/2014\/01\/sirijski-decak-1388918877-422521-410x277.jpg","keywords":["Sirija"],"articleSection":["Svijet","VIJESTI DANA"],"inLanguage":"bs-BA","potentialAction":[{"@type":"CommentAction","name":"Comment","target":["https:\/\/sandzakpress.net\/arhiva\/sirijski-djecak-3-trenutak-prije-smrti-sve-cu-vas-reci-bogu\/#respond"]}]},{"@type":"WebPage","@id":"https:\/\/sandzakpress.net\/arhiva\/sirijski-djecak-3-trenutak-prije-smrti-sve-cu-vas-reci-bogu\/","url":"https:\/\/sandzakpress.net\/arhiva\/sirijski-djecak-3-trenutak-prije-smrti-sve-cu-vas-reci-bogu\/","name":"SIRIJSKI DJE\u010cAK (3) TRENUTAK PRIJE SMRTI: Sve \u0107u vas re\u0107i Bogu\u2026","isPartOf":{"@id":"https:\/\/sandzakpress.net\/arhiva\/#website"},"primaryImageOfPage":{"@id":"https:\/\/sandzakpress.net\/arhiva\/sirijski-djecak-3-trenutak-prije-smrti-sve-cu-vas-reci-bogu\/#primaryimage"},"image":{"@id":"https:\/\/sandzakpress.net\/arhiva\/sirijski-djecak-3-trenutak-prije-smrti-sve-cu-vas-reci-bogu\/#primaryimage"},"thumbnailUrl":"https:\/\/sandzakpress.net\/arhiva\/wp-content\/uploads\/2014\/01\/sirijski-decak-1388918877-422521-410x277.jpg","datePublished":"2014-01-06T11:31:47+00:00","breadcrumb":{"@id":"https:\/\/sandzakpress.net\/arhiva\/sirijski-djecak-3-trenutak-prije-smrti-sve-cu-vas-reci-bogu\/#breadcrumb"},"inLanguage":"bs-BA","potentialAction":[{"@type":"ReadAction","target":["https:\/\/sandzakpress.net\/arhiva\/sirijski-djecak-3-trenutak-prije-smrti-sve-cu-vas-reci-bogu\/"]}]},{"@type":"ImageObject","inLanguage":"bs-BA","@id":"https:\/\/sandzakpress.net\/arhiva\/sirijski-djecak-3-trenutak-prije-smrti-sve-cu-vas-reci-bogu\/#primaryimage","url":"https:\/\/sandzakpress.net\/arhiva\/wp-content\/uploads\/2014\/01\/sirijski-decak-1388918877-422521-410x277.jpg","contentUrl":"https:\/\/sandzakpress.net\/arhiva\/wp-content\/uploads\/2014\/01\/sirijski-decak-1388918877-422521-410x277.jpg","width":410,"height":277},{"@type":"BreadcrumbList","@id":"https:\/\/sandzakpress.net\/arhiva\/sirijski-djecak-3-trenutak-prije-smrti-sve-cu-vas-reci-bogu\/#breadcrumb","itemListElement":[{"@type":"ListItem","position":1,"name":"Home","item":"https:\/\/sandzakpress.net\/arhiva\/"},{"@type":"ListItem","position":2,"name":"SIRIJSKI DJE\u010cAK (3) TRENUTAK PRIJE SMRTI: Sve \u0107u vas re\u0107i Bogu\u2026"}]},{"@type":"WebSite","@id":"https:\/\/sandzakpress.net\/arhiva\/#website","url":"https:\/\/sandzakpress.net\/arhiva\/","name":"Sand\u017eak PRESS","description":"Prve elektronske novine u Sand\u017eaku","publisher":{"@id":"https:\/\/sandzakpress.net\/arhiva\/#\/schema\/person\/6e72b67d6e51910a1117b3b483ba20bd"},"potentialAction":[{"@type":"SearchAction","target":{"@type":"EntryPoint","urlTemplate":"https:\/\/sandzakpress.net\/arhiva\/?s={search_term_string}"},"query-input":{"@type":"PropertyValueSpecification","valueRequired":true,"valueName":"search_term_string"}}],"inLanguage":"bs-BA"},{"@type":["Person","Organization"],"@id":"https:\/\/sandzakpress.net\/arhiva\/#\/schema\/person\/6e72b67d6e51910a1117b3b483ba20bd","name":"Kul","image":{"@type":"ImageObject","inLanguage":"bs-BA","@id":"https:\/\/sandzakpress.net\/arhiva\/#\/schema\/person\/image\/","url":"https:\/\/secure.gravatar.com\/avatar\/42263f39aa27ac04c43cab85c280eb2e?s=96&d=mm&r=pg","contentUrl":"https:\/\/secure.gravatar.com\/avatar\/42263f39aa27ac04c43cab85c280eb2e?s=96&d=mm&r=pg","caption":"Kul"},"logo":{"@id":"https:\/\/sandzakpress.net\/arhiva\/#\/schema\/person\/image\/"}},{"@type":"Person","@id":"https:\/\/sandzakpress.net\/arhiva\/#\/schema\/person\/c8baee722073534b583ea7bdb2e36c02","name":"bosniak","image":{"@type":"ImageObject","inLanguage":"bs-BA","@id":"https:\/\/sandzakpress.net\/arhiva\/#\/schema\/person\/image\/","url":"https:\/\/secure.gravatar.com\/avatar\/a04fd330bfe3a36a72a0ad4a6d89fca7?s=96&d=mm&r=pg","contentUrl":"https:\/\/secure.gravatar.com\/avatar\/a04fd330bfe3a36a72a0ad4a6d89fca7?s=96&d=mm&r=pg","caption":"bosniak"},"url":"https:\/\/sandzakpress.net\/arhiva\/author\/bosniak\/"}]}},"_links":{"self":[{"href":"https:\/\/sandzakpress.net\/arhiva\/wp-json\/wp\/v2\/posts\/99259"}],"collection":[{"href":"https:\/\/sandzakpress.net\/arhiva\/wp-json\/wp\/v2\/posts"}],"about":[{"href":"https:\/\/sandzakpress.net\/arhiva\/wp-json\/wp\/v2\/types\/post"}],"author":[{"embeddable":true,"href":"https:\/\/sandzakpress.net\/arhiva\/wp-json\/wp\/v2\/users\/83"}],"replies":[{"embeddable":true,"href":"https:\/\/sandzakpress.net\/arhiva\/wp-json\/wp\/v2\/comments?post=99259"}],"version-history":[{"count":0,"href":"https:\/\/sandzakpress.net\/arhiva\/wp-json\/wp\/v2\/posts\/99259\/revisions"}],"wp:featuredmedia":[{"embeddable":true,"href":"https:\/\/sandzakpress.net\/arhiva\/wp-json\/wp\/v2\/media\/99260"}],"wp:attachment":[{"href":"https:\/\/sandzakpress.net\/arhiva\/wp-json\/wp\/v2\/media?parent=99259"}],"wp:term":[{"taxonomy":"category","embeddable":true,"href":"https:\/\/sandzakpress.net\/arhiva\/wp-json\/wp\/v2\/categories?post=99259"},{"taxonomy":"post_tag","embeddable":true,"href":"https:\/\/sandzakpress.net\/arhiva\/wp-json\/wp\/v2\/tags?post=99259"}],"curies":[{"name":"wp","href":"https:\/\/api.w.org\/{rel}","templated":true}]}}