{"id":99196,"date":"2014-01-04T16:10:36","date_gmt":"2014-01-04T15:10:36","guid":{"rendered":"https:\/\/sandzakpress.net\/arhiva\/?p=99196"},"modified":"2014-01-04T16:10:36","modified_gmt":"2014-01-04T15:10:36","slug":"dr-mevlud-ef-dudic-novi-predsjednik-mesihata-islamske-zajednice-u-srbiji","status":"publish","type":"post","link":"https:\/\/sandzakpress.net\/arhiva\/dr-mevlud-ef-dudic-novi-predsjednik-mesihata-islamske-zajednice-u-srbiji\/","title":{"rendered":"Dr. Mevlud ef. Dudi\u0107 novi predsjednik Me\u0161ihata Islamske zajednice u Srbiji"},"content":{"rendered":"<p><strong><a href=\"https:\/\/sandzakpress.net\/arhiva\/wp-content\/uploads\/2014\/01\/izbor-predsjednika-mesihata-13.jpg\"><img loading=\"lazy\" decoding=\"async\" class=\"alignnone size-full wp-image-99209\" alt=\"izbor predsjednika mesihata 13\" src=\"https:\/\/sandzakpress.net\/arhiva\/wp-content\/uploads\/2014\/01\/izbor-predsjednika-mesihata-13.jpg\" width=\"616\" height=\"410\" \/><\/a><\/strong><\/p>\n<p><strong>Novi Pazar &#8211;\u00a0Izborno tijelo koje \u010dine: \u010dlanovi Sabora, muftije, glavni imami, rukovodioci i muderizi vjersko-prosvjetnih ustanova Islamske zajednice, na zasjedanju odr\u017eanom 04.01.2014. god. u Novom Pazaru, ubjedljivom ve\u0107inom glasova na mjesto predsjednika Me\u0161ihata Islamske zajednice u Srbiji za petogodi\u0161nji mandat izabralo je dr. Mevlud ef. Dudi\u0107a. \u010clanovi Izbornog tijela glasali su izme\u0111u dr. Mevlud ef. Dudi\u0107a i dr. Enver ef. Gici\u0107a. Dr. Dudi\u0107 je dobio 63 glasa, dr. Gici\u0107 8, a jedan listi\u0107 je bio neva\u017ee\u0107i.<\/strong><!--more--><\/p>\n<p>Na istom zasjedanju \u010dlanovi Sabora jednoglasno su izabrali novi sastav Me\u0161ihata, kojeg \u010dine: muftija dr. Mevlud ef. Dudi\u0107, muftija Muamer ef. Zukorli\u0107, muftija Fikret ef. Limani, dr. Enes ef. Svraka, dr. Enver ef. Gici\u0107, Re\u0161ad ef. Plojovi\u0107, hfz. Abdurrahman ef. Kujevi\u0107, Hajro ef. Tuti\u0107, hfz. Irfan ef. Mali\u0107, Ramiz ef. Hamidovi\u0107, Fahrudin ef. \u0106osovi\u0107, Sevder ef. Bajrami, Sulejman ef. Fejzulahu i Fadil ef. Murati.<\/p>\n<p>Nakon okon\u010danja izbornog postupka obratio se novoizabrani predsjednik Me\u0161ihata koji se zahvalio na ukazanom povjerenju i naglasio da \u0107e uz podr\u0161ku \u010dlanova Me\u0161ihata i drugih tijela Islamske zajednice nastojati voditi Zajednicu u pravcu daljeg razvoja, uspostave jedinstva i o\u010duvanja slobode i autonomnosti. U svom govoru dr. Dudi\u0107 se zahvalio i svom protukandidatu na korektnosti i posebno istakao zahvalnost dosada\u0161njem predsjedniku Me\u0161ihata na podr\u0161ci i povjerenju.<\/p>\n<p>Poslije toga prisutnima se obratio dosada\u0161nji predsjednik Me\u0161ihata, muftija sand\u017ea\u010dki Muamer ef. Zukorli\u0107, \u010destitaju\u0107i dr. Dudi\u0107u na izboru za predsjednika Me\u0161ihata, izra\u017eavaju\u0107i mu punu podr\u0161ku, isti\u010du\u0107i da je veoma sretan i ponosan \u0161to prisustvuje demonstraciji zrelosti Islamske zajednice koja ima sna\u017ean tim koji \u0107e je voditi i kojim \u0107e ostvariti puni prosperitet.<\/p>\n<p>Na kraju skupa obratio se izaslanik reisul-uleme mr. Husuen ef. Kavazovi\u0107a, muftija vojni Ismail ef. Smajlovi\u0107, koji je prenio srda\u010dne \u010destitke reisu-l-uleme isti\u010du\u0107i radost \u0161to prisustvuje \u010dinu gdje se na dostojanstven i civilizovan na\u010din vr\u0161e promjene u zajednici, \u0161to garantuje njenu svijetlu budu\u0107nost.<\/p>\n<p><a href=\"https:\/\/sandzakpress.net\/arhiva\/wp-content\/uploads\/2014\/01\/izbor-predsjednika-mesihata-01.jpg\"><img loading=\"lazy\" decoding=\"async\" class=\"alignnone size-full wp-image-99197\" alt=\"izbor predsjednika mesihata 01\" src=\"https:\/\/sandzakpress.net\/arhiva\/wp-content\/uploads\/2014\/01\/izbor-predsjednika-mesihata-01.jpg\" width=\"616\" height=\"410\" \/><\/a> <a href=\"https:\/\/sandzakpress.net\/arhiva\/wp-content\/uploads\/2014\/01\/izbor-predsjednika-mesihata-02.jpg\"><img loading=\"lazy\" decoding=\"async\" class=\"alignnone size-full wp-image-99198\" alt=\"izbor predsjednika mesihata 02\" src=\"https:\/\/sandzakpress.net\/arhiva\/wp-content\/uploads\/2014\/01\/izbor-predsjednika-mesihata-02.jpg\" width=\"616\" height=\"410\" \/><\/a> <a href=\"https:\/\/sandzakpress.net\/arhiva\/wp-content\/uploads\/2014\/01\/izbor-predsjednika-mesihata-03.jpg\"><img loading=\"lazy\" decoding=\"async\" class=\"alignnone size-full wp-image-99199\" alt=\"izbor predsjednika mesihata 03\" src=\"https:\/\/sandzakpress.net\/arhiva\/wp-content\/uploads\/2014\/01\/izbor-predsjednika-mesihata-03.jpg\" width=\"616\" height=\"410\" \/><\/a> <a href=\"https:\/\/sandzakpress.net\/arhiva\/wp-content\/uploads\/2014\/01\/izbor-predsjednika-mesihata-04.jpg\"><img loading=\"lazy\" decoding=\"async\" class=\"alignnone size-full wp-image-99200\" alt=\"izbor predsjednika mesihata 04\" src=\"https:\/\/sandzakpress.net\/arhiva\/wp-content\/uploads\/2014\/01\/izbor-predsjednika-mesihata-04.jpg\" width=\"410\" height=\"616\" \/><\/a> <a href=\"https:\/\/sandzakpress.net\/arhiva\/wp-content\/uploads\/2014\/01\/izbor-predsjednika-mesihata-05.jpg\"><img loading=\"lazy\" decoding=\"async\" class=\"alignnone size-full wp-image-99201\" alt=\"izbor predsjednika mesihata 05\" src=\"https:\/\/sandzakpress.net\/arhiva\/wp-content\/uploads\/2014\/01\/izbor-predsjednika-mesihata-05.jpg\" width=\"616\" height=\"410\" \/><\/a> <a href=\"https:\/\/sandzakpress.net\/arhiva\/wp-content\/uploads\/2014\/01\/izbor-predsjednika-mesihata-06.jpg\"><img loading=\"lazy\" decoding=\"async\" class=\"alignnone size-full wp-image-99202\" alt=\"izbor predsjednika mesihata 06\" src=\"https:\/\/sandzakpress.net\/arhiva\/wp-content\/uploads\/2014\/01\/izbor-predsjednika-mesihata-06.jpg\" width=\"616\" height=\"410\" \/><\/a> <a href=\"https:\/\/sandzakpress.net\/arhiva\/wp-content\/uploads\/2014\/01\/izbor-predsjednika-mesihata-07.jpg\"><img loading=\"lazy\" decoding=\"async\" class=\"alignnone size-full wp-image-99203\" alt=\"izbor predsjednika mesihata 07\" src=\"https:\/\/sandzakpress.net\/arhiva\/wp-content\/uploads\/2014\/01\/izbor-predsjednika-mesihata-07.jpg\" width=\"616\" height=\"926\" \/><\/a> <a href=\"https:\/\/sandzakpress.net\/arhiva\/wp-content\/uploads\/2014\/01\/izbor-predsjednika-mesihata-08.jpg\"><img loading=\"lazy\" decoding=\"async\" class=\"alignnone size-full wp-image-99204\" alt=\"izbor predsjednika mesihata 08\" src=\"https:\/\/sandzakpress.net\/arhiva\/wp-content\/uploads\/2014\/01\/izbor-predsjednika-mesihata-08.jpg\" width=\"410\" height=\"616\" \/><\/a> <a href=\"https:\/\/sandzakpress.net\/arhiva\/wp-content\/uploads\/2014\/01\/izbor-predsjednika-mesihata-09.jpg\"><img loading=\"lazy\" decoding=\"async\" class=\"alignnone size-full wp-image-99205\" alt=\"izbor predsjednika mesihata 09\" src=\"https:\/\/sandzakpress.net\/arhiva\/wp-content\/uploads\/2014\/01\/izbor-predsjednika-mesihata-09.jpg\" width=\"616\" height=\"926\" \/><\/a> <a href=\"https:\/\/sandzakpress.net\/arhiva\/wp-content\/uploads\/2014\/01\/izbor-predsjednika-mesihata-10.jpg\"><img loading=\"lazy\" decoding=\"async\" class=\"alignnone size-full wp-image-99206\" alt=\"izbor predsjednika mesihata 10\" src=\"https:\/\/sandzakpress.net\/arhiva\/wp-content\/uploads\/2014\/01\/izbor-predsjednika-mesihata-10.jpg\" width=\"616\" height=\"410\" \/><\/a> <a href=\"https:\/\/sandzakpress.net\/arhiva\/wp-content\/uploads\/2014\/01\/izbor-predsjednika-mesihata-11.jpg\"><img loading=\"lazy\" decoding=\"async\" class=\"alignnone size-full wp-image-99207\" alt=\"izbor predsjednika mesihata 11\" src=\"https:\/\/sandzakpress.net\/arhiva\/wp-content\/uploads\/2014\/01\/izbor-predsjednika-mesihata-11.jpg\" width=\"616\" height=\"410\" \/><\/a> <a href=\"https:\/\/sandzakpress.net\/arhiva\/wp-content\/uploads\/2014\/01\/izbor-predsjednika-mesihata-12.jpg\"><img loading=\"lazy\" decoding=\"async\" class=\"alignnone size-full wp-image-99208\" alt=\"izbor predsjednika mesihata 12\" src=\"https:\/\/sandzakpress.net\/arhiva\/wp-content\/uploads\/2014\/01\/izbor-predsjednika-mesihata-12.jpg\" width=\"616\" height=\"410\" \/><\/a> <a href=\"https:\/\/sandzakpress.net\/arhiva\/wp-content\/uploads\/2014\/01\/izbor-predsjednika-mesihata-14.jpg\"><img loading=\"lazy\" decoding=\"async\" class=\"alignnone size-full wp-image-99210\" alt=\"izbor predsjednika mesihata 14\" src=\"https:\/\/sandzakpress.net\/arhiva\/wp-content\/uploads\/2014\/01\/izbor-predsjednika-mesihata-14.jpg\" width=\"616\" height=\"410\" \/><\/a> <a href=\"https:\/\/sandzakpress.net\/arhiva\/wp-content\/uploads\/2014\/01\/izbor-predsjednika-mesihata-15.jpg\"><img loading=\"lazy\" decoding=\"async\" class=\"alignnone size-full wp-image-99211\" alt=\"izbor predsjednika mesihata 15\" src=\"https:\/\/sandzakpress.net\/arhiva\/wp-content\/uploads\/2014\/01\/izbor-predsjednika-mesihata-15.jpg\" width=\"616\" height=\"410\" \/><\/a> <a href=\"https:\/\/sandzakpress.net\/arhiva\/wp-content\/uploads\/2014\/01\/izbor-predsjednika-mesihata-16.jpg\"><img loading=\"lazy\" decoding=\"async\" class=\"alignnone size-full wp-image-99212\" alt=\"izbor predsjednika mesihata 16\" src=\"https:\/\/sandzakpress.net\/arhiva\/wp-content\/uploads\/2014\/01\/izbor-predsjednika-mesihata-16.jpg\" width=\"616\" height=\"410\" \/><\/a> <a href=\"https:\/\/sandzakpress.net\/arhiva\/wp-content\/uploads\/2014\/01\/izbor-predsjednika-mesihata-17.jpg\"><img loading=\"lazy\" decoding=\"async\" class=\"alignnone size-full wp-image-99213\" alt=\"izbor predsjednika mesihata 17\" src=\"https:\/\/sandzakpress.net\/arhiva\/wp-content\/uploads\/2014\/01\/izbor-predsjednika-mesihata-17.jpg\" width=\"616\" height=\"410\" \/><\/a> <a href=\"https:\/\/sandzakpress.net\/arhiva\/wp-content\/uploads\/2014\/01\/izbor-predsjednika-mesihata-18.jpg\"><img loading=\"lazy\" decoding=\"async\" class=\"alignnone size-full wp-image-99214\" alt=\"izbor predsjednika mesihata 18\" src=\"https:\/\/sandzakpress.net\/arhiva\/wp-content\/uploads\/2014\/01\/izbor-predsjednika-mesihata-18.jpg\" width=\"616\" height=\"410\" \/><\/a> <a href=\"https:\/\/sandzakpress.net\/arhiva\/wp-content\/uploads\/2014\/01\/izbor-predsjednika-mesihata-19.jpg\"><img loading=\"lazy\" decoding=\"async\" class=\"alignnone size-full wp-image-99215\" alt=\"izbor predsjednika mesihata 19\" src=\"https:\/\/sandzakpress.net\/arhiva\/wp-content\/uploads\/2014\/01\/izbor-predsjednika-mesihata-19.jpg\" width=\"616\" height=\"410\" \/><\/a> <a href=\"https:\/\/sandzakpress.net\/arhiva\/wp-content\/uploads\/2014\/01\/izbor-predsjednika-mesihata-20.jpg\"><img loading=\"lazy\" decoding=\"async\" class=\"alignnone size-full wp-image-99216\" alt=\"izbor predsjednika mesihata 20\" src=\"https:\/\/sandzakpress.net\/arhiva\/wp-content\/uploads\/2014\/01\/izbor-predsjednika-mesihata-20.jpg\" width=\"616\" height=\"410\" \/><\/a> <a href=\"https:\/\/sandzakpress.net\/arhiva\/wp-content\/uploads\/2014\/01\/izbor-predsjednika-mesihata-21.jpg\"><img loading=\"lazy\" decoding=\"async\" class=\"alignnone size-full wp-image-99217\" alt=\"izbor predsjednika mesihata 21\" src=\"https:\/\/sandzakpress.net\/arhiva\/wp-content\/uploads\/2014\/01\/izbor-predsjednika-mesihata-21.jpg\" width=\"616\" height=\"410\" \/><\/a><\/p>\n<p><span style=\"line-height: 1.5em;\">(Mesihat.org)<\/span><\/p>\n","protected":false},"excerpt":{"rendered":"<p>Novi Pazar &#8211;\u00a0Izborno tijelo koje \u010dine: \u010dlanovi Sabora, muftije, glavni imami, rukovodioci i muderizi vjersko-prosvjetnih ustanova Islamske zajednice, na zasjedanju odr\u017eanom 04.01.2014. god. u Novom Pazaru, ubjedljivom ve\u0107inom glasova na mjesto predsjednika Me\u0161ihata Islamske zajednice u Srbiji za petogodi\u0161nji mandat izabralo je dr. Mevlud ef. Dudi\u0107a. \u010clanovi Izbornog tijela glasali su izme\u0111u dr. Mevlud ef. [&hellip;]<\/p>\n","protected":false},"author":83,"featured_media":99209,"comment_status":"open","ping_status":"open","sticky":false,"template":"","format":"standard","meta":{"footnotes":""},"categories":[72,802,8957],"tags":[10271,10204],"class_list":{"0":"post-99196","1":"post","2":"type-post","3":"status-publish","4":"format-standard","5":"has-post-thumbnail","7":"category-novi-pazar","8":"category-islamska_zajednica","9":"category-vijesti-dana","10":"tag-mevlud-dudic","11":"tag-muftija-muamer-zukorlic"},"yoast_head":"<!-- This site is optimized with the Yoast SEO Premium plugin v23.1 (Yoast SEO v24.9) - https:\/\/yoast.com\/wordpress\/plugins\/seo\/ -->\n<title>Dr. Mevlud ef. Dudi\u0107 novi predsjednik Me\u0161ihata Islamske zajednice u Srbiji<\/title>\n<meta name=\"robots\" content=\"index, follow, max-snippet:-1, max-image-preview:large, max-video-preview:-1\" \/>\n<link rel=\"canonical\" href=\"https:\/\/sandzakpress.net\/arhiva\/dr-mevlud-ef-dudic-novi-predsjednik-mesihata-islamske-zajednice-u-srbiji\/\" \/>\n<meta property=\"og:locale\" content=\"bs_BA\" \/>\n<meta property=\"og:type\" content=\"article\" \/>\n<meta property=\"og:title\" content=\"Dr. Mevlud ef. Dudi\u0107 novi predsjednik Me\u0161ihata Islamske zajednice u Srbiji\" \/>\n<meta property=\"og:description\" content=\"Novi Pazar &#8211;\u00a0Izborno tijelo koje \u010dine: \u010dlanovi Sabora, muftije, glavni imami, rukovodioci i muderizi vjersko-prosvjetnih ustanova Islamske zajednice, na zasjedanju odr\u017eanom 04.01.2014. god. u Novom Pazaru, ubjedljivom ve\u0107inom glasova na mjesto predsjednika Me\u0161ihata Islamske zajednice u Srbiji za petogodi\u0161nji mandat izabralo je dr. Mevlud ef. Dudi\u0107a. \u010clanovi Izbornog tijela glasali su izme\u0111u dr. Mevlud ef. [&hellip;]\" \/>\n<meta property=\"og:url\" content=\"https:\/\/sandzakpress.net\/arhiva\/dr-mevlud-ef-dudic-novi-predsjednik-mesihata-islamske-zajednice-u-srbiji\/\" \/>\n<meta property=\"og:site_name\" content=\"Sand\u017eak PRESS\" \/>\n<meta property=\"article:published_time\" content=\"2014-01-04T15:10:36+00:00\" \/>\n<meta property=\"og:image\" content=\"https:\/\/sandzakpress.net\/arhiva\/wp-content\/uploads\/2014\/01\/izbor-predsjednika-mesihata-13.jpg\" \/>\n\t<meta property=\"og:image:width\" content=\"616\" \/>\n\t<meta property=\"og:image:height\" content=\"410\" \/>\n\t<meta property=\"og:image:type\" content=\"image\/jpeg\" \/>\n<meta name=\"author\" content=\"bosniak\" \/>\n<meta name=\"twitter:card\" content=\"summary_large_image\" \/>\n<meta name=\"twitter:label1\" content=\"Written by\" \/>\n\t<meta name=\"twitter:data1\" content=\"bosniak\" \/>\n\t<meta name=\"twitter:label2\" content=\"Est. reading time\" \/>\n\t<meta name=\"twitter:data2\" content=\"2 minute\" \/>\n<script type=\"application\/ld+json\" class=\"yoast-schema-graph\">{\"@context\":\"https:\/\/schema.org\",\"@graph\":[{\"@type\":\"Article\",\"@id\":\"https:\/\/sandzakpress.net\/arhiva\/dr-mevlud-ef-dudic-novi-predsjednik-mesihata-islamske-zajednice-u-srbiji\/#article\",\"isPartOf\":{\"@id\":\"https:\/\/sandzakpress.net\/arhiva\/dr-mevlud-ef-dudic-novi-predsjednik-mesihata-islamske-zajednice-u-srbiji\/\"},\"author\":{\"name\":\"bosniak\",\"@id\":\"https:\/\/sandzakpress.net\/arhiva\/#\/schema\/person\/c8baee722073534b583ea7bdb2e36c02\"},\"headline\":\"Dr. Mevlud ef. Dudi\u0107 novi predsjednik Me\u0161ihata Islamske zajednice u Srbiji\",\"datePublished\":\"2014-01-04T15:10:36+00:00\",\"mainEntityOfPage\":{\"@id\":\"https:\/\/sandzakpress.net\/arhiva\/dr-mevlud-ef-dudic-novi-predsjednik-mesihata-islamske-zajednice-u-srbiji\/\"},\"wordCount\":352,\"commentCount\":44,\"publisher\":{\"@id\":\"https:\/\/sandzakpress.net\/arhiva\/#\/schema\/person\/6e72b67d6e51910a1117b3b483ba20bd\"},\"image\":{\"@id\":\"https:\/\/sandzakpress.net\/arhiva\/dr-mevlud-ef-dudic-novi-predsjednik-mesihata-islamske-zajednice-u-srbiji\/#primaryimage\"},\"thumbnailUrl\":\"https:\/\/sandzakpress.net\/arhiva\/wp-content\/uploads\/2014\/01\/izbor-predsjednika-mesihata-13.jpg\",\"keywords\":[\"Mevlud Dudi\u0107\",\"muftija Muamer Zukorli\u0107\"],\"articleSection\":[\"Novi Pazar\",\"Islamska zajednica\",\"VIJESTI DANA\"],\"inLanguage\":\"bs-BA\",\"potentialAction\":[{\"@type\":\"CommentAction\",\"name\":\"Comment\",\"target\":[\"https:\/\/sandzakpress.net\/arhiva\/dr-mevlud-ef-dudic-novi-predsjednik-mesihata-islamske-zajednice-u-srbiji\/#respond\"]}]},{\"@type\":\"WebPage\",\"@id\":\"https:\/\/sandzakpress.net\/arhiva\/dr-mevlud-ef-dudic-novi-predsjednik-mesihata-islamske-zajednice-u-srbiji\/\",\"url\":\"https:\/\/sandzakpress.net\/arhiva\/dr-mevlud-ef-dudic-novi-predsjednik-mesihata-islamske-zajednice-u-srbiji\/\",\"name\":\"Dr. Mevlud ef. Dudi\u0107 novi predsjednik Me\u0161ihata Islamske zajednice u Srbiji\",\"isPartOf\":{\"@id\":\"https:\/\/sandzakpress.net\/arhiva\/#website\"},\"primaryImageOfPage\":{\"@id\":\"https:\/\/sandzakpress.net\/arhiva\/dr-mevlud-ef-dudic-novi-predsjednik-mesihata-islamske-zajednice-u-srbiji\/#primaryimage\"},\"image\":{\"@id\":\"https:\/\/sandzakpress.net\/arhiva\/dr-mevlud-ef-dudic-novi-predsjednik-mesihata-islamske-zajednice-u-srbiji\/#primaryimage\"},\"thumbnailUrl\":\"https:\/\/sandzakpress.net\/arhiva\/wp-content\/uploads\/2014\/01\/izbor-predsjednika-mesihata-13.jpg\",\"datePublished\":\"2014-01-04T15:10:36+00:00\",\"breadcrumb\":{\"@id\":\"https:\/\/sandzakpress.net\/arhiva\/dr-mevlud-ef-dudic-novi-predsjednik-mesihata-islamske-zajednice-u-srbiji\/#breadcrumb\"},\"inLanguage\":\"bs-BA\",\"potentialAction\":[{\"@type\":\"ReadAction\",\"target\":[\"https:\/\/sandzakpress.net\/arhiva\/dr-mevlud-ef-dudic-novi-predsjednik-mesihata-islamske-zajednice-u-srbiji\/\"]}]},{\"@type\":\"ImageObject\",\"inLanguage\":\"bs-BA\",\"@id\":\"https:\/\/sandzakpress.net\/arhiva\/dr-mevlud-ef-dudic-novi-predsjednik-mesihata-islamske-zajednice-u-srbiji\/#primaryimage\",\"url\":\"https:\/\/sandzakpress.net\/arhiva\/wp-content\/uploads\/2014\/01\/izbor-predsjednika-mesihata-13.jpg\",\"contentUrl\":\"https:\/\/sandzakpress.net\/arhiva\/wp-content\/uploads\/2014\/01\/izbor-predsjednika-mesihata-13.jpg\",\"width\":616,\"height\":410},{\"@type\":\"BreadcrumbList\",\"@id\":\"https:\/\/sandzakpress.net\/arhiva\/dr-mevlud-ef-dudic-novi-predsjednik-mesihata-islamske-zajednice-u-srbiji\/#breadcrumb\",\"itemListElement\":[{\"@type\":\"ListItem\",\"position\":1,\"name\":\"Home\",\"item\":\"https:\/\/sandzakpress.net\/arhiva\/\"},{\"@type\":\"ListItem\",\"position\":2,\"name\":\"Dr. Mevlud ef. Dudi\u0107 novi predsjednik Me\u0161ihata Islamske zajednice u Srbiji\"}]},{\"@type\":\"WebSite\",\"@id\":\"https:\/\/sandzakpress.net\/arhiva\/#website\",\"url\":\"https:\/\/sandzakpress.net\/arhiva\/\",\"name\":\"Sand\u017eak PRESS\",\"description\":\"Prve elektronske novine u Sand\u017eaku\",\"publisher\":{\"@id\":\"https:\/\/sandzakpress.net\/arhiva\/#\/schema\/person\/6e72b67d6e51910a1117b3b483ba20bd\"},\"potentialAction\":[{\"@type\":\"SearchAction\",\"target\":{\"@type\":\"EntryPoint\",\"urlTemplate\":\"https:\/\/sandzakpress.net\/arhiva\/?s={search_term_string}\"},\"query-input\":{\"@type\":\"PropertyValueSpecification\",\"valueRequired\":true,\"valueName\":\"search_term_string\"}}],\"inLanguage\":\"bs-BA\"},{\"@type\":[\"Person\",\"Organization\"],\"@id\":\"https:\/\/sandzakpress.net\/arhiva\/#\/schema\/person\/6e72b67d6e51910a1117b3b483ba20bd\",\"name\":\"Kul\",\"image\":{\"@type\":\"ImageObject\",\"inLanguage\":\"bs-BA\",\"@id\":\"https:\/\/sandzakpress.net\/arhiva\/#\/schema\/person\/image\/\",\"url\":\"https:\/\/secure.gravatar.com\/avatar\/42263f39aa27ac04c43cab85c280eb2e?s=96&d=mm&r=pg\",\"contentUrl\":\"https:\/\/secure.gravatar.com\/avatar\/42263f39aa27ac04c43cab85c280eb2e?s=96&d=mm&r=pg\",\"caption\":\"Kul\"},\"logo\":{\"@id\":\"https:\/\/sandzakpress.net\/arhiva\/#\/schema\/person\/image\/\"}},{\"@type\":\"Person\",\"@id\":\"https:\/\/sandzakpress.net\/arhiva\/#\/schema\/person\/c8baee722073534b583ea7bdb2e36c02\",\"name\":\"bosniak\",\"image\":{\"@type\":\"ImageObject\",\"inLanguage\":\"bs-BA\",\"@id\":\"https:\/\/sandzakpress.net\/arhiva\/#\/schema\/person\/image\/\",\"url\":\"https:\/\/secure.gravatar.com\/avatar\/a04fd330bfe3a36a72a0ad4a6d89fca7?s=96&d=mm&r=pg\",\"contentUrl\":\"https:\/\/secure.gravatar.com\/avatar\/a04fd330bfe3a36a72a0ad4a6d89fca7?s=96&d=mm&r=pg\",\"caption\":\"bosniak\"},\"url\":\"https:\/\/sandzakpress.net\/arhiva\/author\/bosniak\/\"}]}<\/script>\n<!-- \/ Yoast SEO Premium plugin. -->","yoast_head_json":{"title":"Dr. Mevlud ef. Dudi\u0107 novi predsjednik Me\u0161ihata Islamske zajednice u Srbiji","robots":{"index":"index","follow":"follow","max-snippet":"max-snippet:-1","max-image-preview":"max-image-preview:large","max-video-preview":"max-video-preview:-1"},"canonical":"https:\/\/sandzakpress.net\/arhiva\/dr-mevlud-ef-dudic-novi-predsjednik-mesihata-islamske-zajednice-u-srbiji\/","og_locale":"bs_BA","og_type":"article","og_title":"Dr. Mevlud ef. Dudi\u0107 novi predsjednik Me\u0161ihata Islamske zajednice u Srbiji","og_description":"Novi Pazar &#8211;\u00a0Izborno tijelo koje \u010dine: \u010dlanovi Sabora, muftije, glavni imami, rukovodioci i muderizi vjersko-prosvjetnih ustanova Islamske zajednice, na zasjedanju odr\u017eanom 04.01.2014. god. u Novom Pazaru, ubjedljivom ve\u0107inom glasova na mjesto predsjednika Me\u0161ihata Islamske zajednice u Srbiji za petogodi\u0161nji mandat izabralo je dr. Mevlud ef. Dudi\u0107a. \u010clanovi Izbornog tijela glasali su izme\u0111u dr. Mevlud ef. [&hellip;]","og_url":"https:\/\/sandzakpress.net\/arhiva\/dr-mevlud-ef-dudic-novi-predsjednik-mesihata-islamske-zajednice-u-srbiji\/","og_site_name":"Sand\u017eak PRESS","article_published_time":"2014-01-04T15:10:36+00:00","og_image":[{"width":616,"height":410,"url":"https:\/\/sandzakpress.net\/arhiva\/wp-content\/uploads\/2014\/01\/izbor-predsjednika-mesihata-13.jpg","type":"image\/jpeg"}],"author":"bosniak","twitter_card":"summary_large_image","twitter_misc":{"Written by":"bosniak","Est. reading time":"2 minute"},"schema":{"@context":"https:\/\/schema.org","@graph":[{"@type":"Article","@id":"https:\/\/sandzakpress.net\/arhiva\/dr-mevlud-ef-dudic-novi-predsjednik-mesihata-islamske-zajednice-u-srbiji\/#article","isPartOf":{"@id":"https:\/\/sandzakpress.net\/arhiva\/dr-mevlud-ef-dudic-novi-predsjednik-mesihata-islamske-zajednice-u-srbiji\/"},"author":{"name":"bosniak","@id":"https:\/\/sandzakpress.net\/arhiva\/#\/schema\/person\/c8baee722073534b583ea7bdb2e36c02"},"headline":"Dr. Mevlud ef. Dudi\u0107 novi predsjednik Me\u0161ihata Islamske zajednice u Srbiji","datePublished":"2014-01-04T15:10:36+00:00","mainEntityOfPage":{"@id":"https:\/\/sandzakpress.net\/arhiva\/dr-mevlud-ef-dudic-novi-predsjednik-mesihata-islamske-zajednice-u-srbiji\/"},"wordCount":352,"commentCount":44,"publisher":{"@id":"https:\/\/sandzakpress.net\/arhiva\/#\/schema\/person\/6e72b67d6e51910a1117b3b483ba20bd"},"image":{"@id":"https:\/\/sandzakpress.net\/arhiva\/dr-mevlud-ef-dudic-novi-predsjednik-mesihata-islamske-zajednice-u-srbiji\/#primaryimage"},"thumbnailUrl":"https:\/\/sandzakpress.net\/arhiva\/wp-content\/uploads\/2014\/01\/izbor-predsjednika-mesihata-13.jpg","keywords":["Mevlud Dudi\u0107","muftija Muamer Zukorli\u0107"],"articleSection":["Novi Pazar","Islamska zajednica","VIJESTI DANA"],"inLanguage":"bs-BA","potentialAction":[{"@type":"CommentAction","name":"Comment","target":["https:\/\/sandzakpress.net\/arhiva\/dr-mevlud-ef-dudic-novi-predsjednik-mesihata-islamske-zajednice-u-srbiji\/#respond"]}]},{"@type":"WebPage","@id":"https:\/\/sandzakpress.net\/arhiva\/dr-mevlud-ef-dudic-novi-predsjednik-mesihata-islamske-zajednice-u-srbiji\/","url":"https:\/\/sandzakpress.net\/arhiva\/dr-mevlud-ef-dudic-novi-predsjednik-mesihata-islamske-zajednice-u-srbiji\/","name":"Dr. Mevlud ef. Dudi\u0107 novi predsjednik Me\u0161ihata Islamske zajednice u Srbiji","isPartOf":{"@id":"https:\/\/sandzakpress.net\/arhiva\/#website"},"primaryImageOfPage":{"@id":"https:\/\/sandzakpress.net\/arhiva\/dr-mevlud-ef-dudic-novi-predsjednik-mesihata-islamske-zajednice-u-srbiji\/#primaryimage"},"image":{"@id":"https:\/\/sandzakpress.net\/arhiva\/dr-mevlud-ef-dudic-novi-predsjednik-mesihata-islamske-zajednice-u-srbiji\/#primaryimage"},"thumbnailUrl":"https:\/\/sandzakpress.net\/arhiva\/wp-content\/uploads\/2014\/01\/izbor-predsjednika-mesihata-13.jpg","datePublished":"2014-01-04T15:10:36+00:00","breadcrumb":{"@id":"https:\/\/sandzakpress.net\/arhiva\/dr-mevlud-ef-dudic-novi-predsjednik-mesihata-islamske-zajednice-u-srbiji\/#breadcrumb"},"inLanguage":"bs-BA","potentialAction":[{"@type":"ReadAction","target":["https:\/\/sandzakpress.net\/arhiva\/dr-mevlud-ef-dudic-novi-predsjednik-mesihata-islamske-zajednice-u-srbiji\/"]}]},{"@type":"ImageObject","inLanguage":"bs-BA","@id":"https:\/\/sandzakpress.net\/arhiva\/dr-mevlud-ef-dudic-novi-predsjednik-mesihata-islamske-zajednice-u-srbiji\/#primaryimage","url":"https:\/\/sandzakpress.net\/arhiva\/wp-content\/uploads\/2014\/01\/izbor-predsjednika-mesihata-13.jpg","contentUrl":"https:\/\/sandzakpress.net\/arhiva\/wp-content\/uploads\/2014\/01\/izbor-predsjednika-mesihata-13.jpg","width":616,"height":410},{"@type":"BreadcrumbList","@id":"https:\/\/sandzakpress.net\/arhiva\/dr-mevlud-ef-dudic-novi-predsjednik-mesihata-islamske-zajednice-u-srbiji\/#breadcrumb","itemListElement":[{"@type":"ListItem","position":1,"name":"Home","item":"https:\/\/sandzakpress.net\/arhiva\/"},{"@type":"ListItem","position":2,"name":"Dr. Mevlud ef. Dudi\u0107 novi predsjednik Me\u0161ihata Islamske zajednice u Srbiji"}]},{"@type":"WebSite","@id":"https:\/\/sandzakpress.net\/arhiva\/#website","url":"https:\/\/sandzakpress.net\/arhiva\/","name":"Sand\u017eak PRESS","description":"Prve elektronske novine u Sand\u017eaku","publisher":{"@id":"https:\/\/sandzakpress.net\/arhiva\/#\/schema\/person\/6e72b67d6e51910a1117b3b483ba20bd"},"potentialAction":[{"@type":"SearchAction","target":{"@type":"EntryPoint","urlTemplate":"https:\/\/sandzakpress.net\/arhiva\/?s={search_term_string}"},"query-input":{"@type":"PropertyValueSpecification","valueRequired":true,"valueName":"search_term_string"}}],"inLanguage":"bs-BA"},{"@type":["Person","Organization"],"@id":"https:\/\/sandzakpress.net\/arhiva\/#\/schema\/person\/6e72b67d6e51910a1117b3b483ba20bd","name":"Kul","image":{"@type":"ImageObject","inLanguage":"bs-BA","@id":"https:\/\/sandzakpress.net\/arhiva\/#\/schema\/person\/image\/","url":"https:\/\/secure.gravatar.com\/avatar\/42263f39aa27ac04c43cab85c280eb2e?s=96&d=mm&r=pg","contentUrl":"https:\/\/secure.gravatar.com\/avatar\/42263f39aa27ac04c43cab85c280eb2e?s=96&d=mm&r=pg","caption":"Kul"},"logo":{"@id":"https:\/\/sandzakpress.net\/arhiva\/#\/schema\/person\/image\/"}},{"@type":"Person","@id":"https:\/\/sandzakpress.net\/arhiva\/#\/schema\/person\/c8baee722073534b583ea7bdb2e36c02","name":"bosniak","image":{"@type":"ImageObject","inLanguage":"bs-BA","@id":"https:\/\/sandzakpress.net\/arhiva\/#\/schema\/person\/image\/","url":"https:\/\/secure.gravatar.com\/avatar\/a04fd330bfe3a36a72a0ad4a6d89fca7?s=96&d=mm&r=pg","contentUrl":"https:\/\/secure.gravatar.com\/avatar\/a04fd330bfe3a36a72a0ad4a6d89fca7?s=96&d=mm&r=pg","caption":"bosniak"},"url":"https:\/\/sandzakpress.net\/arhiva\/author\/bosniak\/"}]}},"_links":{"self":[{"href":"https:\/\/sandzakpress.net\/arhiva\/wp-json\/wp\/v2\/posts\/99196"}],"collection":[{"href":"https:\/\/sandzakpress.net\/arhiva\/wp-json\/wp\/v2\/posts"}],"about":[{"href":"https:\/\/sandzakpress.net\/arhiva\/wp-json\/wp\/v2\/types\/post"}],"author":[{"embeddable":true,"href":"https:\/\/sandzakpress.net\/arhiva\/wp-json\/wp\/v2\/users\/83"}],"replies":[{"embeddable":true,"href":"https:\/\/sandzakpress.net\/arhiva\/wp-json\/wp\/v2\/comments?post=99196"}],"version-history":[{"count":0,"href":"https:\/\/sandzakpress.net\/arhiva\/wp-json\/wp\/v2\/posts\/99196\/revisions"}],"wp:featuredmedia":[{"embeddable":true,"href":"https:\/\/sandzakpress.net\/arhiva\/wp-json\/wp\/v2\/media\/99209"}],"wp:attachment":[{"href":"https:\/\/sandzakpress.net\/arhiva\/wp-json\/wp\/v2\/media?parent=99196"}],"wp:term":[{"taxonomy":"category","embeddable":true,"href":"https:\/\/sandzakpress.net\/arhiva\/wp-json\/wp\/v2\/categories?post=99196"},{"taxonomy":"post_tag","embeddable":true,"href":"https:\/\/sandzakpress.net\/arhiva\/wp-json\/wp\/v2\/tags?post=99196"}],"curies":[{"name":"wp","href":"https:\/\/api.w.org\/{rel}","templated":true}]}}