{"id":99166,"date":"2014-01-03T17:40:56","date_gmt":"2014-01-03T16:40:56","guid":{"rendered":"https:\/\/sandzakpress.net\/arhiva\/?p=99166"},"modified":"2014-01-03T17:40:56","modified_gmt":"2014-01-03T16:40:56","slug":"mirza-ganic-se-javio-preko-facebooka-ziv-sam-nisam-poginuo","status":"publish","type":"post","link":"https:\/\/sandzakpress.net\/arhiva\/mirza-ganic-se-javio-preko-facebooka-ziv-sam-nisam-poginuo\/","title":{"rendered":"Mirza Gani\u0107 se javio preko facebooka: &#8216;\u017div sam, nisam poginuo&#8217;"},"content":{"rendered":"<p><img loading=\"lazy\" decoding=\"async\" class=\"aligncenter size-full wp-image-99167\" alt=\"1459934_1390606567850028_320029735_n\" src=\"https:\/\/sandzakpress.net\/arhiva\/wp-content\/uploads\/2014\/01\/1459934_1390606567850028_320029735_n.jpg\" width=\"501\" height=\"681\" \/><\/p>\n<p><strong>Novi Pazar \u2013 Mirza Gani\u0107 za koga se preko facebooka pro\u0161irila vijest da je poginuo u Siriji, Mirza Gani\u0107 se oglasio preko svog facebook profila i javio da je \u017eiv. <\/strong><\/p>\n<p>U poruci se ka\u017ee da je \u201evijest sa profila njegovog bliskog brata neta\u010dna i da je taj profil je bio &#8220;hackovan\u201c:<\/p>\n<p>&nbsp;<\/p>\n<blockquote><p><span style=\"color: #000000;\"> <em><strong>Allah vas pomogao, nemam puno vremena..<\/strong><\/em><\/span><\/p>\n<p><span style=\"color: #000000;\"> <em><strong>Ja Mirza Ganic nisam poginuo ( iako u se ispostavilo da je ta lazna vest obradovala sve nevernike)..<\/strong><\/em><\/span><\/p>\n<p><span style=\"color: #000000;\"> <em><strong>Hvala Allahu. Braca koja su publicirala su dobila vesti sa profila mog bliskog brata a taj profil je bio hackovan..<\/strong><\/em><\/span><\/p>\n<p><span style=\"color: #000000;\"><em><strong>Dovite ljudi. Bilo je u ovome i khajra i sherra (zla).. Uglavnom,ja sam jos tu a Allah najbolje zna razlog. Shehadet je postiglo oko 6 ljudi sa nasih prostora. Dovite za njih i za ranjene.. Allah vas pomogao..<\/strong><\/em><\/span><\/p>\n<p><span style=\"color: #000000;\"><em><strong>Znam da neki nece odmah poverovati ali ja sam. Muslimani ne lazu a kamo li Mudzahidi.Sa osmehom na licu zbog brace i tugom u srcu zbog mene jer sam jos ovde..<\/strong><\/em><\/span><\/p>\n<p><span style=\"color: #000000;\"> <em><strong>Mirza Ganic.. Ako mi mozete uciniti uslugu i prosiriti ovu vjest.<\/strong><\/em><\/span><\/p><\/blockquote>\n<p><img loading=\"lazy\" decoding=\"async\" class=\"aligncenter size-large wp-image-15771\" title=\"Mirza Gani\u0107   \u017div sam, bra\u0107a su mislila da sam poginuo   hakovan je profil mog brata\" alt=\"gani22 600x265 Mirza Gani\u0107   \u017div sam, bra\u0107a su mislila da sam poginuo   hakovan je profil mog brata\" src=\"http:\/\/SandzakHaber.net\/wp-content\/uploads\/2014\/01\/gani22-600x265.jpg\" width=\"600\" height=\"265\" \/><\/p>\n","protected":false},"excerpt":{"rendered":"<p>Mirza Gani\u0107 ipak nije poginuo u Siriji<\/p>\n","protected":false},"author":83,"featured_media":99167,"comment_status":"open","ping_status":"open","sticky":false,"template":"","format":"standard","meta":{"footnotes":""},"categories":[72,5,8957],"tags":[10225],"class_list":{"0":"post-99166","1":"post","2":"type-post","3":"status-publish","4":"format-standard","5":"has-post-thumbnail","7":"category-novi-pazar","8":"category-drustvo","9":"category-vijesti-dana","10":"tag-sirija"},"yoast_head":"<!-- This site is optimized with the Yoast SEO Premium plugin v23.1 (Yoast SEO v24.9) - https:\/\/yoast.com\/wordpress\/plugins\/seo\/ -->\n<title>Mirza Gani\u0107 se javio preko facebooka: &#039;\u017div sam, nisam poginuo&#039;<\/title>\n<meta name=\"robots\" content=\"index, follow, max-snippet:-1, max-image-preview:large, max-video-preview:-1\" \/>\n<link rel=\"canonical\" href=\"https:\/\/sandzakpress.net\/arhiva\/mirza-ganic-se-javio-preko-facebooka-ziv-sam-nisam-poginuo\/\" \/>\n<meta property=\"og:locale\" content=\"bs_BA\" \/>\n<meta property=\"og:type\" content=\"article\" \/>\n<meta property=\"og:title\" content=\"Mirza Gani\u0107 se javio preko facebooka: &#039;\u017div sam, nisam poginuo&#039;\" \/>\n<meta property=\"og:description\" content=\"Mirza Gani\u0107 ipak nije poginuo u Siriji\" \/>\n<meta property=\"og:url\" content=\"https:\/\/sandzakpress.net\/arhiva\/mirza-ganic-se-javio-preko-facebooka-ziv-sam-nisam-poginuo\/\" \/>\n<meta property=\"og:site_name\" content=\"Sand\u017eak PRESS\" \/>\n<meta property=\"article:published_time\" content=\"2014-01-03T16:40:56+00:00\" \/>\n<meta property=\"og:image\" content=\"https:\/\/sandzakpress.net\/arhiva\/wp-content\/uploads\/2014\/01\/1459934_1390606567850028_320029735_n.jpg\" \/>\n\t<meta property=\"og:image:width\" content=\"501\" \/>\n\t<meta property=\"og:image:height\" content=\"681\" \/>\n\t<meta property=\"og:image:type\" content=\"image\/jpeg\" \/>\n<meta name=\"author\" content=\"bosniak\" \/>\n<meta name=\"twitter:card\" content=\"summary_large_image\" \/>\n<meta name=\"twitter:label1\" content=\"Written by\" \/>\n\t<meta name=\"twitter:data1\" content=\"bosniak\" \/>\n\t<meta name=\"twitter:label2\" content=\"Est. reading time\" \/>\n\t<meta name=\"twitter:data2\" content=\"1 minuta\" \/>\n<script type=\"application\/ld+json\" class=\"yoast-schema-graph\">{\"@context\":\"https:\/\/schema.org\",\"@graph\":[{\"@type\":\"Article\",\"@id\":\"https:\/\/sandzakpress.net\/arhiva\/mirza-ganic-se-javio-preko-facebooka-ziv-sam-nisam-poginuo\/#article\",\"isPartOf\":{\"@id\":\"https:\/\/sandzakpress.net\/arhiva\/mirza-ganic-se-javio-preko-facebooka-ziv-sam-nisam-poginuo\/\"},\"author\":{\"name\":\"bosniak\",\"@id\":\"https:\/\/sandzakpress.net\/arhiva\/#\/schema\/person\/c8baee722073534b583ea7bdb2e36c02\"},\"headline\":\"Mirza Gani\u0107 se javio preko facebooka: &#8216;\u017div sam, nisam poginuo&#8217;\",\"datePublished\":\"2014-01-03T16:40:56+00:00\",\"mainEntityOfPage\":{\"@id\":\"https:\/\/sandzakpress.net\/arhiva\/mirza-ganic-se-javio-preko-facebooka-ziv-sam-nisam-poginuo\/\"},\"wordCount\":188,\"commentCount\":37,\"publisher\":{\"@id\":\"https:\/\/sandzakpress.net\/arhiva\/#\/schema\/person\/6e72b67d6e51910a1117b3b483ba20bd\"},\"image\":{\"@id\":\"https:\/\/sandzakpress.net\/arhiva\/mirza-ganic-se-javio-preko-facebooka-ziv-sam-nisam-poginuo\/#primaryimage\"},\"thumbnailUrl\":\"https:\/\/sandzakpress.net\/arhiva\/wp-content\/uploads\/2014\/01\/1459934_1390606567850028_320029735_n.jpg\",\"keywords\":[\"Sirija\"],\"articleSection\":[\"Novi Pazar\",\"Dru\u0161tvo\",\"VIJESTI DANA\"],\"inLanguage\":\"bs-BA\",\"potentialAction\":[{\"@type\":\"CommentAction\",\"name\":\"Comment\",\"target\":[\"https:\/\/sandzakpress.net\/arhiva\/mirza-ganic-se-javio-preko-facebooka-ziv-sam-nisam-poginuo\/#respond\"]}]},{\"@type\":\"WebPage\",\"@id\":\"https:\/\/sandzakpress.net\/arhiva\/mirza-ganic-se-javio-preko-facebooka-ziv-sam-nisam-poginuo\/\",\"url\":\"https:\/\/sandzakpress.net\/arhiva\/mirza-ganic-se-javio-preko-facebooka-ziv-sam-nisam-poginuo\/\",\"name\":\"Mirza Gani\u0107 se javio preko facebooka: '\u017div sam, nisam poginuo'\",\"isPartOf\":{\"@id\":\"https:\/\/sandzakpress.net\/arhiva\/#website\"},\"primaryImageOfPage\":{\"@id\":\"https:\/\/sandzakpress.net\/arhiva\/mirza-ganic-se-javio-preko-facebooka-ziv-sam-nisam-poginuo\/#primaryimage\"},\"image\":{\"@id\":\"https:\/\/sandzakpress.net\/arhiva\/mirza-ganic-se-javio-preko-facebooka-ziv-sam-nisam-poginuo\/#primaryimage\"},\"thumbnailUrl\":\"https:\/\/sandzakpress.net\/arhiva\/wp-content\/uploads\/2014\/01\/1459934_1390606567850028_320029735_n.jpg\",\"datePublished\":\"2014-01-03T16:40:56+00:00\",\"breadcrumb\":{\"@id\":\"https:\/\/sandzakpress.net\/arhiva\/mirza-ganic-se-javio-preko-facebooka-ziv-sam-nisam-poginuo\/#breadcrumb\"},\"inLanguage\":\"bs-BA\",\"potentialAction\":[{\"@type\":\"ReadAction\",\"target\":[\"https:\/\/sandzakpress.net\/arhiva\/mirza-ganic-se-javio-preko-facebooka-ziv-sam-nisam-poginuo\/\"]}]},{\"@type\":\"ImageObject\",\"inLanguage\":\"bs-BA\",\"@id\":\"https:\/\/sandzakpress.net\/arhiva\/mirza-ganic-se-javio-preko-facebooka-ziv-sam-nisam-poginuo\/#primaryimage\",\"url\":\"https:\/\/sandzakpress.net\/arhiva\/wp-content\/uploads\/2014\/01\/1459934_1390606567850028_320029735_n.jpg\",\"contentUrl\":\"https:\/\/sandzakpress.net\/arhiva\/wp-content\/uploads\/2014\/01\/1459934_1390606567850028_320029735_n.jpg\",\"width\":501,\"height\":681},{\"@type\":\"BreadcrumbList\",\"@id\":\"https:\/\/sandzakpress.net\/arhiva\/mirza-ganic-se-javio-preko-facebooka-ziv-sam-nisam-poginuo\/#breadcrumb\",\"itemListElement\":[{\"@type\":\"ListItem\",\"position\":1,\"name\":\"Home\",\"item\":\"https:\/\/sandzakpress.net\/arhiva\/\"},{\"@type\":\"ListItem\",\"position\":2,\"name\":\"Mirza Gani\u0107 se javio preko facebooka: &#8216;\u017div sam, nisam poginuo&#8217;\"}]},{\"@type\":\"WebSite\",\"@id\":\"https:\/\/sandzakpress.net\/arhiva\/#website\",\"url\":\"https:\/\/sandzakpress.net\/arhiva\/\",\"name\":\"Sand\u017eak PRESS\",\"description\":\"Prve elektronske novine u Sand\u017eaku\",\"publisher\":{\"@id\":\"https:\/\/sandzakpress.net\/arhiva\/#\/schema\/person\/6e72b67d6e51910a1117b3b483ba20bd\"},\"potentialAction\":[{\"@type\":\"SearchAction\",\"target\":{\"@type\":\"EntryPoint\",\"urlTemplate\":\"https:\/\/sandzakpress.net\/arhiva\/?s={search_term_string}\"},\"query-input\":{\"@type\":\"PropertyValueSpecification\",\"valueRequired\":true,\"valueName\":\"search_term_string\"}}],\"inLanguage\":\"bs-BA\"},{\"@type\":[\"Person\",\"Organization\"],\"@id\":\"https:\/\/sandzakpress.net\/arhiva\/#\/schema\/person\/6e72b67d6e51910a1117b3b483ba20bd\",\"name\":\"Kul\",\"image\":{\"@type\":\"ImageObject\",\"inLanguage\":\"bs-BA\",\"@id\":\"https:\/\/sandzakpress.net\/arhiva\/#\/schema\/person\/image\/\",\"url\":\"https:\/\/secure.gravatar.com\/avatar\/42263f39aa27ac04c43cab85c280eb2e?s=96&d=mm&r=pg\",\"contentUrl\":\"https:\/\/secure.gravatar.com\/avatar\/42263f39aa27ac04c43cab85c280eb2e?s=96&d=mm&r=pg\",\"caption\":\"Kul\"},\"logo\":{\"@id\":\"https:\/\/sandzakpress.net\/arhiva\/#\/schema\/person\/image\/\"}},{\"@type\":\"Person\",\"@id\":\"https:\/\/sandzakpress.net\/arhiva\/#\/schema\/person\/c8baee722073534b583ea7bdb2e36c02\",\"name\":\"bosniak\",\"image\":{\"@type\":\"ImageObject\",\"inLanguage\":\"bs-BA\",\"@id\":\"https:\/\/sandzakpress.net\/arhiva\/#\/schema\/person\/image\/\",\"url\":\"https:\/\/secure.gravatar.com\/avatar\/a04fd330bfe3a36a72a0ad4a6d89fca7?s=96&d=mm&r=pg\",\"contentUrl\":\"https:\/\/secure.gravatar.com\/avatar\/a04fd330bfe3a36a72a0ad4a6d89fca7?s=96&d=mm&r=pg\",\"caption\":\"bosniak\"},\"url\":\"https:\/\/sandzakpress.net\/arhiva\/author\/bosniak\/\"}]}<\/script>\n<!-- \/ Yoast SEO Premium plugin. -->","yoast_head_json":{"title":"Mirza Gani\u0107 se javio preko facebooka: '\u017div sam, nisam poginuo'","robots":{"index":"index","follow":"follow","max-snippet":"max-snippet:-1","max-image-preview":"max-image-preview:large","max-video-preview":"max-video-preview:-1"},"canonical":"https:\/\/sandzakpress.net\/arhiva\/mirza-ganic-se-javio-preko-facebooka-ziv-sam-nisam-poginuo\/","og_locale":"bs_BA","og_type":"article","og_title":"Mirza Gani\u0107 se javio preko facebooka: '\u017div sam, nisam poginuo'","og_description":"Mirza Gani\u0107 ipak nije poginuo u Siriji","og_url":"https:\/\/sandzakpress.net\/arhiva\/mirza-ganic-se-javio-preko-facebooka-ziv-sam-nisam-poginuo\/","og_site_name":"Sand\u017eak PRESS","article_published_time":"2014-01-03T16:40:56+00:00","og_image":[{"width":501,"height":681,"url":"https:\/\/sandzakpress.net\/arhiva\/wp-content\/uploads\/2014\/01\/1459934_1390606567850028_320029735_n.jpg","type":"image\/jpeg"}],"author":"bosniak","twitter_card":"summary_large_image","twitter_misc":{"Written by":"bosniak","Est. reading time":"1 minuta"},"schema":{"@context":"https:\/\/schema.org","@graph":[{"@type":"Article","@id":"https:\/\/sandzakpress.net\/arhiva\/mirza-ganic-se-javio-preko-facebooka-ziv-sam-nisam-poginuo\/#article","isPartOf":{"@id":"https:\/\/sandzakpress.net\/arhiva\/mirza-ganic-se-javio-preko-facebooka-ziv-sam-nisam-poginuo\/"},"author":{"name":"bosniak","@id":"https:\/\/sandzakpress.net\/arhiva\/#\/schema\/person\/c8baee722073534b583ea7bdb2e36c02"},"headline":"Mirza Gani\u0107 se javio preko facebooka: &#8216;\u017div sam, nisam poginuo&#8217;","datePublished":"2014-01-03T16:40:56+00:00","mainEntityOfPage":{"@id":"https:\/\/sandzakpress.net\/arhiva\/mirza-ganic-se-javio-preko-facebooka-ziv-sam-nisam-poginuo\/"},"wordCount":188,"commentCount":37,"publisher":{"@id":"https:\/\/sandzakpress.net\/arhiva\/#\/schema\/person\/6e72b67d6e51910a1117b3b483ba20bd"},"image":{"@id":"https:\/\/sandzakpress.net\/arhiva\/mirza-ganic-se-javio-preko-facebooka-ziv-sam-nisam-poginuo\/#primaryimage"},"thumbnailUrl":"https:\/\/sandzakpress.net\/arhiva\/wp-content\/uploads\/2014\/01\/1459934_1390606567850028_320029735_n.jpg","keywords":["Sirija"],"articleSection":["Novi Pazar","Dru\u0161tvo","VIJESTI DANA"],"inLanguage":"bs-BA","potentialAction":[{"@type":"CommentAction","name":"Comment","target":["https:\/\/sandzakpress.net\/arhiva\/mirza-ganic-se-javio-preko-facebooka-ziv-sam-nisam-poginuo\/#respond"]}]},{"@type":"WebPage","@id":"https:\/\/sandzakpress.net\/arhiva\/mirza-ganic-se-javio-preko-facebooka-ziv-sam-nisam-poginuo\/","url":"https:\/\/sandzakpress.net\/arhiva\/mirza-ganic-se-javio-preko-facebooka-ziv-sam-nisam-poginuo\/","name":"Mirza Gani\u0107 se javio preko facebooka: '\u017div sam, nisam poginuo'","isPartOf":{"@id":"https:\/\/sandzakpress.net\/arhiva\/#website"},"primaryImageOfPage":{"@id":"https:\/\/sandzakpress.net\/arhiva\/mirza-ganic-se-javio-preko-facebooka-ziv-sam-nisam-poginuo\/#primaryimage"},"image":{"@id":"https:\/\/sandzakpress.net\/arhiva\/mirza-ganic-se-javio-preko-facebooka-ziv-sam-nisam-poginuo\/#primaryimage"},"thumbnailUrl":"https:\/\/sandzakpress.net\/arhiva\/wp-content\/uploads\/2014\/01\/1459934_1390606567850028_320029735_n.jpg","datePublished":"2014-01-03T16:40:56+00:00","breadcrumb":{"@id":"https:\/\/sandzakpress.net\/arhiva\/mirza-ganic-se-javio-preko-facebooka-ziv-sam-nisam-poginuo\/#breadcrumb"},"inLanguage":"bs-BA","potentialAction":[{"@type":"ReadAction","target":["https:\/\/sandzakpress.net\/arhiva\/mirza-ganic-se-javio-preko-facebooka-ziv-sam-nisam-poginuo\/"]}]},{"@type":"ImageObject","inLanguage":"bs-BA","@id":"https:\/\/sandzakpress.net\/arhiva\/mirza-ganic-se-javio-preko-facebooka-ziv-sam-nisam-poginuo\/#primaryimage","url":"https:\/\/sandzakpress.net\/arhiva\/wp-content\/uploads\/2014\/01\/1459934_1390606567850028_320029735_n.jpg","contentUrl":"https:\/\/sandzakpress.net\/arhiva\/wp-content\/uploads\/2014\/01\/1459934_1390606567850028_320029735_n.jpg","width":501,"height":681},{"@type":"BreadcrumbList","@id":"https:\/\/sandzakpress.net\/arhiva\/mirza-ganic-se-javio-preko-facebooka-ziv-sam-nisam-poginuo\/#breadcrumb","itemListElement":[{"@type":"ListItem","position":1,"name":"Home","item":"https:\/\/sandzakpress.net\/arhiva\/"},{"@type":"ListItem","position":2,"name":"Mirza Gani\u0107 se javio preko facebooka: &#8216;\u017div sam, nisam poginuo&#8217;"}]},{"@type":"WebSite","@id":"https:\/\/sandzakpress.net\/arhiva\/#website","url":"https:\/\/sandzakpress.net\/arhiva\/","name":"Sand\u017eak PRESS","description":"Prve elektronske novine u Sand\u017eaku","publisher":{"@id":"https:\/\/sandzakpress.net\/arhiva\/#\/schema\/person\/6e72b67d6e51910a1117b3b483ba20bd"},"potentialAction":[{"@type":"SearchAction","target":{"@type":"EntryPoint","urlTemplate":"https:\/\/sandzakpress.net\/arhiva\/?s={search_term_string}"},"query-input":{"@type":"PropertyValueSpecification","valueRequired":true,"valueName":"search_term_string"}}],"inLanguage":"bs-BA"},{"@type":["Person","Organization"],"@id":"https:\/\/sandzakpress.net\/arhiva\/#\/schema\/person\/6e72b67d6e51910a1117b3b483ba20bd","name":"Kul","image":{"@type":"ImageObject","inLanguage":"bs-BA","@id":"https:\/\/sandzakpress.net\/arhiva\/#\/schema\/person\/image\/","url":"https:\/\/secure.gravatar.com\/avatar\/42263f39aa27ac04c43cab85c280eb2e?s=96&d=mm&r=pg","contentUrl":"https:\/\/secure.gravatar.com\/avatar\/42263f39aa27ac04c43cab85c280eb2e?s=96&d=mm&r=pg","caption":"Kul"},"logo":{"@id":"https:\/\/sandzakpress.net\/arhiva\/#\/schema\/person\/image\/"}},{"@type":"Person","@id":"https:\/\/sandzakpress.net\/arhiva\/#\/schema\/person\/c8baee722073534b583ea7bdb2e36c02","name":"bosniak","image":{"@type":"ImageObject","inLanguage":"bs-BA","@id":"https:\/\/sandzakpress.net\/arhiva\/#\/schema\/person\/image\/","url":"https:\/\/secure.gravatar.com\/avatar\/a04fd330bfe3a36a72a0ad4a6d89fca7?s=96&d=mm&r=pg","contentUrl":"https:\/\/secure.gravatar.com\/avatar\/a04fd330bfe3a36a72a0ad4a6d89fca7?s=96&d=mm&r=pg","caption":"bosniak"},"url":"https:\/\/sandzakpress.net\/arhiva\/author\/bosniak\/"}]}},"_links":{"self":[{"href":"https:\/\/sandzakpress.net\/arhiva\/wp-json\/wp\/v2\/posts\/99166"}],"collection":[{"href":"https:\/\/sandzakpress.net\/arhiva\/wp-json\/wp\/v2\/posts"}],"about":[{"href":"https:\/\/sandzakpress.net\/arhiva\/wp-json\/wp\/v2\/types\/post"}],"author":[{"embeddable":true,"href":"https:\/\/sandzakpress.net\/arhiva\/wp-json\/wp\/v2\/users\/83"}],"replies":[{"embeddable":true,"href":"https:\/\/sandzakpress.net\/arhiva\/wp-json\/wp\/v2\/comments?post=99166"}],"version-history":[{"count":0,"href":"https:\/\/sandzakpress.net\/arhiva\/wp-json\/wp\/v2\/posts\/99166\/revisions"}],"wp:featuredmedia":[{"embeddable":true,"href":"https:\/\/sandzakpress.net\/arhiva\/wp-json\/wp\/v2\/media\/99167"}],"wp:attachment":[{"href":"https:\/\/sandzakpress.net\/arhiva\/wp-json\/wp\/v2\/media?parent=99166"}],"wp:term":[{"taxonomy":"category","embeddable":true,"href":"https:\/\/sandzakpress.net\/arhiva\/wp-json\/wp\/v2\/categories?post=99166"},{"taxonomy":"post_tag","embeddable":true,"href":"https:\/\/sandzakpress.net\/arhiva\/wp-json\/wp\/v2\/tags?post=99166"}],"curies":[{"name":"wp","href":"https:\/\/api.w.org\/{rel}","templated":true}]}}