{"id":99125,"date":"2014-01-01T19:33:16","date_gmt":"2014-01-01T18:33:16","guid":{"rendered":"https:\/\/sandzakpress.net\/arhiva\/?p=99125"},"modified":"2014-01-01T19:33:16","modified_gmt":"2014-01-01T18:33:16","slug":"dok-cijeli-svijet-slavi-etiopija-ce-na-novu-godinu-sacekati-jos-222-dana","status":"publish","type":"post","link":"https:\/\/sandzakpress.net\/arhiva\/dok-cijeli-svijet-slavi-etiopija-ce-na-novu-godinu-sacekati-jos-222-dana\/","title":{"rendered":"Dok cijeli svijet slavi, Etiopija \u0107e na Novu godinu sa\u010dekati jo\u0161 222 dana"},"content":{"rendered":"<p><img decoding=\"async\" alt=\"dok-cijeli-svijet-slavi-etiopija-ce-na-novu-godinu-sacekati-jos-222-dana\" src=\"http:\/\/www.trtbosanski.com\/fotograf\/haberler\/detay\/dok-cijeli-svijet-slavi-etiopija-ce-na-novu-godinu-sacekati-jos-222-dana_trt-bosanski-25296.jpg\" \/><\/p>\n<div>Dok milijarde ljudi \u0161irom svijeta slave dolazak nove 2014. godine, Etiopljanji \u0107e pri\u010dekati jo\u0161 222 dana, kako bi proslavili Novu godinu &#8230; i to 2007. po redu. Etopljanski kalendar se za sedam do osam godina razlikuje od Gregorijanskog, koji koristi ve\u0107ina zemalja dana\u0161njice.<\/div>\n<div><\/div>\n<div>Etiopljanska nova godina pada 11. ili 12. septembra, dok \u0107e gra\u0111ani ove zemlje Bo\u017ei\u0107 proslaviti 7. januara. Isto\u010dne, pravoslavne crkve, uklju\u010duju\u0107i etiopljansku pravoslavnu crkvu i koptsku pravoslavnu crkvu u Egiptu, proslavi\u0107e Bo\u017ei\u0107 istoga dana.<\/div>\n<div><\/div>\n<div>Zapadne, katoli\u010dke crvke, koje koriste Gregorijanski kalendar, Isusovo\u00a0ro\u0111enje\u00a0obilje\u017eavaju 25. decembra.<\/div>\n<div><\/div>\n<div>Etiopljani se ponose njihovim jedinstvenim kalendarom, koji je \u010dak stariji od Gregorijanskog i temelji se uglavnom na kalendaru etiopske pravoslavne crkve.<\/div>\n<div><\/div>\n<div>Gubae Kiflemariam, vjerski vo\u0111a u pravoslavnoj crkvi Bole Medhane Alem, u Addis Abebi, za Anadolu Agency je kazao da su oba kalendara od 13. stolje\u0107a postali manje-vi\u0161e sinhronizirani.<\/div>\n<div><\/div>\n<div>Etiopska ortodoksna crkva je dijelom reformirala svoj kalendar, a time je i nastala razlika od sedam do osam godina sa Gregorijanskim kalendarom.<\/div>\n<div><\/div>\n<div>Etiopljanski kalendar ima mnogo zajedni\u010dkih elemenata sa drevnim koptskim kalendarom: oba imaju 13 mjeseci, od kojih 12 ima po 30 dana, dok posljednji mjesec u godini ima pet ili \u0161est dana.<\/div>\n<div><\/div>\n<div>(Anadolu Agency)<\/div>\n","protected":false},"excerpt":{"rendered":"<p>Zanimljivo<\/p>\n","protected":false},"author":83,"featured_media":99126,"comment_status":"open","ping_status":"open","sticky":false,"template":"","format":"standard","meta":{"footnotes":""},"categories":[2695,10429],"tags":[],"class_list":{"0":"post-99125","1":"post","2":"type-post","3":"status-publish","4":"format-standard","5":"has-post-thumbnail","7":"category-zanimljivo","8":"category-vazno"},"yoast_head":"<!-- This site is optimized with the Yoast SEO Premium plugin v23.1 (Yoast SEO v24.9) - https:\/\/yoast.com\/wordpress\/plugins\/seo\/ -->\n<title>Dok cijeli svijet slavi, Etiopija \u0107e na Novu godinu sa\u010dekati jo\u0161 222 dana<\/title>\n<meta name=\"robots\" content=\"index, follow, max-snippet:-1, max-image-preview:large, max-video-preview:-1\" \/>\n<link rel=\"canonical\" href=\"https:\/\/sandzakpress.net\/arhiva\/dok-cijeli-svijet-slavi-etiopija-ce-na-novu-godinu-sacekati-jos-222-dana\/\" \/>\n<meta property=\"og:locale\" content=\"bs_BA\" \/>\n<meta property=\"og:type\" content=\"article\" \/>\n<meta property=\"og:title\" content=\"Dok cijeli svijet slavi, Etiopija \u0107e na Novu godinu sa\u010dekati jo\u0161 222 dana\" \/>\n<meta property=\"og:description\" content=\"Zanimljivo\" \/>\n<meta property=\"og:url\" content=\"https:\/\/sandzakpress.net\/arhiva\/dok-cijeli-svijet-slavi-etiopija-ce-na-novu-godinu-sacekati-jos-222-dana\/\" \/>\n<meta property=\"og:site_name\" content=\"Sand\u017eak PRESS\" \/>\n<meta property=\"article:published_time\" content=\"2014-01-01T18:33:16+00:00\" \/>\n<meta property=\"og:image\" content=\"https:\/\/sandzakpress.net\/arhiva\/wp-content\/uploads\/2014\/01\/dok-cijeli-svijet-slavi-etiopija-ce-na-novu-godinu-sacekati-jos-222-dana_trt-bosanski-25296.jpg\" \/>\n\t<meta property=\"og:image:width\" content=\"600\" \/>\n\t<meta property=\"og:image:height\" content=\"363\" \/>\n\t<meta property=\"og:image:type\" content=\"image\/jpeg\" \/>\n<meta name=\"author\" content=\"bosniak\" \/>\n<meta name=\"twitter:card\" content=\"summary_large_image\" \/>\n<meta name=\"twitter:label1\" content=\"Written by\" \/>\n\t<meta name=\"twitter:data1\" content=\"bosniak\" \/>\n\t<meta name=\"twitter:label2\" content=\"Est. reading time\" \/>\n\t<meta name=\"twitter:data2\" content=\"1 minuta\" \/>\n<script type=\"application\/ld+json\" class=\"yoast-schema-graph\">{\"@context\":\"https:\/\/schema.org\",\"@graph\":[{\"@type\":\"Article\",\"@id\":\"https:\/\/sandzakpress.net\/arhiva\/dok-cijeli-svijet-slavi-etiopija-ce-na-novu-godinu-sacekati-jos-222-dana\/#article\",\"isPartOf\":{\"@id\":\"https:\/\/sandzakpress.net\/arhiva\/dok-cijeli-svijet-slavi-etiopija-ce-na-novu-godinu-sacekati-jos-222-dana\/\"},\"author\":{\"name\":\"bosniak\",\"@id\":\"https:\/\/sandzakpress.net\/arhiva\/#\/schema\/person\/c8baee722073534b583ea7bdb2e36c02\"},\"headline\":\"Dok cijeli svijet slavi, Etiopija \u0107e na Novu godinu sa\u010dekati jo\u0161 222 dana\",\"datePublished\":\"2014-01-01T18:33:16+00:00\",\"mainEntityOfPage\":{\"@id\":\"https:\/\/sandzakpress.net\/arhiva\/dok-cijeli-svijet-slavi-etiopija-ce-na-novu-godinu-sacekati-jos-222-dana\/\"},\"wordCount\":211,\"commentCount\":0,\"publisher\":{\"@id\":\"https:\/\/sandzakpress.net\/arhiva\/#\/schema\/person\/6e72b67d6e51910a1117b3b483ba20bd\"},\"image\":{\"@id\":\"https:\/\/sandzakpress.net\/arhiva\/dok-cijeli-svijet-slavi-etiopija-ce-na-novu-godinu-sacekati-jos-222-dana\/#primaryimage\"},\"thumbnailUrl\":\"https:\/\/sandzakpress.net\/arhiva\/wp-content\/uploads\/2014\/01\/dok-cijeli-svijet-slavi-etiopija-ce-na-novu-godinu-sacekati-jos-222-dana_trt-bosanski-25296.jpg\",\"articleSection\":[\"Zanimljivo\",\"VA\u017dNO!\"],\"inLanguage\":\"bs-BA\",\"potentialAction\":[{\"@type\":\"CommentAction\",\"name\":\"Comment\",\"target\":[\"https:\/\/sandzakpress.net\/arhiva\/dok-cijeli-svijet-slavi-etiopija-ce-na-novu-godinu-sacekati-jos-222-dana\/#respond\"]}]},{\"@type\":\"WebPage\",\"@id\":\"https:\/\/sandzakpress.net\/arhiva\/dok-cijeli-svijet-slavi-etiopija-ce-na-novu-godinu-sacekati-jos-222-dana\/\",\"url\":\"https:\/\/sandzakpress.net\/arhiva\/dok-cijeli-svijet-slavi-etiopija-ce-na-novu-godinu-sacekati-jos-222-dana\/\",\"name\":\"Dok cijeli svijet slavi, Etiopija \u0107e na Novu godinu sa\u010dekati jo\u0161 222 dana\",\"isPartOf\":{\"@id\":\"https:\/\/sandzakpress.net\/arhiva\/#website\"},\"primaryImageOfPage\":{\"@id\":\"https:\/\/sandzakpress.net\/arhiva\/dok-cijeli-svijet-slavi-etiopija-ce-na-novu-godinu-sacekati-jos-222-dana\/#primaryimage\"},\"image\":{\"@id\":\"https:\/\/sandzakpress.net\/arhiva\/dok-cijeli-svijet-slavi-etiopija-ce-na-novu-godinu-sacekati-jos-222-dana\/#primaryimage\"},\"thumbnailUrl\":\"https:\/\/sandzakpress.net\/arhiva\/wp-content\/uploads\/2014\/01\/dok-cijeli-svijet-slavi-etiopija-ce-na-novu-godinu-sacekati-jos-222-dana_trt-bosanski-25296.jpg\",\"datePublished\":\"2014-01-01T18:33:16+00:00\",\"breadcrumb\":{\"@id\":\"https:\/\/sandzakpress.net\/arhiva\/dok-cijeli-svijet-slavi-etiopija-ce-na-novu-godinu-sacekati-jos-222-dana\/#breadcrumb\"},\"inLanguage\":\"bs-BA\",\"potentialAction\":[{\"@type\":\"ReadAction\",\"target\":[\"https:\/\/sandzakpress.net\/arhiva\/dok-cijeli-svijet-slavi-etiopija-ce-na-novu-godinu-sacekati-jos-222-dana\/\"]}]},{\"@type\":\"ImageObject\",\"inLanguage\":\"bs-BA\",\"@id\":\"https:\/\/sandzakpress.net\/arhiva\/dok-cijeli-svijet-slavi-etiopija-ce-na-novu-godinu-sacekati-jos-222-dana\/#primaryimage\",\"url\":\"https:\/\/sandzakpress.net\/arhiva\/wp-content\/uploads\/2014\/01\/dok-cijeli-svijet-slavi-etiopija-ce-na-novu-godinu-sacekati-jos-222-dana_trt-bosanski-25296.jpg\",\"contentUrl\":\"https:\/\/sandzakpress.net\/arhiva\/wp-content\/uploads\/2014\/01\/dok-cijeli-svijet-slavi-etiopija-ce-na-novu-godinu-sacekati-jos-222-dana_trt-bosanski-25296.jpg\",\"width\":600,\"height\":363},{\"@type\":\"BreadcrumbList\",\"@id\":\"https:\/\/sandzakpress.net\/arhiva\/dok-cijeli-svijet-slavi-etiopija-ce-na-novu-godinu-sacekati-jos-222-dana\/#breadcrumb\",\"itemListElement\":[{\"@type\":\"ListItem\",\"position\":1,\"name\":\"Home\",\"item\":\"https:\/\/sandzakpress.net\/arhiva\/\"},{\"@type\":\"ListItem\",\"position\":2,\"name\":\"Dok cijeli svijet slavi, Etiopija \u0107e na Novu godinu sa\u010dekati jo\u0161 222 dana\"}]},{\"@type\":\"WebSite\",\"@id\":\"https:\/\/sandzakpress.net\/arhiva\/#website\",\"url\":\"https:\/\/sandzakpress.net\/arhiva\/\",\"name\":\"Sand\u017eak PRESS\",\"description\":\"Prve elektronske novine u Sand\u017eaku\",\"publisher\":{\"@id\":\"https:\/\/sandzakpress.net\/arhiva\/#\/schema\/person\/6e72b67d6e51910a1117b3b483ba20bd\"},\"potentialAction\":[{\"@type\":\"SearchAction\",\"target\":{\"@type\":\"EntryPoint\",\"urlTemplate\":\"https:\/\/sandzakpress.net\/arhiva\/?s={search_term_string}\"},\"query-input\":{\"@type\":\"PropertyValueSpecification\",\"valueRequired\":true,\"valueName\":\"search_term_string\"}}],\"inLanguage\":\"bs-BA\"},{\"@type\":[\"Person\",\"Organization\"],\"@id\":\"https:\/\/sandzakpress.net\/arhiva\/#\/schema\/person\/6e72b67d6e51910a1117b3b483ba20bd\",\"name\":\"Kul\",\"image\":{\"@type\":\"ImageObject\",\"inLanguage\":\"bs-BA\",\"@id\":\"https:\/\/sandzakpress.net\/arhiva\/#\/schema\/person\/image\/\",\"url\":\"https:\/\/secure.gravatar.com\/avatar\/42263f39aa27ac04c43cab85c280eb2e?s=96&d=mm&r=pg\",\"contentUrl\":\"https:\/\/secure.gravatar.com\/avatar\/42263f39aa27ac04c43cab85c280eb2e?s=96&d=mm&r=pg\",\"caption\":\"Kul\"},\"logo\":{\"@id\":\"https:\/\/sandzakpress.net\/arhiva\/#\/schema\/person\/image\/\"}},{\"@type\":\"Person\",\"@id\":\"https:\/\/sandzakpress.net\/arhiva\/#\/schema\/person\/c8baee722073534b583ea7bdb2e36c02\",\"name\":\"bosniak\",\"image\":{\"@type\":\"ImageObject\",\"inLanguage\":\"bs-BA\",\"@id\":\"https:\/\/sandzakpress.net\/arhiva\/#\/schema\/person\/image\/\",\"url\":\"https:\/\/secure.gravatar.com\/avatar\/a04fd330bfe3a36a72a0ad4a6d89fca7?s=96&d=mm&r=pg\",\"contentUrl\":\"https:\/\/secure.gravatar.com\/avatar\/a04fd330bfe3a36a72a0ad4a6d89fca7?s=96&d=mm&r=pg\",\"caption\":\"bosniak\"},\"url\":\"https:\/\/sandzakpress.net\/arhiva\/author\/bosniak\/\"}]}<\/script>\n<!-- \/ Yoast SEO Premium plugin. -->","yoast_head_json":{"title":"Dok cijeli svijet slavi, Etiopija \u0107e na Novu godinu sa\u010dekati jo\u0161 222 dana","robots":{"index":"index","follow":"follow","max-snippet":"max-snippet:-1","max-image-preview":"max-image-preview:large","max-video-preview":"max-video-preview:-1"},"canonical":"https:\/\/sandzakpress.net\/arhiva\/dok-cijeli-svijet-slavi-etiopija-ce-na-novu-godinu-sacekati-jos-222-dana\/","og_locale":"bs_BA","og_type":"article","og_title":"Dok cijeli svijet slavi, Etiopija \u0107e na Novu godinu sa\u010dekati jo\u0161 222 dana","og_description":"Zanimljivo","og_url":"https:\/\/sandzakpress.net\/arhiva\/dok-cijeli-svijet-slavi-etiopija-ce-na-novu-godinu-sacekati-jos-222-dana\/","og_site_name":"Sand\u017eak PRESS","article_published_time":"2014-01-01T18:33:16+00:00","og_image":[{"width":600,"height":363,"url":"https:\/\/sandzakpress.net\/arhiva\/wp-content\/uploads\/2014\/01\/dok-cijeli-svijet-slavi-etiopija-ce-na-novu-godinu-sacekati-jos-222-dana_trt-bosanski-25296.jpg","type":"image\/jpeg"}],"author":"bosniak","twitter_card":"summary_large_image","twitter_misc":{"Written by":"bosniak","Est. reading time":"1 minuta"},"schema":{"@context":"https:\/\/schema.org","@graph":[{"@type":"Article","@id":"https:\/\/sandzakpress.net\/arhiva\/dok-cijeli-svijet-slavi-etiopija-ce-na-novu-godinu-sacekati-jos-222-dana\/#article","isPartOf":{"@id":"https:\/\/sandzakpress.net\/arhiva\/dok-cijeli-svijet-slavi-etiopija-ce-na-novu-godinu-sacekati-jos-222-dana\/"},"author":{"name":"bosniak","@id":"https:\/\/sandzakpress.net\/arhiva\/#\/schema\/person\/c8baee722073534b583ea7bdb2e36c02"},"headline":"Dok cijeli svijet slavi, Etiopija \u0107e na Novu godinu sa\u010dekati jo\u0161 222 dana","datePublished":"2014-01-01T18:33:16+00:00","mainEntityOfPage":{"@id":"https:\/\/sandzakpress.net\/arhiva\/dok-cijeli-svijet-slavi-etiopija-ce-na-novu-godinu-sacekati-jos-222-dana\/"},"wordCount":211,"commentCount":0,"publisher":{"@id":"https:\/\/sandzakpress.net\/arhiva\/#\/schema\/person\/6e72b67d6e51910a1117b3b483ba20bd"},"image":{"@id":"https:\/\/sandzakpress.net\/arhiva\/dok-cijeli-svijet-slavi-etiopija-ce-na-novu-godinu-sacekati-jos-222-dana\/#primaryimage"},"thumbnailUrl":"https:\/\/sandzakpress.net\/arhiva\/wp-content\/uploads\/2014\/01\/dok-cijeli-svijet-slavi-etiopija-ce-na-novu-godinu-sacekati-jos-222-dana_trt-bosanski-25296.jpg","articleSection":["Zanimljivo","VA\u017dNO!"],"inLanguage":"bs-BA","potentialAction":[{"@type":"CommentAction","name":"Comment","target":["https:\/\/sandzakpress.net\/arhiva\/dok-cijeli-svijet-slavi-etiopija-ce-na-novu-godinu-sacekati-jos-222-dana\/#respond"]}]},{"@type":"WebPage","@id":"https:\/\/sandzakpress.net\/arhiva\/dok-cijeli-svijet-slavi-etiopija-ce-na-novu-godinu-sacekati-jos-222-dana\/","url":"https:\/\/sandzakpress.net\/arhiva\/dok-cijeli-svijet-slavi-etiopija-ce-na-novu-godinu-sacekati-jos-222-dana\/","name":"Dok cijeli svijet slavi, Etiopija \u0107e na Novu godinu sa\u010dekati jo\u0161 222 dana","isPartOf":{"@id":"https:\/\/sandzakpress.net\/arhiva\/#website"},"primaryImageOfPage":{"@id":"https:\/\/sandzakpress.net\/arhiva\/dok-cijeli-svijet-slavi-etiopija-ce-na-novu-godinu-sacekati-jos-222-dana\/#primaryimage"},"image":{"@id":"https:\/\/sandzakpress.net\/arhiva\/dok-cijeli-svijet-slavi-etiopija-ce-na-novu-godinu-sacekati-jos-222-dana\/#primaryimage"},"thumbnailUrl":"https:\/\/sandzakpress.net\/arhiva\/wp-content\/uploads\/2014\/01\/dok-cijeli-svijet-slavi-etiopija-ce-na-novu-godinu-sacekati-jos-222-dana_trt-bosanski-25296.jpg","datePublished":"2014-01-01T18:33:16+00:00","breadcrumb":{"@id":"https:\/\/sandzakpress.net\/arhiva\/dok-cijeli-svijet-slavi-etiopija-ce-na-novu-godinu-sacekati-jos-222-dana\/#breadcrumb"},"inLanguage":"bs-BA","potentialAction":[{"@type":"ReadAction","target":["https:\/\/sandzakpress.net\/arhiva\/dok-cijeli-svijet-slavi-etiopija-ce-na-novu-godinu-sacekati-jos-222-dana\/"]}]},{"@type":"ImageObject","inLanguage":"bs-BA","@id":"https:\/\/sandzakpress.net\/arhiva\/dok-cijeli-svijet-slavi-etiopija-ce-na-novu-godinu-sacekati-jos-222-dana\/#primaryimage","url":"https:\/\/sandzakpress.net\/arhiva\/wp-content\/uploads\/2014\/01\/dok-cijeli-svijet-slavi-etiopija-ce-na-novu-godinu-sacekati-jos-222-dana_trt-bosanski-25296.jpg","contentUrl":"https:\/\/sandzakpress.net\/arhiva\/wp-content\/uploads\/2014\/01\/dok-cijeli-svijet-slavi-etiopija-ce-na-novu-godinu-sacekati-jos-222-dana_trt-bosanski-25296.jpg","width":600,"height":363},{"@type":"BreadcrumbList","@id":"https:\/\/sandzakpress.net\/arhiva\/dok-cijeli-svijet-slavi-etiopija-ce-na-novu-godinu-sacekati-jos-222-dana\/#breadcrumb","itemListElement":[{"@type":"ListItem","position":1,"name":"Home","item":"https:\/\/sandzakpress.net\/arhiva\/"},{"@type":"ListItem","position":2,"name":"Dok cijeli svijet slavi, Etiopija \u0107e na Novu godinu sa\u010dekati jo\u0161 222 dana"}]},{"@type":"WebSite","@id":"https:\/\/sandzakpress.net\/arhiva\/#website","url":"https:\/\/sandzakpress.net\/arhiva\/","name":"Sand\u017eak PRESS","description":"Prve elektronske novine u Sand\u017eaku","publisher":{"@id":"https:\/\/sandzakpress.net\/arhiva\/#\/schema\/person\/6e72b67d6e51910a1117b3b483ba20bd"},"potentialAction":[{"@type":"SearchAction","target":{"@type":"EntryPoint","urlTemplate":"https:\/\/sandzakpress.net\/arhiva\/?s={search_term_string}"},"query-input":{"@type":"PropertyValueSpecification","valueRequired":true,"valueName":"search_term_string"}}],"inLanguage":"bs-BA"},{"@type":["Person","Organization"],"@id":"https:\/\/sandzakpress.net\/arhiva\/#\/schema\/person\/6e72b67d6e51910a1117b3b483ba20bd","name":"Kul","image":{"@type":"ImageObject","inLanguage":"bs-BA","@id":"https:\/\/sandzakpress.net\/arhiva\/#\/schema\/person\/image\/","url":"https:\/\/secure.gravatar.com\/avatar\/42263f39aa27ac04c43cab85c280eb2e?s=96&d=mm&r=pg","contentUrl":"https:\/\/secure.gravatar.com\/avatar\/42263f39aa27ac04c43cab85c280eb2e?s=96&d=mm&r=pg","caption":"Kul"},"logo":{"@id":"https:\/\/sandzakpress.net\/arhiva\/#\/schema\/person\/image\/"}},{"@type":"Person","@id":"https:\/\/sandzakpress.net\/arhiva\/#\/schema\/person\/c8baee722073534b583ea7bdb2e36c02","name":"bosniak","image":{"@type":"ImageObject","inLanguage":"bs-BA","@id":"https:\/\/sandzakpress.net\/arhiva\/#\/schema\/person\/image\/","url":"https:\/\/secure.gravatar.com\/avatar\/a04fd330bfe3a36a72a0ad4a6d89fca7?s=96&d=mm&r=pg","contentUrl":"https:\/\/secure.gravatar.com\/avatar\/a04fd330bfe3a36a72a0ad4a6d89fca7?s=96&d=mm&r=pg","caption":"bosniak"},"url":"https:\/\/sandzakpress.net\/arhiva\/author\/bosniak\/"}]}},"_links":{"self":[{"href":"https:\/\/sandzakpress.net\/arhiva\/wp-json\/wp\/v2\/posts\/99125"}],"collection":[{"href":"https:\/\/sandzakpress.net\/arhiva\/wp-json\/wp\/v2\/posts"}],"about":[{"href":"https:\/\/sandzakpress.net\/arhiva\/wp-json\/wp\/v2\/types\/post"}],"author":[{"embeddable":true,"href":"https:\/\/sandzakpress.net\/arhiva\/wp-json\/wp\/v2\/users\/83"}],"replies":[{"embeddable":true,"href":"https:\/\/sandzakpress.net\/arhiva\/wp-json\/wp\/v2\/comments?post=99125"}],"version-history":[{"count":0,"href":"https:\/\/sandzakpress.net\/arhiva\/wp-json\/wp\/v2\/posts\/99125\/revisions"}],"wp:featuredmedia":[{"embeddable":true,"href":"https:\/\/sandzakpress.net\/arhiva\/wp-json\/wp\/v2\/media\/99126"}],"wp:attachment":[{"href":"https:\/\/sandzakpress.net\/arhiva\/wp-json\/wp\/v2\/media?parent=99125"}],"wp:term":[{"taxonomy":"category","embeddable":true,"href":"https:\/\/sandzakpress.net\/arhiva\/wp-json\/wp\/v2\/categories?post=99125"},{"taxonomy":"post_tag","embeddable":true,"href":"https:\/\/sandzakpress.net\/arhiva\/wp-json\/wp\/v2\/tags?post=99125"}],"curies":[{"name":"wp","href":"https:\/\/api.w.org\/{rel}","templated":true}]}}