{"id":99117,"date":"2014-01-01T18:59:57","date_gmt":"2014-01-01T17:59:57","guid":{"rendered":"https:\/\/sandzakpress.net\/arhiva\/?p=99117"},"modified":"2014-01-01T18:59:57","modified_gmt":"2014-01-01T17:59:57","slug":"ugljanin-cestitao-novogodisnje-i-bozicne-praznike","status":"publish","type":"post","link":"https:\/\/sandzakpress.net\/arhiva\/ugljanin-cestitao-novogodisnje-i-bozicne-praznike\/","title":{"rendered":"Ugljanin \u0107estitao novogodi\u0161nje i bo\u017ei\u0107ne praznike"},"content":{"rendered":"<p id=\"article_lead\"><img loading=\"lazy\" decoding=\"async\" class=\"alignleft\" style=\"line-height: 1.5em;\" alt=\"\" src=\"http:\/\/www.blic.rs\/data\/images\/2013-08-29\/373393_sulejman-ugljanin_f.jpg?ver=1388487999\" width=\"470\" height=\"270\" \/><strong>Sjeverni Sand\u017eak &#8211; Ministar Sulejman Ugljanin \u010destitao je danas novogodi\u0161nje i bo\u017ei\u0107ne praznike, po\u017eeliv\u0161i da u 2014. zajedni\u010dki cilj svima bude Evropska unija i bolji \u017eivot gra\u0111ana.<\/strong><\/p>\n<div>Ugljanin je po\u017eelio da nam zajedni\u010dki cilj budu Evropska unija i bolji \u017eivot za gra\u0111ane<\/div>\n<p>On je u \u010destitki upu\u0107enoj svim gra\u0111anima i kolegama u Vladi, po\u017eeleo da Nova godina i bo\u017ei\u0107ni praznici donesu mnogo razloga za osmjeh i radost.<\/p>\n<p>&#8211; \u017delim da nam svima zajedni\u010dki cilj bude Evropska unija i bolji \u017eivot za sve gra\u0111ane Srbije &#8211; istakao je Ugljanin, koji je ministar bez portfelja zadu\u017een za odr\u017eivi razvoj nedovoljno razvijenih podru\u010dja.<\/p>\n<p>&#8211; U toj nadi, svima nama, \u017eelim puno uspeha, mnogo sre\u0107e i zdravlja, bezbroj razloga za zajedni\u010dko radovanje na li\u010dnom i porodi\u010dnom planu, a celoj zemlji br\u017ei razvoj i op\u0161ti napredak &#8211; naglasio je Ugljanin.<\/p>\n<p>(Tanjug)<\/p>\n","protected":false},"excerpt":{"rendered":"<p> Ministar Sulejman Ugljanin \u010destitao je danas novogodi\u0161nje i bo\u017ei\u0107ne praznike, po\u017eeliv\u0161i da u 2014. zajedni\u010dki cilj svima bude Evropska unija i bolji \u017eivot gra\u0111ana.<\/p>\n","protected":false},"author":83,"featured_media":99118,"comment_status":"open","ping_status":"open","sticky":false,"template":"","format":"standard","meta":{"footnotes":""},"categories":[72,1,52,327,8957],"tags":[10255,10269],"class_list":{"0":"post-99117","1":"post","2":"type-post","3":"status-publish","4":"format-standard","5":"has-post-thumbnail","7":"category-novi-pazar","8":"category-politika","9":"category-sjenica","10":"category-tutin","11":"category-vijesti-dana","12":"tag-sda","13":"tag-sulejman-ugljanin"},"yoast_head":"<!-- This site is optimized with the Yoast SEO Premium plugin v23.1 (Yoast SEO v24.9) - https:\/\/yoast.com\/wordpress\/plugins\/seo\/ -->\n<title>Ugljanin \u0107estitao novogodi\u0161nje i bo\u017ei\u0107ne praznike<\/title>\n<meta name=\"robots\" content=\"index, follow, max-snippet:-1, max-image-preview:large, max-video-preview:-1\" \/>\n<link rel=\"canonical\" href=\"https:\/\/sandzakpress.net\/arhiva\/ugljanin-cestitao-novogodisnje-i-bozicne-praznike\/\" \/>\n<meta property=\"og:locale\" content=\"bs_BA\" \/>\n<meta property=\"og:type\" content=\"article\" \/>\n<meta property=\"og:title\" content=\"Ugljanin \u0107estitao novogodi\u0161nje i bo\u017ei\u0107ne praznike\" \/>\n<meta property=\"og:description\" content=\"Ministar Sulejman Ugljanin \u010destitao je danas novogodi\u0161nje i bo\u017ei\u0107ne praznike, po\u017eeliv\u0161i da u 2014. zajedni\u010dki cilj svima bude Evropska unija i bolji \u017eivot gra\u0111ana.\" \/>\n<meta property=\"og:url\" content=\"https:\/\/sandzakpress.net\/arhiva\/ugljanin-cestitao-novogodisnje-i-bozicne-praznike\/\" \/>\n<meta property=\"og:site_name\" content=\"Sand\u017eak PRESS\" \/>\n<meta property=\"article:published_time\" content=\"2014-01-01T17:59:57+00:00\" \/>\n<meta property=\"og:image\" content=\"https:\/\/sandzakpress.net\/arhiva\/wp-content\/uploads\/2014\/01\/373393_sulejman-ugljanin_f.jpg\" \/>\n\t<meta property=\"og:image:width\" content=\"470\" \/>\n\t<meta property=\"og:image:height\" content=\"270\" \/>\n\t<meta property=\"og:image:type\" content=\"image\/jpeg\" \/>\n<meta name=\"author\" content=\"bosniak\" \/>\n<meta name=\"twitter:card\" content=\"summary_large_image\" \/>\n<meta name=\"twitter:label1\" content=\"Written by\" \/>\n\t<meta name=\"twitter:data1\" content=\"bosniak\" \/>\n\t<meta name=\"twitter:label2\" content=\"Est. reading time\" \/>\n\t<meta name=\"twitter:data2\" content=\"1 minuta\" \/>\n<script type=\"application\/ld+json\" class=\"yoast-schema-graph\">{\"@context\":\"https:\/\/schema.org\",\"@graph\":[{\"@type\":\"Article\",\"@id\":\"https:\/\/sandzakpress.net\/arhiva\/ugljanin-cestitao-novogodisnje-i-bozicne-praznike\/#article\",\"isPartOf\":{\"@id\":\"https:\/\/sandzakpress.net\/arhiva\/ugljanin-cestitao-novogodisnje-i-bozicne-praznike\/\"},\"author\":{\"name\":\"bosniak\",\"@id\":\"https:\/\/sandzakpress.net\/arhiva\/#\/schema\/person\/c8baee722073534b583ea7bdb2e36c02\"},\"headline\":\"Ugljanin \u0107estitao novogodi\u0161nje i bo\u017ei\u0107ne praznike\",\"datePublished\":\"2014-01-01T17:59:57+00:00\",\"mainEntityOfPage\":{\"@id\":\"https:\/\/sandzakpress.net\/arhiva\/ugljanin-cestitao-novogodisnje-i-bozicne-praznike\/\"},\"wordCount\":171,\"commentCount\":21,\"publisher\":{\"@id\":\"https:\/\/sandzakpress.net\/arhiva\/#\/schema\/person\/6e72b67d6e51910a1117b3b483ba20bd\"},\"image\":{\"@id\":\"https:\/\/sandzakpress.net\/arhiva\/ugljanin-cestitao-novogodisnje-i-bozicne-praznike\/#primaryimage\"},\"thumbnailUrl\":\"https:\/\/sandzakpress.net\/arhiva\/wp-content\/uploads\/2014\/01\/373393_sulejman-ugljanin_f.jpg\",\"keywords\":[\"SDA\",\"Sulejman Ugljanin\"],\"articleSection\":[\"Novi Pazar\",\"Politika\",\"Sjenica\",\"Tutin\",\"VIJESTI DANA\"],\"inLanguage\":\"bs-BA\",\"potentialAction\":[{\"@type\":\"CommentAction\",\"name\":\"Comment\",\"target\":[\"https:\/\/sandzakpress.net\/arhiva\/ugljanin-cestitao-novogodisnje-i-bozicne-praznike\/#respond\"]}]},{\"@type\":\"WebPage\",\"@id\":\"https:\/\/sandzakpress.net\/arhiva\/ugljanin-cestitao-novogodisnje-i-bozicne-praznike\/\",\"url\":\"https:\/\/sandzakpress.net\/arhiva\/ugljanin-cestitao-novogodisnje-i-bozicne-praznike\/\",\"name\":\"Ugljanin \u0107estitao novogodi\u0161nje i bo\u017ei\u0107ne praznike\",\"isPartOf\":{\"@id\":\"https:\/\/sandzakpress.net\/arhiva\/#website\"},\"primaryImageOfPage\":{\"@id\":\"https:\/\/sandzakpress.net\/arhiva\/ugljanin-cestitao-novogodisnje-i-bozicne-praznike\/#primaryimage\"},\"image\":{\"@id\":\"https:\/\/sandzakpress.net\/arhiva\/ugljanin-cestitao-novogodisnje-i-bozicne-praznike\/#primaryimage\"},\"thumbnailUrl\":\"https:\/\/sandzakpress.net\/arhiva\/wp-content\/uploads\/2014\/01\/373393_sulejman-ugljanin_f.jpg\",\"datePublished\":\"2014-01-01T17:59:57+00:00\",\"breadcrumb\":{\"@id\":\"https:\/\/sandzakpress.net\/arhiva\/ugljanin-cestitao-novogodisnje-i-bozicne-praznike\/#breadcrumb\"},\"inLanguage\":\"bs-BA\",\"potentialAction\":[{\"@type\":\"ReadAction\",\"target\":[\"https:\/\/sandzakpress.net\/arhiva\/ugljanin-cestitao-novogodisnje-i-bozicne-praznike\/\"]}]},{\"@type\":\"ImageObject\",\"inLanguage\":\"bs-BA\",\"@id\":\"https:\/\/sandzakpress.net\/arhiva\/ugljanin-cestitao-novogodisnje-i-bozicne-praznike\/#primaryimage\",\"url\":\"https:\/\/sandzakpress.net\/arhiva\/wp-content\/uploads\/2014\/01\/373393_sulejman-ugljanin_f.jpg\",\"contentUrl\":\"https:\/\/sandzakpress.net\/arhiva\/wp-content\/uploads\/2014\/01\/373393_sulejman-ugljanin_f.jpg\",\"width\":470,\"height\":270},{\"@type\":\"BreadcrumbList\",\"@id\":\"https:\/\/sandzakpress.net\/arhiva\/ugljanin-cestitao-novogodisnje-i-bozicne-praznike\/#breadcrumb\",\"itemListElement\":[{\"@type\":\"ListItem\",\"position\":1,\"name\":\"Home\",\"item\":\"https:\/\/sandzakpress.net\/arhiva\/\"},{\"@type\":\"ListItem\",\"position\":2,\"name\":\"Ugljanin \u0107estitao novogodi\u0161nje i bo\u017ei\u0107ne praznike\"}]},{\"@type\":\"WebSite\",\"@id\":\"https:\/\/sandzakpress.net\/arhiva\/#website\",\"url\":\"https:\/\/sandzakpress.net\/arhiva\/\",\"name\":\"Sand\u017eak PRESS\",\"description\":\"Prve elektronske novine u Sand\u017eaku\",\"publisher\":{\"@id\":\"https:\/\/sandzakpress.net\/arhiva\/#\/schema\/person\/6e72b67d6e51910a1117b3b483ba20bd\"},\"potentialAction\":[{\"@type\":\"SearchAction\",\"target\":{\"@type\":\"EntryPoint\",\"urlTemplate\":\"https:\/\/sandzakpress.net\/arhiva\/?s={search_term_string}\"},\"query-input\":{\"@type\":\"PropertyValueSpecification\",\"valueRequired\":true,\"valueName\":\"search_term_string\"}}],\"inLanguage\":\"bs-BA\"},{\"@type\":[\"Person\",\"Organization\"],\"@id\":\"https:\/\/sandzakpress.net\/arhiva\/#\/schema\/person\/6e72b67d6e51910a1117b3b483ba20bd\",\"name\":\"Kul\",\"image\":{\"@type\":\"ImageObject\",\"inLanguage\":\"bs-BA\",\"@id\":\"https:\/\/sandzakpress.net\/arhiva\/#\/schema\/person\/image\/\",\"url\":\"https:\/\/secure.gravatar.com\/avatar\/42263f39aa27ac04c43cab85c280eb2e?s=96&d=mm&r=pg\",\"contentUrl\":\"https:\/\/secure.gravatar.com\/avatar\/42263f39aa27ac04c43cab85c280eb2e?s=96&d=mm&r=pg\",\"caption\":\"Kul\"},\"logo\":{\"@id\":\"https:\/\/sandzakpress.net\/arhiva\/#\/schema\/person\/image\/\"}},{\"@type\":\"Person\",\"@id\":\"https:\/\/sandzakpress.net\/arhiva\/#\/schema\/person\/c8baee722073534b583ea7bdb2e36c02\",\"name\":\"bosniak\",\"image\":{\"@type\":\"ImageObject\",\"inLanguage\":\"bs-BA\",\"@id\":\"https:\/\/sandzakpress.net\/arhiva\/#\/schema\/person\/image\/\",\"url\":\"https:\/\/secure.gravatar.com\/avatar\/a04fd330bfe3a36a72a0ad4a6d89fca7?s=96&d=mm&r=pg\",\"contentUrl\":\"https:\/\/secure.gravatar.com\/avatar\/a04fd330bfe3a36a72a0ad4a6d89fca7?s=96&d=mm&r=pg\",\"caption\":\"bosniak\"},\"url\":\"https:\/\/sandzakpress.net\/arhiva\/author\/bosniak\/\"}]}<\/script>\n<!-- \/ Yoast SEO Premium plugin. -->","yoast_head_json":{"title":"Ugljanin \u0107estitao novogodi\u0161nje i bo\u017ei\u0107ne praznike","robots":{"index":"index","follow":"follow","max-snippet":"max-snippet:-1","max-image-preview":"max-image-preview:large","max-video-preview":"max-video-preview:-1"},"canonical":"https:\/\/sandzakpress.net\/arhiva\/ugljanin-cestitao-novogodisnje-i-bozicne-praznike\/","og_locale":"bs_BA","og_type":"article","og_title":"Ugljanin \u0107estitao novogodi\u0161nje i bo\u017ei\u0107ne praznike","og_description":"Ministar Sulejman Ugljanin \u010destitao je danas novogodi\u0161nje i bo\u017ei\u0107ne praznike, po\u017eeliv\u0161i da u 2014. zajedni\u010dki cilj svima bude Evropska unija i bolji \u017eivot gra\u0111ana.","og_url":"https:\/\/sandzakpress.net\/arhiva\/ugljanin-cestitao-novogodisnje-i-bozicne-praznike\/","og_site_name":"Sand\u017eak PRESS","article_published_time":"2014-01-01T17:59:57+00:00","og_image":[{"width":470,"height":270,"url":"https:\/\/sandzakpress.net\/arhiva\/wp-content\/uploads\/2014\/01\/373393_sulejman-ugljanin_f.jpg","type":"image\/jpeg"}],"author":"bosniak","twitter_card":"summary_large_image","twitter_misc":{"Written by":"bosniak","Est. reading time":"1 minuta"},"schema":{"@context":"https:\/\/schema.org","@graph":[{"@type":"Article","@id":"https:\/\/sandzakpress.net\/arhiva\/ugljanin-cestitao-novogodisnje-i-bozicne-praznike\/#article","isPartOf":{"@id":"https:\/\/sandzakpress.net\/arhiva\/ugljanin-cestitao-novogodisnje-i-bozicne-praznike\/"},"author":{"name":"bosniak","@id":"https:\/\/sandzakpress.net\/arhiva\/#\/schema\/person\/c8baee722073534b583ea7bdb2e36c02"},"headline":"Ugljanin \u0107estitao novogodi\u0161nje i bo\u017ei\u0107ne praznike","datePublished":"2014-01-01T17:59:57+00:00","mainEntityOfPage":{"@id":"https:\/\/sandzakpress.net\/arhiva\/ugljanin-cestitao-novogodisnje-i-bozicne-praznike\/"},"wordCount":171,"commentCount":21,"publisher":{"@id":"https:\/\/sandzakpress.net\/arhiva\/#\/schema\/person\/6e72b67d6e51910a1117b3b483ba20bd"},"image":{"@id":"https:\/\/sandzakpress.net\/arhiva\/ugljanin-cestitao-novogodisnje-i-bozicne-praznike\/#primaryimage"},"thumbnailUrl":"https:\/\/sandzakpress.net\/arhiva\/wp-content\/uploads\/2014\/01\/373393_sulejman-ugljanin_f.jpg","keywords":["SDA","Sulejman Ugljanin"],"articleSection":["Novi Pazar","Politika","Sjenica","Tutin","VIJESTI DANA"],"inLanguage":"bs-BA","potentialAction":[{"@type":"CommentAction","name":"Comment","target":["https:\/\/sandzakpress.net\/arhiva\/ugljanin-cestitao-novogodisnje-i-bozicne-praznike\/#respond"]}]},{"@type":"WebPage","@id":"https:\/\/sandzakpress.net\/arhiva\/ugljanin-cestitao-novogodisnje-i-bozicne-praznike\/","url":"https:\/\/sandzakpress.net\/arhiva\/ugljanin-cestitao-novogodisnje-i-bozicne-praznike\/","name":"Ugljanin \u0107estitao novogodi\u0161nje i bo\u017ei\u0107ne praznike","isPartOf":{"@id":"https:\/\/sandzakpress.net\/arhiva\/#website"},"primaryImageOfPage":{"@id":"https:\/\/sandzakpress.net\/arhiva\/ugljanin-cestitao-novogodisnje-i-bozicne-praznike\/#primaryimage"},"image":{"@id":"https:\/\/sandzakpress.net\/arhiva\/ugljanin-cestitao-novogodisnje-i-bozicne-praznike\/#primaryimage"},"thumbnailUrl":"https:\/\/sandzakpress.net\/arhiva\/wp-content\/uploads\/2014\/01\/373393_sulejman-ugljanin_f.jpg","datePublished":"2014-01-01T17:59:57+00:00","breadcrumb":{"@id":"https:\/\/sandzakpress.net\/arhiva\/ugljanin-cestitao-novogodisnje-i-bozicne-praznike\/#breadcrumb"},"inLanguage":"bs-BA","potentialAction":[{"@type":"ReadAction","target":["https:\/\/sandzakpress.net\/arhiva\/ugljanin-cestitao-novogodisnje-i-bozicne-praznike\/"]}]},{"@type":"ImageObject","inLanguage":"bs-BA","@id":"https:\/\/sandzakpress.net\/arhiva\/ugljanin-cestitao-novogodisnje-i-bozicne-praznike\/#primaryimage","url":"https:\/\/sandzakpress.net\/arhiva\/wp-content\/uploads\/2014\/01\/373393_sulejman-ugljanin_f.jpg","contentUrl":"https:\/\/sandzakpress.net\/arhiva\/wp-content\/uploads\/2014\/01\/373393_sulejman-ugljanin_f.jpg","width":470,"height":270},{"@type":"BreadcrumbList","@id":"https:\/\/sandzakpress.net\/arhiva\/ugljanin-cestitao-novogodisnje-i-bozicne-praznike\/#breadcrumb","itemListElement":[{"@type":"ListItem","position":1,"name":"Home","item":"https:\/\/sandzakpress.net\/arhiva\/"},{"@type":"ListItem","position":2,"name":"Ugljanin \u0107estitao novogodi\u0161nje i bo\u017ei\u0107ne praznike"}]},{"@type":"WebSite","@id":"https:\/\/sandzakpress.net\/arhiva\/#website","url":"https:\/\/sandzakpress.net\/arhiva\/","name":"Sand\u017eak PRESS","description":"Prve elektronske novine u Sand\u017eaku","publisher":{"@id":"https:\/\/sandzakpress.net\/arhiva\/#\/schema\/person\/6e72b67d6e51910a1117b3b483ba20bd"},"potentialAction":[{"@type":"SearchAction","target":{"@type":"EntryPoint","urlTemplate":"https:\/\/sandzakpress.net\/arhiva\/?s={search_term_string}"},"query-input":{"@type":"PropertyValueSpecification","valueRequired":true,"valueName":"search_term_string"}}],"inLanguage":"bs-BA"},{"@type":["Person","Organization"],"@id":"https:\/\/sandzakpress.net\/arhiva\/#\/schema\/person\/6e72b67d6e51910a1117b3b483ba20bd","name":"Kul","image":{"@type":"ImageObject","inLanguage":"bs-BA","@id":"https:\/\/sandzakpress.net\/arhiva\/#\/schema\/person\/image\/","url":"https:\/\/secure.gravatar.com\/avatar\/42263f39aa27ac04c43cab85c280eb2e?s=96&d=mm&r=pg","contentUrl":"https:\/\/secure.gravatar.com\/avatar\/42263f39aa27ac04c43cab85c280eb2e?s=96&d=mm&r=pg","caption":"Kul"},"logo":{"@id":"https:\/\/sandzakpress.net\/arhiva\/#\/schema\/person\/image\/"}},{"@type":"Person","@id":"https:\/\/sandzakpress.net\/arhiva\/#\/schema\/person\/c8baee722073534b583ea7bdb2e36c02","name":"bosniak","image":{"@type":"ImageObject","inLanguage":"bs-BA","@id":"https:\/\/sandzakpress.net\/arhiva\/#\/schema\/person\/image\/","url":"https:\/\/secure.gravatar.com\/avatar\/a04fd330bfe3a36a72a0ad4a6d89fca7?s=96&d=mm&r=pg","contentUrl":"https:\/\/secure.gravatar.com\/avatar\/a04fd330bfe3a36a72a0ad4a6d89fca7?s=96&d=mm&r=pg","caption":"bosniak"},"url":"https:\/\/sandzakpress.net\/arhiva\/author\/bosniak\/"}]}},"_links":{"self":[{"href":"https:\/\/sandzakpress.net\/arhiva\/wp-json\/wp\/v2\/posts\/99117"}],"collection":[{"href":"https:\/\/sandzakpress.net\/arhiva\/wp-json\/wp\/v2\/posts"}],"about":[{"href":"https:\/\/sandzakpress.net\/arhiva\/wp-json\/wp\/v2\/types\/post"}],"author":[{"embeddable":true,"href":"https:\/\/sandzakpress.net\/arhiva\/wp-json\/wp\/v2\/users\/83"}],"replies":[{"embeddable":true,"href":"https:\/\/sandzakpress.net\/arhiva\/wp-json\/wp\/v2\/comments?post=99117"}],"version-history":[{"count":0,"href":"https:\/\/sandzakpress.net\/arhiva\/wp-json\/wp\/v2\/posts\/99117\/revisions"}],"wp:featuredmedia":[{"embeddable":true,"href":"https:\/\/sandzakpress.net\/arhiva\/wp-json\/wp\/v2\/media\/99118"}],"wp:attachment":[{"href":"https:\/\/sandzakpress.net\/arhiva\/wp-json\/wp\/v2\/media?parent=99117"}],"wp:term":[{"taxonomy":"category","embeddable":true,"href":"https:\/\/sandzakpress.net\/arhiva\/wp-json\/wp\/v2\/categories?post=99117"},{"taxonomy":"post_tag","embeddable":true,"href":"https:\/\/sandzakpress.net\/arhiva\/wp-json\/wp\/v2\/tags?post=99117"}],"curies":[{"name":"wp","href":"https:\/\/api.w.org\/{rel}","templated":true}]}}