{"id":9897,"date":"2010-11-23T02:42:57","date_gmt":"2010-11-23T01:42:57","guid":{"rendered":"https:\/\/sandzakpress.net\/arhiva\/?p=9897"},"modified":"2010-11-23T02:42:57","modified_gmt":"2010-11-23T01:42:57","slug":"tesko-je-zivjeti-u-sandzaku","status":"publish","type":"post","link":"https:\/\/sandzakpress.net\/arhiva\/tesko-je-zivjeti-u-sandzaku\/","title":{"rendered":"Te\u0161ko je \u017eivjeti u Sand\u017eaku"},"content":{"rendered":"<p><strong><a href=\"https:\/\/sandzakpress.net\/arhiva\/wp-content\/uploads\/2010\/11\/4805813204ceab5c869eef546748704_450x333.jpg\"><img loading=\"lazy\" decoding=\"async\" class=\"alignleft size-medium wp-image-9898\" title=\"4805813204ceab5c869eef546748704_450x333\" src=\"https:\/\/sandzakpress.net\/arhiva\/wp-content\/uploads\/2010\/11\/4805813204ceab5c869eef546748704_450x333-300x222.jpg\" alt=\"\" width=\"300\" height=\"222\" \/><\/a>Sjeverni Sand\u017eak &#8211; Predsjednik Srbije Boris Tadi\u0107 ka\u017ee da je dr\u017eavni vrh svjestan da su potrebne investicije u razvoj infrastrukture u nerazvijenom podru\u010dju Sand\u017eaka.<\/strong><strong> <\/strong><\/p>\n<p><strong> <\/strong><\/p>\n<p><strong> <\/strong>&#8220;Znamo sa kakvim se siroma\u0161tvom gra\u0111ani ovdje suo\u010davaju i u\u010dinit \u0107emo sve da popravimo situaciju, uprkos ekonomskim te\u0161ko\u0107ama sa kojima se suo\u010davamo&#8221;, rekao je Tadi\u0107.<\/p>\n<p>Prema njegovoj ocijeni, dr\u017eava i u te\u0161kim ekonomskim okolnostima investira zna\u010dajna sredstva u izgradnju infrastrukture, kao i u poslove &#8220;koji su trebalo da budu zavr\u0161eni jo\u0161 pro\u0161le decenije&#8221;.<\/p>\n<p>Predsjednik Srbije je istakao da napori dr\u017eave moraju biti efektivni i usmjereni na otvaranje novih radnih mjesta.\u00a0<em>&#8220;U ovom dijelu Srbije postoje dobri potencijali za razvoj poljoprivrede i izgradnju industrijskog centra&#8221;<\/em>, rekao je Tadi\u0107.<\/p>\n<p>On je rekao da \u0107e autoput prema Crnoj Gori,\u00a0<em>&#8220;koji \u0107e pro\u0107i preko Pe\u0161terske visoravni i Boljara&#8221;<\/em>, biti izgra\u0111en nakon \u0161to Vlada napravi solidnu ekonomsku konstrukciju.<\/p>\n<p><em>&#8220;Vlada neprekidno radi na re\u0161enju te konstrukcije, a put bi morao da bude izgra\u0111en u srednjoro\u010dnom periodu.<\/em><em>Razmi\u0161ljamo i da u naredne tri godine izgradimo gasovod koji bi ovaj kraj povezao sa gasovodnom mre\u017eom koja ve\u0107 postoji u Srbiji<\/em><strong><em>.<\/em><\/strong><em> <\/em><em>To bi svakako izmijenilo uslove privre\u0111ivanja u Sand\u017eaku, a i otvorilo bi perspektivu otvaranja novih radnih mjesta&#8221;<\/em>, rekao je Tadi\u0107.<\/p>\n<p>On je dodao da je\u00a0ovaj dio zemlje, kao i ostali dijelovi, trpio posljednjih godina zbog toga \u0161to nije bilo velikih investicija u konkretna radna mjesta<strong>.<\/strong><strong> <\/strong><\/p>\n<p><em>&#8220;Bilo je nekoliko ugovora koji su djelimi\u010dno pokrenuli proces proizvodnje koji smo na\u010dinili sa na\u0161im prijateljima i kolegama iz Turske, ali to ovog trenutka nije dovoljno, potrebno je u\u010diniti jo\u0161 mnogo toga u Novom Pazaru, Sjenici, Tutinu.<\/em><em> <\/em><em>Potrebno je napraviti magistralne i infrastrukturne veze, ali je potrebno i otvoriti i preduze\u0107a u kojima bi ljudi radili<\/em><em>&#8220;<\/em>, naveo je on.<\/p>\n<p>Tadi\u0107 je ukazao da su mnoga preduze\u0107a koja su zapo\u0161ljavala po hiljadu ljudi u tekstilnoj industriji uga\u0161ena, kao posljedica tragi\u010dnih devedesetih godina i ekonomskih problema posljednjih godina.<\/p>\n<p>Izvor: <strong>B92.net<\/strong><\/p>\n","protected":false},"excerpt":{"rendered":"<p>Sjeverni Sand\u017eak &#8211; Predsjednik Srbije Boris Tadi\u0107 ka\u017ee da je dr\u017eavni vrh svjestan da su potrebne investicije u razvoj infrastrukture u nerazvijenom podru\u010dju Sand\u017eaka. &#8220;Znamo sa kakvim se siroma\u0161tvom gra\u0111ani ovdje suo\u010davaju i u\u010dinit \u0107emo sve da popravimo situaciju, uprkos ekonomskim te\u0161ko\u0107ama sa kojima se suo\u010davamo&#8221;, rekao je Tadi\u0107. Prema njegovoj ocijeni, dr\u017eava i u [&hellip;]<\/p>\n","protected":false},"author":83,"featured_media":9898,"comment_status":"open","ping_status":"open","sticky":false,"template":"","format":"standard","meta":{"footnotes":""},"categories":[72,52,327,392,393,394,5],"tags":[],"class_list":{"0":"post-9897","1":"post","2":"type-post","3":"status-publish","4":"format-standard","5":"has-post-thumbnail","7":"category-novi-pazar","8":"category-sjenica","9":"category-tutin","10":"category-prijepolje_","11":"category-priboj","12":"category-nova-varos","13":"category-drustvo"},"yoast_head":"<!-- This site is optimized with the Yoast SEO Premium plugin v23.1 (Yoast SEO v24.9) - https:\/\/yoast.com\/wordpress\/plugins\/seo\/ -->\n<title>Te\u0161ko je \u017eivjeti u Sand\u017eaku<\/title>\n<meta name=\"robots\" content=\"index, follow, max-snippet:-1, max-image-preview:large, max-video-preview:-1\" \/>\n<link rel=\"canonical\" href=\"https:\/\/sandzakpress.net\/arhiva\/tesko-je-zivjeti-u-sandzaku\/\" \/>\n<meta property=\"og:locale\" content=\"bs_BA\" \/>\n<meta property=\"og:type\" content=\"article\" \/>\n<meta property=\"og:title\" content=\"Te\u0161ko je \u017eivjeti u Sand\u017eaku\" \/>\n<meta property=\"og:description\" content=\"Sjeverni Sand\u017eak &#8211; Predsjednik Srbije Boris Tadi\u0107 ka\u017ee da je dr\u017eavni vrh svjestan da su potrebne investicije u razvoj infrastrukture u nerazvijenom podru\u010dju Sand\u017eaka. &#8220;Znamo sa kakvim se siroma\u0161tvom gra\u0111ani ovdje suo\u010davaju i u\u010dinit \u0107emo sve da popravimo situaciju, uprkos ekonomskim te\u0161ko\u0107ama sa kojima se suo\u010davamo&#8221;, rekao je Tadi\u0107. Prema njegovoj ocijeni, dr\u017eava i u [&hellip;]\" \/>\n<meta property=\"og:url\" content=\"https:\/\/sandzakpress.net\/arhiva\/tesko-je-zivjeti-u-sandzaku\/\" \/>\n<meta property=\"og:site_name\" content=\"Sand\u017eak PRESS\" \/>\n<meta property=\"article:published_time\" content=\"2010-11-23T01:42:57+00:00\" \/>\n<meta property=\"og:image\" content=\"https:\/\/sandzakpress.net\/arhiva\/wp-content\/uploads\/2010\/11\/4805813204ceab5c869eef546748704_450x333.jpg\" \/>\n\t<meta property=\"og:image:width\" content=\"450\" \/>\n\t<meta property=\"og:image:height\" content=\"333\" \/>\n\t<meta property=\"og:image:type\" content=\"image\/jpeg\" \/>\n<meta name=\"author\" content=\"bosniak\" \/>\n<meta name=\"twitter:card\" content=\"summary_large_image\" \/>\n<meta name=\"twitter:label1\" content=\"Written by\" \/>\n\t<meta name=\"twitter:data1\" content=\"bosniak\" \/>\n\t<meta name=\"twitter:label2\" content=\"Est. reading time\" \/>\n\t<meta name=\"twitter:data2\" content=\"2 minute\" \/>\n<script type=\"application\/ld+json\" class=\"yoast-schema-graph\">{\"@context\":\"https:\/\/schema.org\",\"@graph\":[{\"@type\":\"Article\",\"@id\":\"https:\/\/sandzakpress.net\/arhiva\/tesko-je-zivjeti-u-sandzaku\/#article\",\"isPartOf\":{\"@id\":\"https:\/\/sandzakpress.net\/arhiva\/tesko-je-zivjeti-u-sandzaku\/\"},\"author\":{\"name\":\"bosniak\",\"@id\":\"https:\/\/sandzakpress.net\/arhiva\/#\/schema\/person\/c8baee722073534b583ea7bdb2e36c02\"},\"headline\":\"Te\u0161ko je \u017eivjeti u Sand\u017eaku\",\"datePublished\":\"2010-11-23T01:42:57+00:00\",\"mainEntityOfPage\":{\"@id\":\"https:\/\/sandzakpress.net\/arhiva\/tesko-je-zivjeti-u-sandzaku\/\"},\"wordCount\":355,\"commentCount\":5,\"publisher\":{\"@id\":\"https:\/\/sandzakpress.net\/arhiva\/#\/schema\/person\/6e72b67d6e51910a1117b3b483ba20bd\"},\"image\":{\"@id\":\"https:\/\/sandzakpress.net\/arhiva\/tesko-je-zivjeti-u-sandzaku\/#primaryimage\"},\"thumbnailUrl\":\"https:\/\/sandzakpress.net\/arhiva\/wp-content\/uploads\/2010\/11\/4805813204ceab5c869eef546748704_450x333.jpg\",\"articleSection\":[\"Novi Pazar\",\"Sjenica\",\"Tutin\",\"Prijepolje\",\"Priboj\",\"Nova Varo\u0161\",\"Dru\u0161tvo\"],\"inLanguage\":\"bs-BA\",\"potentialAction\":[{\"@type\":\"CommentAction\",\"name\":\"Comment\",\"target\":[\"https:\/\/sandzakpress.net\/arhiva\/tesko-je-zivjeti-u-sandzaku\/#respond\"]}]},{\"@type\":\"WebPage\",\"@id\":\"https:\/\/sandzakpress.net\/arhiva\/tesko-je-zivjeti-u-sandzaku\/\",\"url\":\"https:\/\/sandzakpress.net\/arhiva\/tesko-je-zivjeti-u-sandzaku\/\",\"name\":\"Te\u0161ko je \u017eivjeti u Sand\u017eaku\",\"isPartOf\":{\"@id\":\"https:\/\/sandzakpress.net\/arhiva\/#website\"},\"primaryImageOfPage\":{\"@id\":\"https:\/\/sandzakpress.net\/arhiva\/tesko-je-zivjeti-u-sandzaku\/#primaryimage\"},\"image\":{\"@id\":\"https:\/\/sandzakpress.net\/arhiva\/tesko-je-zivjeti-u-sandzaku\/#primaryimage\"},\"thumbnailUrl\":\"https:\/\/sandzakpress.net\/arhiva\/wp-content\/uploads\/2010\/11\/4805813204ceab5c869eef546748704_450x333.jpg\",\"datePublished\":\"2010-11-23T01:42:57+00:00\",\"breadcrumb\":{\"@id\":\"https:\/\/sandzakpress.net\/arhiva\/tesko-je-zivjeti-u-sandzaku\/#breadcrumb\"},\"inLanguage\":\"bs-BA\",\"potentialAction\":[{\"@type\":\"ReadAction\",\"target\":[\"https:\/\/sandzakpress.net\/arhiva\/tesko-je-zivjeti-u-sandzaku\/\"]}]},{\"@type\":\"ImageObject\",\"inLanguage\":\"bs-BA\",\"@id\":\"https:\/\/sandzakpress.net\/arhiva\/tesko-je-zivjeti-u-sandzaku\/#primaryimage\",\"url\":\"https:\/\/sandzakpress.net\/arhiva\/wp-content\/uploads\/2010\/11\/4805813204ceab5c869eef546748704_450x333.jpg\",\"contentUrl\":\"https:\/\/sandzakpress.net\/arhiva\/wp-content\/uploads\/2010\/11\/4805813204ceab5c869eef546748704_450x333.jpg\",\"width\":450,\"height\":333},{\"@type\":\"BreadcrumbList\",\"@id\":\"https:\/\/sandzakpress.net\/arhiva\/tesko-je-zivjeti-u-sandzaku\/#breadcrumb\",\"itemListElement\":[{\"@type\":\"ListItem\",\"position\":1,\"name\":\"Home\",\"item\":\"https:\/\/sandzakpress.net\/arhiva\/\"},{\"@type\":\"ListItem\",\"position\":2,\"name\":\"Te\u0161ko je \u017eivjeti u Sand\u017eaku\"}]},{\"@type\":\"WebSite\",\"@id\":\"https:\/\/sandzakpress.net\/arhiva\/#website\",\"url\":\"https:\/\/sandzakpress.net\/arhiva\/\",\"name\":\"Sand\u017eak PRESS\",\"description\":\"Prve elektronske novine u Sand\u017eaku\",\"publisher\":{\"@id\":\"https:\/\/sandzakpress.net\/arhiva\/#\/schema\/person\/6e72b67d6e51910a1117b3b483ba20bd\"},\"potentialAction\":[{\"@type\":\"SearchAction\",\"target\":{\"@type\":\"EntryPoint\",\"urlTemplate\":\"https:\/\/sandzakpress.net\/arhiva\/?s={search_term_string}\"},\"query-input\":{\"@type\":\"PropertyValueSpecification\",\"valueRequired\":true,\"valueName\":\"search_term_string\"}}],\"inLanguage\":\"bs-BA\"},{\"@type\":[\"Person\",\"Organization\"],\"@id\":\"https:\/\/sandzakpress.net\/arhiva\/#\/schema\/person\/6e72b67d6e51910a1117b3b483ba20bd\",\"name\":\"Kul\",\"image\":{\"@type\":\"ImageObject\",\"inLanguage\":\"bs-BA\",\"@id\":\"https:\/\/sandzakpress.net\/arhiva\/#\/schema\/person\/image\/\",\"url\":\"https:\/\/secure.gravatar.com\/avatar\/42263f39aa27ac04c43cab85c280eb2e?s=96&d=mm&r=pg\",\"contentUrl\":\"https:\/\/secure.gravatar.com\/avatar\/42263f39aa27ac04c43cab85c280eb2e?s=96&d=mm&r=pg\",\"caption\":\"Kul\"},\"logo\":{\"@id\":\"https:\/\/sandzakpress.net\/arhiva\/#\/schema\/person\/image\/\"}},{\"@type\":\"Person\",\"@id\":\"https:\/\/sandzakpress.net\/arhiva\/#\/schema\/person\/c8baee722073534b583ea7bdb2e36c02\",\"name\":\"bosniak\",\"image\":{\"@type\":\"ImageObject\",\"inLanguage\":\"bs-BA\",\"@id\":\"https:\/\/sandzakpress.net\/arhiva\/#\/schema\/person\/image\/\",\"url\":\"https:\/\/secure.gravatar.com\/avatar\/a04fd330bfe3a36a72a0ad4a6d89fca7?s=96&d=mm&r=pg\",\"contentUrl\":\"https:\/\/secure.gravatar.com\/avatar\/a04fd330bfe3a36a72a0ad4a6d89fca7?s=96&d=mm&r=pg\",\"caption\":\"bosniak\"},\"url\":\"https:\/\/sandzakpress.net\/arhiva\/author\/bosniak\/\"}]}<\/script>\n<!-- \/ Yoast SEO Premium plugin. -->","yoast_head_json":{"title":"Te\u0161ko je \u017eivjeti u Sand\u017eaku","robots":{"index":"index","follow":"follow","max-snippet":"max-snippet:-1","max-image-preview":"max-image-preview:large","max-video-preview":"max-video-preview:-1"},"canonical":"https:\/\/sandzakpress.net\/arhiva\/tesko-je-zivjeti-u-sandzaku\/","og_locale":"bs_BA","og_type":"article","og_title":"Te\u0161ko je \u017eivjeti u Sand\u017eaku","og_description":"Sjeverni Sand\u017eak &#8211; Predsjednik Srbije Boris Tadi\u0107 ka\u017ee da je dr\u017eavni vrh svjestan da su potrebne investicije u razvoj infrastrukture u nerazvijenom podru\u010dju Sand\u017eaka. &#8220;Znamo sa kakvim se siroma\u0161tvom gra\u0111ani ovdje suo\u010davaju i u\u010dinit \u0107emo sve da popravimo situaciju, uprkos ekonomskim te\u0161ko\u0107ama sa kojima se suo\u010davamo&#8221;, rekao je Tadi\u0107. Prema njegovoj ocijeni, dr\u017eava i u [&hellip;]","og_url":"https:\/\/sandzakpress.net\/arhiva\/tesko-je-zivjeti-u-sandzaku\/","og_site_name":"Sand\u017eak PRESS","article_published_time":"2010-11-23T01:42:57+00:00","og_image":[{"width":450,"height":333,"url":"https:\/\/sandzakpress.net\/arhiva\/wp-content\/uploads\/2010\/11\/4805813204ceab5c869eef546748704_450x333.jpg","type":"image\/jpeg"}],"author":"bosniak","twitter_card":"summary_large_image","twitter_misc":{"Written by":"bosniak","Est. reading time":"2 minute"},"schema":{"@context":"https:\/\/schema.org","@graph":[{"@type":"Article","@id":"https:\/\/sandzakpress.net\/arhiva\/tesko-je-zivjeti-u-sandzaku\/#article","isPartOf":{"@id":"https:\/\/sandzakpress.net\/arhiva\/tesko-je-zivjeti-u-sandzaku\/"},"author":{"name":"bosniak","@id":"https:\/\/sandzakpress.net\/arhiva\/#\/schema\/person\/c8baee722073534b583ea7bdb2e36c02"},"headline":"Te\u0161ko je \u017eivjeti u Sand\u017eaku","datePublished":"2010-11-23T01:42:57+00:00","mainEntityOfPage":{"@id":"https:\/\/sandzakpress.net\/arhiva\/tesko-je-zivjeti-u-sandzaku\/"},"wordCount":355,"commentCount":5,"publisher":{"@id":"https:\/\/sandzakpress.net\/arhiva\/#\/schema\/person\/6e72b67d6e51910a1117b3b483ba20bd"},"image":{"@id":"https:\/\/sandzakpress.net\/arhiva\/tesko-je-zivjeti-u-sandzaku\/#primaryimage"},"thumbnailUrl":"https:\/\/sandzakpress.net\/arhiva\/wp-content\/uploads\/2010\/11\/4805813204ceab5c869eef546748704_450x333.jpg","articleSection":["Novi Pazar","Sjenica","Tutin","Prijepolje","Priboj","Nova Varo\u0161","Dru\u0161tvo"],"inLanguage":"bs-BA","potentialAction":[{"@type":"CommentAction","name":"Comment","target":["https:\/\/sandzakpress.net\/arhiva\/tesko-je-zivjeti-u-sandzaku\/#respond"]}]},{"@type":"WebPage","@id":"https:\/\/sandzakpress.net\/arhiva\/tesko-je-zivjeti-u-sandzaku\/","url":"https:\/\/sandzakpress.net\/arhiva\/tesko-je-zivjeti-u-sandzaku\/","name":"Te\u0161ko je \u017eivjeti u Sand\u017eaku","isPartOf":{"@id":"https:\/\/sandzakpress.net\/arhiva\/#website"},"primaryImageOfPage":{"@id":"https:\/\/sandzakpress.net\/arhiva\/tesko-je-zivjeti-u-sandzaku\/#primaryimage"},"image":{"@id":"https:\/\/sandzakpress.net\/arhiva\/tesko-je-zivjeti-u-sandzaku\/#primaryimage"},"thumbnailUrl":"https:\/\/sandzakpress.net\/arhiva\/wp-content\/uploads\/2010\/11\/4805813204ceab5c869eef546748704_450x333.jpg","datePublished":"2010-11-23T01:42:57+00:00","breadcrumb":{"@id":"https:\/\/sandzakpress.net\/arhiva\/tesko-je-zivjeti-u-sandzaku\/#breadcrumb"},"inLanguage":"bs-BA","potentialAction":[{"@type":"ReadAction","target":["https:\/\/sandzakpress.net\/arhiva\/tesko-je-zivjeti-u-sandzaku\/"]}]},{"@type":"ImageObject","inLanguage":"bs-BA","@id":"https:\/\/sandzakpress.net\/arhiva\/tesko-je-zivjeti-u-sandzaku\/#primaryimage","url":"https:\/\/sandzakpress.net\/arhiva\/wp-content\/uploads\/2010\/11\/4805813204ceab5c869eef546748704_450x333.jpg","contentUrl":"https:\/\/sandzakpress.net\/arhiva\/wp-content\/uploads\/2010\/11\/4805813204ceab5c869eef546748704_450x333.jpg","width":450,"height":333},{"@type":"BreadcrumbList","@id":"https:\/\/sandzakpress.net\/arhiva\/tesko-je-zivjeti-u-sandzaku\/#breadcrumb","itemListElement":[{"@type":"ListItem","position":1,"name":"Home","item":"https:\/\/sandzakpress.net\/arhiva\/"},{"@type":"ListItem","position":2,"name":"Te\u0161ko je \u017eivjeti u Sand\u017eaku"}]},{"@type":"WebSite","@id":"https:\/\/sandzakpress.net\/arhiva\/#website","url":"https:\/\/sandzakpress.net\/arhiva\/","name":"Sand\u017eak PRESS","description":"Prve elektronske novine u Sand\u017eaku","publisher":{"@id":"https:\/\/sandzakpress.net\/arhiva\/#\/schema\/person\/6e72b67d6e51910a1117b3b483ba20bd"},"potentialAction":[{"@type":"SearchAction","target":{"@type":"EntryPoint","urlTemplate":"https:\/\/sandzakpress.net\/arhiva\/?s={search_term_string}"},"query-input":{"@type":"PropertyValueSpecification","valueRequired":true,"valueName":"search_term_string"}}],"inLanguage":"bs-BA"},{"@type":["Person","Organization"],"@id":"https:\/\/sandzakpress.net\/arhiva\/#\/schema\/person\/6e72b67d6e51910a1117b3b483ba20bd","name":"Kul","image":{"@type":"ImageObject","inLanguage":"bs-BA","@id":"https:\/\/sandzakpress.net\/arhiva\/#\/schema\/person\/image\/","url":"https:\/\/secure.gravatar.com\/avatar\/42263f39aa27ac04c43cab85c280eb2e?s=96&d=mm&r=pg","contentUrl":"https:\/\/secure.gravatar.com\/avatar\/42263f39aa27ac04c43cab85c280eb2e?s=96&d=mm&r=pg","caption":"Kul"},"logo":{"@id":"https:\/\/sandzakpress.net\/arhiva\/#\/schema\/person\/image\/"}},{"@type":"Person","@id":"https:\/\/sandzakpress.net\/arhiva\/#\/schema\/person\/c8baee722073534b583ea7bdb2e36c02","name":"bosniak","image":{"@type":"ImageObject","inLanguage":"bs-BA","@id":"https:\/\/sandzakpress.net\/arhiva\/#\/schema\/person\/image\/","url":"https:\/\/secure.gravatar.com\/avatar\/a04fd330bfe3a36a72a0ad4a6d89fca7?s=96&d=mm&r=pg","contentUrl":"https:\/\/secure.gravatar.com\/avatar\/a04fd330bfe3a36a72a0ad4a6d89fca7?s=96&d=mm&r=pg","caption":"bosniak"},"url":"https:\/\/sandzakpress.net\/arhiva\/author\/bosniak\/"}]}},"_links":{"self":[{"href":"https:\/\/sandzakpress.net\/arhiva\/wp-json\/wp\/v2\/posts\/9897"}],"collection":[{"href":"https:\/\/sandzakpress.net\/arhiva\/wp-json\/wp\/v2\/posts"}],"about":[{"href":"https:\/\/sandzakpress.net\/arhiva\/wp-json\/wp\/v2\/types\/post"}],"author":[{"embeddable":true,"href":"https:\/\/sandzakpress.net\/arhiva\/wp-json\/wp\/v2\/users\/83"}],"replies":[{"embeddable":true,"href":"https:\/\/sandzakpress.net\/arhiva\/wp-json\/wp\/v2\/comments?post=9897"}],"version-history":[{"count":0,"href":"https:\/\/sandzakpress.net\/arhiva\/wp-json\/wp\/v2\/posts\/9897\/revisions"}],"wp:featuredmedia":[{"embeddable":true,"href":"https:\/\/sandzakpress.net\/arhiva\/wp-json\/wp\/v2\/media\/9898"}],"wp:attachment":[{"href":"https:\/\/sandzakpress.net\/arhiva\/wp-json\/wp\/v2\/media?parent=9897"}],"wp:term":[{"taxonomy":"category","embeddable":true,"href":"https:\/\/sandzakpress.net\/arhiva\/wp-json\/wp\/v2\/categories?post=9897"},{"taxonomy":"post_tag","embeddable":true,"href":"https:\/\/sandzakpress.net\/arhiva\/wp-json\/wp\/v2\/tags?post=9897"}],"curies":[{"name":"wp","href":"https:\/\/api.w.org\/{rel}","templated":true}]}}