{"id":98941,"date":"2013-12-28T10:10:18","date_gmt":"2013-12-28T09:10:18","guid":{"rendered":"https:\/\/sandzakpress.net\/arhiva\/?p=98941"},"modified":"2013-12-28T10:12:51","modified_gmt":"2013-12-28T09:12:51","slug":"fetva-107-islamskih-ucenjaka-o-ratu-u-siriji","status":"publish","type":"post","link":"https:\/\/sandzakpress.net\/arhiva\/fetva-107-islamskih-ucenjaka-o-ratu-u-siriji\/","title":{"rendered":"Fetva 107 islamskih u\u010denjaka o ratu u Siriji"},"content":{"rendered":"<p><img loading=\"lazy\" decoding=\"async\" class=\"aligncenter size-full wp-image-98943\" alt=\"as127-660x330\" src=\"https:\/\/sandzakpress.net\/arhiva\/wp-content\/uploads\/2013\/12\/as127-660x330.jpg\" width=\"660\" height=\"282\" \/><\/p>\n<p><strong>Egipat &#8211; Vi\u0161e od sto u\u010denjaka i mislilaca razli\u010ditih islamskiih i politi\u010dkih pravaca izdalo je fetvu u proglasu o de\u0161avanjima u Siriji, gdje stoji da nije dozvoljeno ostati u sklopu snaga koje su pod upravom sistema Be\u0161\u0161ara al-Asada i obaveza je svim pripadnicima tih jedinica da se izdvoje i dezertiraju iz njihovih redova. Oni u svojoj fetvi pozivaju sve da pru\u017ee pomo\u0107 Slobodnoj vojsci Sirije u svemu onome \u0161to joj je potrebno; kroz materijalnu i logisti\u010dku pomo\u0107. Ulema poziva arapsko-islamske narode i njihove vlasti da povuku ambasadore i upute protesne note zemljama koje poma\u017eu Asadov re\u017eim, a posebno Rusiji i Kini.<\/strong><\/p>\n<p>Ovaj proglas je potpisalo 107 poznatih u\u010denjaka ummeta iz razli\u010ditih islamskih i politi\u010dkih pravaca i organizacija, slu\u017ebenih i neslu\u017ebenih.\u00a0Me\u0111u njima su uva\u017eeni dr. Jusuf el-Karadavi, predsjednik Svjetskog udru\u017eenja islamske uleme, \u0161ejh Abdullah b. Bi\u2019e, \u0161ejh Sadik el-Garjani, dr. Selman b. Fahd el-Awde, \u0161ejh Ebu Ishak el-Huvejni, \u0161ejh dr. Ra\u0161id el-Gani\u0161i, \u0161ejh Abdulmed\u017eid ez-Zindani, dr. Assam el-Be\u0161ir, \u0161ejh Nasr Ferid Vasil, dr. Mahmud el-Mira, \u0161ejh dr. Ahmed Rejsuni, dr. Tarik Suvejdan, dr. Avd el-Karni, dr. Nebil el-Awdi, dr. Ali es-Salabi, i mnogi drugi.<\/p>\n<p>Potpisnici ovog proglasa, koji je izdat uve\u010de u utorak 15. Rebiul-evvela, 1434., hid\u017eretske godine ili 7. Februara, 2012. Godine, su ocijenili da zlo\u010dini, nepravda i prolijevanje nedu\u017ene krvi, koji su na sceni u Siriji, a koje vr\u0161i re\u017eim diktatora i njegovi pomaga\u010di, je crna stranica koja se ne\u0107e nikada zaboraviti. Uzvi\u0161eni Allah \u0107e u\u010diniti da ta nedu\u017ena krv bude sramota i ljaga na obraz onih koji direktno u\u010destvuju u tome, ali i na obraz onih koji to \u0161utnjom posmatraju.<\/p>\n<p><strong>Tekst proglasa glasi:<\/strong><\/p>\n<p>\u201cGospodaru na\u0161, Tebi pripada pohvala i hvala onako kako dolikuje uzvi\u0161enosti Tvoga lica i veli\u010dini Tvoje mo\u0107i, Allahu na\u0161, neka je Tvoj salevat na vo\u0111u mud\u017eahida, na\u0161eg vjerovjesnika Muhammeda, s.a.v.s., i njegovu porodicu, a zatim:<\/p>\n<p>Nepravda i prolijevanje nedu\u017ene krvi, koji su na sceni u dragoj zemlji Siriji, a koje vr\u0161i re\u017eim diktatora i njegovi pomaga\u010di, je crna stranica koja se ne\u0107e nikada zaboraviti. Uzvi\u0161eni Allah \u0107e u\u010diniti da ta nedu\u017ena krv bude sramota i ljaga na obraz onih koji direktno u\u010destvuju u tome, ali i na obraz onih koji to \u0161utnjom posmatraju, na pojedince i organizacije, zemlje i institucije koje su stale na stranu ovog nelegalnog i pokvarenog re\u017eima.<\/p>\n<p>Svakim danom koji protekne biva ubijeno na desetine i na stotine ljudi, a dva puta toliko bude ranjeno, a svetinje bivaju skrnavljene. Ovi zlo\u010dini i tiranija od strane sigurnosnih snaga nisu prestali \u010dak ni onda kada se \u010ditav svijet sakupio da bi raspravljao o ovom problemu, ve\u0107 su nastavljeni bez kolebanja i stida.<\/p>\n<p>Potpisnici ovog proglasa podsje\u0107aju na svetost i neprikosnovenost ljudskog \u017eivota i krvi na koje insistiraju Kur\u2019an i sunnet Allahovog Poslanika, s.a.v.s., i na svetost i neprikosnovenost svih drugih prava koje islamski \u0161erijat \u0161titi i promovira. Uzvi\u0161eni to toliko potencira da je prolijevanje nedu\u017ene krvi sastavio sa pripisivanjem druga Njemu (\u0161irkom), kada u Kur\u2019anu ka\u017ee: \u201eOni koji pored Allaha drugim bo\u017eanstvima se ne mole, koji ne ubijaju one koje je Allah zabranio ubiti i koji ne bludni\u010de\u2026\u201cUbici je zaprijetio vje\u010dnim ostankom u Vatri d\u017eehenemskoj, zaprijetio mu je prokletstvom, srd\u017ebom i \u017eestokom patnjom. Uzvi\u0161eni presu\u0111uje da onaj koji ubije jednu osobu bespravno ili na Zemlji nered sije, kao da je sve ljude poubijao. A ko bude uzrok da se ne\u010diji \u017eivot spasi, kao da je sve ljude spasio. On, Uzvi\u0161eni, tako\u0111er je u\u010dinio obaveznim pomaganje onih kojima se nepravda \u010dini i potla\u010denima.<\/p>\n<p><strong>Na osnovu toga, mi potvr\u0111ujemo sljede\u0107e:<\/strong><\/p>\n<p><strong>1.\u00a0<\/strong>Pripadnicima sirijskih snaga bezbijednosti, policije, vojske ili drugih formacija nije dozvoljeno ubiti bilo kojeg pojedinca iz sirijskog naroda niti pucati u njihovom pravcu. Stroga obaveza im je iskazati neposlu\u0161nost na takve naredbe koje im budu upu\u0107ene, pa makar to uzrokovalo i njihovo ubistvo, ve\u0107 im je obaveza da se ostave tog posla i odatle povuku. One koji su u prethodnom periodu izvr\u0161ili kakvo ubistvo podsje\u0107amo da je ubiti dvoje te\u017ei zlo\u010din od ubistva jedne osobe, te ih napominjemo da su vrata pokajanja otvorena. Slu\u010daj s \u010dovjekom koji je ubio 99 osoba je dovoljna pouka i znak. Nemojte se nemarno odnositi prema prolijevanju krvi niti misliti da je ubistvo koje ste po\u010dinili ranije zatvorilo vrata pokajanja. Bolje je i \u010dasnije Allahu oti\u0107i kao rob koji je ubijen, nego kao rob koji ubija. Onaj koji u\u0111e u D\u017eennet kao \u010dist \u0161ehid nije kao i onaj koji u\u0111e u Vatru d\u017eehennemsku kao ubica i zlo\u010dinac. Zato izdajemo fetvu da u ovakvim okolnostima nije dozvoljeno nikome da ostane u slu\u017ebu policije i vojske, obaveza je svakod pojedinca da napusti ove formacije i suprotstavi im se.<\/p>\n<p><strong>2.<\/strong>\u00a0Pozivamo sve da pomognu, oja\u010daju, osna\u017ee i priklju\u010de se Slobodnoj vojsci Sirije na putu za\u0161tite civila, gradova i institucija sve dok su oni cilj uni\u0161tenja. Isto tako, upu\u0107ujemo poziv muslimanima i slobodnom svijetu da na svaki mogu\u0107i na\u010din, materijalni i logisti\u010dki, pomogne formiranje\u00a0 i organiziranje ove vojske kako bi uspje\u0161no okon\u010dala svoju misiju i konsolidirala svoje redove u borbi sa nasiljem i nepravdom. A obaveza ove vojske je da bude disciplinirana kako ne bi skrenula od svoje plemenite misije i kako bi bila za\u0161ti\u0107ena svakog vida osvete i nasilja prema nedu\u017enim ljudima, \u0161to bi imalo dalekose\u017ene lo\u0161e posljedice po nacionalno jedinstvo u Siriji.<\/p>\n<p><strong>3.<\/strong>\u00a0Obaveza je pomo\u0107i pobunjenike u Siriji svim neophodnim materijalnim i logisti\u010dkim potencijalima kako bi njihova revolucija uspjela i kako bi nastavili i\u0107i putem svoje slobode i svojih prava.<\/p>\n<p><strong>4.<\/strong>\u00a0Pozivamo arapske i islamske zemlje da poka\u017eu ozbiljnost svoga stava u slu\u010daju Sirije, protjeraju sirijske ambasadore i prekinu veze sa re\u017eimom, ali i sa zemljama koje ga poma\u017eu, posebno sa Rusijom i Kinom. Pozivamo islamske narode i njihove institucije da po\u0161alju protestne note ovim zemljama, da organiziraju proteste pred njihovim ambasadama, da bojkotuju njihovu robu i zatra\u017ee od njih da prolijevanje krvi nevinih Sirijaca ne koriste u \u010duvanju i promoviranju njihovog ekonomskog i vojnog uticaja. Ove zemlje moraju biti svjesne da budu\u0107nost na Bliskom istoku pripada narodima koji tu \u017eive, prije ili kasnije. Oni koji su spremni pomo\u0107i i podr\u017eati nasilni\u010dku, despotsku i tiransku ma\u0161ineriju re\u017eima su, bez sumnje, na gubitku.<\/p>\n<p><strong>5.<\/strong>\u00a0Pozivamo sirijske revolucionare, Prelazni nacionalni savjet i sve formacije da se ujedine i da ostave po strani sve eventualne razli\u010ditosti. Pozivamo ih da rade s namjerom izgradnje svoje dr\u017eave u budu\u0107nosti na temeljima pravde, za\u0161tite prava i sloboda i uspostave institucija koje \u0107e \u010duvati\u00a0 jedinstvo zemlje i boriti se za njene interese. Du\u017eni su \u010duvati prava vjerskih i etni\u010dkih grupacija koje vi\u0161e od hiljadu godina \u017eive kao dio sirijskog naroda, koji, kao i svi drugi imaju svoja prava. Re\u017eim i njegove institucije su jedini koji snose odgovornost za ove stravi\u010dne zlo\u010dine.<br \/>\n<strong><br \/>\n6.<\/strong>\u00a0Pozivamo sve iskrene snage u islamskom svijetu da osnuju narodne odjele koji \u0107e pomagati revoluciju sirijskog naroda i izbjeglice koji se nalaze, naro\u010dito u Jordanu, Libanu i Turskoj gdje im je potrebna pomo\u0107 u hrani, odje\u0107i i lijekovima.<\/p>\n<p><strong>7.<\/strong>\u00a0Podr\u017eavamo svaki iskren trud koji ima za cilj zaustavljanje prolijevanja krvi sirijskog naroda i njegovu za\u0161titu od dugog rata koji nosi sve pred sobom i to smatramo jednom od najzna\u010dajnijih intencija islamskog \u0161erijata, da bi to dovelo do slobodnih izbora koji \u0107e izraziti volju sirijskog naroda, \u010duvati njihova prava i obezbijediti primopredaju vlasti. Molimo Allaha da dragom sirijskom narodu podari izlaz, da sa\u010duva njegovo jedinstvo, da ga ujedini oko rije\u010di istine, povrati mu sigurnost i spokoj u okrilju pravedne i vjerni\u010dke vlasti koja \u0107e \u0161titi prava i slobode, koja se ne\u0107e na Zemlji oholiti i nered \u010diniti, a pobjeda, na koncu pripada bogobojaznima.<\/p>\n<p>Imena potpisnika (izme\u0111u ostalih): Dr. Jusuf el-Karadavi, Katar, muftija Egipta Ali D\u017eum\u2019a, Abdullah b. Bi\u2019e, Mauritanija, dr. Ra\u0161id el-Ganu\u0161i, Tunis, Abdulmed\u017eid ez-Zindani, Jemen, dr. Ali Kuradagi, Katar, Nasir b. Sulejman Umer, Saudija, Muhammed Ahmed Salih, Saudija, Muhammed Hassan, Egipat, Safvet Hid\u017eazi \u2013 Egipat, Selman b. Fahd el-Awde, Saudija, Seid b. Nasir el-Gamidi, Saudija, Muhammed Musa \u0160erif, Saudija, Abdulaziz b. Fevzan el-Fevzan<br \/>\n<strong><br \/>\nIzvor:<\/strong>\u00a0islamtoday.net<\/p>\n","protected":false},"excerpt":{"rendered":"<p>Poziv protiv vojske Ba\u0161ara al-Asada i njegovih diplomata \u0161irom svijeta<\/p>\n","protected":false},"author":83,"featured_media":98943,"comment_status":"open","ping_status":"open","sticky":false,"template":"","format":"standard","meta":{"footnotes":""},"categories":[9,8957],"tags":[10225],"class_list":{"0":"post-98941","1":"post","2":"type-post","3":"status-publish","4":"format-standard","5":"has-post-thumbnail","7":"category-svijet","8":"category-vijesti-dana","9":"tag-sirija"},"yoast_head":"<!-- This site is optimized with the Yoast SEO Premium plugin v23.1 (Yoast SEO v24.9) - https:\/\/yoast.com\/wordpress\/plugins\/seo\/ -->\n<title>Fetva 107 islamskih u\u010denjaka o ratu u Siriji<\/title>\n<meta name=\"robots\" content=\"index, follow, max-snippet:-1, max-image-preview:large, max-video-preview:-1\" \/>\n<link rel=\"canonical\" href=\"https:\/\/sandzakpress.net\/arhiva\/fetva-107-islamskih-ucenjaka-o-ratu-u-siriji\/\" \/>\n<meta property=\"og:locale\" content=\"bs_BA\" \/>\n<meta property=\"og:type\" content=\"article\" \/>\n<meta property=\"og:title\" content=\"Fetva 107 islamskih u\u010denjaka o ratu u Siriji\" \/>\n<meta property=\"og:description\" content=\"Poziv protiv vojske Ba\u0161ara al-Asada i njegovih diplomata \u0161irom svijeta\" \/>\n<meta property=\"og:url\" content=\"https:\/\/sandzakpress.net\/arhiva\/fetva-107-islamskih-ucenjaka-o-ratu-u-siriji\/\" \/>\n<meta property=\"og:site_name\" content=\"Sand\u017eak PRESS\" \/>\n<meta property=\"article:published_time\" content=\"2013-12-28T09:10:18+00:00\" \/>\n<meta property=\"article:modified_time\" content=\"2013-12-28T09:12:51+00:00\" \/>\n<meta property=\"og:image\" content=\"https:\/\/sandzakpress.net\/arhiva\/wp-content\/uploads\/2013\/12\/as127-660x330.jpg\" \/>\n\t<meta property=\"og:image:width\" content=\"616\" \/>\n\t<meta property=\"og:image:height\" content=\"263\" \/>\n\t<meta property=\"og:image:type\" content=\"image\/jpeg\" \/>\n<meta name=\"author\" content=\"bosniak\" \/>\n<meta name=\"twitter:card\" content=\"summary_large_image\" \/>\n<meta name=\"twitter:label1\" content=\"Written by\" \/>\n\t<meta name=\"twitter:data1\" content=\"bosniak\" \/>\n\t<meta name=\"twitter:label2\" content=\"Est. reading time\" \/>\n\t<meta name=\"twitter:data2\" content=\"7 minuta\" \/>\n<script type=\"application\/ld+json\" class=\"yoast-schema-graph\">{\"@context\":\"https:\/\/schema.org\",\"@graph\":[{\"@type\":\"Article\",\"@id\":\"https:\/\/sandzakpress.net\/arhiva\/fetva-107-islamskih-ucenjaka-o-ratu-u-siriji\/#article\",\"isPartOf\":{\"@id\":\"https:\/\/sandzakpress.net\/arhiva\/fetva-107-islamskih-ucenjaka-o-ratu-u-siriji\/\"},\"author\":{\"name\":\"bosniak\",\"@id\":\"https:\/\/sandzakpress.net\/arhiva\/#\/schema\/person\/c8baee722073534b583ea7bdb2e36c02\"},\"headline\":\"Fetva 107 islamskih u\u010denjaka o ratu u Siriji\",\"datePublished\":\"2013-12-28T09:10:18+00:00\",\"dateModified\":\"2013-12-28T09:12:51+00:00\",\"mainEntityOfPage\":{\"@id\":\"https:\/\/sandzakpress.net\/arhiva\/fetva-107-islamskih-ucenjaka-o-ratu-u-siriji\/\"},\"wordCount\":1447,\"commentCount\":5,\"publisher\":{\"@id\":\"https:\/\/sandzakpress.net\/arhiva\/#\/schema\/person\/6e72b67d6e51910a1117b3b483ba20bd\"},\"image\":{\"@id\":\"https:\/\/sandzakpress.net\/arhiva\/fetva-107-islamskih-ucenjaka-o-ratu-u-siriji\/#primaryimage\"},\"thumbnailUrl\":\"https:\/\/sandzakpress.net\/arhiva\/wp-content\/uploads\/2013\/12\/as127-660x330.jpg\",\"keywords\":[\"Sirija\"],\"articleSection\":[\"Svijet\",\"VIJESTI DANA\"],\"inLanguage\":\"bs-BA\",\"potentialAction\":[{\"@type\":\"CommentAction\",\"name\":\"Comment\",\"target\":[\"https:\/\/sandzakpress.net\/arhiva\/fetva-107-islamskih-ucenjaka-o-ratu-u-siriji\/#respond\"]}]},{\"@type\":\"WebPage\",\"@id\":\"https:\/\/sandzakpress.net\/arhiva\/fetva-107-islamskih-ucenjaka-o-ratu-u-siriji\/\",\"url\":\"https:\/\/sandzakpress.net\/arhiva\/fetva-107-islamskih-ucenjaka-o-ratu-u-siriji\/\",\"name\":\"Fetva 107 islamskih u\u010denjaka o ratu u Siriji\",\"isPartOf\":{\"@id\":\"https:\/\/sandzakpress.net\/arhiva\/#website\"},\"primaryImageOfPage\":{\"@id\":\"https:\/\/sandzakpress.net\/arhiva\/fetva-107-islamskih-ucenjaka-o-ratu-u-siriji\/#primaryimage\"},\"image\":{\"@id\":\"https:\/\/sandzakpress.net\/arhiva\/fetva-107-islamskih-ucenjaka-o-ratu-u-siriji\/#primaryimage\"},\"thumbnailUrl\":\"https:\/\/sandzakpress.net\/arhiva\/wp-content\/uploads\/2013\/12\/as127-660x330.jpg\",\"datePublished\":\"2013-12-28T09:10:18+00:00\",\"dateModified\":\"2013-12-28T09:12:51+00:00\",\"breadcrumb\":{\"@id\":\"https:\/\/sandzakpress.net\/arhiva\/fetva-107-islamskih-ucenjaka-o-ratu-u-siriji\/#breadcrumb\"},\"inLanguage\":\"bs-BA\",\"potentialAction\":[{\"@type\":\"ReadAction\",\"target\":[\"https:\/\/sandzakpress.net\/arhiva\/fetva-107-islamskih-ucenjaka-o-ratu-u-siriji\/\"]}]},{\"@type\":\"ImageObject\",\"inLanguage\":\"bs-BA\",\"@id\":\"https:\/\/sandzakpress.net\/arhiva\/fetva-107-islamskih-ucenjaka-o-ratu-u-siriji\/#primaryimage\",\"url\":\"https:\/\/sandzakpress.net\/arhiva\/wp-content\/uploads\/2013\/12\/as127-660x330.jpg\",\"contentUrl\":\"https:\/\/sandzakpress.net\/arhiva\/wp-content\/uploads\/2013\/12\/as127-660x330.jpg\",\"width\":616,\"height\":263},{\"@type\":\"BreadcrumbList\",\"@id\":\"https:\/\/sandzakpress.net\/arhiva\/fetva-107-islamskih-ucenjaka-o-ratu-u-siriji\/#breadcrumb\",\"itemListElement\":[{\"@type\":\"ListItem\",\"position\":1,\"name\":\"Home\",\"item\":\"https:\/\/sandzakpress.net\/arhiva\/\"},{\"@type\":\"ListItem\",\"position\":2,\"name\":\"Fetva 107 islamskih u\u010denjaka o ratu u Siriji\"}]},{\"@type\":\"WebSite\",\"@id\":\"https:\/\/sandzakpress.net\/arhiva\/#website\",\"url\":\"https:\/\/sandzakpress.net\/arhiva\/\",\"name\":\"Sand\u017eak PRESS\",\"description\":\"Prve elektronske novine u Sand\u017eaku\",\"publisher\":{\"@id\":\"https:\/\/sandzakpress.net\/arhiva\/#\/schema\/person\/6e72b67d6e51910a1117b3b483ba20bd\"},\"potentialAction\":[{\"@type\":\"SearchAction\",\"target\":{\"@type\":\"EntryPoint\",\"urlTemplate\":\"https:\/\/sandzakpress.net\/arhiva\/?s={search_term_string}\"},\"query-input\":{\"@type\":\"PropertyValueSpecification\",\"valueRequired\":true,\"valueName\":\"search_term_string\"}}],\"inLanguage\":\"bs-BA\"},{\"@type\":[\"Person\",\"Organization\"],\"@id\":\"https:\/\/sandzakpress.net\/arhiva\/#\/schema\/person\/6e72b67d6e51910a1117b3b483ba20bd\",\"name\":\"Kul\",\"image\":{\"@type\":\"ImageObject\",\"inLanguage\":\"bs-BA\",\"@id\":\"https:\/\/sandzakpress.net\/arhiva\/#\/schema\/person\/image\/\",\"url\":\"https:\/\/secure.gravatar.com\/avatar\/42263f39aa27ac04c43cab85c280eb2e?s=96&d=mm&r=pg\",\"contentUrl\":\"https:\/\/secure.gravatar.com\/avatar\/42263f39aa27ac04c43cab85c280eb2e?s=96&d=mm&r=pg\",\"caption\":\"Kul\"},\"logo\":{\"@id\":\"https:\/\/sandzakpress.net\/arhiva\/#\/schema\/person\/image\/\"}},{\"@type\":\"Person\",\"@id\":\"https:\/\/sandzakpress.net\/arhiva\/#\/schema\/person\/c8baee722073534b583ea7bdb2e36c02\",\"name\":\"bosniak\",\"image\":{\"@type\":\"ImageObject\",\"inLanguage\":\"bs-BA\",\"@id\":\"https:\/\/sandzakpress.net\/arhiva\/#\/schema\/person\/image\/\",\"url\":\"https:\/\/secure.gravatar.com\/avatar\/a04fd330bfe3a36a72a0ad4a6d89fca7?s=96&d=mm&r=pg\",\"contentUrl\":\"https:\/\/secure.gravatar.com\/avatar\/a04fd330bfe3a36a72a0ad4a6d89fca7?s=96&d=mm&r=pg\",\"caption\":\"bosniak\"},\"url\":\"https:\/\/sandzakpress.net\/arhiva\/author\/bosniak\/\"}]}<\/script>\n<!-- \/ Yoast SEO Premium plugin. -->","yoast_head_json":{"title":"Fetva 107 islamskih u\u010denjaka o ratu u Siriji","robots":{"index":"index","follow":"follow","max-snippet":"max-snippet:-1","max-image-preview":"max-image-preview:large","max-video-preview":"max-video-preview:-1"},"canonical":"https:\/\/sandzakpress.net\/arhiva\/fetva-107-islamskih-ucenjaka-o-ratu-u-siriji\/","og_locale":"bs_BA","og_type":"article","og_title":"Fetva 107 islamskih u\u010denjaka o ratu u Siriji","og_description":"Poziv protiv vojske Ba\u0161ara al-Asada i njegovih diplomata \u0161irom svijeta","og_url":"https:\/\/sandzakpress.net\/arhiva\/fetva-107-islamskih-ucenjaka-o-ratu-u-siriji\/","og_site_name":"Sand\u017eak PRESS","article_published_time":"2013-12-28T09:10:18+00:00","article_modified_time":"2013-12-28T09:12:51+00:00","og_image":[{"width":616,"height":263,"url":"https:\/\/sandzakpress.net\/arhiva\/wp-content\/uploads\/2013\/12\/as127-660x330.jpg","type":"image\/jpeg"}],"author":"bosniak","twitter_card":"summary_large_image","twitter_misc":{"Written by":"bosniak","Est. reading time":"7 minuta"},"schema":{"@context":"https:\/\/schema.org","@graph":[{"@type":"Article","@id":"https:\/\/sandzakpress.net\/arhiva\/fetva-107-islamskih-ucenjaka-o-ratu-u-siriji\/#article","isPartOf":{"@id":"https:\/\/sandzakpress.net\/arhiva\/fetva-107-islamskih-ucenjaka-o-ratu-u-siriji\/"},"author":{"name":"bosniak","@id":"https:\/\/sandzakpress.net\/arhiva\/#\/schema\/person\/c8baee722073534b583ea7bdb2e36c02"},"headline":"Fetva 107 islamskih u\u010denjaka o ratu u Siriji","datePublished":"2013-12-28T09:10:18+00:00","dateModified":"2013-12-28T09:12:51+00:00","mainEntityOfPage":{"@id":"https:\/\/sandzakpress.net\/arhiva\/fetva-107-islamskih-ucenjaka-o-ratu-u-siriji\/"},"wordCount":1447,"commentCount":5,"publisher":{"@id":"https:\/\/sandzakpress.net\/arhiva\/#\/schema\/person\/6e72b67d6e51910a1117b3b483ba20bd"},"image":{"@id":"https:\/\/sandzakpress.net\/arhiva\/fetva-107-islamskih-ucenjaka-o-ratu-u-siriji\/#primaryimage"},"thumbnailUrl":"https:\/\/sandzakpress.net\/arhiva\/wp-content\/uploads\/2013\/12\/as127-660x330.jpg","keywords":["Sirija"],"articleSection":["Svijet","VIJESTI DANA"],"inLanguage":"bs-BA","potentialAction":[{"@type":"CommentAction","name":"Comment","target":["https:\/\/sandzakpress.net\/arhiva\/fetva-107-islamskih-ucenjaka-o-ratu-u-siriji\/#respond"]}]},{"@type":"WebPage","@id":"https:\/\/sandzakpress.net\/arhiva\/fetva-107-islamskih-ucenjaka-o-ratu-u-siriji\/","url":"https:\/\/sandzakpress.net\/arhiva\/fetva-107-islamskih-ucenjaka-o-ratu-u-siriji\/","name":"Fetva 107 islamskih u\u010denjaka o ratu u Siriji","isPartOf":{"@id":"https:\/\/sandzakpress.net\/arhiva\/#website"},"primaryImageOfPage":{"@id":"https:\/\/sandzakpress.net\/arhiva\/fetva-107-islamskih-ucenjaka-o-ratu-u-siriji\/#primaryimage"},"image":{"@id":"https:\/\/sandzakpress.net\/arhiva\/fetva-107-islamskih-ucenjaka-o-ratu-u-siriji\/#primaryimage"},"thumbnailUrl":"https:\/\/sandzakpress.net\/arhiva\/wp-content\/uploads\/2013\/12\/as127-660x330.jpg","datePublished":"2013-12-28T09:10:18+00:00","dateModified":"2013-12-28T09:12:51+00:00","breadcrumb":{"@id":"https:\/\/sandzakpress.net\/arhiva\/fetva-107-islamskih-ucenjaka-o-ratu-u-siriji\/#breadcrumb"},"inLanguage":"bs-BA","potentialAction":[{"@type":"ReadAction","target":["https:\/\/sandzakpress.net\/arhiva\/fetva-107-islamskih-ucenjaka-o-ratu-u-siriji\/"]}]},{"@type":"ImageObject","inLanguage":"bs-BA","@id":"https:\/\/sandzakpress.net\/arhiva\/fetva-107-islamskih-ucenjaka-o-ratu-u-siriji\/#primaryimage","url":"https:\/\/sandzakpress.net\/arhiva\/wp-content\/uploads\/2013\/12\/as127-660x330.jpg","contentUrl":"https:\/\/sandzakpress.net\/arhiva\/wp-content\/uploads\/2013\/12\/as127-660x330.jpg","width":616,"height":263},{"@type":"BreadcrumbList","@id":"https:\/\/sandzakpress.net\/arhiva\/fetva-107-islamskih-ucenjaka-o-ratu-u-siriji\/#breadcrumb","itemListElement":[{"@type":"ListItem","position":1,"name":"Home","item":"https:\/\/sandzakpress.net\/arhiva\/"},{"@type":"ListItem","position":2,"name":"Fetva 107 islamskih u\u010denjaka o ratu u Siriji"}]},{"@type":"WebSite","@id":"https:\/\/sandzakpress.net\/arhiva\/#website","url":"https:\/\/sandzakpress.net\/arhiva\/","name":"Sand\u017eak PRESS","description":"Prve elektronske novine u Sand\u017eaku","publisher":{"@id":"https:\/\/sandzakpress.net\/arhiva\/#\/schema\/person\/6e72b67d6e51910a1117b3b483ba20bd"},"potentialAction":[{"@type":"SearchAction","target":{"@type":"EntryPoint","urlTemplate":"https:\/\/sandzakpress.net\/arhiva\/?s={search_term_string}"},"query-input":{"@type":"PropertyValueSpecification","valueRequired":true,"valueName":"search_term_string"}}],"inLanguage":"bs-BA"},{"@type":["Person","Organization"],"@id":"https:\/\/sandzakpress.net\/arhiva\/#\/schema\/person\/6e72b67d6e51910a1117b3b483ba20bd","name":"Kul","image":{"@type":"ImageObject","inLanguage":"bs-BA","@id":"https:\/\/sandzakpress.net\/arhiva\/#\/schema\/person\/image\/","url":"https:\/\/secure.gravatar.com\/avatar\/42263f39aa27ac04c43cab85c280eb2e?s=96&d=mm&r=pg","contentUrl":"https:\/\/secure.gravatar.com\/avatar\/42263f39aa27ac04c43cab85c280eb2e?s=96&d=mm&r=pg","caption":"Kul"},"logo":{"@id":"https:\/\/sandzakpress.net\/arhiva\/#\/schema\/person\/image\/"}},{"@type":"Person","@id":"https:\/\/sandzakpress.net\/arhiva\/#\/schema\/person\/c8baee722073534b583ea7bdb2e36c02","name":"bosniak","image":{"@type":"ImageObject","inLanguage":"bs-BA","@id":"https:\/\/sandzakpress.net\/arhiva\/#\/schema\/person\/image\/","url":"https:\/\/secure.gravatar.com\/avatar\/a04fd330bfe3a36a72a0ad4a6d89fca7?s=96&d=mm&r=pg","contentUrl":"https:\/\/secure.gravatar.com\/avatar\/a04fd330bfe3a36a72a0ad4a6d89fca7?s=96&d=mm&r=pg","caption":"bosniak"},"url":"https:\/\/sandzakpress.net\/arhiva\/author\/bosniak\/"}]}},"_links":{"self":[{"href":"https:\/\/sandzakpress.net\/arhiva\/wp-json\/wp\/v2\/posts\/98941"}],"collection":[{"href":"https:\/\/sandzakpress.net\/arhiva\/wp-json\/wp\/v2\/posts"}],"about":[{"href":"https:\/\/sandzakpress.net\/arhiva\/wp-json\/wp\/v2\/types\/post"}],"author":[{"embeddable":true,"href":"https:\/\/sandzakpress.net\/arhiva\/wp-json\/wp\/v2\/users\/83"}],"replies":[{"embeddable":true,"href":"https:\/\/sandzakpress.net\/arhiva\/wp-json\/wp\/v2\/comments?post=98941"}],"version-history":[{"count":0,"href":"https:\/\/sandzakpress.net\/arhiva\/wp-json\/wp\/v2\/posts\/98941\/revisions"}],"wp:featuredmedia":[{"embeddable":true,"href":"https:\/\/sandzakpress.net\/arhiva\/wp-json\/wp\/v2\/media\/98943"}],"wp:attachment":[{"href":"https:\/\/sandzakpress.net\/arhiva\/wp-json\/wp\/v2\/media?parent=98941"}],"wp:term":[{"taxonomy":"category","embeddable":true,"href":"https:\/\/sandzakpress.net\/arhiva\/wp-json\/wp\/v2\/categories?post=98941"},{"taxonomy":"post_tag","embeddable":true,"href":"https:\/\/sandzakpress.net\/arhiva\/wp-json\/wp\/v2\/tags?post=98941"}],"curies":[{"name":"wp","href":"https:\/\/api.w.org\/{rel}","templated":true}]}}