{"id":9894,"date":"2010-11-23T02:37:48","date_gmt":"2010-11-23T01:37:48","guid":{"rendered":"https:\/\/sandzakpress.net\/arhiva\/?p=9894"},"modified":"2010-11-23T02:37:48","modified_gmt":"2010-11-23T01:37:48","slug":"drzava-svjesna-da-treba-investirati-u-sandzak","status":"publish","type":"post","link":"https:\/\/sandzakpress.net\/arhiva\/drzava-svjesna-da-treba-investirati-u-sandzak\/","title":{"rendered":"Dr\u017eava svjesna da treba investirati u Sand\u017eak"},"content":{"rendered":"<p><strong><a href=\"https:\/\/sandzakpress.net\/arhiva\/wp-content\/uploads\/2010\/11\/tadic22112010.jpg\"><img loading=\"lazy\" decoding=\"async\" class=\"alignleft size-full wp-image-9895\" title=\"tadic22112010\" src=\"https:\/\/sandzakpress.net\/arhiva\/wp-content\/uploads\/2010\/11\/tadic22112010.jpg\" alt=\"\" width=\"240\" height=\"135\" \/><\/a>Sjeverni Sand\u017eak &#8211; Predsjednik Srbije Boris Tadi\u0107 izjavio je u Novom Pazaru da je dr\u017eavni vrh svjestan da su potrebne investicije u razvoj infrastirkture u tom nerazvijenom podru\u010dju.<\/strong><strong> <\/strong><\/p>\n<p>&#8220;Znamo sa kakvim se siroma\u0161tvom gra\u0111ani ovdje suo\u010davaju i u\u010dinit \u0107emo sve da popravimo situaciju, uprkos ekonomskim te\u0161ko\u0107ama sa kojima se suo\u010davamo&#8221;, rekao je Tadi\u0107.\u00a0On je naglasio da ministri Rasim Ljaji\u0107 i Sulejman Ugljanin, sa kolegama u Vladi Srbije, tra\u017ee sve mogu\u0107nosti kako bi dio investicija bio usmjeren u Sand\u017eak.\u00a0&#8220;Zbog toga mislim da postoje ozbiljni potencijali za razvoj&#8221;, rekao je Tadi\u0107.<\/p>\n<p>Prema njegovoj ocijeni, dr\u017eava i u te\u0161kim ekonomskim okolnostima investira zna\u010dajna sredstva u izgradnju infrastrukture, kao i u poslove &#8220;koji su trebalo da budu zavr\u0161eni jo\u0161 pro\u0161le decenije&#8221;.<\/p>\n<p>Predsjednik Srbije je istakao da napori dr\u017eave moraju biti efektivni i usmjereni na otvaranje novih radnih mjesta.\u00a0&#8220;U ovom dijelu Srbije postoje dobri potencijali za razvoj poljoprivrede i izgradnju industrijskog centra&#8221;, rekao je Tadi\u0107.<\/p>\n<p>On je, po\u0161to je obi\u0161ao radove na izgradnji obilaznice oko Novog Pazara, novinarima rekao da \u0107e autoput prema Crnoj Gori, &#8220;koji \u0107e pro\u0107i preko Pe\u0161terske visoravni i Boljara&#8221;, biti izgra\u0111en nakon \u0161to Vlada napravi solidnu ekonomsku konstrukciju.<\/p>\n<p>&#8220;Vlada neprekidno radi na re\u0161enju te konstrukcije, a put bi morao da bude izgra\u0111en u srednjoro\u010dnom periodu. Razmi\u0161ljamo i da u naredne tri godine izgradimo gasovod koji bi ovaj kraj povezao sa gasovodnom mre\u017eom koja ve\u0107 postoji u Srbiji. To bi svakako izmijenilo uslove privre\u0111ivanja u Sand\u017eaku a i otvorilo bi perspektivu otvaranja novih radnih mjesta&#8221;, rekao je Tadi\u0107.<\/p>\n<p>On je dodao da je ovaj dio zemlje, kao i ostali dijelovi, trpio posljednjih godina zbog toga \u0161to nije bilo velikih investicija u konkretna radna mjesta.<\/p>\n<p>&#8220;Bilo je nekoliko ugovora koji su delimi\u010dno pokrenuli proces proizvodnje koji smo na\u010dinili sa na\u0161im prijateljima i kolegama iz Turske, ali to ovog trenutka nije dovoljno, potrebno je u\u010diniti jo\u0161 mnogo toga u Novom Pazaru, Sjenici, Tutinu. Potrebno je napraviti magistralne i infrastrukturne veze, ali je potrebno i otvoriti i preduze\u0107a u kojima bi ljudi radili&#8221;, naveo je on.<\/p>\n<p>Tadi\u0107 je ukazao da su mnoga preduze\u0107a koja su zapo\u0161ljavala po hiljadu ljudi u tekstilnoj industriji uga\u0161ena, kao posljedica tragi\u010dnih devedesetih godina i ekonomskih problema posljednjih godina.<\/p>\n<p>Predsjednik Srbije je istakao da sa svoje pozicije \u010dini sve da ljudska prava svih gra\u0111ana u zemlji budu po\u0161tovana, a da to va\u017ei za socijalne grupe, za narode, nacionalne manjine.\u00a0&#8220;\u0160to se ti\u010de etni\u010dkih prava Bo\u0161njaka da imaju svoj jezik, knji\u017eevnost i kulturu, to su prava koja se ne dovode u pitanje. Ja \u0107u insistirati na za\u0161titi prava Bo\u0161njaka. \u0160to se ti\u010de vjerskih prava ona su zakonom regulisana i sve vjerske zajednice su dale puni doprinos usvajanju zakona koji tretira rad vjerskih zajednica&#8221;, kazao je Tadi\u0107.<\/p>\n<p>&#8220;U posljednje vrijeme pojavljuju se komentari koji odudaraju od onoga \u0161to smo imali prije nekoliko godina i ja \u0107u se brinuti o tome da pravo svakog pojedina\u010dnog gra\u0111anina, bilo da se radi o nacionalnom ili vjerskom pravu, bude za\u0161ti\u0107eno&#8221;, dodao je on.\u00a0Tadi\u0107 je istakao da ovaj dio Srbije ne mo\u017ee biti razli\u010dit od bilo kog drugog dijela zemlje.<\/p>\n<p>Gradona\u010delnik Novog Pazara Meho Mahmutovi\u0107 rekao je da je ovaj grad jedno od ve\u0107ih gradili\u0161ta u zemlji.\u00a0&#8220;Samo ove godine Vlada Srbije je ulo\u017eila vi\u0161e od 900 miliona dinara u infrastrukturne radove u ovom gradu i okolini. Ova obilaznica je \u017eila kucavica Novog Pazara i ja vjerujem da \u0107e ona naredne godine biti zavr\u0161ena&#8221;, rekao je Mahmutovi\u0107.<\/p>\n<p><strong>Najbogatiji treba da na\u0111u na\u010din da pomognu drustvu<\/strong><\/p>\n<p>Predsjednik Srbije Boris Tadi\u0107 izjavio je u Novom Pazaru da najbogatiji ljudi treba da prona\u0111u na\u010din da pomognu dru\u0161tvu u kriznom periodu.<\/p>\n<p>On je biznismenima &#8220;koji su ovladali velikim kapitalom 90-tih godina&#8221; poru\u010dio da bi bilo veoma dobro da ne\u0161to u\u010dine kako bi uspostavili dodatni kredibilitet.\u00a0&#8220;Poka\u017eite odgovornost kao i bogati ljudi u svetu, pogotovo u kriznom periodu&#8221;, rekao je Tadi\u0107.<\/p>\n<p>&#8220;Tra\u017eio sam od Vlade da izna\u0111e mogu\u0107nosti da najbogatiji, kroz poreski sistem jedan dio tog bogatstva uklju\u010de u otvaranje novih radnih mjesta, u \u0161kolski sistem, zdravstveni sistem&#8221;, rekao je Tadi\u0107, odgovaraju\u0107i na novinarsko pitanje da li misli da je biznismen Milan Beko ju\u010der prozvao njega li\u010dno.<\/p>\n<p>&#8220;Ne znam na koga je mislio Beko, ali mislim da najbogatiji ljudi u Srbiji, a on njima pripada, treba da razmisle kako da dr\u017eavi i gra\u0111anima daju jedan dio bogatstva. Ako to pravilo va\u017ei za SAD i Evropsku uniju, va\u017ei i za Srbiju&#8221;, rekao je Tadi\u0107.<\/p>\n<p>On je dodao da izjavu Milana Beka nije razumio kao prozivku.\u00a0&#8220;Ne bi bilo dobro da me iko iz kruga bogata\u0161a proziva, jer to ne bi bilo korisno za bogate ljude&#8221;, rekao je predsjednik Srbije.<\/p>\n<p>Izvor: <strong>StudioB.rs<\/strong><\/p>\n","protected":false},"excerpt":{"rendered":"<p>Sjeverni Sand\u017eak &#8211; Predsjednik Srbije Boris Tadi\u0107 izjavio je u Novom Pazaru da je dr\u017eavni vrh svjestan da su potrebne investicije u razvoj infrastirkture u tom nerazvijenom podru\u010dju. &#8220;Znamo sa kakvim se siroma\u0161tvom gra\u0111ani ovdje suo\u010davaju i u\u010dinit \u0107emo sve da popravimo situaciju, uprkos ekonomskim te\u0161ko\u0107ama sa kojima se suo\u010davamo&#8221;, rekao je Tadi\u0107.\u00a0On je naglasio [&hellip;]<\/p>\n","protected":false},"author":83,"featured_media":9895,"comment_status":"open","ping_status":"open","sticky":false,"template":"","format":"standard","meta":{"footnotes":""},"categories":[72,52,327,3,392,393,394],"tags":[],"class_list":{"0":"post-9894","1":"post","2":"type-post","3":"status-publish","4":"format-standard","5":"has-post-thumbnail","7":"category-novi-pazar","8":"category-sjenica","9":"category-tutin","10":"category-privreda","11":"category-prijepolje_","12":"category-priboj","13":"category-nova-varos"},"yoast_head":"<!-- This site is optimized with the Yoast SEO Premium plugin v23.1 (Yoast SEO v24.9) - https:\/\/yoast.com\/wordpress\/plugins\/seo\/ -->\n<title>Dr\u017eava svjesna da treba investirati u Sand\u017eak<\/title>\n<meta name=\"robots\" content=\"index, follow, max-snippet:-1, max-image-preview:large, max-video-preview:-1\" \/>\n<link rel=\"canonical\" href=\"https:\/\/sandzakpress.net\/arhiva\/drzava-svjesna-da-treba-investirati-u-sandzak\/\" \/>\n<meta property=\"og:locale\" content=\"bs_BA\" \/>\n<meta property=\"og:type\" content=\"article\" \/>\n<meta property=\"og:title\" content=\"Dr\u017eava svjesna da treba investirati u Sand\u017eak\" \/>\n<meta property=\"og:description\" content=\"Sjeverni Sand\u017eak &#8211; Predsjednik Srbije Boris Tadi\u0107 izjavio je u Novom Pazaru da je dr\u017eavni vrh svjestan da su potrebne investicije u razvoj infrastirkture u tom nerazvijenom podru\u010dju. &#8220;Znamo sa kakvim se siroma\u0161tvom gra\u0111ani ovdje suo\u010davaju i u\u010dinit \u0107emo sve da popravimo situaciju, uprkos ekonomskim te\u0161ko\u0107ama sa kojima se suo\u010davamo&#8221;, rekao je Tadi\u0107.\u00a0On je naglasio [&hellip;]\" \/>\n<meta property=\"og:url\" content=\"https:\/\/sandzakpress.net\/arhiva\/drzava-svjesna-da-treba-investirati-u-sandzak\/\" \/>\n<meta property=\"og:site_name\" content=\"Sand\u017eak PRESS\" \/>\n<meta property=\"article:published_time\" content=\"2010-11-23T01:37:48+00:00\" \/>\n<meta property=\"og:image\" content=\"https:\/\/sandzakpress.net\/arhiva\/wp-content\/uploads\/2010\/11\/tadic22112010.jpg\" \/>\n\t<meta property=\"og:image:width\" content=\"240\" \/>\n\t<meta property=\"og:image:height\" content=\"135\" \/>\n\t<meta property=\"og:image:type\" content=\"image\/jpeg\" \/>\n<meta name=\"author\" content=\"bosniak\" \/>\n<meta name=\"twitter:card\" content=\"summary_large_image\" \/>\n<meta name=\"twitter:label1\" content=\"Written by\" \/>\n\t<meta name=\"twitter:data1\" content=\"bosniak\" \/>\n\t<meta name=\"twitter:label2\" content=\"Est. reading time\" \/>\n\t<meta name=\"twitter:data2\" content=\"4 minute\" \/>\n<script type=\"application\/ld+json\" class=\"yoast-schema-graph\">{\"@context\":\"https:\/\/schema.org\",\"@graph\":[{\"@type\":\"Article\",\"@id\":\"https:\/\/sandzakpress.net\/arhiva\/drzava-svjesna-da-treba-investirati-u-sandzak\/#article\",\"isPartOf\":{\"@id\":\"https:\/\/sandzakpress.net\/arhiva\/drzava-svjesna-da-treba-investirati-u-sandzak\/\"},\"author\":{\"name\":\"bosniak\",\"@id\":\"https:\/\/sandzakpress.net\/arhiva\/#\/schema\/person\/c8baee722073534b583ea7bdb2e36c02\"},\"headline\":\"Dr\u017eava svjesna da treba investirati u Sand\u017eak\",\"datePublished\":\"2010-11-23T01:37:48+00:00\",\"mainEntityOfPage\":{\"@id\":\"https:\/\/sandzakpress.net\/arhiva\/drzava-svjesna-da-treba-investirati-u-sandzak\/\"},\"wordCount\":853,\"commentCount\":7,\"publisher\":{\"@id\":\"https:\/\/sandzakpress.net\/arhiva\/#\/schema\/person\/6e72b67d6e51910a1117b3b483ba20bd\"},\"image\":{\"@id\":\"https:\/\/sandzakpress.net\/arhiva\/drzava-svjesna-da-treba-investirati-u-sandzak\/#primaryimage\"},\"thumbnailUrl\":\"https:\/\/sandzakpress.net\/arhiva\/wp-content\/uploads\/2010\/11\/tadic22112010.jpg\",\"articleSection\":[\"Novi Pazar\",\"Sjenica\",\"Tutin\",\"Privreda\",\"Prijepolje\",\"Priboj\",\"Nova Varo\u0161\"],\"inLanguage\":\"bs-BA\",\"potentialAction\":[{\"@type\":\"CommentAction\",\"name\":\"Comment\",\"target\":[\"https:\/\/sandzakpress.net\/arhiva\/drzava-svjesna-da-treba-investirati-u-sandzak\/#respond\"]}]},{\"@type\":\"WebPage\",\"@id\":\"https:\/\/sandzakpress.net\/arhiva\/drzava-svjesna-da-treba-investirati-u-sandzak\/\",\"url\":\"https:\/\/sandzakpress.net\/arhiva\/drzava-svjesna-da-treba-investirati-u-sandzak\/\",\"name\":\"Dr\u017eava svjesna da treba investirati u Sand\u017eak\",\"isPartOf\":{\"@id\":\"https:\/\/sandzakpress.net\/arhiva\/#website\"},\"primaryImageOfPage\":{\"@id\":\"https:\/\/sandzakpress.net\/arhiva\/drzava-svjesna-da-treba-investirati-u-sandzak\/#primaryimage\"},\"image\":{\"@id\":\"https:\/\/sandzakpress.net\/arhiva\/drzava-svjesna-da-treba-investirati-u-sandzak\/#primaryimage\"},\"thumbnailUrl\":\"https:\/\/sandzakpress.net\/arhiva\/wp-content\/uploads\/2010\/11\/tadic22112010.jpg\",\"datePublished\":\"2010-11-23T01:37:48+00:00\",\"breadcrumb\":{\"@id\":\"https:\/\/sandzakpress.net\/arhiva\/drzava-svjesna-da-treba-investirati-u-sandzak\/#breadcrumb\"},\"inLanguage\":\"bs-BA\",\"potentialAction\":[{\"@type\":\"ReadAction\",\"target\":[\"https:\/\/sandzakpress.net\/arhiva\/drzava-svjesna-da-treba-investirati-u-sandzak\/\"]}]},{\"@type\":\"ImageObject\",\"inLanguage\":\"bs-BA\",\"@id\":\"https:\/\/sandzakpress.net\/arhiva\/drzava-svjesna-da-treba-investirati-u-sandzak\/#primaryimage\",\"url\":\"https:\/\/sandzakpress.net\/arhiva\/wp-content\/uploads\/2010\/11\/tadic22112010.jpg\",\"contentUrl\":\"https:\/\/sandzakpress.net\/arhiva\/wp-content\/uploads\/2010\/11\/tadic22112010.jpg\",\"width\":240,\"height\":135},{\"@type\":\"BreadcrumbList\",\"@id\":\"https:\/\/sandzakpress.net\/arhiva\/drzava-svjesna-da-treba-investirati-u-sandzak\/#breadcrumb\",\"itemListElement\":[{\"@type\":\"ListItem\",\"position\":1,\"name\":\"Home\",\"item\":\"https:\/\/sandzakpress.net\/arhiva\/\"},{\"@type\":\"ListItem\",\"position\":2,\"name\":\"Dr\u017eava svjesna da treba investirati u Sand\u017eak\"}]},{\"@type\":\"WebSite\",\"@id\":\"https:\/\/sandzakpress.net\/arhiva\/#website\",\"url\":\"https:\/\/sandzakpress.net\/arhiva\/\",\"name\":\"Sand\u017eak PRESS\",\"description\":\"Prve elektronske novine u Sand\u017eaku\",\"publisher\":{\"@id\":\"https:\/\/sandzakpress.net\/arhiva\/#\/schema\/person\/6e72b67d6e51910a1117b3b483ba20bd\"},\"potentialAction\":[{\"@type\":\"SearchAction\",\"target\":{\"@type\":\"EntryPoint\",\"urlTemplate\":\"https:\/\/sandzakpress.net\/arhiva\/?s={search_term_string}\"},\"query-input\":{\"@type\":\"PropertyValueSpecification\",\"valueRequired\":true,\"valueName\":\"search_term_string\"}}],\"inLanguage\":\"bs-BA\"},{\"@type\":[\"Person\",\"Organization\"],\"@id\":\"https:\/\/sandzakpress.net\/arhiva\/#\/schema\/person\/6e72b67d6e51910a1117b3b483ba20bd\",\"name\":\"Kul\",\"image\":{\"@type\":\"ImageObject\",\"inLanguage\":\"bs-BA\",\"@id\":\"https:\/\/sandzakpress.net\/arhiva\/#\/schema\/person\/image\/\",\"url\":\"https:\/\/secure.gravatar.com\/avatar\/42263f39aa27ac04c43cab85c280eb2e?s=96&d=mm&r=pg\",\"contentUrl\":\"https:\/\/secure.gravatar.com\/avatar\/42263f39aa27ac04c43cab85c280eb2e?s=96&d=mm&r=pg\",\"caption\":\"Kul\"},\"logo\":{\"@id\":\"https:\/\/sandzakpress.net\/arhiva\/#\/schema\/person\/image\/\"}},{\"@type\":\"Person\",\"@id\":\"https:\/\/sandzakpress.net\/arhiva\/#\/schema\/person\/c8baee722073534b583ea7bdb2e36c02\",\"name\":\"bosniak\",\"image\":{\"@type\":\"ImageObject\",\"inLanguage\":\"bs-BA\",\"@id\":\"https:\/\/sandzakpress.net\/arhiva\/#\/schema\/person\/image\/\",\"url\":\"https:\/\/secure.gravatar.com\/avatar\/a04fd330bfe3a36a72a0ad4a6d89fca7?s=96&d=mm&r=pg\",\"contentUrl\":\"https:\/\/secure.gravatar.com\/avatar\/a04fd330bfe3a36a72a0ad4a6d89fca7?s=96&d=mm&r=pg\",\"caption\":\"bosniak\"},\"url\":\"https:\/\/sandzakpress.net\/arhiva\/author\/bosniak\/\"}]}<\/script>\n<!-- \/ Yoast SEO Premium plugin. -->","yoast_head_json":{"title":"Dr\u017eava svjesna da treba investirati u Sand\u017eak","robots":{"index":"index","follow":"follow","max-snippet":"max-snippet:-1","max-image-preview":"max-image-preview:large","max-video-preview":"max-video-preview:-1"},"canonical":"https:\/\/sandzakpress.net\/arhiva\/drzava-svjesna-da-treba-investirati-u-sandzak\/","og_locale":"bs_BA","og_type":"article","og_title":"Dr\u017eava svjesna da treba investirati u Sand\u017eak","og_description":"Sjeverni Sand\u017eak &#8211; Predsjednik Srbije Boris Tadi\u0107 izjavio je u Novom Pazaru da je dr\u017eavni vrh svjestan da su potrebne investicije u razvoj infrastirkture u tom nerazvijenom podru\u010dju. &#8220;Znamo sa kakvim se siroma\u0161tvom gra\u0111ani ovdje suo\u010davaju i u\u010dinit \u0107emo sve da popravimo situaciju, uprkos ekonomskim te\u0161ko\u0107ama sa kojima se suo\u010davamo&#8221;, rekao je Tadi\u0107.\u00a0On je naglasio [&hellip;]","og_url":"https:\/\/sandzakpress.net\/arhiva\/drzava-svjesna-da-treba-investirati-u-sandzak\/","og_site_name":"Sand\u017eak PRESS","article_published_time":"2010-11-23T01:37:48+00:00","og_image":[{"width":240,"height":135,"url":"https:\/\/sandzakpress.net\/arhiva\/wp-content\/uploads\/2010\/11\/tadic22112010.jpg","type":"image\/jpeg"}],"author":"bosniak","twitter_card":"summary_large_image","twitter_misc":{"Written by":"bosniak","Est. reading time":"4 minute"},"schema":{"@context":"https:\/\/schema.org","@graph":[{"@type":"Article","@id":"https:\/\/sandzakpress.net\/arhiva\/drzava-svjesna-da-treba-investirati-u-sandzak\/#article","isPartOf":{"@id":"https:\/\/sandzakpress.net\/arhiva\/drzava-svjesna-da-treba-investirati-u-sandzak\/"},"author":{"name":"bosniak","@id":"https:\/\/sandzakpress.net\/arhiva\/#\/schema\/person\/c8baee722073534b583ea7bdb2e36c02"},"headline":"Dr\u017eava svjesna da treba investirati u Sand\u017eak","datePublished":"2010-11-23T01:37:48+00:00","mainEntityOfPage":{"@id":"https:\/\/sandzakpress.net\/arhiva\/drzava-svjesna-da-treba-investirati-u-sandzak\/"},"wordCount":853,"commentCount":7,"publisher":{"@id":"https:\/\/sandzakpress.net\/arhiva\/#\/schema\/person\/6e72b67d6e51910a1117b3b483ba20bd"},"image":{"@id":"https:\/\/sandzakpress.net\/arhiva\/drzava-svjesna-da-treba-investirati-u-sandzak\/#primaryimage"},"thumbnailUrl":"https:\/\/sandzakpress.net\/arhiva\/wp-content\/uploads\/2010\/11\/tadic22112010.jpg","articleSection":["Novi Pazar","Sjenica","Tutin","Privreda","Prijepolje","Priboj","Nova Varo\u0161"],"inLanguage":"bs-BA","potentialAction":[{"@type":"CommentAction","name":"Comment","target":["https:\/\/sandzakpress.net\/arhiva\/drzava-svjesna-da-treba-investirati-u-sandzak\/#respond"]}]},{"@type":"WebPage","@id":"https:\/\/sandzakpress.net\/arhiva\/drzava-svjesna-da-treba-investirati-u-sandzak\/","url":"https:\/\/sandzakpress.net\/arhiva\/drzava-svjesna-da-treba-investirati-u-sandzak\/","name":"Dr\u017eava svjesna da treba investirati u Sand\u017eak","isPartOf":{"@id":"https:\/\/sandzakpress.net\/arhiva\/#website"},"primaryImageOfPage":{"@id":"https:\/\/sandzakpress.net\/arhiva\/drzava-svjesna-da-treba-investirati-u-sandzak\/#primaryimage"},"image":{"@id":"https:\/\/sandzakpress.net\/arhiva\/drzava-svjesna-da-treba-investirati-u-sandzak\/#primaryimage"},"thumbnailUrl":"https:\/\/sandzakpress.net\/arhiva\/wp-content\/uploads\/2010\/11\/tadic22112010.jpg","datePublished":"2010-11-23T01:37:48+00:00","breadcrumb":{"@id":"https:\/\/sandzakpress.net\/arhiva\/drzava-svjesna-da-treba-investirati-u-sandzak\/#breadcrumb"},"inLanguage":"bs-BA","potentialAction":[{"@type":"ReadAction","target":["https:\/\/sandzakpress.net\/arhiva\/drzava-svjesna-da-treba-investirati-u-sandzak\/"]}]},{"@type":"ImageObject","inLanguage":"bs-BA","@id":"https:\/\/sandzakpress.net\/arhiva\/drzava-svjesna-da-treba-investirati-u-sandzak\/#primaryimage","url":"https:\/\/sandzakpress.net\/arhiva\/wp-content\/uploads\/2010\/11\/tadic22112010.jpg","contentUrl":"https:\/\/sandzakpress.net\/arhiva\/wp-content\/uploads\/2010\/11\/tadic22112010.jpg","width":240,"height":135},{"@type":"BreadcrumbList","@id":"https:\/\/sandzakpress.net\/arhiva\/drzava-svjesna-da-treba-investirati-u-sandzak\/#breadcrumb","itemListElement":[{"@type":"ListItem","position":1,"name":"Home","item":"https:\/\/sandzakpress.net\/arhiva\/"},{"@type":"ListItem","position":2,"name":"Dr\u017eava svjesna da treba investirati u Sand\u017eak"}]},{"@type":"WebSite","@id":"https:\/\/sandzakpress.net\/arhiva\/#website","url":"https:\/\/sandzakpress.net\/arhiva\/","name":"Sand\u017eak PRESS","description":"Prve elektronske novine u Sand\u017eaku","publisher":{"@id":"https:\/\/sandzakpress.net\/arhiva\/#\/schema\/person\/6e72b67d6e51910a1117b3b483ba20bd"},"potentialAction":[{"@type":"SearchAction","target":{"@type":"EntryPoint","urlTemplate":"https:\/\/sandzakpress.net\/arhiva\/?s={search_term_string}"},"query-input":{"@type":"PropertyValueSpecification","valueRequired":true,"valueName":"search_term_string"}}],"inLanguage":"bs-BA"},{"@type":["Person","Organization"],"@id":"https:\/\/sandzakpress.net\/arhiva\/#\/schema\/person\/6e72b67d6e51910a1117b3b483ba20bd","name":"Kul","image":{"@type":"ImageObject","inLanguage":"bs-BA","@id":"https:\/\/sandzakpress.net\/arhiva\/#\/schema\/person\/image\/","url":"https:\/\/secure.gravatar.com\/avatar\/42263f39aa27ac04c43cab85c280eb2e?s=96&d=mm&r=pg","contentUrl":"https:\/\/secure.gravatar.com\/avatar\/42263f39aa27ac04c43cab85c280eb2e?s=96&d=mm&r=pg","caption":"Kul"},"logo":{"@id":"https:\/\/sandzakpress.net\/arhiva\/#\/schema\/person\/image\/"}},{"@type":"Person","@id":"https:\/\/sandzakpress.net\/arhiva\/#\/schema\/person\/c8baee722073534b583ea7bdb2e36c02","name":"bosniak","image":{"@type":"ImageObject","inLanguage":"bs-BA","@id":"https:\/\/sandzakpress.net\/arhiva\/#\/schema\/person\/image\/","url":"https:\/\/secure.gravatar.com\/avatar\/a04fd330bfe3a36a72a0ad4a6d89fca7?s=96&d=mm&r=pg","contentUrl":"https:\/\/secure.gravatar.com\/avatar\/a04fd330bfe3a36a72a0ad4a6d89fca7?s=96&d=mm&r=pg","caption":"bosniak"},"url":"https:\/\/sandzakpress.net\/arhiva\/author\/bosniak\/"}]}},"_links":{"self":[{"href":"https:\/\/sandzakpress.net\/arhiva\/wp-json\/wp\/v2\/posts\/9894"}],"collection":[{"href":"https:\/\/sandzakpress.net\/arhiva\/wp-json\/wp\/v2\/posts"}],"about":[{"href":"https:\/\/sandzakpress.net\/arhiva\/wp-json\/wp\/v2\/types\/post"}],"author":[{"embeddable":true,"href":"https:\/\/sandzakpress.net\/arhiva\/wp-json\/wp\/v2\/users\/83"}],"replies":[{"embeddable":true,"href":"https:\/\/sandzakpress.net\/arhiva\/wp-json\/wp\/v2\/comments?post=9894"}],"version-history":[{"count":0,"href":"https:\/\/sandzakpress.net\/arhiva\/wp-json\/wp\/v2\/posts\/9894\/revisions"}],"wp:featuredmedia":[{"embeddable":true,"href":"https:\/\/sandzakpress.net\/arhiva\/wp-json\/wp\/v2\/media\/9895"}],"wp:attachment":[{"href":"https:\/\/sandzakpress.net\/arhiva\/wp-json\/wp\/v2\/media?parent=9894"}],"wp:term":[{"taxonomy":"category","embeddable":true,"href":"https:\/\/sandzakpress.net\/arhiva\/wp-json\/wp\/v2\/categories?post=9894"},{"taxonomy":"post_tag","embeddable":true,"href":"https:\/\/sandzakpress.net\/arhiva\/wp-json\/wp\/v2\/tags?post=9894"}],"curies":[{"name":"wp","href":"https:\/\/api.w.org\/{rel}","templated":true}]}}