{"id":98918,"date":"2013-12-27T23:13:21","date_gmt":"2013-12-27T22:13:21","guid":{"rendered":"https:\/\/sandzakpress.net\/arhiva\/?p=98918"},"modified":"2013-12-27T23:13:21","modified_gmt":"2013-12-27T22:13:21","slug":"bijelo-polje-za-ubistvo-komsije-15-godina-zatvora","status":"publish","type":"post","link":"https:\/\/sandzakpress.net\/arhiva\/bijelo-polje-za-ubistvo-komsije-15-godina-zatvora\/","title":{"rendered":"Bijelo Polje: Za ubistvo kom\u0161ije 15 godina zatvora"},"content":{"rendered":"<p><strong><a href=\"https:\/\/sandzakpress.net\/arhiva\/wp-content\/uploads\/2013\/12\/srb-dragan-knezevic_620x0.jpg\"><img loading=\"lazy\" decoding=\"async\" class=\"alignleft size-medium wp-image-98919\" alt=\"srb-dragan-knezevic_620x0\" src=\"https:\/\/sandzakpress.net\/arhiva\/wp-content\/uploads\/2013\/12\/srb-dragan-knezevic_620x0-300x220.jpg\" width=\"300\" height=\"220\" \/><\/a>Bijelo Polje &#8211; Krivi\u010dno ve\u0107e Vi\u0161eg suda u ovom gradu, kojem je predsedavao sudija Vidomir Bo\u0161kovi\u0107, osudilo je Dragana Kne\u017eevi\u0107a (42) iz Velike kod Plava, zbog po\u010dinjenog krivi\u010dnog dela te\u0161ko ubistvo na 15 godina zatvora.<\/strong><\/p>\n<p><span>Ve\u0107e je ocenilo da su dokazani navodi optu\u017enice prema kojoj je Kne\u017eevi\u0107 je 23. juna ove godine oko 18 sati na padinama \u010cakora, u mestu Kosa magli\u0107ka, posle sva\u0111e s umi\u0161ljajem ubio kom\u0161iju Vuka\u0161ina Petrovi\u0107a, zadav\u0161i mu dva udarca no\u017eem u grudi. Tada je poku\u0161ao i da ubije njegovog sina Ivana, nanose\u0107i mu te\u0161ke povrede.<\/span><\/p>\n<p><span>Na su\u0111enju, Kne\u017eevi\u0107 se branio tvrdnjom da je bio napadnut i udaren drvenom motkom u glavu, posle jedne od \u010destih sva\u0111a oko puta kojeg su sagradili ubica i ubijeni.<\/span><\/p>\n<p>(Novosti)<\/p>\n","protected":false},"excerpt":{"rendered":"<p>Bijelo Polje &#8211; Krivi\u010dno ve\u0107e Vi\u0161eg suda u ovom gradu, kojem je predsedavao sudija Vidomir Bo\u0161kovi\u0107, osudilo je Dragana Kne\u017eevi\u0107a (42) iz Velike kod Plava, zbog po\u010dinjenog krivi\u010dnog dela te\u0161ko ubistvo na 15 godina zatvora. Ve\u0107e je ocenilo da su dokazani navodi optu\u017enice prema kojoj je Kne\u017eevi\u0107 je 23. juna ove godine oko 18 sati [&hellip;]<\/p>\n","protected":false},"author":83,"featured_media":98920,"comment_status":"open","ping_status":"open","sticky":false,"template":"","format":"standard","meta":{"footnotes":""},"categories":[396,801],"tags":[],"class_list":{"0":"post-98918","1":"post","2":"type-post","3":"status-publish","4":"format-standard","5":"has-post-thumbnail","7":"category-bijelo_polje","8":"category-crna_hronika"},"yoast_head":"<!-- This site is optimized with the Yoast SEO Premium plugin v23.1 (Yoast SEO v24.9) - https:\/\/yoast.com\/wordpress\/plugins\/seo\/ -->\n<title>Bijelo Polje: Za ubistvo kom\u0161ije 15 godina zatvora<\/title>\n<meta name=\"robots\" content=\"index, follow, max-snippet:-1, max-image-preview:large, max-video-preview:-1\" \/>\n<link rel=\"canonical\" href=\"https:\/\/sandzakpress.net\/arhiva\/bijelo-polje-za-ubistvo-komsije-15-godina-zatvora\/\" \/>\n<meta property=\"og:locale\" content=\"bs_BA\" \/>\n<meta property=\"og:type\" content=\"article\" \/>\n<meta property=\"og:title\" content=\"Bijelo Polje: Za ubistvo kom\u0161ije 15 godina zatvora\" \/>\n<meta property=\"og:description\" content=\"Bijelo Polje &#8211; Krivi\u010dno ve\u0107e Vi\u0161eg suda u ovom gradu, kojem je predsedavao sudija Vidomir Bo\u0161kovi\u0107, osudilo je Dragana Kne\u017eevi\u0107a (42) iz Velike kod Plava, zbog po\u010dinjenog krivi\u010dnog dela te\u0161ko ubistvo na 15 godina zatvora. Ve\u0107e je ocenilo da su dokazani navodi optu\u017enice prema kojoj je Kne\u017eevi\u0107 je 23. juna ove godine oko 18 sati [&hellip;]\" \/>\n<meta property=\"og:url\" content=\"https:\/\/sandzakpress.net\/arhiva\/bijelo-polje-za-ubistvo-komsije-15-godina-zatvora\/\" \/>\n<meta property=\"og:site_name\" content=\"Sand\u017eak PRESS\" \/>\n<meta property=\"article:published_time\" content=\"2013-12-27T22:13:21+00:00\" \/>\n<meta property=\"og:image\" content=\"https:\/\/sandzakpress.net\/arhiva\/wp-content\/uploads\/2013\/12\/srb-dragan-knezevic_620x0-300x2201.jpg\" \/>\n\t<meta property=\"og:image:width\" content=\"300\" \/>\n\t<meta property=\"og:image:height\" content=\"220\" \/>\n\t<meta property=\"og:image:type\" content=\"image\/jpeg\" \/>\n<meta name=\"author\" content=\"bosniak\" \/>\n<meta name=\"twitter:card\" content=\"summary_large_image\" \/>\n<meta name=\"twitter:label1\" content=\"Written by\" \/>\n\t<meta name=\"twitter:data1\" content=\"bosniak\" \/>\n\t<meta name=\"twitter:label2\" content=\"Est. reading time\" \/>\n\t<meta name=\"twitter:data2\" content=\"1 minuta\" \/>\n<script type=\"application\/ld+json\" class=\"yoast-schema-graph\">{\"@context\":\"https:\/\/schema.org\",\"@graph\":[{\"@type\":\"Article\",\"@id\":\"https:\/\/sandzakpress.net\/arhiva\/bijelo-polje-za-ubistvo-komsije-15-godina-zatvora\/#article\",\"isPartOf\":{\"@id\":\"https:\/\/sandzakpress.net\/arhiva\/bijelo-polje-za-ubistvo-komsije-15-godina-zatvora\/\"},\"author\":{\"name\":\"bosniak\",\"@id\":\"https:\/\/sandzakpress.net\/arhiva\/#\/schema\/person\/c8baee722073534b583ea7bdb2e36c02\"},\"headline\":\"Bijelo Polje: Za ubistvo kom\u0161ije 15 godina zatvora\",\"datePublished\":\"2013-12-27T22:13:21+00:00\",\"mainEntityOfPage\":{\"@id\":\"https:\/\/sandzakpress.net\/arhiva\/bijelo-polje-za-ubistvo-komsije-15-godina-zatvora\/\"},\"wordCount\":150,\"commentCount\":0,\"publisher\":{\"@id\":\"https:\/\/sandzakpress.net\/arhiva\/#\/schema\/person\/6e72b67d6e51910a1117b3b483ba20bd\"},\"image\":{\"@id\":\"https:\/\/sandzakpress.net\/arhiva\/bijelo-polje-za-ubistvo-komsije-15-godina-zatvora\/#primaryimage\"},\"thumbnailUrl\":\"https:\/\/sandzakpress.net\/arhiva\/wp-content\/uploads\/2013\/12\/srb-dragan-knezevic_620x0-300x2201.jpg\",\"articleSection\":[\"Bijelo Polje\",\"Hronika\"],\"inLanguage\":\"bs-BA\",\"potentialAction\":[{\"@type\":\"CommentAction\",\"name\":\"Comment\",\"target\":[\"https:\/\/sandzakpress.net\/arhiva\/bijelo-polje-za-ubistvo-komsije-15-godina-zatvora\/#respond\"]}]},{\"@type\":\"WebPage\",\"@id\":\"https:\/\/sandzakpress.net\/arhiva\/bijelo-polje-za-ubistvo-komsije-15-godina-zatvora\/\",\"url\":\"https:\/\/sandzakpress.net\/arhiva\/bijelo-polje-za-ubistvo-komsije-15-godina-zatvora\/\",\"name\":\"Bijelo Polje: Za ubistvo kom\u0161ije 15 godina zatvora\",\"isPartOf\":{\"@id\":\"https:\/\/sandzakpress.net\/arhiva\/#website\"},\"primaryImageOfPage\":{\"@id\":\"https:\/\/sandzakpress.net\/arhiva\/bijelo-polje-za-ubistvo-komsije-15-godina-zatvora\/#primaryimage\"},\"image\":{\"@id\":\"https:\/\/sandzakpress.net\/arhiva\/bijelo-polje-za-ubistvo-komsije-15-godina-zatvora\/#primaryimage\"},\"thumbnailUrl\":\"https:\/\/sandzakpress.net\/arhiva\/wp-content\/uploads\/2013\/12\/srb-dragan-knezevic_620x0-300x2201.jpg\",\"datePublished\":\"2013-12-27T22:13:21+00:00\",\"breadcrumb\":{\"@id\":\"https:\/\/sandzakpress.net\/arhiva\/bijelo-polje-za-ubistvo-komsije-15-godina-zatvora\/#breadcrumb\"},\"inLanguage\":\"bs-BA\",\"potentialAction\":[{\"@type\":\"ReadAction\",\"target\":[\"https:\/\/sandzakpress.net\/arhiva\/bijelo-polje-za-ubistvo-komsije-15-godina-zatvora\/\"]}]},{\"@type\":\"ImageObject\",\"inLanguage\":\"bs-BA\",\"@id\":\"https:\/\/sandzakpress.net\/arhiva\/bijelo-polje-za-ubistvo-komsije-15-godina-zatvora\/#primaryimage\",\"url\":\"https:\/\/sandzakpress.net\/arhiva\/wp-content\/uploads\/2013\/12\/srb-dragan-knezevic_620x0-300x2201.jpg\",\"contentUrl\":\"https:\/\/sandzakpress.net\/arhiva\/wp-content\/uploads\/2013\/12\/srb-dragan-knezevic_620x0-300x2201.jpg\",\"width\":300,\"height\":220},{\"@type\":\"BreadcrumbList\",\"@id\":\"https:\/\/sandzakpress.net\/arhiva\/bijelo-polje-za-ubistvo-komsije-15-godina-zatvora\/#breadcrumb\",\"itemListElement\":[{\"@type\":\"ListItem\",\"position\":1,\"name\":\"Home\",\"item\":\"https:\/\/sandzakpress.net\/arhiva\/\"},{\"@type\":\"ListItem\",\"position\":2,\"name\":\"Bijelo Polje: Za ubistvo kom\u0161ije 15 godina zatvora\"}]},{\"@type\":\"WebSite\",\"@id\":\"https:\/\/sandzakpress.net\/arhiva\/#website\",\"url\":\"https:\/\/sandzakpress.net\/arhiva\/\",\"name\":\"Sand\u017eak PRESS\",\"description\":\"Prve elektronske novine u Sand\u017eaku\",\"publisher\":{\"@id\":\"https:\/\/sandzakpress.net\/arhiva\/#\/schema\/person\/6e72b67d6e51910a1117b3b483ba20bd\"},\"potentialAction\":[{\"@type\":\"SearchAction\",\"target\":{\"@type\":\"EntryPoint\",\"urlTemplate\":\"https:\/\/sandzakpress.net\/arhiva\/?s={search_term_string}\"},\"query-input\":{\"@type\":\"PropertyValueSpecification\",\"valueRequired\":true,\"valueName\":\"search_term_string\"}}],\"inLanguage\":\"bs-BA\"},{\"@type\":[\"Person\",\"Organization\"],\"@id\":\"https:\/\/sandzakpress.net\/arhiva\/#\/schema\/person\/6e72b67d6e51910a1117b3b483ba20bd\",\"name\":\"Kul\",\"image\":{\"@type\":\"ImageObject\",\"inLanguage\":\"bs-BA\",\"@id\":\"https:\/\/sandzakpress.net\/arhiva\/#\/schema\/person\/image\/\",\"url\":\"https:\/\/secure.gravatar.com\/avatar\/42263f39aa27ac04c43cab85c280eb2e?s=96&d=mm&r=pg\",\"contentUrl\":\"https:\/\/secure.gravatar.com\/avatar\/42263f39aa27ac04c43cab85c280eb2e?s=96&d=mm&r=pg\",\"caption\":\"Kul\"},\"logo\":{\"@id\":\"https:\/\/sandzakpress.net\/arhiva\/#\/schema\/person\/image\/\"}},{\"@type\":\"Person\",\"@id\":\"https:\/\/sandzakpress.net\/arhiva\/#\/schema\/person\/c8baee722073534b583ea7bdb2e36c02\",\"name\":\"bosniak\",\"image\":{\"@type\":\"ImageObject\",\"inLanguage\":\"bs-BA\",\"@id\":\"https:\/\/sandzakpress.net\/arhiva\/#\/schema\/person\/image\/\",\"url\":\"https:\/\/secure.gravatar.com\/avatar\/a04fd330bfe3a36a72a0ad4a6d89fca7?s=96&d=mm&r=pg\",\"contentUrl\":\"https:\/\/secure.gravatar.com\/avatar\/a04fd330bfe3a36a72a0ad4a6d89fca7?s=96&d=mm&r=pg\",\"caption\":\"bosniak\"},\"url\":\"https:\/\/sandzakpress.net\/arhiva\/author\/bosniak\/\"}]}<\/script>\n<!-- \/ Yoast SEO Premium plugin. -->","yoast_head_json":{"title":"Bijelo Polje: Za ubistvo kom\u0161ije 15 godina zatvora","robots":{"index":"index","follow":"follow","max-snippet":"max-snippet:-1","max-image-preview":"max-image-preview:large","max-video-preview":"max-video-preview:-1"},"canonical":"https:\/\/sandzakpress.net\/arhiva\/bijelo-polje-za-ubistvo-komsije-15-godina-zatvora\/","og_locale":"bs_BA","og_type":"article","og_title":"Bijelo Polje: Za ubistvo kom\u0161ije 15 godina zatvora","og_description":"Bijelo Polje &#8211; Krivi\u010dno ve\u0107e Vi\u0161eg suda u ovom gradu, kojem je predsedavao sudija Vidomir Bo\u0161kovi\u0107, osudilo je Dragana Kne\u017eevi\u0107a (42) iz Velike kod Plava, zbog po\u010dinjenog krivi\u010dnog dela te\u0161ko ubistvo na 15 godina zatvora. Ve\u0107e je ocenilo da su dokazani navodi optu\u017enice prema kojoj je Kne\u017eevi\u0107 je 23. juna ove godine oko 18 sati [&hellip;]","og_url":"https:\/\/sandzakpress.net\/arhiva\/bijelo-polje-za-ubistvo-komsije-15-godina-zatvora\/","og_site_name":"Sand\u017eak PRESS","article_published_time":"2013-12-27T22:13:21+00:00","og_image":[{"width":300,"height":220,"url":"https:\/\/sandzakpress.net\/arhiva\/wp-content\/uploads\/2013\/12\/srb-dragan-knezevic_620x0-300x2201.jpg","type":"image\/jpeg"}],"author":"bosniak","twitter_card":"summary_large_image","twitter_misc":{"Written by":"bosniak","Est. reading time":"1 minuta"},"schema":{"@context":"https:\/\/schema.org","@graph":[{"@type":"Article","@id":"https:\/\/sandzakpress.net\/arhiva\/bijelo-polje-za-ubistvo-komsije-15-godina-zatvora\/#article","isPartOf":{"@id":"https:\/\/sandzakpress.net\/arhiva\/bijelo-polje-za-ubistvo-komsije-15-godina-zatvora\/"},"author":{"name":"bosniak","@id":"https:\/\/sandzakpress.net\/arhiva\/#\/schema\/person\/c8baee722073534b583ea7bdb2e36c02"},"headline":"Bijelo Polje: Za ubistvo kom\u0161ije 15 godina zatvora","datePublished":"2013-12-27T22:13:21+00:00","mainEntityOfPage":{"@id":"https:\/\/sandzakpress.net\/arhiva\/bijelo-polje-za-ubistvo-komsije-15-godina-zatvora\/"},"wordCount":150,"commentCount":0,"publisher":{"@id":"https:\/\/sandzakpress.net\/arhiva\/#\/schema\/person\/6e72b67d6e51910a1117b3b483ba20bd"},"image":{"@id":"https:\/\/sandzakpress.net\/arhiva\/bijelo-polje-za-ubistvo-komsije-15-godina-zatvora\/#primaryimage"},"thumbnailUrl":"https:\/\/sandzakpress.net\/arhiva\/wp-content\/uploads\/2013\/12\/srb-dragan-knezevic_620x0-300x2201.jpg","articleSection":["Bijelo Polje","Hronika"],"inLanguage":"bs-BA","potentialAction":[{"@type":"CommentAction","name":"Comment","target":["https:\/\/sandzakpress.net\/arhiva\/bijelo-polje-za-ubistvo-komsije-15-godina-zatvora\/#respond"]}]},{"@type":"WebPage","@id":"https:\/\/sandzakpress.net\/arhiva\/bijelo-polje-za-ubistvo-komsije-15-godina-zatvora\/","url":"https:\/\/sandzakpress.net\/arhiva\/bijelo-polje-za-ubistvo-komsije-15-godina-zatvora\/","name":"Bijelo Polje: Za ubistvo kom\u0161ije 15 godina zatvora","isPartOf":{"@id":"https:\/\/sandzakpress.net\/arhiva\/#website"},"primaryImageOfPage":{"@id":"https:\/\/sandzakpress.net\/arhiva\/bijelo-polje-za-ubistvo-komsije-15-godina-zatvora\/#primaryimage"},"image":{"@id":"https:\/\/sandzakpress.net\/arhiva\/bijelo-polje-za-ubistvo-komsije-15-godina-zatvora\/#primaryimage"},"thumbnailUrl":"https:\/\/sandzakpress.net\/arhiva\/wp-content\/uploads\/2013\/12\/srb-dragan-knezevic_620x0-300x2201.jpg","datePublished":"2013-12-27T22:13:21+00:00","breadcrumb":{"@id":"https:\/\/sandzakpress.net\/arhiva\/bijelo-polje-za-ubistvo-komsije-15-godina-zatvora\/#breadcrumb"},"inLanguage":"bs-BA","potentialAction":[{"@type":"ReadAction","target":["https:\/\/sandzakpress.net\/arhiva\/bijelo-polje-za-ubistvo-komsije-15-godina-zatvora\/"]}]},{"@type":"ImageObject","inLanguage":"bs-BA","@id":"https:\/\/sandzakpress.net\/arhiva\/bijelo-polje-za-ubistvo-komsije-15-godina-zatvora\/#primaryimage","url":"https:\/\/sandzakpress.net\/arhiva\/wp-content\/uploads\/2013\/12\/srb-dragan-knezevic_620x0-300x2201.jpg","contentUrl":"https:\/\/sandzakpress.net\/arhiva\/wp-content\/uploads\/2013\/12\/srb-dragan-knezevic_620x0-300x2201.jpg","width":300,"height":220},{"@type":"BreadcrumbList","@id":"https:\/\/sandzakpress.net\/arhiva\/bijelo-polje-za-ubistvo-komsije-15-godina-zatvora\/#breadcrumb","itemListElement":[{"@type":"ListItem","position":1,"name":"Home","item":"https:\/\/sandzakpress.net\/arhiva\/"},{"@type":"ListItem","position":2,"name":"Bijelo Polje: Za ubistvo kom\u0161ije 15 godina zatvora"}]},{"@type":"WebSite","@id":"https:\/\/sandzakpress.net\/arhiva\/#website","url":"https:\/\/sandzakpress.net\/arhiva\/","name":"Sand\u017eak PRESS","description":"Prve elektronske novine u Sand\u017eaku","publisher":{"@id":"https:\/\/sandzakpress.net\/arhiva\/#\/schema\/person\/6e72b67d6e51910a1117b3b483ba20bd"},"potentialAction":[{"@type":"SearchAction","target":{"@type":"EntryPoint","urlTemplate":"https:\/\/sandzakpress.net\/arhiva\/?s={search_term_string}"},"query-input":{"@type":"PropertyValueSpecification","valueRequired":true,"valueName":"search_term_string"}}],"inLanguage":"bs-BA"},{"@type":["Person","Organization"],"@id":"https:\/\/sandzakpress.net\/arhiva\/#\/schema\/person\/6e72b67d6e51910a1117b3b483ba20bd","name":"Kul","image":{"@type":"ImageObject","inLanguage":"bs-BA","@id":"https:\/\/sandzakpress.net\/arhiva\/#\/schema\/person\/image\/","url":"https:\/\/secure.gravatar.com\/avatar\/42263f39aa27ac04c43cab85c280eb2e?s=96&d=mm&r=pg","contentUrl":"https:\/\/secure.gravatar.com\/avatar\/42263f39aa27ac04c43cab85c280eb2e?s=96&d=mm&r=pg","caption":"Kul"},"logo":{"@id":"https:\/\/sandzakpress.net\/arhiva\/#\/schema\/person\/image\/"}},{"@type":"Person","@id":"https:\/\/sandzakpress.net\/arhiva\/#\/schema\/person\/c8baee722073534b583ea7bdb2e36c02","name":"bosniak","image":{"@type":"ImageObject","inLanguage":"bs-BA","@id":"https:\/\/sandzakpress.net\/arhiva\/#\/schema\/person\/image\/","url":"https:\/\/secure.gravatar.com\/avatar\/a04fd330bfe3a36a72a0ad4a6d89fca7?s=96&d=mm&r=pg","contentUrl":"https:\/\/secure.gravatar.com\/avatar\/a04fd330bfe3a36a72a0ad4a6d89fca7?s=96&d=mm&r=pg","caption":"bosniak"},"url":"https:\/\/sandzakpress.net\/arhiva\/author\/bosniak\/"}]}},"_links":{"self":[{"href":"https:\/\/sandzakpress.net\/arhiva\/wp-json\/wp\/v2\/posts\/98918"}],"collection":[{"href":"https:\/\/sandzakpress.net\/arhiva\/wp-json\/wp\/v2\/posts"}],"about":[{"href":"https:\/\/sandzakpress.net\/arhiva\/wp-json\/wp\/v2\/types\/post"}],"author":[{"embeddable":true,"href":"https:\/\/sandzakpress.net\/arhiva\/wp-json\/wp\/v2\/users\/83"}],"replies":[{"embeddable":true,"href":"https:\/\/sandzakpress.net\/arhiva\/wp-json\/wp\/v2\/comments?post=98918"}],"version-history":[{"count":0,"href":"https:\/\/sandzakpress.net\/arhiva\/wp-json\/wp\/v2\/posts\/98918\/revisions"}],"wp:featuredmedia":[{"embeddable":true,"href":"https:\/\/sandzakpress.net\/arhiva\/wp-json\/wp\/v2\/media\/98920"}],"wp:attachment":[{"href":"https:\/\/sandzakpress.net\/arhiva\/wp-json\/wp\/v2\/media?parent=98918"}],"wp:term":[{"taxonomy":"category","embeddable":true,"href":"https:\/\/sandzakpress.net\/arhiva\/wp-json\/wp\/v2\/categories?post=98918"},{"taxonomy":"post_tag","embeddable":true,"href":"https:\/\/sandzakpress.net\/arhiva\/wp-json\/wp\/v2\/tags?post=98918"}],"curies":[{"name":"wp","href":"https:\/\/api.w.org\/{rel}","templated":true}]}}