{"id":98886,"date":"2013-12-27T22:41:53","date_gmt":"2013-12-27T21:41:53","guid":{"rendered":"https:\/\/sandzakpress.net\/arhiva\/?p=98886"},"modified":"2013-12-27T22:41:53","modified_gmt":"2013-12-27T21:41:53","slug":"reakcije-premijera-erdogana-na-izjavu-tuzioca-akkasa","status":"publish","type":"post","link":"https:\/\/sandzakpress.net\/arhiva\/reakcije-premijera-erdogana-na-izjavu-tuzioca-akkasa\/","title":{"rendered":"Reakcije premijera Erdogana na izjavu tu\u017eioca Akkasa"},"content":{"rendered":"<div><strong><a href=\"https:\/\/sandzakpress.net\/arhiva\/wp-content\/uploads\/2013\/12\/thumb15.jpg\"><img loading=\"lazy\" decoding=\"async\" class=\"alignleft size-medium wp-image-98887\" alt=\"thumb\" src=\"https:\/\/sandzakpress.net\/arhiva\/wp-content\/uploads\/2013\/12\/thumb15-300x220.jpg\" width=\"300\" height=\"220\" \/><\/a>Turska &#8211; Premijer Vlade Republike Turske, Recep Tayyip Erdogan, izjavio je da su operacije protiv &#8220;takozvane korupcije&#8221; usmjerene na blokadu \u00a0izgradnje nove Turske. &#8220;Ova agresija nije usmjerena protiv mene ili moje partije, ve\u0107 protiv turske nacije, njene nezavisnosti i budu\u0107nosti.&#8221;<\/strong><\/div>\n<div><\/div>\n<div>U obra\u0107anju koje je odr\u017eao na Univerzitetu Sakarya, Erdogan se dotakao i posljednjih optu\u017ebi za korupciju, o\u0161tro odgovaraju\u0107i javnom tu\u017eiocu Muammeru Akkasu, koji je u saop\u0161tenju za medije iznio optu\u017ebe na ra\u010dun Vlade i njegovih nadre\u0111enih. Erdogan je kazao da je takav \u010din tu\u017eioca sramota za sudstvo.<\/div>\n<div><\/div>\n<div>Okomiv\u0161i se i na Visoko suda\u010dko i tu\u017eila\u010dko vije\u0107e (HSYK), premijer je kazao da je njihova izjava krivi\u010dno djelo, kojem \u0107e presuditi turski narod.<\/div>\n<div><\/div>\n<div>Nova Turska je zemlja \u010diju sudbinu ne odre\u0111uju autsajderi, ve\u0107 je zemlja koja sama postavlja svoje ciljeve, kazao je premijer Erdogan.<\/div>\n<div><\/div>\n<div>(trtbosanski)<\/div>\n","protected":false},"excerpt":{"rendered":"<p>Turska &#8211; Premijer Vlade Republike Turske, Recep Tayyip Erdogan, izjavio je da su operacije protiv &#8220;takozvane korupcije&#8221; usmjerene na blokadu \u00a0izgradnje nove Turske. &#8220;Ova agresija nije usmjerena protiv mene ili moje partije, ve\u0107 protiv turske nacije, njene nezavisnosti i budu\u0107nosti.&#8221; U obra\u0107anju koje je odr\u017eao na Univerzitetu Sakarya, Erdogan se dotakao i posljednjih optu\u017ebi za [&hellip;]<\/p>\n","protected":false},"author":83,"featured_media":98888,"comment_status":"open","ping_status":"open","sticky":false,"template":"","format":"standard","meta":{"footnotes":""},"categories":[9,2692],"tags":[],"class_list":{"0":"post-98886","1":"post","2":"type-post","3":"status-publish","4":"format-standard","5":"has-post-thumbnail","7":"category-svijet","8":"category-turska-gradovi"},"yoast_head":"<!-- This site is optimized with the Yoast SEO Premium plugin v23.1 (Yoast SEO v24.9) - https:\/\/yoast.com\/wordpress\/plugins\/seo\/ -->\n<title>Reakcije premijera Erdogana na izjavu tu\u017eioca Akkasa<\/title>\n<meta name=\"robots\" content=\"index, follow, max-snippet:-1, max-image-preview:large, max-video-preview:-1\" \/>\n<link rel=\"canonical\" href=\"https:\/\/sandzakpress.net\/arhiva\/reakcije-premijera-erdogana-na-izjavu-tuzioca-akkasa\/\" \/>\n<meta property=\"og:locale\" content=\"bs_BA\" \/>\n<meta property=\"og:type\" content=\"article\" \/>\n<meta property=\"og:title\" content=\"Reakcije premijera Erdogana na izjavu tu\u017eioca Akkasa\" \/>\n<meta property=\"og:description\" content=\"Turska &#8211; Premijer Vlade Republike Turske, Recep Tayyip Erdogan, izjavio je da su operacije protiv &#8220;takozvane korupcije&#8221; usmjerene na blokadu \u00a0izgradnje nove Turske. &#8220;Ova agresija nije usmjerena protiv mene ili moje partije, ve\u0107 protiv turske nacije, njene nezavisnosti i budu\u0107nosti.&#8221; U obra\u0107anju koje je odr\u017eao na Univerzitetu Sakarya, Erdogan se dotakao i posljednjih optu\u017ebi za [&hellip;]\" \/>\n<meta property=\"og:url\" content=\"https:\/\/sandzakpress.net\/arhiva\/reakcije-premijera-erdogana-na-izjavu-tuzioca-akkasa\/\" \/>\n<meta property=\"og:site_name\" content=\"Sand\u017eak PRESS\" \/>\n<meta property=\"article:published_time\" content=\"2013-12-27T21:41:53+00:00\" \/>\n<meta property=\"og:image\" content=\"https:\/\/sandzakpress.net\/arhiva\/wp-content\/uploads\/2013\/12\/thumb15-300x2201.jpg\" \/>\n\t<meta property=\"og:image:width\" content=\"300\" \/>\n\t<meta property=\"og:image:height\" content=\"220\" \/>\n\t<meta property=\"og:image:type\" content=\"image\/jpeg\" \/>\n<meta name=\"author\" content=\"bosniak\" \/>\n<meta name=\"twitter:card\" content=\"summary_large_image\" \/>\n<meta name=\"twitter:label1\" content=\"Written by\" \/>\n\t<meta name=\"twitter:data1\" content=\"bosniak\" \/>\n\t<meta name=\"twitter:label2\" content=\"Est. reading time\" \/>\n\t<meta name=\"twitter:data2\" content=\"1 minuta\" \/>\n<script type=\"application\/ld+json\" class=\"yoast-schema-graph\">{\"@context\":\"https:\/\/schema.org\",\"@graph\":[{\"@type\":\"Article\",\"@id\":\"https:\/\/sandzakpress.net\/arhiva\/reakcije-premijera-erdogana-na-izjavu-tuzioca-akkasa\/#article\",\"isPartOf\":{\"@id\":\"https:\/\/sandzakpress.net\/arhiva\/reakcije-premijera-erdogana-na-izjavu-tuzioca-akkasa\/\"},\"author\":{\"name\":\"bosniak\",\"@id\":\"https:\/\/sandzakpress.net\/arhiva\/#\/schema\/person\/c8baee722073534b583ea7bdb2e36c02\"},\"headline\":\"Reakcije premijera Erdogana na izjavu tu\u017eioca Akkasa\",\"datePublished\":\"2013-12-27T21:41:53+00:00\",\"mainEntityOfPage\":{\"@id\":\"https:\/\/sandzakpress.net\/arhiva\/reakcije-premijera-erdogana-na-izjavu-tuzioca-akkasa\/\"},\"wordCount\":160,\"commentCount\":0,\"publisher\":{\"@id\":\"https:\/\/sandzakpress.net\/arhiva\/#\/schema\/person\/6e72b67d6e51910a1117b3b483ba20bd\"},\"image\":{\"@id\":\"https:\/\/sandzakpress.net\/arhiva\/reakcije-premijera-erdogana-na-izjavu-tuzioca-akkasa\/#primaryimage\"},\"thumbnailUrl\":\"https:\/\/sandzakpress.net\/arhiva\/wp-content\/uploads\/2013\/12\/thumb15-300x2201.jpg\",\"articleSection\":[\"Svijet\",\"Turska\"],\"inLanguage\":\"bs-BA\",\"potentialAction\":[{\"@type\":\"CommentAction\",\"name\":\"Comment\",\"target\":[\"https:\/\/sandzakpress.net\/arhiva\/reakcije-premijera-erdogana-na-izjavu-tuzioca-akkasa\/#respond\"]}]},{\"@type\":\"WebPage\",\"@id\":\"https:\/\/sandzakpress.net\/arhiva\/reakcije-premijera-erdogana-na-izjavu-tuzioca-akkasa\/\",\"url\":\"https:\/\/sandzakpress.net\/arhiva\/reakcije-premijera-erdogana-na-izjavu-tuzioca-akkasa\/\",\"name\":\"Reakcije premijera Erdogana na izjavu tu\u017eioca Akkasa\",\"isPartOf\":{\"@id\":\"https:\/\/sandzakpress.net\/arhiva\/#website\"},\"primaryImageOfPage\":{\"@id\":\"https:\/\/sandzakpress.net\/arhiva\/reakcije-premijera-erdogana-na-izjavu-tuzioca-akkasa\/#primaryimage\"},\"image\":{\"@id\":\"https:\/\/sandzakpress.net\/arhiva\/reakcije-premijera-erdogana-na-izjavu-tuzioca-akkasa\/#primaryimage\"},\"thumbnailUrl\":\"https:\/\/sandzakpress.net\/arhiva\/wp-content\/uploads\/2013\/12\/thumb15-300x2201.jpg\",\"datePublished\":\"2013-12-27T21:41:53+00:00\",\"breadcrumb\":{\"@id\":\"https:\/\/sandzakpress.net\/arhiva\/reakcije-premijera-erdogana-na-izjavu-tuzioca-akkasa\/#breadcrumb\"},\"inLanguage\":\"bs-BA\",\"potentialAction\":[{\"@type\":\"ReadAction\",\"target\":[\"https:\/\/sandzakpress.net\/arhiva\/reakcije-premijera-erdogana-na-izjavu-tuzioca-akkasa\/\"]}]},{\"@type\":\"ImageObject\",\"inLanguage\":\"bs-BA\",\"@id\":\"https:\/\/sandzakpress.net\/arhiva\/reakcije-premijera-erdogana-na-izjavu-tuzioca-akkasa\/#primaryimage\",\"url\":\"https:\/\/sandzakpress.net\/arhiva\/wp-content\/uploads\/2013\/12\/thumb15-300x2201.jpg\",\"contentUrl\":\"https:\/\/sandzakpress.net\/arhiva\/wp-content\/uploads\/2013\/12\/thumb15-300x2201.jpg\",\"width\":300,\"height\":220},{\"@type\":\"BreadcrumbList\",\"@id\":\"https:\/\/sandzakpress.net\/arhiva\/reakcije-premijera-erdogana-na-izjavu-tuzioca-akkasa\/#breadcrumb\",\"itemListElement\":[{\"@type\":\"ListItem\",\"position\":1,\"name\":\"Home\",\"item\":\"https:\/\/sandzakpress.net\/arhiva\/\"},{\"@type\":\"ListItem\",\"position\":2,\"name\":\"Reakcije premijera Erdogana na izjavu tu\u017eioca Akkasa\"}]},{\"@type\":\"WebSite\",\"@id\":\"https:\/\/sandzakpress.net\/arhiva\/#website\",\"url\":\"https:\/\/sandzakpress.net\/arhiva\/\",\"name\":\"Sand\u017eak PRESS\",\"description\":\"Prve elektronske novine u Sand\u017eaku\",\"publisher\":{\"@id\":\"https:\/\/sandzakpress.net\/arhiva\/#\/schema\/person\/6e72b67d6e51910a1117b3b483ba20bd\"},\"potentialAction\":[{\"@type\":\"SearchAction\",\"target\":{\"@type\":\"EntryPoint\",\"urlTemplate\":\"https:\/\/sandzakpress.net\/arhiva\/?s={search_term_string}\"},\"query-input\":{\"@type\":\"PropertyValueSpecification\",\"valueRequired\":true,\"valueName\":\"search_term_string\"}}],\"inLanguage\":\"bs-BA\"},{\"@type\":[\"Person\",\"Organization\"],\"@id\":\"https:\/\/sandzakpress.net\/arhiva\/#\/schema\/person\/6e72b67d6e51910a1117b3b483ba20bd\",\"name\":\"Kul\",\"image\":{\"@type\":\"ImageObject\",\"inLanguage\":\"bs-BA\",\"@id\":\"https:\/\/sandzakpress.net\/arhiva\/#\/schema\/person\/image\/\",\"url\":\"https:\/\/secure.gravatar.com\/avatar\/42263f39aa27ac04c43cab85c280eb2e?s=96&d=mm&r=pg\",\"contentUrl\":\"https:\/\/secure.gravatar.com\/avatar\/42263f39aa27ac04c43cab85c280eb2e?s=96&d=mm&r=pg\",\"caption\":\"Kul\"},\"logo\":{\"@id\":\"https:\/\/sandzakpress.net\/arhiva\/#\/schema\/person\/image\/\"}},{\"@type\":\"Person\",\"@id\":\"https:\/\/sandzakpress.net\/arhiva\/#\/schema\/person\/c8baee722073534b583ea7bdb2e36c02\",\"name\":\"bosniak\",\"image\":{\"@type\":\"ImageObject\",\"inLanguage\":\"bs-BA\",\"@id\":\"https:\/\/sandzakpress.net\/arhiva\/#\/schema\/person\/image\/\",\"url\":\"https:\/\/secure.gravatar.com\/avatar\/a04fd330bfe3a36a72a0ad4a6d89fca7?s=96&d=mm&r=pg\",\"contentUrl\":\"https:\/\/secure.gravatar.com\/avatar\/a04fd330bfe3a36a72a0ad4a6d89fca7?s=96&d=mm&r=pg\",\"caption\":\"bosniak\"},\"url\":\"https:\/\/sandzakpress.net\/arhiva\/author\/bosniak\/\"}]}<\/script>\n<!-- \/ Yoast SEO Premium plugin. -->","yoast_head_json":{"title":"Reakcije premijera Erdogana na izjavu tu\u017eioca Akkasa","robots":{"index":"index","follow":"follow","max-snippet":"max-snippet:-1","max-image-preview":"max-image-preview:large","max-video-preview":"max-video-preview:-1"},"canonical":"https:\/\/sandzakpress.net\/arhiva\/reakcije-premijera-erdogana-na-izjavu-tuzioca-akkasa\/","og_locale":"bs_BA","og_type":"article","og_title":"Reakcije premijera Erdogana na izjavu tu\u017eioca Akkasa","og_description":"Turska &#8211; Premijer Vlade Republike Turske, Recep Tayyip Erdogan, izjavio je da su operacije protiv &#8220;takozvane korupcije&#8221; usmjerene na blokadu \u00a0izgradnje nove Turske. &#8220;Ova agresija nije usmjerena protiv mene ili moje partije, ve\u0107 protiv turske nacije, njene nezavisnosti i budu\u0107nosti.&#8221; U obra\u0107anju koje je odr\u017eao na Univerzitetu Sakarya, Erdogan se dotakao i posljednjih optu\u017ebi za [&hellip;]","og_url":"https:\/\/sandzakpress.net\/arhiva\/reakcije-premijera-erdogana-na-izjavu-tuzioca-akkasa\/","og_site_name":"Sand\u017eak PRESS","article_published_time":"2013-12-27T21:41:53+00:00","og_image":[{"width":300,"height":220,"url":"https:\/\/sandzakpress.net\/arhiva\/wp-content\/uploads\/2013\/12\/thumb15-300x2201.jpg","type":"image\/jpeg"}],"author":"bosniak","twitter_card":"summary_large_image","twitter_misc":{"Written by":"bosniak","Est. reading time":"1 minuta"},"schema":{"@context":"https:\/\/schema.org","@graph":[{"@type":"Article","@id":"https:\/\/sandzakpress.net\/arhiva\/reakcije-premijera-erdogana-na-izjavu-tuzioca-akkasa\/#article","isPartOf":{"@id":"https:\/\/sandzakpress.net\/arhiva\/reakcije-premijera-erdogana-na-izjavu-tuzioca-akkasa\/"},"author":{"name":"bosniak","@id":"https:\/\/sandzakpress.net\/arhiva\/#\/schema\/person\/c8baee722073534b583ea7bdb2e36c02"},"headline":"Reakcije premijera Erdogana na izjavu tu\u017eioca Akkasa","datePublished":"2013-12-27T21:41:53+00:00","mainEntityOfPage":{"@id":"https:\/\/sandzakpress.net\/arhiva\/reakcije-premijera-erdogana-na-izjavu-tuzioca-akkasa\/"},"wordCount":160,"commentCount":0,"publisher":{"@id":"https:\/\/sandzakpress.net\/arhiva\/#\/schema\/person\/6e72b67d6e51910a1117b3b483ba20bd"},"image":{"@id":"https:\/\/sandzakpress.net\/arhiva\/reakcije-premijera-erdogana-na-izjavu-tuzioca-akkasa\/#primaryimage"},"thumbnailUrl":"https:\/\/sandzakpress.net\/arhiva\/wp-content\/uploads\/2013\/12\/thumb15-300x2201.jpg","articleSection":["Svijet","Turska"],"inLanguage":"bs-BA","potentialAction":[{"@type":"CommentAction","name":"Comment","target":["https:\/\/sandzakpress.net\/arhiva\/reakcije-premijera-erdogana-na-izjavu-tuzioca-akkasa\/#respond"]}]},{"@type":"WebPage","@id":"https:\/\/sandzakpress.net\/arhiva\/reakcije-premijera-erdogana-na-izjavu-tuzioca-akkasa\/","url":"https:\/\/sandzakpress.net\/arhiva\/reakcije-premijera-erdogana-na-izjavu-tuzioca-akkasa\/","name":"Reakcije premijera Erdogana na izjavu tu\u017eioca Akkasa","isPartOf":{"@id":"https:\/\/sandzakpress.net\/arhiva\/#website"},"primaryImageOfPage":{"@id":"https:\/\/sandzakpress.net\/arhiva\/reakcije-premijera-erdogana-na-izjavu-tuzioca-akkasa\/#primaryimage"},"image":{"@id":"https:\/\/sandzakpress.net\/arhiva\/reakcije-premijera-erdogana-na-izjavu-tuzioca-akkasa\/#primaryimage"},"thumbnailUrl":"https:\/\/sandzakpress.net\/arhiva\/wp-content\/uploads\/2013\/12\/thumb15-300x2201.jpg","datePublished":"2013-12-27T21:41:53+00:00","breadcrumb":{"@id":"https:\/\/sandzakpress.net\/arhiva\/reakcije-premijera-erdogana-na-izjavu-tuzioca-akkasa\/#breadcrumb"},"inLanguage":"bs-BA","potentialAction":[{"@type":"ReadAction","target":["https:\/\/sandzakpress.net\/arhiva\/reakcije-premijera-erdogana-na-izjavu-tuzioca-akkasa\/"]}]},{"@type":"ImageObject","inLanguage":"bs-BA","@id":"https:\/\/sandzakpress.net\/arhiva\/reakcije-premijera-erdogana-na-izjavu-tuzioca-akkasa\/#primaryimage","url":"https:\/\/sandzakpress.net\/arhiva\/wp-content\/uploads\/2013\/12\/thumb15-300x2201.jpg","contentUrl":"https:\/\/sandzakpress.net\/arhiva\/wp-content\/uploads\/2013\/12\/thumb15-300x2201.jpg","width":300,"height":220},{"@type":"BreadcrumbList","@id":"https:\/\/sandzakpress.net\/arhiva\/reakcije-premijera-erdogana-na-izjavu-tuzioca-akkasa\/#breadcrumb","itemListElement":[{"@type":"ListItem","position":1,"name":"Home","item":"https:\/\/sandzakpress.net\/arhiva\/"},{"@type":"ListItem","position":2,"name":"Reakcije premijera Erdogana na izjavu tu\u017eioca Akkasa"}]},{"@type":"WebSite","@id":"https:\/\/sandzakpress.net\/arhiva\/#website","url":"https:\/\/sandzakpress.net\/arhiva\/","name":"Sand\u017eak PRESS","description":"Prve elektronske novine u Sand\u017eaku","publisher":{"@id":"https:\/\/sandzakpress.net\/arhiva\/#\/schema\/person\/6e72b67d6e51910a1117b3b483ba20bd"},"potentialAction":[{"@type":"SearchAction","target":{"@type":"EntryPoint","urlTemplate":"https:\/\/sandzakpress.net\/arhiva\/?s={search_term_string}"},"query-input":{"@type":"PropertyValueSpecification","valueRequired":true,"valueName":"search_term_string"}}],"inLanguage":"bs-BA"},{"@type":["Person","Organization"],"@id":"https:\/\/sandzakpress.net\/arhiva\/#\/schema\/person\/6e72b67d6e51910a1117b3b483ba20bd","name":"Kul","image":{"@type":"ImageObject","inLanguage":"bs-BA","@id":"https:\/\/sandzakpress.net\/arhiva\/#\/schema\/person\/image\/","url":"https:\/\/secure.gravatar.com\/avatar\/42263f39aa27ac04c43cab85c280eb2e?s=96&d=mm&r=pg","contentUrl":"https:\/\/secure.gravatar.com\/avatar\/42263f39aa27ac04c43cab85c280eb2e?s=96&d=mm&r=pg","caption":"Kul"},"logo":{"@id":"https:\/\/sandzakpress.net\/arhiva\/#\/schema\/person\/image\/"}},{"@type":"Person","@id":"https:\/\/sandzakpress.net\/arhiva\/#\/schema\/person\/c8baee722073534b583ea7bdb2e36c02","name":"bosniak","image":{"@type":"ImageObject","inLanguage":"bs-BA","@id":"https:\/\/sandzakpress.net\/arhiva\/#\/schema\/person\/image\/","url":"https:\/\/secure.gravatar.com\/avatar\/a04fd330bfe3a36a72a0ad4a6d89fca7?s=96&d=mm&r=pg","contentUrl":"https:\/\/secure.gravatar.com\/avatar\/a04fd330bfe3a36a72a0ad4a6d89fca7?s=96&d=mm&r=pg","caption":"bosniak"},"url":"https:\/\/sandzakpress.net\/arhiva\/author\/bosniak\/"}]}},"_links":{"self":[{"href":"https:\/\/sandzakpress.net\/arhiva\/wp-json\/wp\/v2\/posts\/98886"}],"collection":[{"href":"https:\/\/sandzakpress.net\/arhiva\/wp-json\/wp\/v2\/posts"}],"about":[{"href":"https:\/\/sandzakpress.net\/arhiva\/wp-json\/wp\/v2\/types\/post"}],"author":[{"embeddable":true,"href":"https:\/\/sandzakpress.net\/arhiva\/wp-json\/wp\/v2\/users\/83"}],"replies":[{"embeddable":true,"href":"https:\/\/sandzakpress.net\/arhiva\/wp-json\/wp\/v2\/comments?post=98886"}],"version-history":[{"count":0,"href":"https:\/\/sandzakpress.net\/arhiva\/wp-json\/wp\/v2\/posts\/98886\/revisions"}],"wp:featuredmedia":[{"embeddable":true,"href":"https:\/\/sandzakpress.net\/arhiva\/wp-json\/wp\/v2\/media\/98888"}],"wp:attachment":[{"href":"https:\/\/sandzakpress.net\/arhiva\/wp-json\/wp\/v2\/media?parent=98886"}],"wp:term":[{"taxonomy":"category","embeddable":true,"href":"https:\/\/sandzakpress.net\/arhiva\/wp-json\/wp\/v2\/categories?post=98886"},{"taxonomy":"post_tag","embeddable":true,"href":"https:\/\/sandzakpress.net\/arhiva\/wp-json\/wp\/v2\/tags?post=98886"}],"curies":[{"name":"wp","href":"https:\/\/api.w.org\/{rel}","templated":true}]}}