{"id":9881,"date":"2010-11-22T21:49:15","date_gmt":"2010-11-22T20:49:15","guid":{"rendered":"https:\/\/sandzakpress.net\/arhiva\/?p=9881"},"modified":"2010-11-22T21:49:15","modified_gmt":"2010-11-22T20:49:15","slug":"saudijski-kralj-abdulah-na-lijecenju-u-sad","status":"publish","type":"post","link":"https:\/\/sandzakpress.net\/arhiva\/saudijski-kralj-abdulah-na-lijecenju-u-sad\/","title":{"rendered":"Saudijski kralj Abdulah na lije\u010denju u SAD"},"content":{"rendered":"<p><strong><a href=\"https:\/\/sandzakpress.net\/arhiva\/wp-content\/uploads\/2010\/11\/saudiking_abdullah.jpg\"><img loading=\"lazy\" decoding=\"async\" class=\"alignleft size-medium wp-image-9882\" title=\"saudiking_abdullah\" src=\"https:\/\/sandzakpress.net\/arhiva\/wp-content\/uploads\/2010\/11\/saudiking_abdullah-300x225.jpg\" alt=\"\" width=\"176\" height=\"132\" \/><\/a>SAD &#8211;<\/strong> Saudijski kralj Abdulah (86) otputovao je u ponedjeljak  u Sjedinjene  Dr\u017eave na lije\u010denje, po\u0161to je prije nekoliko dana  primljen u bolnicu  zbog bolova u le\u0111ima izazvanih krvnim ugru\u0161kom,  saop\u0161teno je iz  kraljevske palate.<\/p>\n<p>U saop\u0161tenju se navodi i da  je, prije odlaska  u SAD, Abdulah predao privremena ovla\u0161tenja nad  dr\u017eavnim poslovima  prestolonasljedniku Sultanu. Prije nekoliko dana,  kralj Abdullah je  podnio ostavku na mjesto \u0161efa Nacionalne garde, koje  je preuzeo njegov  sin, a svoju tradicionalnu du\u017enost vezanu za  obavljanje had\u017ea predao  zamjeniku premijera, svom polubratu, princu  Najefu bin Abdulazizu.<\/p>\n<p>Saudijske  vlasti su ovog puta  neuobi\u010dajeno otvorene kada je rije\u010d o  obavje\u0161tavanju javnosti o  kraljevom zdravstvenom stanju, o\u010digledno  poku\u0161avaju\u0107i da izbjegnu  \u0161pekulacije, prenosi AP.<\/p>\n<p>Ministar  zdravlja Abdulah al-Rabiah,  pojavio se u nedjelju nave\u010de na dr\u017eavnoj  televiziji i rekao da kralj  Abdulah ima krvni ugru\u0161ak koji stvara  pritisak na nerve u predjelu  le\u0111a.<\/p>\n<p>Abdullah, koji je na vlast do\u0161ao 2005. godine, \u0161esti je  vo\u0111a Saudijske Arabije, klju\u010dnog ameri\u010dkog saveznika u regiji.<\/p>\n<p>Izvor: <strong>islambosna.ba<\/strong><\/p>\n","protected":false},"excerpt":{"rendered":"<p>SAD &#8211; Saudijski kralj Abdulah (86) otputovao je u ponedjeljak u Sjedinjene Dr\u017eave na lije\u010denje, po\u0161to je prije nekoliko dana primljen u bolnicu zbog bolova u le\u0111ima izazvanih krvnim ugru\u0161kom, saop\u0161teno je iz kraljevske palate. U saop\u0161tenju se navodi i da je, prije odlaska u SAD, Abdulah predao privremena ovla\u0161tenja nad dr\u017eavnim poslovima prestolonasljedniku Sultanu. [&hellip;]<\/p>\n","protected":false},"author":5,"featured_media":9882,"comment_status":"open","ping_status":"open","sticky":false,"template":"","format":"standard","meta":{"footnotes":""},"categories":[9],"tags":[],"class_list":{"0":"post-9881","1":"post","2":"type-post","3":"status-publish","4":"format-standard","5":"has-post-thumbnail","7":"category-svijet"},"yoast_head":"<!-- This site is optimized with the Yoast SEO Premium plugin v23.1 (Yoast SEO v24.9) - https:\/\/yoast.com\/wordpress\/plugins\/seo\/ -->\n<title>Saudijski kralj Abdulah na lije\u010denju u SAD<\/title>\n<meta name=\"robots\" content=\"index, follow, max-snippet:-1, max-image-preview:large, max-video-preview:-1\" \/>\n<link rel=\"canonical\" href=\"https:\/\/sandzakpress.net\/arhiva\/saudijski-kralj-abdulah-na-lijecenju-u-sad\/\" \/>\n<meta property=\"og:locale\" content=\"bs_BA\" \/>\n<meta property=\"og:type\" content=\"article\" \/>\n<meta property=\"og:title\" content=\"Saudijski kralj Abdulah na lije\u010denju u SAD\" \/>\n<meta property=\"og:description\" content=\"SAD &#8211; Saudijski kralj Abdulah (86) otputovao je u ponedjeljak u Sjedinjene Dr\u017eave na lije\u010denje, po\u0161to je prije nekoliko dana primljen u bolnicu zbog bolova u le\u0111ima izazvanih krvnim ugru\u0161kom, saop\u0161teno je iz kraljevske palate. U saop\u0161tenju se navodi i da je, prije odlaska u SAD, Abdulah predao privremena ovla\u0161tenja nad dr\u017eavnim poslovima prestolonasljedniku Sultanu. [&hellip;]\" \/>\n<meta property=\"og:url\" content=\"https:\/\/sandzakpress.net\/arhiva\/saudijski-kralj-abdulah-na-lijecenju-u-sad\/\" \/>\n<meta property=\"og:site_name\" content=\"Sand\u017eak PRESS\" \/>\n<meta property=\"article:published_time\" content=\"2010-11-22T20:49:15+00:00\" \/>\n<meta property=\"og:image\" content=\"https:\/\/sandzakpress.net\/arhiva\/wp-content\/uploads\/2010\/11\/saudiking_abdullah.jpg\" \/>\n\t<meta property=\"og:image:width\" content=\"400\" \/>\n\t<meta property=\"og:image:height\" content=\"300\" \/>\n\t<meta property=\"og:image:type\" content=\"image\/jpeg\" \/>\n<meta name=\"twitter:card\" content=\"summary_large_image\" \/>\n<meta name=\"twitter:label1\" content=\"Written by\" \/>\n\t<meta name=\"twitter:data1\" content=\"\" \/>\n\t<meta name=\"twitter:label2\" content=\"Est. reading time\" \/>\n\t<meta name=\"twitter:data2\" content=\"1 minuta\" \/>\n<script type=\"application\/ld+json\" class=\"yoast-schema-graph\">{\"@context\":\"https:\/\/schema.org\",\"@graph\":[{\"@type\":\"Article\",\"@id\":\"https:\/\/sandzakpress.net\/arhiva\/saudijski-kralj-abdulah-na-lijecenju-u-sad\/#article\",\"isPartOf\":{\"@id\":\"https:\/\/sandzakpress.net\/arhiva\/saudijski-kralj-abdulah-na-lijecenju-u-sad\/\"},\"author\":{\"name\":\"\",\"@id\":\"\"},\"headline\":\"Saudijski kralj Abdulah na lije\u010denju u SAD\",\"datePublished\":\"2010-11-22T20:49:15+00:00\",\"mainEntityOfPage\":{\"@id\":\"https:\/\/sandzakpress.net\/arhiva\/saudijski-kralj-abdulah-na-lijecenju-u-sad\/\"},\"wordCount\":193,\"commentCount\":0,\"publisher\":{\"@id\":\"https:\/\/sandzakpress.net\/arhiva\/#\/schema\/person\/6e72b67d6e51910a1117b3b483ba20bd\"},\"image\":{\"@id\":\"https:\/\/sandzakpress.net\/arhiva\/saudijski-kralj-abdulah-na-lijecenju-u-sad\/#primaryimage\"},\"thumbnailUrl\":\"https:\/\/sandzakpress.net\/arhiva\/wp-content\/uploads\/2010\/11\/saudiking_abdullah.jpg\",\"articleSection\":[\"Svijet\"],\"inLanguage\":\"bs-BA\",\"potentialAction\":[{\"@type\":\"CommentAction\",\"name\":\"Comment\",\"target\":[\"https:\/\/sandzakpress.net\/arhiva\/saudijski-kralj-abdulah-na-lijecenju-u-sad\/#respond\"]}]},{\"@type\":\"WebPage\",\"@id\":\"https:\/\/sandzakpress.net\/arhiva\/saudijski-kralj-abdulah-na-lijecenju-u-sad\/\",\"url\":\"https:\/\/sandzakpress.net\/arhiva\/saudijski-kralj-abdulah-na-lijecenju-u-sad\/\",\"name\":\"Saudijski kralj Abdulah na lije\u010denju u SAD\",\"isPartOf\":{\"@id\":\"https:\/\/sandzakpress.net\/arhiva\/#website\"},\"primaryImageOfPage\":{\"@id\":\"https:\/\/sandzakpress.net\/arhiva\/saudijski-kralj-abdulah-na-lijecenju-u-sad\/#primaryimage\"},\"image\":{\"@id\":\"https:\/\/sandzakpress.net\/arhiva\/saudijski-kralj-abdulah-na-lijecenju-u-sad\/#primaryimage\"},\"thumbnailUrl\":\"https:\/\/sandzakpress.net\/arhiva\/wp-content\/uploads\/2010\/11\/saudiking_abdullah.jpg\",\"datePublished\":\"2010-11-22T20:49:15+00:00\",\"breadcrumb\":{\"@id\":\"https:\/\/sandzakpress.net\/arhiva\/saudijski-kralj-abdulah-na-lijecenju-u-sad\/#breadcrumb\"},\"inLanguage\":\"bs-BA\",\"potentialAction\":[{\"@type\":\"ReadAction\",\"target\":[\"https:\/\/sandzakpress.net\/arhiva\/saudijski-kralj-abdulah-na-lijecenju-u-sad\/\"]}]},{\"@type\":\"ImageObject\",\"inLanguage\":\"bs-BA\",\"@id\":\"https:\/\/sandzakpress.net\/arhiva\/saudijski-kralj-abdulah-na-lijecenju-u-sad\/#primaryimage\",\"url\":\"https:\/\/sandzakpress.net\/arhiva\/wp-content\/uploads\/2010\/11\/saudiking_abdullah.jpg\",\"contentUrl\":\"https:\/\/sandzakpress.net\/arhiva\/wp-content\/uploads\/2010\/11\/saudiking_abdullah.jpg\",\"width\":400,\"height\":300},{\"@type\":\"BreadcrumbList\",\"@id\":\"https:\/\/sandzakpress.net\/arhiva\/saudijski-kralj-abdulah-na-lijecenju-u-sad\/#breadcrumb\",\"itemListElement\":[{\"@type\":\"ListItem\",\"position\":1,\"name\":\"Home\",\"item\":\"https:\/\/sandzakpress.net\/arhiva\/\"},{\"@type\":\"ListItem\",\"position\":2,\"name\":\"Saudijski kralj Abdulah na lije\u010denju u SAD\"}]},{\"@type\":\"WebSite\",\"@id\":\"https:\/\/sandzakpress.net\/arhiva\/#website\",\"url\":\"https:\/\/sandzakpress.net\/arhiva\/\",\"name\":\"Sand\u017eak PRESS\",\"description\":\"Prve elektronske novine u Sand\u017eaku\",\"publisher\":{\"@id\":\"https:\/\/sandzakpress.net\/arhiva\/#\/schema\/person\/6e72b67d6e51910a1117b3b483ba20bd\"},\"potentialAction\":[{\"@type\":\"SearchAction\",\"target\":{\"@type\":\"EntryPoint\",\"urlTemplate\":\"https:\/\/sandzakpress.net\/arhiva\/?s={search_term_string}\"},\"query-input\":{\"@type\":\"PropertyValueSpecification\",\"valueRequired\":true,\"valueName\":\"search_term_string\"}}],\"inLanguage\":\"bs-BA\"},{\"@type\":[\"Person\",\"Organization\"],\"@id\":\"https:\/\/sandzakpress.net\/arhiva\/#\/schema\/person\/6e72b67d6e51910a1117b3b483ba20bd\",\"name\":\"Kul\",\"image\":{\"@type\":\"ImageObject\",\"inLanguage\":\"bs-BA\",\"@id\":\"https:\/\/sandzakpress.net\/arhiva\/#\/schema\/person\/image\/\",\"url\":\"https:\/\/secure.gravatar.com\/avatar\/42263f39aa27ac04c43cab85c280eb2e?s=96&d=mm&r=pg\",\"contentUrl\":\"https:\/\/secure.gravatar.com\/avatar\/42263f39aa27ac04c43cab85c280eb2e?s=96&d=mm&r=pg\",\"caption\":\"Kul\"},\"logo\":{\"@id\":\"https:\/\/sandzakpress.net\/arhiva\/#\/schema\/person\/image\/\"}},{\"@type\":\"Person\",\"@id\":\"\",\"url\":\"https:\/\/sandzakpress.net\/arhiva\/author\/\"}]}<\/script>\n<!-- \/ Yoast SEO Premium plugin. -->","yoast_head_json":{"title":"Saudijski kralj Abdulah na lije\u010denju u SAD","robots":{"index":"index","follow":"follow","max-snippet":"max-snippet:-1","max-image-preview":"max-image-preview:large","max-video-preview":"max-video-preview:-1"},"canonical":"https:\/\/sandzakpress.net\/arhiva\/saudijski-kralj-abdulah-na-lijecenju-u-sad\/","og_locale":"bs_BA","og_type":"article","og_title":"Saudijski kralj Abdulah na lije\u010denju u SAD","og_description":"SAD &#8211; Saudijski kralj Abdulah (86) otputovao je u ponedjeljak u Sjedinjene Dr\u017eave na lije\u010denje, po\u0161to je prije nekoliko dana primljen u bolnicu zbog bolova u le\u0111ima izazvanih krvnim ugru\u0161kom, saop\u0161teno je iz kraljevske palate. U saop\u0161tenju se navodi i da je, prije odlaska u SAD, Abdulah predao privremena ovla\u0161tenja nad dr\u017eavnim poslovima prestolonasljedniku Sultanu. [&hellip;]","og_url":"https:\/\/sandzakpress.net\/arhiva\/saudijski-kralj-abdulah-na-lijecenju-u-sad\/","og_site_name":"Sand\u017eak PRESS","article_published_time":"2010-11-22T20:49:15+00:00","og_image":[{"width":400,"height":300,"url":"https:\/\/sandzakpress.net\/arhiva\/wp-content\/uploads\/2010\/11\/saudiking_abdullah.jpg","type":"image\/jpeg"}],"twitter_card":"summary_large_image","twitter_misc":{"Written by":"","Est. reading time":"1 minuta"},"schema":{"@context":"https:\/\/schema.org","@graph":[{"@type":"Article","@id":"https:\/\/sandzakpress.net\/arhiva\/saudijski-kralj-abdulah-na-lijecenju-u-sad\/#article","isPartOf":{"@id":"https:\/\/sandzakpress.net\/arhiva\/saudijski-kralj-abdulah-na-lijecenju-u-sad\/"},"author":{"name":"","@id":""},"headline":"Saudijski kralj Abdulah na lije\u010denju u SAD","datePublished":"2010-11-22T20:49:15+00:00","mainEntityOfPage":{"@id":"https:\/\/sandzakpress.net\/arhiva\/saudijski-kralj-abdulah-na-lijecenju-u-sad\/"},"wordCount":193,"commentCount":0,"publisher":{"@id":"https:\/\/sandzakpress.net\/arhiva\/#\/schema\/person\/6e72b67d6e51910a1117b3b483ba20bd"},"image":{"@id":"https:\/\/sandzakpress.net\/arhiva\/saudijski-kralj-abdulah-na-lijecenju-u-sad\/#primaryimage"},"thumbnailUrl":"https:\/\/sandzakpress.net\/arhiva\/wp-content\/uploads\/2010\/11\/saudiking_abdullah.jpg","articleSection":["Svijet"],"inLanguage":"bs-BA","potentialAction":[{"@type":"CommentAction","name":"Comment","target":["https:\/\/sandzakpress.net\/arhiva\/saudijski-kralj-abdulah-na-lijecenju-u-sad\/#respond"]}]},{"@type":"WebPage","@id":"https:\/\/sandzakpress.net\/arhiva\/saudijski-kralj-abdulah-na-lijecenju-u-sad\/","url":"https:\/\/sandzakpress.net\/arhiva\/saudijski-kralj-abdulah-na-lijecenju-u-sad\/","name":"Saudijski kralj Abdulah na lije\u010denju u SAD","isPartOf":{"@id":"https:\/\/sandzakpress.net\/arhiva\/#website"},"primaryImageOfPage":{"@id":"https:\/\/sandzakpress.net\/arhiva\/saudijski-kralj-abdulah-na-lijecenju-u-sad\/#primaryimage"},"image":{"@id":"https:\/\/sandzakpress.net\/arhiva\/saudijski-kralj-abdulah-na-lijecenju-u-sad\/#primaryimage"},"thumbnailUrl":"https:\/\/sandzakpress.net\/arhiva\/wp-content\/uploads\/2010\/11\/saudiking_abdullah.jpg","datePublished":"2010-11-22T20:49:15+00:00","breadcrumb":{"@id":"https:\/\/sandzakpress.net\/arhiva\/saudijski-kralj-abdulah-na-lijecenju-u-sad\/#breadcrumb"},"inLanguage":"bs-BA","potentialAction":[{"@type":"ReadAction","target":["https:\/\/sandzakpress.net\/arhiva\/saudijski-kralj-abdulah-na-lijecenju-u-sad\/"]}]},{"@type":"ImageObject","inLanguage":"bs-BA","@id":"https:\/\/sandzakpress.net\/arhiva\/saudijski-kralj-abdulah-na-lijecenju-u-sad\/#primaryimage","url":"https:\/\/sandzakpress.net\/arhiva\/wp-content\/uploads\/2010\/11\/saudiking_abdullah.jpg","contentUrl":"https:\/\/sandzakpress.net\/arhiva\/wp-content\/uploads\/2010\/11\/saudiking_abdullah.jpg","width":400,"height":300},{"@type":"BreadcrumbList","@id":"https:\/\/sandzakpress.net\/arhiva\/saudijski-kralj-abdulah-na-lijecenju-u-sad\/#breadcrumb","itemListElement":[{"@type":"ListItem","position":1,"name":"Home","item":"https:\/\/sandzakpress.net\/arhiva\/"},{"@type":"ListItem","position":2,"name":"Saudijski kralj Abdulah na lije\u010denju u SAD"}]},{"@type":"WebSite","@id":"https:\/\/sandzakpress.net\/arhiva\/#website","url":"https:\/\/sandzakpress.net\/arhiva\/","name":"Sand\u017eak PRESS","description":"Prve elektronske novine u Sand\u017eaku","publisher":{"@id":"https:\/\/sandzakpress.net\/arhiva\/#\/schema\/person\/6e72b67d6e51910a1117b3b483ba20bd"},"potentialAction":[{"@type":"SearchAction","target":{"@type":"EntryPoint","urlTemplate":"https:\/\/sandzakpress.net\/arhiva\/?s={search_term_string}"},"query-input":{"@type":"PropertyValueSpecification","valueRequired":true,"valueName":"search_term_string"}}],"inLanguage":"bs-BA"},{"@type":["Person","Organization"],"@id":"https:\/\/sandzakpress.net\/arhiva\/#\/schema\/person\/6e72b67d6e51910a1117b3b483ba20bd","name":"Kul","image":{"@type":"ImageObject","inLanguage":"bs-BA","@id":"https:\/\/sandzakpress.net\/arhiva\/#\/schema\/person\/image\/","url":"https:\/\/secure.gravatar.com\/avatar\/42263f39aa27ac04c43cab85c280eb2e?s=96&d=mm&r=pg","contentUrl":"https:\/\/secure.gravatar.com\/avatar\/42263f39aa27ac04c43cab85c280eb2e?s=96&d=mm&r=pg","caption":"Kul"},"logo":{"@id":"https:\/\/sandzakpress.net\/arhiva\/#\/schema\/person\/image\/"}},{"@type":"Person","@id":"","url":"https:\/\/sandzakpress.net\/arhiva\/author\/"}]}},"_links":{"self":[{"href":"https:\/\/sandzakpress.net\/arhiva\/wp-json\/wp\/v2\/posts\/9881"}],"collection":[{"href":"https:\/\/sandzakpress.net\/arhiva\/wp-json\/wp\/v2\/posts"}],"about":[{"href":"https:\/\/sandzakpress.net\/arhiva\/wp-json\/wp\/v2\/types\/post"}],"author":[{"embeddable":true,"href":"https:\/\/sandzakpress.net\/arhiva\/wp-json\/wp\/v2\/users\/5"}],"replies":[{"embeddable":true,"href":"https:\/\/sandzakpress.net\/arhiva\/wp-json\/wp\/v2\/comments?post=9881"}],"version-history":[{"count":0,"href":"https:\/\/sandzakpress.net\/arhiva\/wp-json\/wp\/v2\/posts\/9881\/revisions"}],"wp:featuredmedia":[{"embeddable":true,"href":"https:\/\/sandzakpress.net\/arhiva\/wp-json\/wp\/v2\/media\/9882"}],"wp:attachment":[{"href":"https:\/\/sandzakpress.net\/arhiva\/wp-json\/wp\/v2\/media?parent=9881"}],"wp:term":[{"taxonomy":"category","embeddable":true,"href":"https:\/\/sandzakpress.net\/arhiva\/wp-json\/wp\/v2\/categories?post=9881"},{"taxonomy":"post_tag","embeddable":true,"href":"https:\/\/sandzakpress.net\/arhiva\/wp-json\/wp\/v2\/tags?post=9881"}],"curies":[{"name":"wp","href":"https:\/\/api.w.org\/{rel}","templated":true}]}}