{"id":98778,"date":"2013-12-25T22:07:57","date_gmt":"2013-12-25T21:07:57","guid":{"rendered":"https:\/\/sandzakpress.net\/arhiva\/?p=98778"},"modified":"2013-12-25T22:07:57","modified_gmt":"2013-12-25T21:07:57","slug":"dogovorena-saradnja-opstine-berane-i-nvo-romski-krug","status":"publish","type":"post","link":"https:\/\/sandzakpress.net\/arhiva\/dogovorena-saradnja-opstine-berane-i-nvo-romski-krug\/","title":{"rendered":"Dogovorena saradnja op\u0161tine Berane i NVO Romski krug"},"content":{"rendered":"<p><strong><a href=\"https:\/\/sandzakpress.net\/arhiva\/wp-content\/uploads\/2013\/12\/2013-12-25-cgo-t-str-xx-v01-z-ba-romi-300x168.jpg\"><img loading=\"lazy\" decoding=\"async\" class=\"alignleft size-full wp-image-98779\" alt=\"2013-12-25-cgo-t-str-xx-v01-z-ba-romi-300x168\" src=\"https:\/\/sandzakpress.net\/arhiva\/wp-content\/uploads\/2013\/12\/2013-12-25-cgo-t-str-xx-v01-z-ba-romi-300x168.jpg\" width=\"300\" height=\"168\" \/><\/a>Berane &#8211; Predsjednik op\u0161tine Vuka Golubovi\u0107 i predstavnik NVO Romski krug Vaselj Begenaj potpisali su ju\u010de memorandum o saradnji u sprovo\u0111enju projekta \u201eAktivne mjere za aktivno u\u010de\u0161\u0107e Roma i Egip\u0107ana\u201c.<\/strong><\/p>\n<p>Projekat je vrijedan je 70.858,20, od \u010dega je iz fondova Evropske unije obezbije\u0111emo 66.606,70 eura, dok \u0107e ostatak sti\u0107i iz drugih izvora.<\/p>\n<p>Nosilac projekta je NVO Romski krug, partner na projektu je NVO Humanitarac, a u\u010destvova\u0107e Ministarstvo za ljudska i manjinska prava, op\u0161tine Berane, Nik\u0161i\u0107 i Herceg Novi, kao i nevladine organizacije Mladi Romi i Djeca \u2013 enfants.<\/p>\n<p>Kako je saop\u0161tio Vaselj Begenaj, op\u0161ti cilj projekta je pove\u0107anje u\u010de\u0161\u0107a romskih i egip\u0107anskih organizacija civilnog dru\u0161tva u procesu dono\u0161enja odluka i pobolj\u0161anju inkluzije ove populacije u dru\u0161tveni i politi\u010dki \u017eivot Crne Gore. Projektom \u0107e biti obuhva\u0107eno 30 mladih romskih i egip\u0107anskih aktivista koji \u0107e pro\u0107i\u00a0 dva dvodnevna seminara. U\u010di\u0107e o zakonodavnim okvirima romsko-egip\u0107anske politike na nacionalnom i me\u0111unarodnom nivou. Pored ostalog, predvi\u0111eno je i devetomjese\u010dno sta\u017eiranje \u0161est mladih aktivista Roma i Egip\u0107ana u organima lokalnih samouprava koje su saradnici na projektu.<\/p>\n<p>Planirano je da bude obuhva\u0107eno oko 400 pripadnika ove populacije sa podru\u010dja Crne Gore.<\/p>\n<p>Op\u0161tina Berane je nedavno od Zajednica op\u0161tine Crne Gore dobila priznanje za najbolju praksu u oblasti saradnje sa nevladinim organizacijama u ostvarivanju strate\u0161kih ciljeva lokalnih zajednica, \u00a0\u201eUnapre\u0111enje integracije Roma i Egip\u0107ana u op\u0161tini Berane\u201c.<\/p>\n<p>(Pobjeda)<\/p>\n","protected":false},"excerpt":{"rendered":"<p>Berane &#8211; Predsjednik op\u0161tine Vuka Golubovi\u0107 i predstavnik NVO Romski krug Vaselj Begenaj potpisali su ju\u010de memorandum o saradnji u sprovo\u0111enju projekta \u201eAktivne mjere za aktivno u\u010de\u0161\u0107e Roma i Egip\u0107ana\u201c. Projekat je vrijedan je 70.858,20, od \u010dega je iz fondova Evropske unije obezbije\u0111emo 66.606,70 eura, dok \u0107e ostatak sti\u0107i iz drugih izvora. Nosilac projekta je [&hellip;]<\/p>\n","protected":false},"author":83,"featured_media":98779,"comment_status":"open","ping_status":"open","sticky":false,"template":"","format":"standard","meta":{"footnotes":""},"categories":[1,397],"tags":[],"class_list":{"0":"post-98778","1":"post","2":"type-post","3":"status-publish","4":"format-standard","5":"has-post-thumbnail","7":"category-politika","8":"category-berane"},"yoast_head":"<!-- This site is optimized with the Yoast SEO Premium plugin v23.1 (Yoast SEO v24.9) - https:\/\/yoast.com\/wordpress\/plugins\/seo\/ -->\n<title>Dogovorena saradnja op\u0161tine Berane i NVO Romski krug<\/title>\n<meta name=\"robots\" content=\"index, follow, max-snippet:-1, max-image-preview:large, max-video-preview:-1\" \/>\n<link rel=\"canonical\" href=\"https:\/\/sandzakpress.net\/arhiva\/dogovorena-saradnja-opstine-berane-i-nvo-romski-krug\/\" \/>\n<meta property=\"og:locale\" content=\"bs_BA\" \/>\n<meta property=\"og:type\" content=\"article\" \/>\n<meta property=\"og:title\" content=\"Dogovorena saradnja op\u0161tine Berane i NVO Romski krug\" \/>\n<meta property=\"og:description\" content=\"Berane &#8211; Predsjednik op\u0161tine Vuka Golubovi\u0107 i predstavnik NVO Romski krug Vaselj Begenaj potpisali su ju\u010de memorandum o saradnji u sprovo\u0111enju projekta \u201eAktivne mjere za aktivno u\u010de\u0161\u0107e Roma i Egip\u0107ana\u201c. Projekat je vrijedan je 70.858,20, od \u010dega je iz fondova Evropske unije obezbije\u0111emo 66.606,70 eura, dok \u0107e ostatak sti\u0107i iz drugih izvora. Nosilac projekta je [&hellip;]\" \/>\n<meta property=\"og:url\" content=\"https:\/\/sandzakpress.net\/arhiva\/dogovorena-saradnja-opstine-berane-i-nvo-romski-krug\/\" \/>\n<meta property=\"og:site_name\" content=\"Sand\u017eak PRESS\" \/>\n<meta property=\"article:published_time\" content=\"2013-12-25T21:07:57+00:00\" \/>\n<meta property=\"og:image\" content=\"https:\/\/sandzakpress.net\/arhiva\/wp-content\/uploads\/2013\/12\/2013-12-25-cgo-t-str-xx-v01-z-ba-romi-300x168.jpg\" \/>\n\t<meta property=\"og:image:width\" content=\"300\" \/>\n\t<meta property=\"og:image:height\" content=\"168\" \/>\n\t<meta property=\"og:image:type\" content=\"image\/jpeg\" \/>\n<meta name=\"author\" content=\"bosniak\" \/>\n<meta name=\"twitter:card\" content=\"summary_large_image\" \/>\n<meta name=\"twitter:label1\" content=\"Written by\" \/>\n\t<meta name=\"twitter:data1\" content=\"bosniak\" \/>\n\t<meta name=\"twitter:label2\" content=\"Est. reading time\" \/>\n\t<meta name=\"twitter:data2\" content=\"1 minuta\" \/>\n<script type=\"application\/ld+json\" class=\"yoast-schema-graph\">{\"@context\":\"https:\/\/schema.org\",\"@graph\":[{\"@type\":\"Article\",\"@id\":\"https:\/\/sandzakpress.net\/arhiva\/dogovorena-saradnja-opstine-berane-i-nvo-romski-krug\/#article\",\"isPartOf\":{\"@id\":\"https:\/\/sandzakpress.net\/arhiva\/dogovorena-saradnja-opstine-berane-i-nvo-romski-krug\/\"},\"author\":{\"name\":\"bosniak\",\"@id\":\"https:\/\/sandzakpress.net\/arhiva\/#\/schema\/person\/c8baee722073534b583ea7bdb2e36c02\"},\"headline\":\"Dogovorena saradnja op\u0161tine Berane i NVO Romski krug\",\"datePublished\":\"2013-12-25T21:07:57+00:00\",\"mainEntityOfPage\":{\"@id\":\"https:\/\/sandzakpress.net\/arhiva\/dogovorena-saradnja-opstine-berane-i-nvo-romski-krug\/\"},\"wordCount\":265,\"commentCount\":0,\"publisher\":{\"@id\":\"https:\/\/sandzakpress.net\/arhiva\/#\/schema\/person\/6e72b67d6e51910a1117b3b483ba20bd\"},\"image\":{\"@id\":\"https:\/\/sandzakpress.net\/arhiva\/dogovorena-saradnja-opstine-berane-i-nvo-romski-krug\/#primaryimage\"},\"thumbnailUrl\":\"https:\/\/sandzakpress.net\/arhiva\/wp-content\/uploads\/2013\/12\/2013-12-25-cgo-t-str-xx-v01-z-ba-romi-300x168.jpg\",\"articleSection\":[\"Politika\",\"Berane\"],\"inLanguage\":\"bs-BA\",\"potentialAction\":[{\"@type\":\"CommentAction\",\"name\":\"Comment\",\"target\":[\"https:\/\/sandzakpress.net\/arhiva\/dogovorena-saradnja-opstine-berane-i-nvo-romski-krug\/#respond\"]}]},{\"@type\":\"WebPage\",\"@id\":\"https:\/\/sandzakpress.net\/arhiva\/dogovorena-saradnja-opstine-berane-i-nvo-romski-krug\/\",\"url\":\"https:\/\/sandzakpress.net\/arhiva\/dogovorena-saradnja-opstine-berane-i-nvo-romski-krug\/\",\"name\":\"Dogovorena saradnja op\u0161tine Berane i NVO Romski krug\",\"isPartOf\":{\"@id\":\"https:\/\/sandzakpress.net\/arhiva\/#website\"},\"primaryImageOfPage\":{\"@id\":\"https:\/\/sandzakpress.net\/arhiva\/dogovorena-saradnja-opstine-berane-i-nvo-romski-krug\/#primaryimage\"},\"image\":{\"@id\":\"https:\/\/sandzakpress.net\/arhiva\/dogovorena-saradnja-opstine-berane-i-nvo-romski-krug\/#primaryimage\"},\"thumbnailUrl\":\"https:\/\/sandzakpress.net\/arhiva\/wp-content\/uploads\/2013\/12\/2013-12-25-cgo-t-str-xx-v01-z-ba-romi-300x168.jpg\",\"datePublished\":\"2013-12-25T21:07:57+00:00\",\"breadcrumb\":{\"@id\":\"https:\/\/sandzakpress.net\/arhiva\/dogovorena-saradnja-opstine-berane-i-nvo-romski-krug\/#breadcrumb\"},\"inLanguage\":\"bs-BA\",\"potentialAction\":[{\"@type\":\"ReadAction\",\"target\":[\"https:\/\/sandzakpress.net\/arhiva\/dogovorena-saradnja-opstine-berane-i-nvo-romski-krug\/\"]}]},{\"@type\":\"ImageObject\",\"inLanguage\":\"bs-BA\",\"@id\":\"https:\/\/sandzakpress.net\/arhiva\/dogovorena-saradnja-opstine-berane-i-nvo-romski-krug\/#primaryimage\",\"url\":\"https:\/\/sandzakpress.net\/arhiva\/wp-content\/uploads\/2013\/12\/2013-12-25-cgo-t-str-xx-v01-z-ba-romi-300x168.jpg\",\"contentUrl\":\"https:\/\/sandzakpress.net\/arhiva\/wp-content\/uploads\/2013\/12\/2013-12-25-cgo-t-str-xx-v01-z-ba-romi-300x168.jpg\",\"width\":300,\"height\":168},{\"@type\":\"BreadcrumbList\",\"@id\":\"https:\/\/sandzakpress.net\/arhiva\/dogovorena-saradnja-opstine-berane-i-nvo-romski-krug\/#breadcrumb\",\"itemListElement\":[{\"@type\":\"ListItem\",\"position\":1,\"name\":\"Home\",\"item\":\"https:\/\/sandzakpress.net\/arhiva\/\"},{\"@type\":\"ListItem\",\"position\":2,\"name\":\"Dogovorena saradnja op\u0161tine Berane i NVO Romski krug\"}]},{\"@type\":\"WebSite\",\"@id\":\"https:\/\/sandzakpress.net\/arhiva\/#website\",\"url\":\"https:\/\/sandzakpress.net\/arhiva\/\",\"name\":\"Sand\u017eak PRESS\",\"description\":\"Prve elektronske novine u Sand\u017eaku\",\"publisher\":{\"@id\":\"https:\/\/sandzakpress.net\/arhiva\/#\/schema\/person\/6e72b67d6e51910a1117b3b483ba20bd\"},\"potentialAction\":[{\"@type\":\"SearchAction\",\"target\":{\"@type\":\"EntryPoint\",\"urlTemplate\":\"https:\/\/sandzakpress.net\/arhiva\/?s={search_term_string}\"},\"query-input\":{\"@type\":\"PropertyValueSpecification\",\"valueRequired\":true,\"valueName\":\"search_term_string\"}}],\"inLanguage\":\"bs-BA\"},{\"@type\":[\"Person\",\"Organization\"],\"@id\":\"https:\/\/sandzakpress.net\/arhiva\/#\/schema\/person\/6e72b67d6e51910a1117b3b483ba20bd\",\"name\":\"Kul\",\"image\":{\"@type\":\"ImageObject\",\"inLanguage\":\"bs-BA\",\"@id\":\"https:\/\/sandzakpress.net\/arhiva\/#\/schema\/person\/image\/\",\"url\":\"https:\/\/secure.gravatar.com\/avatar\/42263f39aa27ac04c43cab85c280eb2e?s=96&d=mm&r=pg\",\"contentUrl\":\"https:\/\/secure.gravatar.com\/avatar\/42263f39aa27ac04c43cab85c280eb2e?s=96&d=mm&r=pg\",\"caption\":\"Kul\"},\"logo\":{\"@id\":\"https:\/\/sandzakpress.net\/arhiva\/#\/schema\/person\/image\/\"}},{\"@type\":\"Person\",\"@id\":\"https:\/\/sandzakpress.net\/arhiva\/#\/schema\/person\/c8baee722073534b583ea7bdb2e36c02\",\"name\":\"bosniak\",\"image\":{\"@type\":\"ImageObject\",\"inLanguage\":\"bs-BA\",\"@id\":\"https:\/\/sandzakpress.net\/arhiva\/#\/schema\/person\/image\/\",\"url\":\"https:\/\/secure.gravatar.com\/avatar\/a04fd330bfe3a36a72a0ad4a6d89fca7?s=96&d=mm&r=pg\",\"contentUrl\":\"https:\/\/secure.gravatar.com\/avatar\/a04fd330bfe3a36a72a0ad4a6d89fca7?s=96&d=mm&r=pg\",\"caption\":\"bosniak\"},\"url\":\"https:\/\/sandzakpress.net\/arhiva\/author\/bosniak\/\"}]}<\/script>\n<!-- \/ Yoast SEO Premium plugin. -->","yoast_head_json":{"title":"Dogovorena saradnja op\u0161tine Berane i NVO Romski krug","robots":{"index":"index","follow":"follow","max-snippet":"max-snippet:-1","max-image-preview":"max-image-preview:large","max-video-preview":"max-video-preview:-1"},"canonical":"https:\/\/sandzakpress.net\/arhiva\/dogovorena-saradnja-opstine-berane-i-nvo-romski-krug\/","og_locale":"bs_BA","og_type":"article","og_title":"Dogovorena saradnja op\u0161tine Berane i NVO Romski krug","og_description":"Berane &#8211; Predsjednik op\u0161tine Vuka Golubovi\u0107 i predstavnik NVO Romski krug Vaselj Begenaj potpisali su ju\u010de memorandum o saradnji u sprovo\u0111enju projekta \u201eAktivne mjere za aktivno u\u010de\u0161\u0107e Roma i Egip\u0107ana\u201c. Projekat je vrijedan je 70.858,20, od \u010dega je iz fondova Evropske unije obezbije\u0111emo 66.606,70 eura, dok \u0107e ostatak sti\u0107i iz drugih izvora. Nosilac projekta je [&hellip;]","og_url":"https:\/\/sandzakpress.net\/arhiva\/dogovorena-saradnja-opstine-berane-i-nvo-romski-krug\/","og_site_name":"Sand\u017eak PRESS","article_published_time":"2013-12-25T21:07:57+00:00","og_image":[{"width":300,"height":168,"url":"https:\/\/sandzakpress.net\/arhiva\/wp-content\/uploads\/2013\/12\/2013-12-25-cgo-t-str-xx-v01-z-ba-romi-300x168.jpg","type":"image\/jpeg"}],"author":"bosniak","twitter_card":"summary_large_image","twitter_misc":{"Written by":"bosniak","Est. reading time":"1 minuta"},"schema":{"@context":"https:\/\/schema.org","@graph":[{"@type":"Article","@id":"https:\/\/sandzakpress.net\/arhiva\/dogovorena-saradnja-opstine-berane-i-nvo-romski-krug\/#article","isPartOf":{"@id":"https:\/\/sandzakpress.net\/arhiva\/dogovorena-saradnja-opstine-berane-i-nvo-romski-krug\/"},"author":{"name":"bosniak","@id":"https:\/\/sandzakpress.net\/arhiva\/#\/schema\/person\/c8baee722073534b583ea7bdb2e36c02"},"headline":"Dogovorena saradnja op\u0161tine Berane i NVO Romski krug","datePublished":"2013-12-25T21:07:57+00:00","mainEntityOfPage":{"@id":"https:\/\/sandzakpress.net\/arhiva\/dogovorena-saradnja-opstine-berane-i-nvo-romski-krug\/"},"wordCount":265,"commentCount":0,"publisher":{"@id":"https:\/\/sandzakpress.net\/arhiva\/#\/schema\/person\/6e72b67d6e51910a1117b3b483ba20bd"},"image":{"@id":"https:\/\/sandzakpress.net\/arhiva\/dogovorena-saradnja-opstine-berane-i-nvo-romski-krug\/#primaryimage"},"thumbnailUrl":"https:\/\/sandzakpress.net\/arhiva\/wp-content\/uploads\/2013\/12\/2013-12-25-cgo-t-str-xx-v01-z-ba-romi-300x168.jpg","articleSection":["Politika","Berane"],"inLanguage":"bs-BA","potentialAction":[{"@type":"CommentAction","name":"Comment","target":["https:\/\/sandzakpress.net\/arhiva\/dogovorena-saradnja-opstine-berane-i-nvo-romski-krug\/#respond"]}]},{"@type":"WebPage","@id":"https:\/\/sandzakpress.net\/arhiva\/dogovorena-saradnja-opstine-berane-i-nvo-romski-krug\/","url":"https:\/\/sandzakpress.net\/arhiva\/dogovorena-saradnja-opstine-berane-i-nvo-romski-krug\/","name":"Dogovorena saradnja op\u0161tine Berane i NVO Romski krug","isPartOf":{"@id":"https:\/\/sandzakpress.net\/arhiva\/#website"},"primaryImageOfPage":{"@id":"https:\/\/sandzakpress.net\/arhiva\/dogovorena-saradnja-opstine-berane-i-nvo-romski-krug\/#primaryimage"},"image":{"@id":"https:\/\/sandzakpress.net\/arhiva\/dogovorena-saradnja-opstine-berane-i-nvo-romski-krug\/#primaryimage"},"thumbnailUrl":"https:\/\/sandzakpress.net\/arhiva\/wp-content\/uploads\/2013\/12\/2013-12-25-cgo-t-str-xx-v01-z-ba-romi-300x168.jpg","datePublished":"2013-12-25T21:07:57+00:00","breadcrumb":{"@id":"https:\/\/sandzakpress.net\/arhiva\/dogovorena-saradnja-opstine-berane-i-nvo-romski-krug\/#breadcrumb"},"inLanguage":"bs-BA","potentialAction":[{"@type":"ReadAction","target":["https:\/\/sandzakpress.net\/arhiva\/dogovorena-saradnja-opstine-berane-i-nvo-romski-krug\/"]}]},{"@type":"ImageObject","inLanguage":"bs-BA","@id":"https:\/\/sandzakpress.net\/arhiva\/dogovorena-saradnja-opstine-berane-i-nvo-romski-krug\/#primaryimage","url":"https:\/\/sandzakpress.net\/arhiva\/wp-content\/uploads\/2013\/12\/2013-12-25-cgo-t-str-xx-v01-z-ba-romi-300x168.jpg","contentUrl":"https:\/\/sandzakpress.net\/arhiva\/wp-content\/uploads\/2013\/12\/2013-12-25-cgo-t-str-xx-v01-z-ba-romi-300x168.jpg","width":300,"height":168},{"@type":"BreadcrumbList","@id":"https:\/\/sandzakpress.net\/arhiva\/dogovorena-saradnja-opstine-berane-i-nvo-romski-krug\/#breadcrumb","itemListElement":[{"@type":"ListItem","position":1,"name":"Home","item":"https:\/\/sandzakpress.net\/arhiva\/"},{"@type":"ListItem","position":2,"name":"Dogovorena saradnja op\u0161tine Berane i NVO Romski krug"}]},{"@type":"WebSite","@id":"https:\/\/sandzakpress.net\/arhiva\/#website","url":"https:\/\/sandzakpress.net\/arhiva\/","name":"Sand\u017eak PRESS","description":"Prve elektronske novine u Sand\u017eaku","publisher":{"@id":"https:\/\/sandzakpress.net\/arhiva\/#\/schema\/person\/6e72b67d6e51910a1117b3b483ba20bd"},"potentialAction":[{"@type":"SearchAction","target":{"@type":"EntryPoint","urlTemplate":"https:\/\/sandzakpress.net\/arhiva\/?s={search_term_string}"},"query-input":{"@type":"PropertyValueSpecification","valueRequired":true,"valueName":"search_term_string"}}],"inLanguage":"bs-BA"},{"@type":["Person","Organization"],"@id":"https:\/\/sandzakpress.net\/arhiva\/#\/schema\/person\/6e72b67d6e51910a1117b3b483ba20bd","name":"Kul","image":{"@type":"ImageObject","inLanguage":"bs-BA","@id":"https:\/\/sandzakpress.net\/arhiva\/#\/schema\/person\/image\/","url":"https:\/\/secure.gravatar.com\/avatar\/42263f39aa27ac04c43cab85c280eb2e?s=96&d=mm&r=pg","contentUrl":"https:\/\/secure.gravatar.com\/avatar\/42263f39aa27ac04c43cab85c280eb2e?s=96&d=mm&r=pg","caption":"Kul"},"logo":{"@id":"https:\/\/sandzakpress.net\/arhiva\/#\/schema\/person\/image\/"}},{"@type":"Person","@id":"https:\/\/sandzakpress.net\/arhiva\/#\/schema\/person\/c8baee722073534b583ea7bdb2e36c02","name":"bosniak","image":{"@type":"ImageObject","inLanguage":"bs-BA","@id":"https:\/\/sandzakpress.net\/arhiva\/#\/schema\/person\/image\/","url":"https:\/\/secure.gravatar.com\/avatar\/a04fd330bfe3a36a72a0ad4a6d89fca7?s=96&d=mm&r=pg","contentUrl":"https:\/\/secure.gravatar.com\/avatar\/a04fd330bfe3a36a72a0ad4a6d89fca7?s=96&d=mm&r=pg","caption":"bosniak"},"url":"https:\/\/sandzakpress.net\/arhiva\/author\/bosniak\/"}]}},"_links":{"self":[{"href":"https:\/\/sandzakpress.net\/arhiva\/wp-json\/wp\/v2\/posts\/98778"}],"collection":[{"href":"https:\/\/sandzakpress.net\/arhiva\/wp-json\/wp\/v2\/posts"}],"about":[{"href":"https:\/\/sandzakpress.net\/arhiva\/wp-json\/wp\/v2\/types\/post"}],"author":[{"embeddable":true,"href":"https:\/\/sandzakpress.net\/arhiva\/wp-json\/wp\/v2\/users\/83"}],"replies":[{"embeddable":true,"href":"https:\/\/sandzakpress.net\/arhiva\/wp-json\/wp\/v2\/comments?post=98778"}],"version-history":[{"count":0,"href":"https:\/\/sandzakpress.net\/arhiva\/wp-json\/wp\/v2\/posts\/98778\/revisions"}],"wp:featuredmedia":[{"embeddable":true,"href":"https:\/\/sandzakpress.net\/arhiva\/wp-json\/wp\/v2\/media\/98779"}],"wp:attachment":[{"href":"https:\/\/sandzakpress.net\/arhiva\/wp-json\/wp\/v2\/media?parent=98778"}],"wp:term":[{"taxonomy":"category","embeddable":true,"href":"https:\/\/sandzakpress.net\/arhiva\/wp-json\/wp\/v2\/categories?post=98778"},{"taxonomy":"post_tag","embeddable":true,"href":"https:\/\/sandzakpress.net\/arhiva\/wp-json\/wp\/v2\/tags?post=98778"}],"curies":[{"name":"wp","href":"https:\/\/api.w.org\/{rel}","templated":true}]}}