{"id":98653,"date":"2013-12-24T15:26:56","date_gmt":"2013-12-24T14:26:56","guid":{"rendered":"https:\/\/sandzakpress.net\/arhiva\/?p=98653"},"modified":"2013-12-24T15:26:56","modified_gmt":"2013-12-24T14:26:56","slug":"radnici-vodovoda-ce-iskljuciti-vodu-u-novom-pazaru-zbog-visemjesecnog-neisplacenog-dohotka","status":"publish","type":"post","link":"https:\/\/sandzakpress.net\/arhiva\/radnici-vodovoda-ce-iskljuciti-vodu-u-novom-pazaru-zbog-visemjesecnog-neisplacenog-dohotka\/","title":{"rendered":"Radnici Vodovoda \u0107e isklju\u010diti vodu u Novom Pazaru zbog vi\u0161emjese\u010dnog neispla\u0107enog dohotka"},"content":{"rendered":"<p><strong style=\"line-height: 1.5em;\"><img loading=\"lazy\" decoding=\"async\" class=\"alignleft\" alt=\"\" src=\"http:\/\/www.blic.rs\/data\/images\/2012-07-26\/262606_vodovod-foto-jelena-ivanovic_f.jpg?ver=1363184564\" width=\"376\" height=\"216\" \/>Novi Pazar &#8211; Radnici novopazarskog Vodovoda, koji ve\u0107 \u010detvrti dan \u0161trajkuju zbog neispla\u0107enih zarada, od sutra po\u010dinju sa isklju\u010denjima vode gra\u0111anima.<\/strong><\/p>\n<p>Od 10-13 \u010dasova bez vode \u0107e biri Centar grada, ulice 28.Novembra, Stevana Nemanje, 8.Marta, Jalija, zatim, Bukre\u0161, Biserova\u010da i De\u017eevski put.<\/p>\n<p>U srijedu u istom vremenskom periodu bez vode \u0107e biti Industrijska zona, \u010cerkez Mahala, Save Kova\u010devi\u0107a i Banjski put.<\/p>\n<p>U \u010detvrtak od 10-13 \u010dasova vode ne\u0107e imati \u0106eremid\u017einica,\u0160utenovac, Gazilar,Jaklja i Svojbor.<\/p>\n<p>U petak od 12-14 \u010dasova bez vode \u0107e biti Jo\u0161anica, Nadgrad, Lugovi i Hercegova\u010dka ulica.<\/p>\n<p>U subotu ne\u0107e biti isklju\u010denja, a u nedjelju voda \u0107e biti isklju\u010dena gra\u0111anima na Had\u017eetu, Rasadniku i Muru.<\/p>\n<p>.Predstasvnici sindikata ovog Javnog komunalnog preduze\u0107a ka\u017eu da su bili prinu\u0111eni da\u00a0 postupe na ovakav na\u010din.<\/p>\n<p>,,Na ovaj nepopularni potez smo\u00a0 zaista bili prinu\u0111eni, jer zbog nepla\u0107anja gra\u0111ana, koji nam za vodu duguju preko 3 miliona eura, preduze\u0107e je u kolapsu, a mi deset meseci ne primamo platu\u201d, kazao je predsjednik sindikata JKP ,,Vodovod i kanalizacija\u201d Juso Lubura.<\/p>\n<p>On ka\u017ee da ako ove mjere ne budu dale pozitivne rezultate bi\u0107e prinu\u0111eni da preduzmu jo\u0161 radikalnije poteze.<\/p>\n<p>(RTVNP)<\/p>\n","protected":false},"excerpt":{"rendered":"<p>Kada mogu gladovati radnici, mo\u0107i \u0107e \u017eednjeti svi ostali koji su glasali ovu vlast<\/p>\n","protected":false},"author":83,"featured_media":98654,"comment_status":"open","ping_status":"open","sticky":false,"template":"","format":"standard","meta":{"footnotes":""},"categories":[72,1,8957],"tags":[10336],"class_list":{"0":"post-98653","1":"post","2":"type-post","3":"status-publish","4":"format-standard","5":"has-post-thumbnail","7":"category-novi-pazar","8":"category-politika","9":"category-vijesti-dana","10":"tag-protesti-u-sandzaku"},"yoast_head":"<!-- This site is optimized with the Yoast SEO Premium plugin v23.1 (Yoast SEO v24.9) - https:\/\/yoast.com\/wordpress\/plugins\/seo\/ -->\n<title>Radnici Vodovoda \u0107e isklju\u010diti vodu u Novom Pazaru zbog vi\u0161emjese\u010dnog neispla\u0107enog dohotka<\/title>\n<meta name=\"robots\" content=\"index, follow, max-snippet:-1, max-image-preview:large, max-video-preview:-1\" \/>\n<link rel=\"canonical\" href=\"https:\/\/sandzakpress.net\/arhiva\/radnici-vodovoda-ce-iskljuciti-vodu-u-novom-pazaru-zbog-visemjesecnog-neisplacenog-dohotka\/\" \/>\n<meta property=\"og:locale\" content=\"bs_BA\" \/>\n<meta property=\"og:type\" content=\"article\" \/>\n<meta property=\"og:title\" content=\"Radnici Vodovoda \u0107e isklju\u010diti vodu u Novom Pazaru zbog vi\u0161emjese\u010dnog neispla\u0107enog dohotka\" \/>\n<meta property=\"og:description\" content=\"Kada mogu gladovati radnici, mo\u0107i \u0107e \u017eednjeti svi ostali koji su glasali ovu vlast\" \/>\n<meta property=\"og:url\" content=\"https:\/\/sandzakpress.net\/arhiva\/radnici-vodovoda-ce-iskljuciti-vodu-u-novom-pazaru-zbog-visemjesecnog-neisplacenog-dohotka\/\" \/>\n<meta property=\"og:site_name\" content=\"Sand\u017eak PRESS\" \/>\n<meta property=\"article:published_time\" content=\"2013-12-24T14:26:56+00:00\" \/>\n<meta property=\"og:image\" content=\"https:\/\/sandzakpress.net\/arhiva\/wp-content\/uploads\/2013\/12\/262606_vodovod-foto-jelena-ivanovic_f.jpg\" \/>\n\t<meta property=\"og:image:width\" content=\"470\" \/>\n\t<meta property=\"og:image:height\" content=\"270\" \/>\n\t<meta property=\"og:image:type\" content=\"image\/jpeg\" \/>\n<meta name=\"author\" content=\"bosniak\" \/>\n<meta name=\"twitter:card\" content=\"summary_large_image\" \/>\n<meta name=\"twitter:label1\" content=\"Written by\" \/>\n\t<meta name=\"twitter:data1\" content=\"bosniak\" \/>\n\t<meta name=\"twitter:label2\" content=\"Est. reading time\" \/>\n\t<meta name=\"twitter:data2\" content=\"1 minuta\" \/>\n<script type=\"application\/ld+json\" class=\"yoast-schema-graph\">{\"@context\":\"https:\/\/schema.org\",\"@graph\":[{\"@type\":\"Article\",\"@id\":\"https:\/\/sandzakpress.net\/arhiva\/radnici-vodovoda-ce-iskljuciti-vodu-u-novom-pazaru-zbog-visemjesecnog-neisplacenog-dohotka\/#article\",\"isPartOf\":{\"@id\":\"https:\/\/sandzakpress.net\/arhiva\/radnici-vodovoda-ce-iskljuciti-vodu-u-novom-pazaru-zbog-visemjesecnog-neisplacenog-dohotka\/\"},\"author\":{\"name\":\"bosniak\",\"@id\":\"https:\/\/sandzakpress.net\/arhiva\/#\/schema\/person\/c8baee722073534b583ea7bdb2e36c02\"},\"headline\":\"Radnici Vodovoda \u0107e isklju\u010diti vodu u Novom Pazaru zbog vi\u0161emjese\u010dnog neispla\u0107enog dohotka\",\"datePublished\":\"2013-12-24T14:26:56+00:00\",\"mainEntityOfPage\":{\"@id\":\"https:\/\/sandzakpress.net\/arhiva\/radnici-vodovoda-ce-iskljuciti-vodu-u-novom-pazaru-zbog-visemjesecnog-neisplacenog-dohotka\/\"},\"wordCount\":228,\"commentCount\":7,\"publisher\":{\"@id\":\"https:\/\/sandzakpress.net\/arhiva\/#\/schema\/person\/6e72b67d6e51910a1117b3b483ba20bd\"},\"image\":{\"@id\":\"https:\/\/sandzakpress.net\/arhiva\/radnici-vodovoda-ce-iskljuciti-vodu-u-novom-pazaru-zbog-visemjesecnog-neisplacenog-dohotka\/#primaryimage\"},\"thumbnailUrl\":\"https:\/\/sandzakpress.net\/arhiva\/wp-content\/uploads\/2013\/12\/262606_vodovod-foto-jelena-ivanovic_f.jpg\",\"keywords\":[\"protesti u Sand\u017eaku\"],\"articleSection\":[\"Novi Pazar\",\"Politika\",\"VIJESTI DANA\"],\"inLanguage\":\"bs-BA\",\"potentialAction\":[{\"@type\":\"CommentAction\",\"name\":\"Comment\",\"target\":[\"https:\/\/sandzakpress.net\/arhiva\/radnici-vodovoda-ce-iskljuciti-vodu-u-novom-pazaru-zbog-visemjesecnog-neisplacenog-dohotka\/#respond\"]}]},{\"@type\":\"WebPage\",\"@id\":\"https:\/\/sandzakpress.net\/arhiva\/radnici-vodovoda-ce-iskljuciti-vodu-u-novom-pazaru-zbog-visemjesecnog-neisplacenog-dohotka\/\",\"url\":\"https:\/\/sandzakpress.net\/arhiva\/radnici-vodovoda-ce-iskljuciti-vodu-u-novom-pazaru-zbog-visemjesecnog-neisplacenog-dohotka\/\",\"name\":\"Radnici Vodovoda \u0107e isklju\u010diti vodu u Novom Pazaru zbog vi\u0161emjese\u010dnog neispla\u0107enog dohotka\",\"isPartOf\":{\"@id\":\"https:\/\/sandzakpress.net\/arhiva\/#website\"},\"primaryImageOfPage\":{\"@id\":\"https:\/\/sandzakpress.net\/arhiva\/radnici-vodovoda-ce-iskljuciti-vodu-u-novom-pazaru-zbog-visemjesecnog-neisplacenog-dohotka\/#primaryimage\"},\"image\":{\"@id\":\"https:\/\/sandzakpress.net\/arhiva\/radnici-vodovoda-ce-iskljuciti-vodu-u-novom-pazaru-zbog-visemjesecnog-neisplacenog-dohotka\/#primaryimage\"},\"thumbnailUrl\":\"https:\/\/sandzakpress.net\/arhiva\/wp-content\/uploads\/2013\/12\/262606_vodovod-foto-jelena-ivanovic_f.jpg\",\"datePublished\":\"2013-12-24T14:26:56+00:00\",\"breadcrumb\":{\"@id\":\"https:\/\/sandzakpress.net\/arhiva\/radnici-vodovoda-ce-iskljuciti-vodu-u-novom-pazaru-zbog-visemjesecnog-neisplacenog-dohotka\/#breadcrumb\"},\"inLanguage\":\"bs-BA\",\"potentialAction\":[{\"@type\":\"ReadAction\",\"target\":[\"https:\/\/sandzakpress.net\/arhiva\/radnici-vodovoda-ce-iskljuciti-vodu-u-novom-pazaru-zbog-visemjesecnog-neisplacenog-dohotka\/\"]}]},{\"@type\":\"ImageObject\",\"inLanguage\":\"bs-BA\",\"@id\":\"https:\/\/sandzakpress.net\/arhiva\/radnici-vodovoda-ce-iskljuciti-vodu-u-novom-pazaru-zbog-visemjesecnog-neisplacenog-dohotka\/#primaryimage\",\"url\":\"https:\/\/sandzakpress.net\/arhiva\/wp-content\/uploads\/2013\/12\/262606_vodovod-foto-jelena-ivanovic_f.jpg\",\"contentUrl\":\"https:\/\/sandzakpress.net\/arhiva\/wp-content\/uploads\/2013\/12\/262606_vodovod-foto-jelena-ivanovic_f.jpg\",\"width\":470,\"height\":270},{\"@type\":\"BreadcrumbList\",\"@id\":\"https:\/\/sandzakpress.net\/arhiva\/radnici-vodovoda-ce-iskljuciti-vodu-u-novom-pazaru-zbog-visemjesecnog-neisplacenog-dohotka\/#breadcrumb\",\"itemListElement\":[{\"@type\":\"ListItem\",\"position\":1,\"name\":\"Home\",\"item\":\"https:\/\/sandzakpress.net\/arhiva\/\"},{\"@type\":\"ListItem\",\"position\":2,\"name\":\"Radnici Vodovoda \u0107e isklju\u010diti vodu u Novom Pazaru zbog vi\u0161emjese\u010dnog neispla\u0107enog dohotka\"}]},{\"@type\":\"WebSite\",\"@id\":\"https:\/\/sandzakpress.net\/arhiva\/#website\",\"url\":\"https:\/\/sandzakpress.net\/arhiva\/\",\"name\":\"Sand\u017eak PRESS\",\"description\":\"Prve elektronske novine u Sand\u017eaku\",\"publisher\":{\"@id\":\"https:\/\/sandzakpress.net\/arhiva\/#\/schema\/person\/6e72b67d6e51910a1117b3b483ba20bd\"},\"potentialAction\":[{\"@type\":\"SearchAction\",\"target\":{\"@type\":\"EntryPoint\",\"urlTemplate\":\"https:\/\/sandzakpress.net\/arhiva\/?s={search_term_string}\"},\"query-input\":{\"@type\":\"PropertyValueSpecification\",\"valueRequired\":true,\"valueName\":\"search_term_string\"}}],\"inLanguage\":\"bs-BA\"},{\"@type\":[\"Person\",\"Organization\"],\"@id\":\"https:\/\/sandzakpress.net\/arhiva\/#\/schema\/person\/6e72b67d6e51910a1117b3b483ba20bd\",\"name\":\"Kul\",\"image\":{\"@type\":\"ImageObject\",\"inLanguage\":\"bs-BA\",\"@id\":\"https:\/\/sandzakpress.net\/arhiva\/#\/schema\/person\/image\/\",\"url\":\"https:\/\/secure.gravatar.com\/avatar\/42263f39aa27ac04c43cab85c280eb2e?s=96&d=mm&r=pg\",\"contentUrl\":\"https:\/\/secure.gravatar.com\/avatar\/42263f39aa27ac04c43cab85c280eb2e?s=96&d=mm&r=pg\",\"caption\":\"Kul\"},\"logo\":{\"@id\":\"https:\/\/sandzakpress.net\/arhiva\/#\/schema\/person\/image\/\"}},{\"@type\":\"Person\",\"@id\":\"https:\/\/sandzakpress.net\/arhiva\/#\/schema\/person\/c8baee722073534b583ea7bdb2e36c02\",\"name\":\"bosniak\",\"image\":{\"@type\":\"ImageObject\",\"inLanguage\":\"bs-BA\",\"@id\":\"https:\/\/sandzakpress.net\/arhiva\/#\/schema\/person\/image\/\",\"url\":\"https:\/\/secure.gravatar.com\/avatar\/a04fd330bfe3a36a72a0ad4a6d89fca7?s=96&d=mm&r=pg\",\"contentUrl\":\"https:\/\/secure.gravatar.com\/avatar\/a04fd330bfe3a36a72a0ad4a6d89fca7?s=96&d=mm&r=pg\",\"caption\":\"bosniak\"},\"url\":\"https:\/\/sandzakpress.net\/arhiva\/author\/bosniak\/\"}]}<\/script>\n<!-- \/ Yoast SEO Premium plugin. -->","yoast_head_json":{"title":"Radnici Vodovoda \u0107e isklju\u010diti vodu u Novom Pazaru zbog vi\u0161emjese\u010dnog neispla\u0107enog dohotka","robots":{"index":"index","follow":"follow","max-snippet":"max-snippet:-1","max-image-preview":"max-image-preview:large","max-video-preview":"max-video-preview:-1"},"canonical":"https:\/\/sandzakpress.net\/arhiva\/radnici-vodovoda-ce-iskljuciti-vodu-u-novom-pazaru-zbog-visemjesecnog-neisplacenog-dohotka\/","og_locale":"bs_BA","og_type":"article","og_title":"Radnici Vodovoda \u0107e isklju\u010diti vodu u Novom Pazaru zbog vi\u0161emjese\u010dnog neispla\u0107enog dohotka","og_description":"Kada mogu gladovati radnici, mo\u0107i \u0107e \u017eednjeti svi ostali koji su glasali ovu vlast","og_url":"https:\/\/sandzakpress.net\/arhiva\/radnici-vodovoda-ce-iskljuciti-vodu-u-novom-pazaru-zbog-visemjesecnog-neisplacenog-dohotka\/","og_site_name":"Sand\u017eak PRESS","article_published_time":"2013-12-24T14:26:56+00:00","og_image":[{"width":470,"height":270,"url":"https:\/\/sandzakpress.net\/arhiva\/wp-content\/uploads\/2013\/12\/262606_vodovod-foto-jelena-ivanovic_f.jpg","type":"image\/jpeg"}],"author":"bosniak","twitter_card":"summary_large_image","twitter_misc":{"Written by":"bosniak","Est. reading time":"1 minuta"},"schema":{"@context":"https:\/\/schema.org","@graph":[{"@type":"Article","@id":"https:\/\/sandzakpress.net\/arhiva\/radnici-vodovoda-ce-iskljuciti-vodu-u-novom-pazaru-zbog-visemjesecnog-neisplacenog-dohotka\/#article","isPartOf":{"@id":"https:\/\/sandzakpress.net\/arhiva\/radnici-vodovoda-ce-iskljuciti-vodu-u-novom-pazaru-zbog-visemjesecnog-neisplacenog-dohotka\/"},"author":{"name":"bosniak","@id":"https:\/\/sandzakpress.net\/arhiva\/#\/schema\/person\/c8baee722073534b583ea7bdb2e36c02"},"headline":"Radnici Vodovoda \u0107e isklju\u010diti vodu u Novom Pazaru zbog vi\u0161emjese\u010dnog neispla\u0107enog dohotka","datePublished":"2013-12-24T14:26:56+00:00","mainEntityOfPage":{"@id":"https:\/\/sandzakpress.net\/arhiva\/radnici-vodovoda-ce-iskljuciti-vodu-u-novom-pazaru-zbog-visemjesecnog-neisplacenog-dohotka\/"},"wordCount":228,"commentCount":7,"publisher":{"@id":"https:\/\/sandzakpress.net\/arhiva\/#\/schema\/person\/6e72b67d6e51910a1117b3b483ba20bd"},"image":{"@id":"https:\/\/sandzakpress.net\/arhiva\/radnici-vodovoda-ce-iskljuciti-vodu-u-novom-pazaru-zbog-visemjesecnog-neisplacenog-dohotka\/#primaryimage"},"thumbnailUrl":"https:\/\/sandzakpress.net\/arhiva\/wp-content\/uploads\/2013\/12\/262606_vodovod-foto-jelena-ivanovic_f.jpg","keywords":["protesti u Sand\u017eaku"],"articleSection":["Novi Pazar","Politika","VIJESTI DANA"],"inLanguage":"bs-BA","potentialAction":[{"@type":"CommentAction","name":"Comment","target":["https:\/\/sandzakpress.net\/arhiva\/radnici-vodovoda-ce-iskljuciti-vodu-u-novom-pazaru-zbog-visemjesecnog-neisplacenog-dohotka\/#respond"]}]},{"@type":"WebPage","@id":"https:\/\/sandzakpress.net\/arhiva\/radnici-vodovoda-ce-iskljuciti-vodu-u-novom-pazaru-zbog-visemjesecnog-neisplacenog-dohotka\/","url":"https:\/\/sandzakpress.net\/arhiva\/radnici-vodovoda-ce-iskljuciti-vodu-u-novom-pazaru-zbog-visemjesecnog-neisplacenog-dohotka\/","name":"Radnici Vodovoda \u0107e isklju\u010diti vodu u Novom Pazaru zbog vi\u0161emjese\u010dnog neispla\u0107enog dohotka","isPartOf":{"@id":"https:\/\/sandzakpress.net\/arhiva\/#website"},"primaryImageOfPage":{"@id":"https:\/\/sandzakpress.net\/arhiva\/radnici-vodovoda-ce-iskljuciti-vodu-u-novom-pazaru-zbog-visemjesecnog-neisplacenog-dohotka\/#primaryimage"},"image":{"@id":"https:\/\/sandzakpress.net\/arhiva\/radnici-vodovoda-ce-iskljuciti-vodu-u-novom-pazaru-zbog-visemjesecnog-neisplacenog-dohotka\/#primaryimage"},"thumbnailUrl":"https:\/\/sandzakpress.net\/arhiva\/wp-content\/uploads\/2013\/12\/262606_vodovod-foto-jelena-ivanovic_f.jpg","datePublished":"2013-12-24T14:26:56+00:00","breadcrumb":{"@id":"https:\/\/sandzakpress.net\/arhiva\/radnici-vodovoda-ce-iskljuciti-vodu-u-novom-pazaru-zbog-visemjesecnog-neisplacenog-dohotka\/#breadcrumb"},"inLanguage":"bs-BA","potentialAction":[{"@type":"ReadAction","target":["https:\/\/sandzakpress.net\/arhiva\/radnici-vodovoda-ce-iskljuciti-vodu-u-novom-pazaru-zbog-visemjesecnog-neisplacenog-dohotka\/"]}]},{"@type":"ImageObject","inLanguage":"bs-BA","@id":"https:\/\/sandzakpress.net\/arhiva\/radnici-vodovoda-ce-iskljuciti-vodu-u-novom-pazaru-zbog-visemjesecnog-neisplacenog-dohotka\/#primaryimage","url":"https:\/\/sandzakpress.net\/arhiva\/wp-content\/uploads\/2013\/12\/262606_vodovod-foto-jelena-ivanovic_f.jpg","contentUrl":"https:\/\/sandzakpress.net\/arhiva\/wp-content\/uploads\/2013\/12\/262606_vodovod-foto-jelena-ivanovic_f.jpg","width":470,"height":270},{"@type":"BreadcrumbList","@id":"https:\/\/sandzakpress.net\/arhiva\/radnici-vodovoda-ce-iskljuciti-vodu-u-novom-pazaru-zbog-visemjesecnog-neisplacenog-dohotka\/#breadcrumb","itemListElement":[{"@type":"ListItem","position":1,"name":"Home","item":"https:\/\/sandzakpress.net\/arhiva\/"},{"@type":"ListItem","position":2,"name":"Radnici Vodovoda \u0107e isklju\u010diti vodu u Novom Pazaru zbog vi\u0161emjese\u010dnog neispla\u0107enog dohotka"}]},{"@type":"WebSite","@id":"https:\/\/sandzakpress.net\/arhiva\/#website","url":"https:\/\/sandzakpress.net\/arhiva\/","name":"Sand\u017eak PRESS","description":"Prve elektronske novine u Sand\u017eaku","publisher":{"@id":"https:\/\/sandzakpress.net\/arhiva\/#\/schema\/person\/6e72b67d6e51910a1117b3b483ba20bd"},"potentialAction":[{"@type":"SearchAction","target":{"@type":"EntryPoint","urlTemplate":"https:\/\/sandzakpress.net\/arhiva\/?s={search_term_string}"},"query-input":{"@type":"PropertyValueSpecification","valueRequired":true,"valueName":"search_term_string"}}],"inLanguage":"bs-BA"},{"@type":["Person","Organization"],"@id":"https:\/\/sandzakpress.net\/arhiva\/#\/schema\/person\/6e72b67d6e51910a1117b3b483ba20bd","name":"Kul","image":{"@type":"ImageObject","inLanguage":"bs-BA","@id":"https:\/\/sandzakpress.net\/arhiva\/#\/schema\/person\/image\/","url":"https:\/\/secure.gravatar.com\/avatar\/42263f39aa27ac04c43cab85c280eb2e?s=96&d=mm&r=pg","contentUrl":"https:\/\/secure.gravatar.com\/avatar\/42263f39aa27ac04c43cab85c280eb2e?s=96&d=mm&r=pg","caption":"Kul"},"logo":{"@id":"https:\/\/sandzakpress.net\/arhiva\/#\/schema\/person\/image\/"}},{"@type":"Person","@id":"https:\/\/sandzakpress.net\/arhiva\/#\/schema\/person\/c8baee722073534b583ea7bdb2e36c02","name":"bosniak","image":{"@type":"ImageObject","inLanguage":"bs-BA","@id":"https:\/\/sandzakpress.net\/arhiva\/#\/schema\/person\/image\/","url":"https:\/\/secure.gravatar.com\/avatar\/a04fd330bfe3a36a72a0ad4a6d89fca7?s=96&d=mm&r=pg","contentUrl":"https:\/\/secure.gravatar.com\/avatar\/a04fd330bfe3a36a72a0ad4a6d89fca7?s=96&d=mm&r=pg","caption":"bosniak"},"url":"https:\/\/sandzakpress.net\/arhiva\/author\/bosniak\/"}]}},"_links":{"self":[{"href":"https:\/\/sandzakpress.net\/arhiva\/wp-json\/wp\/v2\/posts\/98653"}],"collection":[{"href":"https:\/\/sandzakpress.net\/arhiva\/wp-json\/wp\/v2\/posts"}],"about":[{"href":"https:\/\/sandzakpress.net\/arhiva\/wp-json\/wp\/v2\/types\/post"}],"author":[{"embeddable":true,"href":"https:\/\/sandzakpress.net\/arhiva\/wp-json\/wp\/v2\/users\/83"}],"replies":[{"embeddable":true,"href":"https:\/\/sandzakpress.net\/arhiva\/wp-json\/wp\/v2\/comments?post=98653"}],"version-history":[{"count":0,"href":"https:\/\/sandzakpress.net\/arhiva\/wp-json\/wp\/v2\/posts\/98653\/revisions"}],"wp:featuredmedia":[{"embeddable":true,"href":"https:\/\/sandzakpress.net\/arhiva\/wp-json\/wp\/v2\/media\/98654"}],"wp:attachment":[{"href":"https:\/\/sandzakpress.net\/arhiva\/wp-json\/wp\/v2\/media?parent=98653"}],"wp:term":[{"taxonomy":"category","embeddable":true,"href":"https:\/\/sandzakpress.net\/arhiva\/wp-json\/wp\/v2\/categories?post=98653"},{"taxonomy":"post_tag","embeddable":true,"href":"https:\/\/sandzakpress.net\/arhiva\/wp-json\/wp\/v2\/tags?post=98653"}],"curies":[{"name":"wp","href":"https:\/\/api.w.org\/{rel}","templated":true}]}}