{"id":98604,"date":"2013-12-23T19:16:34","date_gmt":"2013-12-23T18:16:34","guid":{"rendered":"https:\/\/sandzakpress.net\/arhiva\/?p=98604"},"modified":"2013-12-23T19:16:34","modified_gmt":"2013-12-23T18:16:34","slug":"mektepsko-takmicenje-i-prezentacija-znanja-u-ibc-u-cirih","status":"publish","type":"post","link":"https:\/\/sandzakpress.net\/arhiva\/mektepsko-takmicenje-i-prezentacija-znanja-u-ibc-u-cirih\/","title":{"rendered":"Mektepsko takmi\u010denje i prezentacija znanja u IBC-u Cirih"},"content":{"rendered":"<p><strong><a href=\"https:\/\/sandzakpress.net\/arhiva\/wp-content\/uploads\/2013\/12\/32b20d25ddbfd5034617018143cce6bf.jpg\"><img loading=\"lazy\" decoding=\"async\" class=\"alignleft size-full wp-image-98605\" alt=\"32b20d25ddbfd5034617018143cce6bf\" src=\"https:\/\/sandzakpress.net\/arhiva\/wp-content\/uploads\/2013\/12\/32b20d25ddbfd5034617018143cce6bf.jpg\" width=\"200\" height=\"149\" \/><\/a>U subotu, 14. decembra 2013. nakon ak\u0161am-namaza u\u010da\u010di \u010dasnog Kur`ana su imali priliku da prezentiraju ste\u010deno znanje.<\/strong><\/p>\n<p>Oni koji su tek po\u010deli sa u\u010denjem Kur`ana, prou\u010dili su odlomak iz Kur`ana i time najavili svoje prisustvo u takmi\u010denju naredne godine, dok su oni sa malo vi\u0161e iskustva pristupili takmi\u010denju. Muallim i Glavni imam IBC-a u Cirihu, Sakib-ef. Halilovi\u0107 je takmi\u010dare podijelio u dvije kategorija, koje se razlikuju u koli\u010dini nau\u010denog gradiva napamet i koli\u010dini nau\u010denih ted\u017evidskih pravila.<\/p>\n<p>Najbolji u kategoriji II stupnja je bio Fehim Halilovi\u0107, dok su sa malom razlikom bodova drugo mjesto podijelili bra\u0107a Ismail i Ibrahim Hrusti\u0107. Tre\u0107e mjesto u istoj kategoriji je zauzeo Ibrahim Ibrahimovi\u0107.<br \/>\nU kategoriji I stupanj, prvo mjesto je osvojila Amila Helda, dok su tre\u0107e mjesto podijelile Amilina sestra Ajla i Sara Dedi\u0107. Svi u\u010denici su dobili vrijedne nov\u010dane nagrade.<a href=\"http:\/\/www.ibc-zh.ch\/bismillah\/cache\/2\/52eab779493547a9e545dcdf5ea51a25.JPG\" target=\"_blank\" rel=\"imagezoom[id_260]\"><img loading=\"lazy\" decoding=\"async\" alt=\"\" src=\"http:\/\/www.ibc-zh.ch\/bismillah\/cache\/8\/b8340799122ef61618de7bd453dabb0c.JPG\" width=\"200\" height=\"268\" \/><\/a><\/p>\n<p><b>\u00a0<\/b><\/p>\n<p><b>Dva hafiza sure Ja-sin<br \/>\n<\/b>Ono \u0161to ovom prilikom posebno \u017eelimo ista\u0107i je i to da je na\u0161 d\u017eemat bogatiji za dva hafiza sure Ja-sin. Naime, radi se o tome da su bra\u0107a Ibrahim i Ismail Hrusti\u0107 pred Muallimom Sakib-ef. Halilovi\u0107em prou\u010dili suru Ja-sin i time stekli titulu \u201ehafiz sure Ja-sin\u201c. Time je na\u0161 d\u017eemat zaokru\u017eio broj hafiza sure Ja-sin na 40.<\/p>\n<p><strong>Omer i D\u017eemila Omeragi\u0107 su najsretniji djed i nena<\/strong><br \/>\n<a href=\"http:\/\/www.ibc-zh.ch\/bismillah\/cache\/a\/2a6218abc211c5832c55110c320792f8.JPG\" target=\"_blank\" rel=\"imagezoom[id_260]\"><img loading=\"lazy\" decoding=\"async\" alt=\"\" src=\"http:\/\/www.ibc-zh.ch\/bismillah\/cache\/a\/0a96ca3ed49890d54aef843ee9b6f990.JPG\" width=\"200\" height=\"149\" \/><\/a>Had\u017eija Omer i had\u017ei-hanuma D\u017eemila \u00a0Omeragi\u0107 ve\u0107 du\u017ei niz godina prisustviju pomenutim takmi\u010denjima i dijele radost pobjednika. Prvo su to bile njihove k\u0107eri i sin koji su im znali priu\u0161titi tu radost, a danas su to njihova unu\u010dad. Ibrahim i Ismail Hrusti\u0107, Davud i Merjem Omeragi\u0107, Amina Hero su unu\u010dad koji su ove godine u\u010destvovali u takmi\u010denju, dok Ibrahim Omeragi\u0107, Ahmed i Ai\u0161a Hrusti\u0107, Asija i Musa Hero nagovje\u0161tavju svoje u\u010de\u0161\u0107e narednih godina. Svi prisutni su dijelili radost Omera i D\u017eemile, a mi \u010dinimo Allahu uzvi\u0161enom dovu da im podari zdravlja da jo\u0161 mnogo godina prate svoje unuke u stjecanju nauke. Zaista je u\u010deno dijete djelo koje je trajno.<\/p>\n<p>(IBC-ZH)<\/p>\n","protected":false},"excerpt":{"rendered":"<p>U subotu, 14. decembra 2013. nakon ak\u0161am-namaza u\u010da\u010di \u010dasnog Kur`ana su imali priliku da prezentiraju ste\u010deno znanje. Oni koji su tek po\u010deli sa u\u010denjem Kur`ana, prou\u010dili su odlomak iz Kur`ana i time najavili svoje prisustvo u takmi\u010denju naredne godine, dok su oni sa malo vi\u0161e iskustva pristupili takmi\u010denju. Muallim i Glavni imam IBC-a u Cirihu, [&hellip;]<\/p>\n","protected":false},"author":83,"featured_media":98605,"comment_status":"open","ping_status":"open","sticky":false,"template":"","format":"standard","meta":{"footnotes":""},"categories":[9544,802],"tags":[],"class_list":{"0":"post-98604","1":"post","2":"type-post","3":"status-publish","4":"format-standard","5":"has-post-thumbnail","7":"category-svicarska-dijaspora-gradovi-vase-vijesti","8":"category-islamska_zajednica"},"yoast_head":"<!-- This site is optimized with the Yoast SEO Premium plugin v23.1 (Yoast SEO v24.9) - https:\/\/yoast.com\/wordpress\/plugins\/seo\/ -->\n<title>Mektepsko takmi\u010denje i prezentacija znanja u IBC-u Cirih<\/title>\n<meta name=\"robots\" content=\"index, follow, max-snippet:-1, max-image-preview:large, max-video-preview:-1\" \/>\n<link rel=\"canonical\" href=\"https:\/\/sandzakpress.net\/arhiva\/mektepsko-takmicenje-i-prezentacija-znanja-u-ibc-u-cirih\/\" \/>\n<meta property=\"og:locale\" content=\"bs_BA\" \/>\n<meta property=\"og:type\" content=\"article\" \/>\n<meta property=\"og:title\" content=\"Mektepsko takmi\u010denje i prezentacija znanja u IBC-u Cirih\" \/>\n<meta property=\"og:description\" content=\"U subotu, 14. decembra 2013. nakon ak\u0161am-namaza u\u010da\u010di \u010dasnog Kur`ana su imali priliku da prezentiraju ste\u010deno znanje. Oni koji su tek po\u010deli sa u\u010denjem Kur`ana, prou\u010dili su odlomak iz Kur`ana i time najavili svoje prisustvo u takmi\u010denju naredne godine, dok su oni sa malo vi\u0161e iskustva pristupili takmi\u010denju. Muallim i Glavni imam IBC-a u Cirihu, [&hellip;]\" \/>\n<meta property=\"og:url\" content=\"https:\/\/sandzakpress.net\/arhiva\/mektepsko-takmicenje-i-prezentacija-znanja-u-ibc-u-cirih\/\" \/>\n<meta property=\"og:site_name\" content=\"Sand\u017eak PRESS\" \/>\n<meta property=\"article:published_time\" content=\"2013-12-23T18:16:34+00:00\" \/>\n<meta property=\"og:image\" content=\"https:\/\/sandzakpress.net\/arhiva\/wp-content\/uploads\/2013\/12\/32b20d25ddbfd5034617018143cce6bf.jpg\" \/>\n\t<meta property=\"og:image:width\" content=\"200\" \/>\n\t<meta property=\"og:image:height\" content=\"149\" \/>\n\t<meta property=\"og:image:type\" content=\"image\/jpeg\" \/>\n<meta name=\"author\" content=\"bosniak\" \/>\n<meta name=\"twitter:card\" content=\"summary_large_image\" \/>\n<meta name=\"twitter:label1\" content=\"Written by\" \/>\n\t<meta name=\"twitter:data1\" content=\"bosniak\" \/>\n\t<meta name=\"twitter:label2\" content=\"Est. reading time\" \/>\n\t<meta name=\"twitter:data2\" content=\"2 minute\" \/>\n<script type=\"application\/ld+json\" class=\"yoast-schema-graph\">{\"@context\":\"https:\/\/schema.org\",\"@graph\":[{\"@type\":\"Article\",\"@id\":\"https:\/\/sandzakpress.net\/arhiva\/mektepsko-takmicenje-i-prezentacija-znanja-u-ibc-u-cirih\/#article\",\"isPartOf\":{\"@id\":\"https:\/\/sandzakpress.net\/arhiva\/mektepsko-takmicenje-i-prezentacija-znanja-u-ibc-u-cirih\/\"},\"author\":{\"name\":\"bosniak\",\"@id\":\"https:\/\/sandzakpress.net\/arhiva\/#\/schema\/person\/c8baee722073534b583ea7bdb2e36c02\"},\"headline\":\"Mektepsko takmi\u010denje i prezentacija znanja u IBC-u Cirih\",\"datePublished\":\"2013-12-23T18:16:34+00:00\",\"mainEntityOfPage\":{\"@id\":\"https:\/\/sandzakpress.net\/arhiva\/mektepsko-takmicenje-i-prezentacija-znanja-u-ibc-u-cirih\/\"},\"wordCount\":372,\"commentCount\":1,\"publisher\":{\"@id\":\"https:\/\/sandzakpress.net\/arhiva\/#\/schema\/person\/6e72b67d6e51910a1117b3b483ba20bd\"},\"image\":{\"@id\":\"https:\/\/sandzakpress.net\/arhiva\/mektepsko-takmicenje-i-prezentacija-znanja-u-ibc-u-cirih\/#primaryimage\"},\"thumbnailUrl\":\"https:\/\/sandzakpress.net\/arhiva\/wp-content\/uploads\/2013\/12\/32b20d25ddbfd5034617018143cce6bf.jpg\",\"articleSection\":[\"\u0160vicarska\",\"Islamska zajednica\"],\"inLanguage\":\"bs-BA\",\"potentialAction\":[{\"@type\":\"CommentAction\",\"name\":\"Comment\",\"target\":[\"https:\/\/sandzakpress.net\/arhiva\/mektepsko-takmicenje-i-prezentacija-znanja-u-ibc-u-cirih\/#respond\"]}]},{\"@type\":\"WebPage\",\"@id\":\"https:\/\/sandzakpress.net\/arhiva\/mektepsko-takmicenje-i-prezentacija-znanja-u-ibc-u-cirih\/\",\"url\":\"https:\/\/sandzakpress.net\/arhiva\/mektepsko-takmicenje-i-prezentacija-znanja-u-ibc-u-cirih\/\",\"name\":\"Mektepsko takmi\u010denje i prezentacija znanja u IBC-u Cirih\",\"isPartOf\":{\"@id\":\"https:\/\/sandzakpress.net\/arhiva\/#website\"},\"primaryImageOfPage\":{\"@id\":\"https:\/\/sandzakpress.net\/arhiva\/mektepsko-takmicenje-i-prezentacija-znanja-u-ibc-u-cirih\/#primaryimage\"},\"image\":{\"@id\":\"https:\/\/sandzakpress.net\/arhiva\/mektepsko-takmicenje-i-prezentacija-znanja-u-ibc-u-cirih\/#primaryimage\"},\"thumbnailUrl\":\"https:\/\/sandzakpress.net\/arhiva\/wp-content\/uploads\/2013\/12\/32b20d25ddbfd5034617018143cce6bf.jpg\",\"datePublished\":\"2013-12-23T18:16:34+00:00\",\"breadcrumb\":{\"@id\":\"https:\/\/sandzakpress.net\/arhiva\/mektepsko-takmicenje-i-prezentacija-znanja-u-ibc-u-cirih\/#breadcrumb\"},\"inLanguage\":\"bs-BA\",\"potentialAction\":[{\"@type\":\"ReadAction\",\"target\":[\"https:\/\/sandzakpress.net\/arhiva\/mektepsko-takmicenje-i-prezentacija-znanja-u-ibc-u-cirih\/\"]}]},{\"@type\":\"ImageObject\",\"inLanguage\":\"bs-BA\",\"@id\":\"https:\/\/sandzakpress.net\/arhiva\/mektepsko-takmicenje-i-prezentacija-znanja-u-ibc-u-cirih\/#primaryimage\",\"url\":\"https:\/\/sandzakpress.net\/arhiva\/wp-content\/uploads\/2013\/12\/32b20d25ddbfd5034617018143cce6bf.jpg\",\"contentUrl\":\"https:\/\/sandzakpress.net\/arhiva\/wp-content\/uploads\/2013\/12\/32b20d25ddbfd5034617018143cce6bf.jpg\",\"width\":200,\"height\":149},{\"@type\":\"BreadcrumbList\",\"@id\":\"https:\/\/sandzakpress.net\/arhiva\/mektepsko-takmicenje-i-prezentacija-znanja-u-ibc-u-cirih\/#breadcrumb\",\"itemListElement\":[{\"@type\":\"ListItem\",\"position\":1,\"name\":\"Home\",\"item\":\"https:\/\/sandzakpress.net\/arhiva\/\"},{\"@type\":\"ListItem\",\"position\":2,\"name\":\"Mektepsko takmi\u010denje i prezentacija znanja u IBC-u Cirih\"}]},{\"@type\":\"WebSite\",\"@id\":\"https:\/\/sandzakpress.net\/arhiva\/#website\",\"url\":\"https:\/\/sandzakpress.net\/arhiva\/\",\"name\":\"Sand\u017eak PRESS\",\"description\":\"Prve elektronske novine u Sand\u017eaku\",\"publisher\":{\"@id\":\"https:\/\/sandzakpress.net\/arhiva\/#\/schema\/person\/6e72b67d6e51910a1117b3b483ba20bd\"},\"potentialAction\":[{\"@type\":\"SearchAction\",\"target\":{\"@type\":\"EntryPoint\",\"urlTemplate\":\"https:\/\/sandzakpress.net\/arhiva\/?s={search_term_string}\"},\"query-input\":{\"@type\":\"PropertyValueSpecification\",\"valueRequired\":true,\"valueName\":\"search_term_string\"}}],\"inLanguage\":\"bs-BA\"},{\"@type\":[\"Person\",\"Organization\"],\"@id\":\"https:\/\/sandzakpress.net\/arhiva\/#\/schema\/person\/6e72b67d6e51910a1117b3b483ba20bd\",\"name\":\"Kul\",\"image\":{\"@type\":\"ImageObject\",\"inLanguage\":\"bs-BA\",\"@id\":\"https:\/\/sandzakpress.net\/arhiva\/#\/schema\/person\/image\/\",\"url\":\"https:\/\/secure.gravatar.com\/avatar\/42263f39aa27ac04c43cab85c280eb2e?s=96&d=mm&r=pg\",\"contentUrl\":\"https:\/\/secure.gravatar.com\/avatar\/42263f39aa27ac04c43cab85c280eb2e?s=96&d=mm&r=pg\",\"caption\":\"Kul\"},\"logo\":{\"@id\":\"https:\/\/sandzakpress.net\/arhiva\/#\/schema\/person\/image\/\"}},{\"@type\":\"Person\",\"@id\":\"https:\/\/sandzakpress.net\/arhiva\/#\/schema\/person\/c8baee722073534b583ea7bdb2e36c02\",\"name\":\"bosniak\",\"image\":{\"@type\":\"ImageObject\",\"inLanguage\":\"bs-BA\",\"@id\":\"https:\/\/sandzakpress.net\/arhiva\/#\/schema\/person\/image\/\",\"url\":\"https:\/\/secure.gravatar.com\/avatar\/a04fd330bfe3a36a72a0ad4a6d89fca7?s=96&d=mm&r=pg\",\"contentUrl\":\"https:\/\/secure.gravatar.com\/avatar\/a04fd330bfe3a36a72a0ad4a6d89fca7?s=96&d=mm&r=pg\",\"caption\":\"bosniak\"},\"url\":\"https:\/\/sandzakpress.net\/arhiva\/author\/bosniak\/\"}]}<\/script>\n<!-- \/ Yoast SEO Premium plugin. -->","yoast_head_json":{"title":"Mektepsko takmi\u010denje i prezentacija znanja u IBC-u Cirih","robots":{"index":"index","follow":"follow","max-snippet":"max-snippet:-1","max-image-preview":"max-image-preview:large","max-video-preview":"max-video-preview:-1"},"canonical":"https:\/\/sandzakpress.net\/arhiva\/mektepsko-takmicenje-i-prezentacija-znanja-u-ibc-u-cirih\/","og_locale":"bs_BA","og_type":"article","og_title":"Mektepsko takmi\u010denje i prezentacija znanja u IBC-u Cirih","og_description":"U subotu, 14. decembra 2013. nakon ak\u0161am-namaza u\u010da\u010di \u010dasnog Kur`ana su imali priliku da prezentiraju ste\u010deno znanje. Oni koji su tek po\u010deli sa u\u010denjem Kur`ana, prou\u010dili su odlomak iz Kur`ana i time najavili svoje prisustvo u takmi\u010denju naredne godine, dok su oni sa malo vi\u0161e iskustva pristupili takmi\u010denju. Muallim i Glavni imam IBC-a u Cirihu, [&hellip;]","og_url":"https:\/\/sandzakpress.net\/arhiva\/mektepsko-takmicenje-i-prezentacija-znanja-u-ibc-u-cirih\/","og_site_name":"Sand\u017eak PRESS","article_published_time":"2013-12-23T18:16:34+00:00","og_image":[{"width":200,"height":149,"url":"https:\/\/sandzakpress.net\/arhiva\/wp-content\/uploads\/2013\/12\/32b20d25ddbfd5034617018143cce6bf.jpg","type":"image\/jpeg"}],"author":"bosniak","twitter_card":"summary_large_image","twitter_misc":{"Written by":"bosniak","Est. reading time":"2 minute"},"schema":{"@context":"https:\/\/schema.org","@graph":[{"@type":"Article","@id":"https:\/\/sandzakpress.net\/arhiva\/mektepsko-takmicenje-i-prezentacija-znanja-u-ibc-u-cirih\/#article","isPartOf":{"@id":"https:\/\/sandzakpress.net\/arhiva\/mektepsko-takmicenje-i-prezentacija-znanja-u-ibc-u-cirih\/"},"author":{"name":"bosniak","@id":"https:\/\/sandzakpress.net\/arhiva\/#\/schema\/person\/c8baee722073534b583ea7bdb2e36c02"},"headline":"Mektepsko takmi\u010denje i prezentacija znanja u IBC-u Cirih","datePublished":"2013-12-23T18:16:34+00:00","mainEntityOfPage":{"@id":"https:\/\/sandzakpress.net\/arhiva\/mektepsko-takmicenje-i-prezentacija-znanja-u-ibc-u-cirih\/"},"wordCount":372,"commentCount":1,"publisher":{"@id":"https:\/\/sandzakpress.net\/arhiva\/#\/schema\/person\/6e72b67d6e51910a1117b3b483ba20bd"},"image":{"@id":"https:\/\/sandzakpress.net\/arhiva\/mektepsko-takmicenje-i-prezentacija-znanja-u-ibc-u-cirih\/#primaryimage"},"thumbnailUrl":"https:\/\/sandzakpress.net\/arhiva\/wp-content\/uploads\/2013\/12\/32b20d25ddbfd5034617018143cce6bf.jpg","articleSection":["\u0160vicarska","Islamska zajednica"],"inLanguage":"bs-BA","potentialAction":[{"@type":"CommentAction","name":"Comment","target":["https:\/\/sandzakpress.net\/arhiva\/mektepsko-takmicenje-i-prezentacija-znanja-u-ibc-u-cirih\/#respond"]}]},{"@type":"WebPage","@id":"https:\/\/sandzakpress.net\/arhiva\/mektepsko-takmicenje-i-prezentacija-znanja-u-ibc-u-cirih\/","url":"https:\/\/sandzakpress.net\/arhiva\/mektepsko-takmicenje-i-prezentacija-znanja-u-ibc-u-cirih\/","name":"Mektepsko takmi\u010denje i prezentacija znanja u IBC-u Cirih","isPartOf":{"@id":"https:\/\/sandzakpress.net\/arhiva\/#website"},"primaryImageOfPage":{"@id":"https:\/\/sandzakpress.net\/arhiva\/mektepsko-takmicenje-i-prezentacija-znanja-u-ibc-u-cirih\/#primaryimage"},"image":{"@id":"https:\/\/sandzakpress.net\/arhiva\/mektepsko-takmicenje-i-prezentacija-znanja-u-ibc-u-cirih\/#primaryimage"},"thumbnailUrl":"https:\/\/sandzakpress.net\/arhiva\/wp-content\/uploads\/2013\/12\/32b20d25ddbfd5034617018143cce6bf.jpg","datePublished":"2013-12-23T18:16:34+00:00","breadcrumb":{"@id":"https:\/\/sandzakpress.net\/arhiva\/mektepsko-takmicenje-i-prezentacija-znanja-u-ibc-u-cirih\/#breadcrumb"},"inLanguage":"bs-BA","potentialAction":[{"@type":"ReadAction","target":["https:\/\/sandzakpress.net\/arhiva\/mektepsko-takmicenje-i-prezentacija-znanja-u-ibc-u-cirih\/"]}]},{"@type":"ImageObject","inLanguage":"bs-BA","@id":"https:\/\/sandzakpress.net\/arhiva\/mektepsko-takmicenje-i-prezentacija-znanja-u-ibc-u-cirih\/#primaryimage","url":"https:\/\/sandzakpress.net\/arhiva\/wp-content\/uploads\/2013\/12\/32b20d25ddbfd5034617018143cce6bf.jpg","contentUrl":"https:\/\/sandzakpress.net\/arhiva\/wp-content\/uploads\/2013\/12\/32b20d25ddbfd5034617018143cce6bf.jpg","width":200,"height":149},{"@type":"BreadcrumbList","@id":"https:\/\/sandzakpress.net\/arhiva\/mektepsko-takmicenje-i-prezentacija-znanja-u-ibc-u-cirih\/#breadcrumb","itemListElement":[{"@type":"ListItem","position":1,"name":"Home","item":"https:\/\/sandzakpress.net\/arhiva\/"},{"@type":"ListItem","position":2,"name":"Mektepsko takmi\u010denje i prezentacija znanja u IBC-u Cirih"}]},{"@type":"WebSite","@id":"https:\/\/sandzakpress.net\/arhiva\/#website","url":"https:\/\/sandzakpress.net\/arhiva\/","name":"Sand\u017eak PRESS","description":"Prve elektronske novine u Sand\u017eaku","publisher":{"@id":"https:\/\/sandzakpress.net\/arhiva\/#\/schema\/person\/6e72b67d6e51910a1117b3b483ba20bd"},"potentialAction":[{"@type":"SearchAction","target":{"@type":"EntryPoint","urlTemplate":"https:\/\/sandzakpress.net\/arhiva\/?s={search_term_string}"},"query-input":{"@type":"PropertyValueSpecification","valueRequired":true,"valueName":"search_term_string"}}],"inLanguage":"bs-BA"},{"@type":["Person","Organization"],"@id":"https:\/\/sandzakpress.net\/arhiva\/#\/schema\/person\/6e72b67d6e51910a1117b3b483ba20bd","name":"Kul","image":{"@type":"ImageObject","inLanguage":"bs-BA","@id":"https:\/\/sandzakpress.net\/arhiva\/#\/schema\/person\/image\/","url":"https:\/\/secure.gravatar.com\/avatar\/42263f39aa27ac04c43cab85c280eb2e?s=96&d=mm&r=pg","contentUrl":"https:\/\/secure.gravatar.com\/avatar\/42263f39aa27ac04c43cab85c280eb2e?s=96&d=mm&r=pg","caption":"Kul"},"logo":{"@id":"https:\/\/sandzakpress.net\/arhiva\/#\/schema\/person\/image\/"}},{"@type":"Person","@id":"https:\/\/sandzakpress.net\/arhiva\/#\/schema\/person\/c8baee722073534b583ea7bdb2e36c02","name":"bosniak","image":{"@type":"ImageObject","inLanguage":"bs-BA","@id":"https:\/\/sandzakpress.net\/arhiva\/#\/schema\/person\/image\/","url":"https:\/\/secure.gravatar.com\/avatar\/a04fd330bfe3a36a72a0ad4a6d89fca7?s=96&d=mm&r=pg","contentUrl":"https:\/\/secure.gravatar.com\/avatar\/a04fd330bfe3a36a72a0ad4a6d89fca7?s=96&d=mm&r=pg","caption":"bosniak"},"url":"https:\/\/sandzakpress.net\/arhiva\/author\/bosniak\/"}]}},"_links":{"self":[{"href":"https:\/\/sandzakpress.net\/arhiva\/wp-json\/wp\/v2\/posts\/98604"}],"collection":[{"href":"https:\/\/sandzakpress.net\/arhiva\/wp-json\/wp\/v2\/posts"}],"about":[{"href":"https:\/\/sandzakpress.net\/arhiva\/wp-json\/wp\/v2\/types\/post"}],"author":[{"embeddable":true,"href":"https:\/\/sandzakpress.net\/arhiva\/wp-json\/wp\/v2\/users\/83"}],"replies":[{"embeddable":true,"href":"https:\/\/sandzakpress.net\/arhiva\/wp-json\/wp\/v2\/comments?post=98604"}],"version-history":[{"count":0,"href":"https:\/\/sandzakpress.net\/arhiva\/wp-json\/wp\/v2\/posts\/98604\/revisions"}],"wp:featuredmedia":[{"embeddable":true,"href":"https:\/\/sandzakpress.net\/arhiva\/wp-json\/wp\/v2\/media\/98605"}],"wp:attachment":[{"href":"https:\/\/sandzakpress.net\/arhiva\/wp-json\/wp\/v2\/media?parent=98604"}],"wp:term":[{"taxonomy":"category","embeddable":true,"href":"https:\/\/sandzakpress.net\/arhiva\/wp-json\/wp\/v2\/categories?post=98604"},{"taxonomy":"post_tag","embeddable":true,"href":"https:\/\/sandzakpress.net\/arhiva\/wp-json\/wp\/v2\/tags?post=98604"}],"curies":[{"name":"wp","href":"https:\/\/api.w.org\/{rel}","templated":true}]}}