{"id":98598,"date":"2013-12-23T19:12:38","date_gmt":"2013-12-23T18:12:38","guid":{"rendered":"https:\/\/sandzakpress.net\/arhiva\/?p=98598"},"modified":"2013-12-23T19:12:38","modified_gmt":"2013-12-23T18:12:38","slug":"beranac-tuzi-drzavu-jurili-rahima-istjerali-rahmana","status":"publish","type":"post","link":"https:\/\/sandzakpress.net\/arhiva\/beranac-tuzi-drzavu-jurili-rahima-istjerali-rahmana\/","title":{"rendered":"Beranac tu\u017ei dr\u017eavu: Jurili Rahima, istjerali Rahmana"},"content":{"rendered":"<p><strong><a href=\"https:\/\/sandzakpress.net\/arhiva\/wp-content\/uploads\/2013\/12\/beranac-tuzi-drzavu-jurili-rahima-istjerali-rahmana-slika-337907.jpg\"><img loading=\"lazy\" decoding=\"async\" class=\"alignleft size-medium wp-image-98599\" alt=\"beranac-tuzi-drzavu-jurili-rahima-istjerali-rahmana-slika-337907\" src=\"https:\/\/sandzakpress.net\/arhiva\/wp-content\/uploads\/2013\/12\/beranac-tuzi-drzavu-jurili-rahima-istjerali-rahmana-slika-337907-300x220.jpg\" width=\"300\" height=\"220\" \/><\/a>Berane &#8211; Rahman Zveroti\u0107 iz Berana, koji ve\u0107 dvadeset godina \u017eivi u \u0160vajcarskoj, na\u0161ao se na optu\u017enici i potjernici samo zato \u0161to ima sli\u010dno ime kao Rahim Zveroti\u0107, koga je policija tajno pratila u toku 2011. i 2012. godine, kazao je ju\u010de \u201cVijestima\u201d advokat Rahmana Zveroti\u0107a Velija Muri\u0107.<\/strong><\/p>\n<p>Muri\u0107 \u0107e danas protiv nepoznatih slu\u017ebenika Uprave policije i Tu\u017eila\u0161tva podnijeti krivi\u010dne prijave, a od dr\u017eave Crne Gore tra\u017eiti od\u0161tetu zbog povrede \u010dasti, ugleda i slobode svog branjenika.<\/p>\n<p>Slu\u017ebenici policije i tu\u017eila\u0161tva su, prema Muri\u0107u, nanijeli \u0161tetu Zveroti\u0107u tako \u0161to su \u201cizvr\u0161ili zamjenu li\u010dnih podataka i nadle\u017enom tu\u017eila\u0161tvu dostavili kriv\u010dnu prijavu u kojoj su, umjesto li\u010dnih podataka za lice Zveroti\u0107 Rahim na koje su se odnosile mjere nare\u0111enog tajnog nadzora, neopravdano unijeli podatke o licu Zveroti\u0107 Rahman koji se ni po jednom osnovu nije mogao dovesti u vezu sa radnjama iz krivi\u010dne prijave\u201d.<\/p>\n<p>Na ovaj na\u010din su, smatra advokat, dr\u017eavni organi povrijedili prava Zveroti\u0107a, koji se na\u0161ao prvo na optu\u017enici, zatim i na potjernici, nije smio da do\u0111e u zemlju i reguli\u0161e neka svoja prava&#8230; Zveroti\u0107u su, kako se tvrdi, povrije\u0111ena i prava koja se odnose na slobodu kretanja i prava zagarantovana Ustavom i Evropskom poveljom o ljudskim pravima.<\/p>\n<p>Muri\u0107 tvrdi da postoji, i kao dokaz je predla\u017ee, naredba o tajnom nadzoru broj 2\/11 i 5\/11, koje su izdate na ime Rahim, a ne Rahman Zveroti\u0107, \u010dime bi se dokazalo da je zaista pra\u0107en jedan a na optu\u017enicu stavljen drugi \u010dovjek.<\/p>\n<p>&nbsp;<\/p>\n<div><a href=\"http:\/\/www.vijesti.me\/data\/slika\/2\/15601.jpg\"><img decoding=\"async\" alt=\"\" src=\"http:\/\/www.vijesti.me\/slika-w519\/vijesti\/beranac-tuzi-drzavu-jurili-rahima-istjerali-rahmana-slika-15601.jpg\" border=\"0\" \/><\/a><a>Uvecaj!<\/a><\/div>\n<p>&nbsp;<\/p>\n<p>Prvo je, isti\u010de Muri\u0107, pogrije\u0161ila Uprava policije, koja je krivi\u010dnom prijavom iz januara 2012., umjesto Rahima, za stvaranje kriminalne grupe prijavila Rahmana Zveroti\u0107a. Onda je, kako se tvrdi, i tu\u017eila\u0161tvo \u201cbez valjane provjere i potrebne kriti\u010dnosti, prihvatio prijavu sa izmjenjenim imenom, i dalji postupak nastavilo prema potpuno nevinom licu\u201d.<\/p>\n<p>Onda je Rahmanu odre\u0111en i pritvor, 23. januara pro\u0161le godine, a zatim i naredba za privo\u0111enje i potjernica, zbog \u010dega je Zveroti\u0107, \u201cprihvatio manje od ve\u0107eg zla, da ne dolazi u Crnu Goru u kojoj mu je, istina neopravdano, prijetila mjera dugotrajnog pritvora koja je zadesila i brojna druga lica iz optu\u017enice\u201d.<\/p>\n<p>Podignuta je i optu\u017enica, i to za nekoliko krivi\u010dnih djela, kao \u0161to su krijum\u010darenje ljudi, falsifikovanje isprave&#8230;<\/p>\n<p>\u201cPravosna\u017enom presudom Vi\u0161eg suda u Bijelom Polju od 29. 03. 2013. godine, Zveroti\u0107 Rahman je oslobo\u0111en od optu\u017ebe jer nije dokazano da je izvr\u0161io krivi\u010dno djelo zbog koga mu je su\u0111eno, ta\u010dnije zbog toga \u0161to je utvr\u0111eno da on nije lice na koje se odnosio nare\u0111eni tajni nadzor ve\u0107 da je to lice Zveroti\u0107 Rahim\u201d, napisao je Muri\u0107 u tu\u017ebi i krivi\u010dnoj prijavi.<\/p>\n<p>Nesavjesno postupanje slu\u017ebenih lica, smatra on, za Zveroti\u0107a je proizvelo brojne \u0161tetne i te\u0161ke posljedice.<\/p>\n<p>\u201cOd saznanja da se on tra\u017ei i da je optu\u017een, on je sve vrijeme \u017eivio u strahu da ne bude deportovan radi su\u0111enja, da \u0107e zbog toga izgubiti posao i pravo na ve\u0107 ste\u010denu penziju. O\u0161te\u0107eni je objektivno bio onemogu\u0107en da dolazi u Crnu Goru gdje ima porodicu, da posje\u0107uje rodbinu, da dolazi prilikom zna\u010dajnih doga\u0111aja\u201d, isti\u010de advokat, i dodaje da \u010dak ni kad je sud naredio povla\u010denje potjernice, ona nije povu\u010dena.<\/p>\n<p>Policijska akcija &#8220;Toronto&#8221;, u okviru koje je pra\u0107en i Zveroti\u0107, trajala je vi\u0161e mjeseci, a meta su bili osumnji\u010deni \u010dlanovi kriminalne grupe na podru\u010dju Crne Gore, Makedonije, Albanije, Srbije i Kosova. Advokat Muri\u0107 je tokom \u010ditavog postupka tvrdio da je Rahman Zveroti\u0107 pogre\u0161na osoba, a da policija zapravo tra\u017ei Rahima, osobu sa podebljim policijskim dosijeom koja se nalazi u Skoplju.<\/p>\n<p>(Vijesti)<\/p>\n","protected":false},"excerpt":{"rendered":"<p>Berane &#8211; Rahman Zveroti\u0107 iz Berana, koji ve\u0107 dvadeset godina \u017eivi u \u0160vajcarskoj, na\u0161ao se na optu\u017enici i potjernici samo zato \u0161to ima sli\u010dno ime kao Rahim Zveroti\u0107, koga je policija tajno pratila u toku 2011. i 2012. godine, kazao je ju\u010de \u201cVijestima\u201d advokat Rahmana Zveroti\u0107a Velija Muri\u0107. Muri\u0107 \u0107e danas protiv nepoznatih slu\u017ebenika Uprave [&hellip;]<\/p>\n","protected":false},"author":83,"featured_media":98600,"comment_status":"open","ping_status":"open","sticky":false,"template":"","format":"standard","meta":{"footnotes":""},"categories":[397,801],"tags":[],"class_list":{"0":"post-98598","1":"post","2":"type-post","3":"status-publish","4":"format-standard","5":"has-post-thumbnail","7":"category-berane","8":"category-crna_hronika"},"yoast_head":"<!-- This site is optimized with the Yoast SEO Premium plugin v23.1 (Yoast SEO v24.9) - https:\/\/yoast.com\/wordpress\/plugins\/seo\/ -->\n<title>Beranac tu\u017ei dr\u017eavu: Jurili Rahima, istjerali Rahmana<\/title>\n<meta name=\"robots\" content=\"index, follow, max-snippet:-1, max-image-preview:large, max-video-preview:-1\" \/>\n<link rel=\"canonical\" href=\"https:\/\/sandzakpress.net\/arhiva\/beranac-tuzi-drzavu-jurili-rahima-istjerali-rahmana\/\" \/>\n<meta property=\"og:locale\" content=\"bs_BA\" \/>\n<meta property=\"og:type\" content=\"article\" \/>\n<meta property=\"og:title\" content=\"Beranac tu\u017ei dr\u017eavu: Jurili Rahima, istjerali Rahmana\" \/>\n<meta property=\"og:description\" content=\"Berane &#8211; Rahman Zveroti\u0107 iz Berana, koji ve\u0107 dvadeset godina \u017eivi u \u0160vajcarskoj, na\u0161ao se na optu\u017enici i potjernici samo zato \u0161to ima sli\u010dno ime kao Rahim Zveroti\u0107, koga je policija tajno pratila u toku 2011. i 2012. godine, kazao je ju\u010de \u201cVijestima\u201d advokat Rahmana Zveroti\u0107a Velija Muri\u0107. Muri\u0107 \u0107e danas protiv nepoznatih slu\u017ebenika Uprave [&hellip;]\" \/>\n<meta property=\"og:url\" content=\"https:\/\/sandzakpress.net\/arhiva\/beranac-tuzi-drzavu-jurili-rahima-istjerali-rahmana\/\" \/>\n<meta property=\"og:site_name\" content=\"Sand\u017eak PRESS\" \/>\n<meta property=\"article:published_time\" content=\"2013-12-23T18:12:38+00:00\" \/>\n<meta property=\"og:image\" content=\"https:\/\/sandzakpress.net\/arhiva\/wp-content\/uploads\/2013\/12\/beranac-tuzi-drzavu-jurili-rahima-istjerali-rahmana-slika-337907-300x2201.jpg\" \/>\n\t<meta property=\"og:image:width\" content=\"300\" \/>\n\t<meta property=\"og:image:height\" content=\"220\" \/>\n\t<meta property=\"og:image:type\" content=\"image\/jpeg\" \/>\n<meta name=\"author\" content=\"bosniak\" \/>\n<meta name=\"twitter:card\" content=\"summary_large_image\" \/>\n<meta name=\"twitter:label1\" content=\"Written by\" \/>\n\t<meta name=\"twitter:data1\" content=\"bosniak\" \/>\n\t<meta name=\"twitter:label2\" content=\"Est. reading time\" \/>\n\t<meta name=\"twitter:data2\" content=\"3 minute\" \/>\n<script type=\"application\/ld+json\" class=\"yoast-schema-graph\">{\"@context\":\"https:\/\/schema.org\",\"@graph\":[{\"@type\":\"Article\",\"@id\":\"https:\/\/sandzakpress.net\/arhiva\/beranac-tuzi-drzavu-jurili-rahima-istjerali-rahmana\/#article\",\"isPartOf\":{\"@id\":\"https:\/\/sandzakpress.net\/arhiva\/beranac-tuzi-drzavu-jurili-rahima-istjerali-rahmana\/\"},\"author\":{\"name\":\"bosniak\",\"@id\":\"https:\/\/sandzakpress.net\/arhiva\/#\/schema\/person\/c8baee722073534b583ea7bdb2e36c02\"},\"headline\":\"Beranac tu\u017ei dr\u017eavu: Jurili Rahima, istjerali Rahmana\",\"datePublished\":\"2013-12-23T18:12:38+00:00\",\"mainEntityOfPage\":{\"@id\":\"https:\/\/sandzakpress.net\/arhiva\/beranac-tuzi-drzavu-jurili-rahima-istjerali-rahmana\/\"},\"wordCount\":658,\"commentCount\":0,\"publisher\":{\"@id\":\"https:\/\/sandzakpress.net\/arhiva\/#\/schema\/person\/6e72b67d6e51910a1117b3b483ba20bd\"},\"image\":{\"@id\":\"https:\/\/sandzakpress.net\/arhiva\/beranac-tuzi-drzavu-jurili-rahima-istjerali-rahmana\/#primaryimage\"},\"thumbnailUrl\":\"https:\/\/sandzakpress.net\/arhiva\/wp-content\/uploads\/2013\/12\/beranac-tuzi-drzavu-jurili-rahima-istjerali-rahmana-slika-337907-300x2201.jpg\",\"articleSection\":[\"Berane\",\"Hronika\"],\"inLanguage\":\"bs-BA\",\"potentialAction\":[{\"@type\":\"CommentAction\",\"name\":\"Comment\",\"target\":[\"https:\/\/sandzakpress.net\/arhiva\/beranac-tuzi-drzavu-jurili-rahima-istjerali-rahmana\/#respond\"]}]},{\"@type\":\"WebPage\",\"@id\":\"https:\/\/sandzakpress.net\/arhiva\/beranac-tuzi-drzavu-jurili-rahima-istjerali-rahmana\/\",\"url\":\"https:\/\/sandzakpress.net\/arhiva\/beranac-tuzi-drzavu-jurili-rahima-istjerali-rahmana\/\",\"name\":\"Beranac tu\u017ei dr\u017eavu: Jurili Rahima, istjerali Rahmana\",\"isPartOf\":{\"@id\":\"https:\/\/sandzakpress.net\/arhiva\/#website\"},\"primaryImageOfPage\":{\"@id\":\"https:\/\/sandzakpress.net\/arhiva\/beranac-tuzi-drzavu-jurili-rahima-istjerali-rahmana\/#primaryimage\"},\"image\":{\"@id\":\"https:\/\/sandzakpress.net\/arhiva\/beranac-tuzi-drzavu-jurili-rahima-istjerali-rahmana\/#primaryimage\"},\"thumbnailUrl\":\"https:\/\/sandzakpress.net\/arhiva\/wp-content\/uploads\/2013\/12\/beranac-tuzi-drzavu-jurili-rahima-istjerali-rahmana-slika-337907-300x2201.jpg\",\"datePublished\":\"2013-12-23T18:12:38+00:00\",\"breadcrumb\":{\"@id\":\"https:\/\/sandzakpress.net\/arhiva\/beranac-tuzi-drzavu-jurili-rahima-istjerali-rahmana\/#breadcrumb\"},\"inLanguage\":\"bs-BA\",\"potentialAction\":[{\"@type\":\"ReadAction\",\"target\":[\"https:\/\/sandzakpress.net\/arhiva\/beranac-tuzi-drzavu-jurili-rahima-istjerali-rahmana\/\"]}]},{\"@type\":\"ImageObject\",\"inLanguage\":\"bs-BA\",\"@id\":\"https:\/\/sandzakpress.net\/arhiva\/beranac-tuzi-drzavu-jurili-rahima-istjerali-rahmana\/#primaryimage\",\"url\":\"https:\/\/sandzakpress.net\/arhiva\/wp-content\/uploads\/2013\/12\/beranac-tuzi-drzavu-jurili-rahima-istjerali-rahmana-slika-337907-300x2201.jpg\",\"contentUrl\":\"https:\/\/sandzakpress.net\/arhiva\/wp-content\/uploads\/2013\/12\/beranac-tuzi-drzavu-jurili-rahima-istjerali-rahmana-slika-337907-300x2201.jpg\",\"width\":300,\"height\":220},{\"@type\":\"BreadcrumbList\",\"@id\":\"https:\/\/sandzakpress.net\/arhiva\/beranac-tuzi-drzavu-jurili-rahima-istjerali-rahmana\/#breadcrumb\",\"itemListElement\":[{\"@type\":\"ListItem\",\"position\":1,\"name\":\"Home\",\"item\":\"https:\/\/sandzakpress.net\/arhiva\/\"},{\"@type\":\"ListItem\",\"position\":2,\"name\":\"Beranac tu\u017ei dr\u017eavu: Jurili Rahima, istjerali Rahmana\"}]},{\"@type\":\"WebSite\",\"@id\":\"https:\/\/sandzakpress.net\/arhiva\/#website\",\"url\":\"https:\/\/sandzakpress.net\/arhiva\/\",\"name\":\"Sand\u017eak PRESS\",\"description\":\"Prve elektronske novine u Sand\u017eaku\",\"publisher\":{\"@id\":\"https:\/\/sandzakpress.net\/arhiva\/#\/schema\/person\/6e72b67d6e51910a1117b3b483ba20bd\"},\"potentialAction\":[{\"@type\":\"SearchAction\",\"target\":{\"@type\":\"EntryPoint\",\"urlTemplate\":\"https:\/\/sandzakpress.net\/arhiva\/?s={search_term_string}\"},\"query-input\":{\"@type\":\"PropertyValueSpecification\",\"valueRequired\":true,\"valueName\":\"search_term_string\"}}],\"inLanguage\":\"bs-BA\"},{\"@type\":[\"Person\",\"Organization\"],\"@id\":\"https:\/\/sandzakpress.net\/arhiva\/#\/schema\/person\/6e72b67d6e51910a1117b3b483ba20bd\",\"name\":\"Kul\",\"image\":{\"@type\":\"ImageObject\",\"inLanguage\":\"bs-BA\",\"@id\":\"https:\/\/sandzakpress.net\/arhiva\/#\/schema\/person\/image\/\",\"url\":\"https:\/\/secure.gravatar.com\/avatar\/42263f39aa27ac04c43cab85c280eb2e?s=96&d=mm&r=pg\",\"contentUrl\":\"https:\/\/secure.gravatar.com\/avatar\/42263f39aa27ac04c43cab85c280eb2e?s=96&d=mm&r=pg\",\"caption\":\"Kul\"},\"logo\":{\"@id\":\"https:\/\/sandzakpress.net\/arhiva\/#\/schema\/person\/image\/\"}},{\"@type\":\"Person\",\"@id\":\"https:\/\/sandzakpress.net\/arhiva\/#\/schema\/person\/c8baee722073534b583ea7bdb2e36c02\",\"name\":\"bosniak\",\"image\":{\"@type\":\"ImageObject\",\"inLanguage\":\"bs-BA\",\"@id\":\"https:\/\/sandzakpress.net\/arhiva\/#\/schema\/person\/image\/\",\"url\":\"https:\/\/secure.gravatar.com\/avatar\/a04fd330bfe3a36a72a0ad4a6d89fca7?s=96&d=mm&r=pg\",\"contentUrl\":\"https:\/\/secure.gravatar.com\/avatar\/a04fd330bfe3a36a72a0ad4a6d89fca7?s=96&d=mm&r=pg\",\"caption\":\"bosniak\"},\"url\":\"https:\/\/sandzakpress.net\/arhiva\/author\/bosniak\/\"}]}<\/script>\n<!-- \/ Yoast SEO Premium plugin. -->","yoast_head_json":{"title":"Beranac tu\u017ei dr\u017eavu: Jurili Rahima, istjerali Rahmana","robots":{"index":"index","follow":"follow","max-snippet":"max-snippet:-1","max-image-preview":"max-image-preview:large","max-video-preview":"max-video-preview:-1"},"canonical":"https:\/\/sandzakpress.net\/arhiva\/beranac-tuzi-drzavu-jurili-rahima-istjerali-rahmana\/","og_locale":"bs_BA","og_type":"article","og_title":"Beranac tu\u017ei dr\u017eavu: Jurili Rahima, istjerali Rahmana","og_description":"Berane &#8211; Rahman Zveroti\u0107 iz Berana, koji ve\u0107 dvadeset godina \u017eivi u \u0160vajcarskoj, na\u0161ao se na optu\u017enici i potjernici samo zato \u0161to ima sli\u010dno ime kao Rahim Zveroti\u0107, koga je policija tajno pratila u toku 2011. i 2012. godine, kazao je ju\u010de \u201cVijestima\u201d advokat Rahmana Zveroti\u0107a Velija Muri\u0107. Muri\u0107 \u0107e danas protiv nepoznatih slu\u017ebenika Uprave [&hellip;]","og_url":"https:\/\/sandzakpress.net\/arhiva\/beranac-tuzi-drzavu-jurili-rahima-istjerali-rahmana\/","og_site_name":"Sand\u017eak PRESS","article_published_time":"2013-12-23T18:12:38+00:00","og_image":[{"width":300,"height":220,"url":"https:\/\/sandzakpress.net\/arhiva\/wp-content\/uploads\/2013\/12\/beranac-tuzi-drzavu-jurili-rahima-istjerali-rahmana-slika-337907-300x2201.jpg","type":"image\/jpeg"}],"author":"bosniak","twitter_card":"summary_large_image","twitter_misc":{"Written by":"bosniak","Est. reading time":"3 minute"},"schema":{"@context":"https:\/\/schema.org","@graph":[{"@type":"Article","@id":"https:\/\/sandzakpress.net\/arhiva\/beranac-tuzi-drzavu-jurili-rahima-istjerali-rahmana\/#article","isPartOf":{"@id":"https:\/\/sandzakpress.net\/arhiva\/beranac-tuzi-drzavu-jurili-rahima-istjerali-rahmana\/"},"author":{"name":"bosniak","@id":"https:\/\/sandzakpress.net\/arhiva\/#\/schema\/person\/c8baee722073534b583ea7bdb2e36c02"},"headline":"Beranac tu\u017ei dr\u017eavu: Jurili Rahima, istjerali Rahmana","datePublished":"2013-12-23T18:12:38+00:00","mainEntityOfPage":{"@id":"https:\/\/sandzakpress.net\/arhiva\/beranac-tuzi-drzavu-jurili-rahima-istjerali-rahmana\/"},"wordCount":658,"commentCount":0,"publisher":{"@id":"https:\/\/sandzakpress.net\/arhiva\/#\/schema\/person\/6e72b67d6e51910a1117b3b483ba20bd"},"image":{"@id":"https:\/\/sandzakpress.net\/arhiva\/beranac-tuzi-drzavu-jurili-rahima-istjerali-rahmana\/#primaryimage"},"thumbnailUrl":"https:\/\/sandzakpress.net\/arhiva\/wp-content\/uploads\/2013\/12\/beranac-tuzi-drzavu-jurili-rahima-istjerali-rahmana-slika-337907-300x2201.jpg","articleSection":["Berane","Hronika"],"inLanguage":"bs-BA","potentialAction":[{"@type":"CommentAction","name":"Comment","target":["https:\/\/sandzakpress.net\/arhiva\/beranac-tuzi-drzavu-jurili-rahima-istjerali-rahmana\/#respond"]}]},{"@type":"WebPage","@id":"https:\/\/sandzakpress.net\/arhiva\/beranac-tuzi-drzavu-jurili-rahima-istjerali-rahmana\/","url":"https:\/\/sandzakpress.net\/arhiva\/beranac-tuzi-drzavu-jurili-rahima-istjerali-rahmana\/","name":"Beranac tu\u017ei dr\u017eavu: Jurili Rahima, istjerali Rahmana","isPartOf":{"@id":"https:\/\/sandzakpress.net\/arhiva\/#website"},"primaryImageOfPage":{"@id":"https:\/\/sandzakpress.net\/arhiva\/beranac-tuzi-drzavu-jurili-rahima-istjerali-rahmana\/#primaryimage"},"image":{"@id":"https:\/\/sandzakpress.net\/arhiva\/beranac-tuzi-drzavu-jurili-rahima-istjerali-rahmana\/#primaryimage"},"thumbnailUrl":"https:\/\/sandzakpress.net\/arhiva\/wp-content\/uploads\/2013\/12\/beranac-tuzi-drzavu-jurili-rahima-istjerali-rahmana-slika-337907-300x2201.jpg","datePublished":"2013-12-23T18:12:38+00:00","breadcrumb":{"@id":"https:\/\/sandzakpress.net\/arhiva\/beranac-tuzi-drzavu-jurili-rahima-istjerali-rahmana\/#breadcrumb"},"inLanguage":"bs-BA","potentialAction":[{"@type":"ReadAction","target":["https:\/\/sandzakpress.net\/arhiva\/beranac-tuzi-drzavu-jurili-rahima-istjerali-rahmana\/"]}]},{"@type":"ImageObject","inLanguage":"bs-BA","@id":"https:\/\/sandzakpress.net\/arhiva\/beranac-tuzi-drzavu-jurili-rahima-istjerali-rahmana\/#primaryimage","url":"https:\/\/sandzakpress.net\/arhiva\/wp-content\/uploads\/2013\/12\/beranac-tuzi-drzavu-jurili-rahima-istjerali-rahmana-slika-337907-300x2201.jpg","contentUrl":"https:\/\/sandzakpress.net\/arhiva\/wp-content\/uploads\/2013\/12\/beranac-tuzi-drzavu-jurili-rahima-istjerali-rahmana-slika-337907-300x2201.jpg","width":300,"height":220},{"@type":"BreadcrumbList","@id":"https:\/\/sandzakpress.net\/arhiva\/beranac-tuzi-drzavu-jurili-rahima-istjerali-rahmana\/#breadcrumb","itemListElement":[{"@type":"ListItem","position":1,"name":"Home","item":"https:\/\/sandzakpress.net\/arhiva\/"},{"@type":"ListItem","position":2,"name":"Beranac tu\u017ei dr\u017eavu: Jurili Rahima, istjerali Rahmana"}]},{"@type":"WebSite","@id":"https:\/\/sandzakpress.net\/arhiva\/#website","url":"https:\/\/sandzakpress.net\/arhiva\/","name":"Sand\u017eak PRESS","description":"Prve elektronske novine u Sand\u017eaku","publisher":{"@id":"https:\/\/sandzakpress.net\/arhiva\/#\/schema\/person\/6e72b67d6e51910a1117b3b483ba20bd"},"potentialAction":[{"@type":"SearchAction","target":{"@type":"EntryPoint","urlTemplate":"https:\/\/sandzakpress.net\/arhiva\/?s={search_term_string}"},"query-input":{"@type":"PropertyValueSpecification","valueRequired":true,"valueName":"search_term_string"}}],"inLanguage":"bs-BA"},{"@type":["Person","Organization"],"@id":"https:\/\/sandzakpress.net\/arhiva\/#\/schema\/person\/6e72b67d6e51910a1117b3b483ba20bd","name":"Kul","image":{"@type":"ImageObject","inLanguage":"bs-BA","@id":"https:\/\/sandzakpress.net\/arhiva\/#\/schema\/person\/image\/","url":"https:\/\/secure.gravatar.com\/avatar\/42263f39aa27ac04c43cab85c280eb2e?s=96&d=mm&r=pg","contentUrl":"https:\/\/secure.gravatar.com\/avatar\/42263f39aa27ac04c43cab85c280eb2e?s=96&d=mm&r=pg","caption":"Kul"},"logo":{"@id":"https:\/\/sandzakpress.net\/arhiva\/#\/schema\/person\/image\/"}},{"@type":"Person","@id":"https:\/\/sandzakpress.net\/arhiva\/#\/schema\/person\/c8baee722073534b583ea7bdb2e36c02","name":"bosniak","image":{"@type":"ImageObject","inLanguage":"bs-BA","@id":"https:\/\/sandzakpress.net\/arhiva\/#\/schema\/person\/image\/","url":"https:\/\/secure.gravatar.com\/avatar\/a04fd330bfe3a36a72a0ad4a6d89fca7?s=96&d=mm&r=pg","contentUrl":"https:\/\/secure.gravatar.com\/avatar\/a04fd330bfe3a36a72a0ad4a6d89fca7?s=96&d=mm&r=pg","caption":"bosniak"},"url":"https:\/\/sandzakpress.net\/arhiva\/author\/bosniak\/"}]}},"_links":{"self":[{"href":"https:\/\/sandzakpress.net\/arhiva\/wp-json\/wp\/v2\/posts\/98598"}],"collection":[{"href":"https:\/\/sandzakpress.net\/arhiva\/wp-json\/wp\/v2\/posts"}],"about":[{"href":"https:\/\/sandzakpress.net\/arhiva\/wp-json\/wp\/v2\/types\/post"}],"author":[{"embeddable":true,"href":"https:\/\/sandzakpress.net\/arhiva\/wp-json\/wp\/v2\/users\/83"}],"replies":[{"embeddable":true,"href":"https:\/\/sandzakpress.net\/arhiva\/wp-json\/wp\/v2\/comments?post=98598"}],"version-history":[{"count":0,"href":"https:\/\/sandzakpress.net\/arhiva\/wp-json\/wp\/v2\/posts\/98598\/revisions"}],"wp:featuredmedia":[{"embeddable":true,"href":"https:\/\/sandzakpress.net\/arhiva\/wp-json\/wp\/v2\/media\/98600"}],"wp:attachment":[{"href":"https:\/\/sandzakpress.net\/arhiva\/wp-json\/wp\/v2\/media?parent=98598"}],"wp:term":[{"taxonomy":"category","embeddable":true,"href":"https:\/\/sandzakpress.net\/arhiva\/wp-json\/wp\/v2\/categories?post=98598"},{"taxonomy":"post_tag","embeddable":true,"href":"https:\/\/sandzakpress.net\/arhiva\/wp-json\/wp\/v2\/tags?post=98598"}],"curies":[{"name":"wp","href":"https:\/\/api.w.org\/{rel}","templated":true}]}}