{"id":98557,"date":"2013-12-23T18:46:54","date_gmt":"2013-12-23T17:46:54","guid":{"rendered":"https:\/\/sandzakpress.net\/arhiva\/?p=98557"},"modified":"2013-12-23T18:46:54","modified_gmt":"2013-12-23T17:46:54","slug":"republika-srpska-u-bosnjackoj-mahali","status":"publish","type":"post","link":"https:\/\/sandzakpress.net\/arhiva\/republika-srpska-u-bosnjackoj-mahali\/","title":{"rendered":"Republika Srpska u &#8220;Bo\u0161nja\u010dkoj mahali&#8221;"},"content":{"rendered":"<h3><a href=\"https:\/\/sandzakpress.net\/arhiva\/wp-content\/uploads\/2013\/12\/56768.jpg\"><img loading=\"lazy\" decoding=\"async\" class=\"alignleft size-medium wp-image-98558\" alt=\"56768\" src=\"https:\/\/sandzakpress.net\/arhiva\/wp-content\/uploads\/2013\/12\/56768-300x220.jpg\" width=\"300\" height=\"220\" \/><\/a>BIH &#8211; Osam raseljenih srpskih porodica u sjevernoj Mitrovici iz razli\u010ditih dijelova Kosova \u0107e biti smje\u0161teno u novim stambenim objektima izgra\u0111enih u &#8220;Bo\u0161nja\u010dkoj mahali&#8221; investicijama Republike Srpske, 7. januara, kada Srbi slave Bo\u017ei\u0107.<\/h3>\n<div>Stambeni objekti, koji je u zavr\u0161noj fazi, posjetio je u subotu Milorad Arlov, predsjednik Savjeta za pomo\u0107 kosovskim Srbima Republike Srpske i na\u010delnik tzv. regiji Mitrovica, Vaso Jeli\u0107. Za izgradnju ovog stambenog objekta &#8220;za svoju bra\u0107u&#8221;, Republika Srpska, prema rije\u010dima Arlova je ulo\u017eila 500 miliona konvertibilnih maraka.<\/p>\n<p>&#8220;Ova sredstva je osigurala Vlada Republike Srpske. Ova zgrada nije samo oblik solidarnosti sa kosovskim Srbima, ve\u0107 je stalni simbol njihovoj podr\u0161ci da ostanu na tom podru\u010dju&#8221;, rekao je Arlov.<\/p>\n<p>U me\u0111uvremenu, Vaso Jeli\u0107 , tzv. \u0161ef regiona Mitrovice, izraziv\u0161i svoju zahvalnost &#8220;srpskom narodu na Kosovu&#8221; za Republiku Srpsku je izjavio da \u0107e u novoj zgradi, \u010diji je kamen temeljac postavljen u julu ove godine, biti smje\u0161teno osam porodica, uglavnom raseljenih ili koji su pobjegli sa juga Kosova.<\/p>\n<p>&#8220;Bra\u0107a narod preko Drine je uvijek bio uz Srbe sa Kosmeta, \u010dak i u najte\u017eim trenucima je dolazila njihova podr\u0161ka kada je bila najpotrebnija. Najnoviji primjer je podr\u0161ku za izlazak na izbore. Zahvaljuju\u0107i tome \u0161to su Srbi poslu\u0161ali svoju dr\u017eavu i omogu\u0107ili formiranje Udru\u017eenja srpskih op\u0161tina, dobili smo i datum po\u010detka pregovora s EU&#8221;, rekao je Jeli\u0107.<\/p>\n<p>U ovoj zgradi koja je izgra\u0111ena u stilu nekih drugih visokih zgrada (8 solitera) u &#8220;Bo\u0161nja\u010dkoj mahali&#8221; , a sve s ciljem mijenjanja strukture stanovni\u0161tva u naselju sa ve\u0107inskim albanskim i bo\u0161nja\u010dkim \u017eivljem, \u0107e biti postavljen Centar za socijalni rad sjeverne op\u0161tine Mitrovica, i kulturni centar Republike Srpske .<\/p><\/div>\n<div><\/div>\n<div>(Info-KS)<\/div>\n","protected":false},"excerpt":{"rendered":"<p>BIH &#8211; Osam raseljenih srpskih porodica u sjevernoj Mitrovici iz razli\u010ditih dijelova Kosova \u0107e biti smje\u0161teno u novim stambenim objektima izgra\u0111enih u &#8220;Bo\u0161nja\u010dkoj mahali&#8221; investicijama Republike Srpske, 7. januara, kada Srbi slave Bo\u017ei\u0107. Stambeni objekti, koji je u zavr\u0161noj fazi, posjetio je u subotu Milorad Arlov, predsjednik Savjeta za pomo\u0107 kosovskim Srbima Republike Srpske i [&hellip;]<\/p>\n","protected":false},"author":83,"featured_media":98559,"comment_status":"open","ping_status":"open","sticky":false,"template":"","format":"standard","meta":{"footnotes":""},"categories":[800,2860],"tags":[],"class_list":{"0":"post-98557","1":"post","2":"type-post","3":"status-publish","4":"format-standard","5":"has-post-thumbnail","7":"category-nacija","8":"category-bosna-i-hercegovina-gradovi"},"yoast_head":"<!-- This site is optimized with the Yoast SEO Premium plugin v23.1 (Yoast SEO v24.9) - https:\/\/yoast.com\/wordpress\/plugins\/seo\/ -->\n<title>Republika Srpska u &quot;Bo\u0161nja\u010dkoj mahali&quot;<\/title>\n<meta name=\"robots\" content=\"index, follow, max-snippet:-1, max-image-preview:large, max-video-preview:-1\" \/>\n<link rel=\"canonical\" href=\"https:\/\/sandzakpress.net\/arhiva\/republika-srpska-u-bosnjackoj-mahali\/\" \/>\n<meta property=\"og:locale\" content=\"bs_BA\" \/>\n<meta property=\"og:type\" content=\"article\" \/>\n<meta property=\"og:title\" content=\"Republika Srpska u &quot;Bo\u0161nja\u010dkoj mahali&quot;\" \/>\n<meta property=\"og:description\" content=\"BIH &#8211; Osam raseljenih srpskih porodica u sjevernoj Mitrovici iz razli\u010ditih dijelova Kosova \u0107e biti smje\u0161teno u novim stambenim objektima izgra\u0111enih u &#8220;Bo\u0161nja\u010dkoj mahali&#8221; investicijama Republike Srpske, 7. januara, kada Srbi slave Bo\u017ei\u0107. Stambeni objekti, koji je u zavr\u0161noj fazi, posjetio je u subotu Milorad Arlov, predsjednik Savjeta za pomo\u0107 kosovskim Srbima Republike Srpske i [&hellip;]\" \/>\n<meta property=\"og:url\" content=\"https:\/\/sandzakpress.net\/arhiva\/republika-srpska-u-bosnjackoj-mahali\/\" \/>\n<meta property=\"og:site_name\" content=\"Sand\u017eak PRESS\" \/>\n<meta property=\"article:published_time\" content=\"2013-12-23T17:46:54+00:00\" \/>\n<meta property=\"og:image\" content=\"https:\/\/sandzakpress.net\/arhiva\/wp-content\/uploads\/2013\/12\/56768-300x2201.jpg\" \/>\n\t<meta property=\"og:image:width\" content=\"300\" \/>\n\t<meta property=\"og:image:height\" content=\"220\" \/>\n\t<meta property=\"og:image:type\" content=\"image\/jpeg\" \/>\n<meta name=\"author\" content=\"bosniak\" \/>\n<meta name=\"twitter:card\" content=\"summary_large_image\" \/>\n<meta name=\"twitter:label1\" content=\"Written by\" \/>\n\t<meta name=\"twitter:data1\" content=\"bosniak\" \/>\n\t<meta name=\"twitter:label2\" content=\"Est. reading time\" \/>\n\t<meta name=\"twitter:data2\" content=\"1 minuta\" \/>\n<script type=\"application\/ld+json\" class=\"yoast-schema-graph\">{\"@context\":\"https:\/\/schema.org\",\"@graph\":[{\"@type\":\"Article\",\"@id\":\"https:\/\/sandzakpress.net\/arhiva\/republika-srpska-u-bosnjackoj-mahali\/#article\",\"isPartOf\":{\"@id\":\"https:\/\/sandzakpress.net\/arhiva\/republika-srpska-u-bosnjackoj-mahali\/\"},\"author\":{\"name\":\"bosniak\",\"@id\":\"https:\/\/sandzakpress.net\/arhiva\/#\/schema\/person\/c8baee722073534b583ea7bdb2e36c02\"},\"headline\":\"Republika Srpska u &#8220;Bo\u0161nja\u010dkoj mahali&#8221;\",\"datePublished\":\"2013-12-23T17:46:54+00:00\",\"mainEntityOfPage\":{\"@id\":\"https:\/\/sandzakpress.net\/arhiva\/republika-srpska-u-bosnjackoj-mahali\/\"},\"wordCount\":301,\"commentCount\":2,\"publisher\":{\"@id\":\"https:\/\/sandzakpress.net\/arhiva\/#\/schema\/person\/6e72b67d6e51910a1117b3b483ba20bd\"},\"image\":{\"@id\":\"https:\/\/sandzakpress.net\/arhiva\/republika-srpska-u-bosnjackoj-mahali\/#primaryimage\"},\"thumbnailUrl\":\"https:\/\/sandzakpress.net\/arhiva\/wp-content\/uploads\/2013\/12\/56768-300x2201.jpg\",\"articleSection\":[\"Nacija\",\"Bosna i Hercegovina\"],\"inLanguage\":\"bs-BA\",\"potentialAction\":[{\"@type\":\"CommentAction\",\"name\":\"Comment\",\"target\":[\"https:\/\/sandzakpress.net\/arhiva\/republika-srpska-u-bosnjackoj-mahali\/#respond\"]}]},{\"@type\":\"WebPage\",\"@id\":\"https:\/\/sandzakpress.net\/arhiva\/republika-srpska-u-bosnjackoj-mahali\/\",\"url\":\"https:\/\/sandzakpress.net\/arhiva\/republika-srpska-u-bosnjackoj-mahali\/\",\"name\":\"Republika Srpska u \\\"Bo\u0161nja\u010dkoj mahali\\\"\",\"isPartOf\":{\"@id\":\"https:\/\/sandzakpress.net\/arhiva\/#website\"},\"primaryImageOfPage\":{\"@id\":\"https:\/\/sandzakpress.net\/arhiva\/republika-srpska-u-bosnjackoj-mahali\/#primaryimage\"},\"image\":{\"@id\":\"https:\/\/sandzakpress.net\/arhiva\/republika-srpska-u-bosnjackoj-mahali\/#primaryimage\"},\"thumbnailUrl\":\"https:\/\/sandzakpress.net\/arhiva\/wp-content\/uploads\/2013\/12\/56768-300x2201.jpg\",\"datePublished\":\"2013-12-23T17:46:54+00:00\",\"breadcrumb\":{\"@id\":\"https:\/\/sandzakpress.net\/arhiva\/republika-srpska-u-bosnjackoj-mahali\/#breadcrumb\"},\"inLanguage\":\"bs-BA\",\"potentialAction\":[{\"@type\":\"ReadAction\",\"target\":[\"https:\/\/sandzakpress.net\/arhiva\/republika-srpska-u-bosnjackoj-mahali\/\"]}]},{\"@type\":\"ImageObject\",\"inLanguage\":\"bs-BA\",\"@id\":\"https:\/\/sandzakpress.net\/arhiva\/republika-srpska-u-bosnjackoj-mahali\/#primaryimage\",\"url\":\"https:\/\/sandzakpress.net\/arhiva\/wp-content\/uploads\/2013\/12\/56768-300x2201.jpg\",\"contentUrl\":\"https:\/\/sandzakpress.net\/arhiva\/wp-content\/uploads\/2013\/12\/56768-300x2201.jpg\",\"width\":300,\"height\":220},{\"@type\":\"BreadcrumbList\",\"@id\":\"https:\/\/sandzakpress.net\/arhiva\/republika-srpska-u-bosnjackoj-mahali\/#breadcrumb\",\"itemListElement\":[{\"@type\":\"ListItem\",\"position\":1,\"name\":\"Home\",\"item\":\"https:\/\/sandzakpress.net\/arhiva\/\"},{\"@type\":\"ListItem\",\"position\":2,\"name\":\"Republika Srpska u &#8220;Bo\u0161nja\u010dkoj mahali&#8221;\"}]},{\"@type\":\"WebSite\",\"@id\":\"https:\/\/sandzakpress.net\/arhiva\/#website\",\"url\":\"https:\/\/sandzakpress.net\/arhiva\/\",\"name\":\"Sand\u017eak PRESS\",\"description\":\"Prve elektronske novine u Sand\u017eaku\",\"publisher\":{\"@id\":\"https:\/\/sandzakpress.net\/arhiva\/#\/schema\/person\/6e72b67d6e51910a1117b3b483ba20bd\"},\"potentialAction\":[{\"@type\":\"SearchAction\",\"target\":{\"@type\":\"EntryPoint\",\"urlTemplate\":\"https:\/\/sandzakpress.net\/arhiva\/?s={search_term_string}\"},\"query-input\":{\"@type\":\"PropertyValueSpecification\",\"valueRequired\":true,\"valueName\":\"search_term_string\"}}],\"inLanguage\":\"bs-BA\"},{\"@type\":[\"Person\",\"Organization\"],\"@id\":\"https:\/\/sandzakpress.net\/arhiva\/#\/schema\/person\/6e72b67d6e51910a1117b3b483ba20bd\",\"name\":\"Kul\",\"image\":{\"@type\":\"ImageObject\",\"inLanguage\":\"bs-BA\",\"@id\":\"https:\/\/sandzakpress.net\/arhiva\/#\/schema\/person\/image\/\",\"url\":\"https:\/\/secure.gravatar.com\/avatar\/42263f39aa27ac04c43cab85c280eb2e?s=96&d=mm&r=pg\",\"contentUrl\":\"https:\/\/secure.gravatar.com\/avatar\/42263f39aa27ac04c43cab85c280eb2e?s=96&d=mm&r=pg\",\"caption\":\"Kul\"},\"logo\":{\"@id\":\"https:\/\/sandzakpress.net\/arhiva\/#\/schema\/person\/image\/\"}},{\"@type\":\"Person\",\"@id\":\"https:\/\/sandzakpress.net\/arhiva\/#\/schema\/person\/c8baee722073534b583ea7bdb2e36c02\",\"name\":\"bosniak\",\"image\":{\"@type\":\"ImageObject\",\"inLanguage\":\"bs-BA\",\"@id\":\"https:\/\/sandzakpress.net\/arhiva\/#\/schema\/person\/image\/\",\"url\":\"https:\/\/secure.gravatar.com\/avatar\/a04fd330bfe3a36a72a0ad4a6d89fca7?s=96&d=mm&r=pg\",\"contentUrl\":\"https:\/\/secure.gravatar.com\/avatar\/a04fd330bfe3a36a72a0ad4a6d89fca7?s=96&d=mm&r=pg\",\"caption\":\"bosniak\"},\"url\":\"https:\/\/sandzakpress.net\/arhiva\/author\/bosniak\/\"}]}<\/script>\n<!-- \/ Yoast SEO Premium plugin. -->","yoast_head_json":{"title":"Republika Srpska u \"Bo\u0161nja\u010dkoj mahali\"","robots":{"index":"index","follow":"follow","max-snippet":"max-snippet:-1","max-image-preview":"max-image-preview:large","max-video-preview":"max-video-preview:-1"},"canonical":"https:\/\/sandzakpress.net\/arhiva\/republika-srpska-u-bosnjackoj-mahali\/","og_locale":"bs_BA","og_type":"article","og_title":"Republika Srpska u \"Bo\u0161nja\u010dkoj mahali\"","og_description":"BIH &#8211; Osam raseljenih srpskih porodica u sjevernoj Mitrovici iz razli\u010ditih dijelova Kosova \u0107e biti smje\u0161teno u novim stambenim objektima izgra\u0111enih u &#8220;Bo\u0161nja\u010dkoj mahali&#8221; investicijama Republike Srpske, 7. januara, kada Srbi slave Bo\u017ei\u0107. Stambeni objekti, koji je u zavr\u0161noj fazi, posjetio je u subotu Milorad Arlov, predsjednik Savjeta za pomo\u0107 kosovskim Srbima Republike Srpske i [&hellip;]","og_url":"https:\/\/sandzakpress.net\/arhiva\/republika-srpska-u-bosnjackoj-mahali\/","og_site_name":"Sand\u017eak PRESS","article_published_time":"2013-12-23T17:46:54+00:00","og_image":[{"width":300,"height":220,"url":"https:\/\/sandzakpress.net\/arhiva\/wp-content\/uploads\/2013\/12\/56768-300x2201.jpg","type":"image\/jpeg"}],"author":"bosniak","twitter_card":"summary_large_image","twitter_misc":{"Written by":"bosniak","Est. reading time":"1 minuta"},"schema":{"@context":"https:\/\/schema.org","@graph":[{"@type":"Article","@id":"https:\/\/sandzakpress.net\/arhiva\/republika-srpska-u-bosnjackoj-mahali\/#article","isPartOf":{"@id":"https:\/\/sandzakpress.net\/arhiva\/republika-srpska-u-bosnjackoj-mahali\/"},"author":{"name":"bosniak","@id":"https:\/\/sandzakpress.net\/arhiva\/#\/schema\/person\/c8baee722073534b583ea7bdb2e36c02"},"headline":"Republika Srpska u &#8220;Bo\u0161nja\u010dkoj mahali&#8221;","datePublished":"2013-12-23T17:46:54+00:00","mainEntityOfPage":{"@id":"https:\/\/sandzakpress.net\/arhiva\/republika-srpska-u-bosnjackoj-mahali\/"},"wordCount":301,"commentCount":2,"publisher":{"@id":"https:\/\/sandzakpress.net\/arhiva\/#\/schema\/person\/6e72b67d6e51910a1117b3b483ba20bd"},"image":{"@id":"https:\/\/sandzakpress.net\/arhiva\/republika-srpska-u-bosnjackoj-mahali\/#primaryimage"},"thumbnailUrl":"https:\/\/sandzakpress.net\/arhiva\/wp-content\/uploads\/2013\/12\/56768-300x2201.jpg","articleSection":["Nacija","Bosna i Hercegovina"],"inLanguage":"bs-BA","potentialAction":[{"@type":"CommentAction","name":"Comment","target":["https:\/\/sandzakpress.net\/arhiva\/republika-srpska-u-bosnjackoj-mahali\/#respond"]}]},{"@type":"WebPage","@id":"https:\/\/sandzakpress.net\/arhiva\/republika-srpska-u-bosnjackoj-mahali\/","url":"https:\/\/sandzakpress.net\/arhiva\/republika-srpska-u-bosnjackoj-mahali\/","name":"Republika Srpska u \"Bo\u0161nja\u010dkoj mahali\"","isPartOf":{"@id":"https:\/\/sandzakpress.net\/arhiva\/#website"},"primaryImageOfPage":{"@id":"https:\/\/sandzakpress.net\/arhiva\/republika-srpska-u-bosnjackoj-mahali\/#primaryimage"},"image":{"@id":"https:\/\/sandzakpress.net\/arhiva\/republika-srpska-u-bosnjackoj-mahali\/#primaryimage"},"thumbnailUrl":"https:\/\/sandzakpress.net\/arhiva\/wp-content\/uploads\/2013\/12\/56768-300x2201.jpg","datePublished":"2013-12-23T17:46:54+00:00","breadcrumb":{"@id":"https:\/\/sandzakpress.net\/arhiva\/republika-srpska-u-bosnjackoj-mahali\/#breadcrumb"},"inLanguage":"bs-BA","potentialAction":[{"@type":"ReadAction","target":["https:\/\/sandzakpress.net\/arhiva\/republika-srpska-u-bosnjackoj-mahali\/"]}]},{"@type":"ImageObject","inLanguage":"bs-BA","@id":"https:\/\/sandzakpress.net\/arhiva\/republika-srpska-u-bosnjackoj-mahali\/#primaryimage","url":"https:\/\/sandzakpress.net\/arhiva\/wp-content\/uploads\/2013\/12\/56768-300x2201.jpg","contentUrl":"https:\/\/sandzakpress.net\/arhiva\/wp-content\/uploads\/2013\/12\/56768-300x2201.jpg","width":300,"height":220},{"@type":"BreadcrumbList","@id":"https:\/\/sandzakpress.net\/arhiva\/republika-srpska-u-bosnjackoj-mahali\/#breadcrumb","itemListElement":[{"@type":"ListItem","position":1,"name":"Home","item":"https:\/\/sandzakpress.net\/arhiva\/"},{"@type":"ListItem","position":2,"name":"Republika Srpska u &#8220;Bo\u0161nja\u010dkoj mahali&#8221;"}]},{"@type":"WebSite","@id":"https:\/\/sandzakpress.net\/arhiva\/#website","url":"https:\/\/sandzakpress.net\/arhiva\/","name":"Sand\u017eak PRESS","description":"Prve elektronske novine u Sand\u017eaku","publisher":{"@id":"https:\/\/sandzakpress.net\/arhiva\/#\/schema\/person\/6e72b67d6e51910a1117b3b483ba20bd"},"potentialAction":[{"@type":"SearchAction","target":{"@type":"EntryPoint","urlTemplate":"https:\/\/sandzakpress.net\/arhiva\/?s={search_term_string}"},"query-input":{"@type":"PropertyValueSpecification","valueRequired":true,"valueName":"search_term_string"}}],"inLanguage":"bs-BA"},{"@type":["Person","Organization"],"@id":"https:\/\/sandzakpress.net\/arhiva\/#\/schema\/person\/6e72b67d6e51910a1117b3b483ba20bd","name":"Kul","image":{"@type":"ImageObject","inLanguage":"bs-BA","@id":"https:\/\/sandzakpress.net\/arhiva\/#\/schema\/person\/image\/","url":"https:\/\/secure.gravatar.com\/avatar\/42263f39aa27ac04c43cab85c280eb2e?s=96&d=mm&r=pg","contentUrl":"https:\/\/secure.gravatar.com\/avatar\/42263f39aa27ac04c43cab85c280eb2e?s=96&d=mm&r=pg","caption":"Kul"},"logo":{"@id":"https:\/\/sandzakpress.net\/arhiva\/#\/schema\/person\/image\/"}},{"@type":"Person","@id":"https:\/\/sandzakpress.net\/arhiva\/#\/schema\/person\/c8baee722073534b583ea7bdb2e36c02","name":"bosniak","image":{"@type":"ImageObject","inLanguage":"bs-BA","@id":"https:\/\/sandzakpress.net\/arhiva\/#\/schema\/person\/image\/","url":"https:\/\/secure.gravatar.com\/avatar\/a04fd330bfe3a36a72a0ad4a6d89fca7?s=96&d=mm&r=pg","contentUrl":"https:\/\/secure.gravatar.com\/avatar\/a04fd330bfe3a36a72a0ad4a6d89fca7?s=96&d=mm&r=pg","caption":"bosniak"},"url":"https:\/\/sandzakpress.net\/arhiva\/author\/bosniak\/"}]}},"_links":{"self":[{"href":"https:\/\/sandzakpress.net\/arhiva\/wp-json\/wp\/v2\/posts\/98557"}],"collection":[{"href":"https:\/\/sandzakpress.net\/arhiva\/wp-json\/wp\/v2\/posts"}],"about":[{"href":"https:\/\/sandzakpress.net\/arhiva\/wp-json\/wp\/v2\/types\/post"}],"author":[{"embeddable":true,"href":"https:\/\/sandzakpress.net\/arhiva\/wp-json\/wp\/v2\/users\/83"}],"replies":[{"embeddable":true,"href":"https:\/\/sandzakpress.net\/arhiva\/wp-json\/wp\/v2\/comments?post=98557"}],"version-history":[{"count":0,"href":"https:\/\/sandzakpress.net\/arhiva\/wp-json\/wp\/v2\/posts\/98557\/revisions"}],"wp:featuredmedia":[{"embeddable":true,"href":"https:\/\/sandzakpress.net\/arhiva\/wp-json\/wp\/v2\/media\/98559"}],"wp:attachment":[{"href":"https:\/\/sandzakpress.net\/arhiva\/wp-json\/wp\/v2\/media?parent=98557"}],"wp:term":[{"taxonomy":"category","embeddable":true,"href":"https:\/\/sandzakpress.net\/arhiva\/wp-json\/wp\/v2\/categories?post=98557"},{"taxonomy":"post_tag","embeddable":true,"href":"https:\/\/sandzakpress.net\/arhiva\/wp-json\/wp\/v2\/tags?post=98557"}],"curies":[{"name":"wp","href":"https:\/\/api.w.org\/{rel}","templated":true}]}}