{"id":98524,"date":"2013-12-23T01:09:18","date_gmt":"2013-12-23T00:09:18","guid":{"rendered":"https:\/\/sandzakpress.net\/arhiva\/?p=98524"},"modified":"2013-12-23T01:09:18","modified_gmt":"2013-12-23T00:09:18","slug":"novi-pazar-gerontoloski-centar-otvoren-po-drugi-put","status":"publish","type":"post","link":"https:\/\/sandzakpress.net\/arhiva\/novi-pazar-gerontoloski-centar-otvoren-po-drugi-put\/","title":{"rendered":"Novi Pazar: Gerontolo\u0161ki centar otvoren po drugi put"},"content":{"rendered":"<p><img loading=\"lazy\" decoding=\"async\" alt=\"\" src=\"http:\/\/www.rtvnp.rs\/images\/stories\/gerontoloki%20centar%20pocinje%20sa%20radom.jpg\" width=\"300\" height=\"201\" align=\"left\" border=\"0\" \/><\/p>\n<p><strong>Novi Pazar &#8211; Gerontolo\u0161ki centar, koji bi po\u010detkom slede\u0107e godine trebao da po\u010dne sa radom, obi\u0161ao je gradona\u010delnik Novog Pazara dr Meho Mahmutovi\u0107 sa saradnicima.<\/strong><\/p>\n<p>On je tom prilikom rekao da je ta ustanova opremljena po najsavremenim standardima i da \u0107e korisnici imati dobru uslugu.<\/p>\n<p>Mahmutovi\u0107 je rekao da \u0107e u dogovoru sa predstavnicima Ministarstva rada i socijalne politike ovaj gerontolo\u0161ki centar po\u010deti da radi uskoro.<\/p>\n<p>\u201cOprema u gerontolo\u0161kom centru je vrhunska i ima mo\u017eda najbolje uslove u zemlji. Korisnici koji budu ovde sme\u0161teni ima\u0107e hotelske uslove. Izgradnja i opremanje objekta je po evropskim standardima. Prilaz zgradi je ostao da se sredi. Mi smo raspisali javnu nabavku za sre\u0111ivanje dvori\u0161ta, tako da \u0107e se sa prvim toplim danima raditi na parternom ure\u0111enju gerontolo\u0161kog centra, ali objekat \u0107e po\u010deti da radi. Objekat poseduje vrhunski restoran, jednu od najsavremenijih kuhinja, koju nema nijedan hotel\u201c, rekao je Mahmutovi\u0107.<\/p>\n<p><img loading=\"lazy\" decoding=\"async\" alt=\"\" src=\"http:\/\/www.rtvnp.rs\/images\/stories\/gerontoloki%20centar%20pocinje%20sa%20radom2.jpg\" width=\"300\" height=\"201\" align=\"right\" border=\"0\" \/>Direktor Centra za socijalni rad Adnan Dizdarevi\u0107 ka\u017ee da \u0107e korisnici sa po\u010detkom rada gerontolo\u0161kog centra, imati\u00a0 potrebnu njegu u kojoj \u0107e biti zadovoljene sve njihove \u017eivotne potrebe.<\/p>\n<p>On ka\u017ee da su se\u00a0 posljednjih nekoliko mjeseci intezivirali radovi\u00a0 kako bi ovaj objekat u potpunosti bio zavr\u0161en i prilago\u0111en namjeni.<\/p>\n<p>\u201cKompletna usluga bi\u0107e na vrhunskom nivou i mi smo od strane lokalne samouprave i nadle\u017enog ministarstva dobili sve pohvale da ustanova ima sve uslove i da zadovoljava potrebe na\u0161ih budu\u0107ih korisnika\u201d, ka\u017ee Dizdarevi\u0107.<\/p>\n<p>Gerontolo\u0161ki centar u Novom Pazaru prema prostoru i opremi, pripada kategoriji visokog standarda.<\/p>\n<p>Kako je najavljeno, u novom objektu bi\u0107e smje\u0161tene pokretne, polupokretne i poptuno nepokretne osobe.\u00a0 Za sve njih obezbe\u0111eno je 80 mesta.\u00a0 Sobe su opremljene najsavremenijom opremom, poseduju sopstveno kupatilo koje je primereno potrebama korisnika. U ovom novosagra\u0111enom objektu korisnicima \u0107e biti pru\u017eena kvalitetna zdravstvena za\u0161tita, nega i rehabilitacija. U pru\u017eanju tih usluga bi\u0107e anga\u017eovani lekari, medicinske sestre i negovateljice.<\/p>\n<p>S.Dra\u017eanin<\/p>\n<p>(RTVNP)<\/p>\n","protected":false},"excerpt":{"rendered":"<p>Novi Pazar &#8211; Gerontolo\u0161ki centar, koji bi po\u010detkom slede\u0107e godine trebao da po\u010dne sa radom, obi\u0161ao je gradona\u010delnik Novog Pazara dr Meho Mahmutovi\u0107 sa saradnicima. On je tom prilikom rekao da je ta ustanova opremljena po najsavremenim standardima i da \u0107e korisnici imati dobru uslugu. Mahmutovi\u0107 je rekao da \u0107e u dogovoru sa predstavnicima Ministarstva [&hellip;]<\/p>\n","protected":false},"author":83,"featured_media":98525,"comment_status":"open","ping_status":"open","sticky":false,"template":"","format":"standard","meta":{"footnotes":""},"categories":[72,1,8957],"tags":[10248],"class_list":{"0":"post-98524","1":"post","2":"type-post","3":"status-publish","4":"format-standard","5":"has-post-thumbnail","7":"category-novi-pazar","8":"category-politika","9":"category-vijesti-dana","10":"tag-gradska-uprava-novi-pazar"},"yoast_head":"<!-- This site is optimized with the Yoast SEO Premium plugin v23.1 (Yoast SEO v24.9) - https:\/\/yoast.com\/wordpress\/plugins\/seo\/ -->\n<title>Novi Pazar: Gerontolo\u0161ki centar otvoren po drugi put<\/title>\n<meta name=\"robots\" content=\"index, follow, max-snippet:-1, max-image-preview:large, max-video-preview:-1\" \/>\n<link rel=\"canonical\" href=\"https:\/\/sandzakpress.net\/arhiva\/novi-pazar-gerontoloski-centar-otvoren-po-drugi-put\/\" \/>\n<meta property=\"og:locale\" content=\"bs_BA\" \/>\n<meta property=\"og:type\" content=\"article\" \/>\n<meta property=\"og:title\" content=\"Novi Pazar: Gerontolo\u0161ki centar otvoren po drugi put\" \/>\n<meta property=\"og:description\" content=\"Novi Pazar &#8211; Gerontolo\u0161ki centar, koji bi po\u010detkom slede\u0107e godine trebao da po\u010dne sa radom, obi\u0161ao je gradona\u010delnik Novog Pazara dr Meho Mahmutovi\u0107 sa saradnicima. On je tom prilikom rekao da je ta ustanova opremljena po najsavremenim standardima i da \u0107e korisnici imati dobru uslugu. Mahmutovi\u0107 je rekao da \u0107e u dogovoru sa predstavnicima Ministarstva [&hellip;]\" \/>\n<meta property=\"og:url\" content=\"https:\/\/sandzakpress.net\/arhiva\/novi-pazar-gerontoloski-centar-otvoren-po-drugi-put\/\" \/>\n<meta property=\"og:site_name\" content=\"Sand\u017eak PRESS\" \/>\n<meta property=\"article:published_time\" content=\"2013-12-23T00:09:18+00:00\" \/>\n<meta property=\"og:image\" content=\"https:\/\/sandzakpress.net\/arhiva\/wp-content\/uploads\/2013\/12\/gerontoloki-centar-pocinje-sa-radom.jpg\" \/>\n\t<meta property=\"og:image:width\" content=\"450\" \/>\n\t<meta property=\"og:image:height\" content=\"302\" \/>\n\t<meta property=\"og:image:type\" content=\"image\/jpeg\" \/>\n<meta name=\"author\" content=\"bosniak\" \/>\n<meta name=\"twitter:card\" content=\"summary_large_image\" \/>\n<meta name=\"twitter:label1\" content=\"Written by\" \/>\n\t<meta name=\"twitter:data1\" content=\"bosniak\" \/>\n\t<meta name=\"twitter:label2\" content=\"Est. reading time\" \/>\n\t<meta name=\"twitter:data2\" content=\"2 minute\" \/>\n<script type=\"application\/ld+json\" class=\"yoast-schema-graph\">{\"@context\":\"https:\/\/schema.org\",\"@graph\":[{\"@type\":\"Article\",\"@id\":\"https:\/\/sandzakpress.net\/arhiva\/novi-pazar-gerontoloski-centar-otvoren-po-drugi-put\/#article\",\"isPartOf\":{\"@id\":\"https:\/\/sandzakpress.net\/arhiva\/novi-pazar-gerontoloski-centar-otvoren-po-drugi-put\/\"},\"author\":{\"name\":\"bosniak\",\"@id\":\"https:\/\/sandzakpress.net\/arhiva\/#\/schema\/person\/c8baee722073534b583ea7bdb2e36c02\"},\"headline\":\"Novi Pazar: Gerontolo\u0161ki centar otvoren po drugi put\",\"datePublished\":\"2013-12-23T00:09:18+00:00\",\"mainEntityOfPage\":{\"@id\":\"https:\/\/sandzakpress.net\/arhiva\/novi-pazar-gerontoloski-centar-otvoren-po-drugi-put\/\"},\"wordCount\":349,\"commentCount\":3,\"publisher\":{\"@id\":\"https:\/\/sandzakpress.net\/arhiva\/#\/schema\/person\/6e72b67d6e51910a1117b3b483ba20bd\"},\"image\":{\"@id\":\"https:\/\/sandzakpress.net\/arhiva\/novi-pazar-gerontoloski-centar-otvoren-po-drugi-put\/#primaryimage\"},\"thumbnailUrl\":\"https:\/\/sandzakpress.net\/arhiva\/wp-content\/uploads\/2013\/12\/gerontoloki-centar-pocinje-sa-radom.jpg\",\"keywords\":[\"Vlast u Novom Pazaru\"],\"articleSection\":[\"Novi Pazar\",\"Politika\",\"VIJESTI DANA\"],\"inLanguage\":\"bs-BA\",\"potentialAction\":[{\"@type\":\"CommentAction\",\"name\":\"Comment\",\"target\":[\"https:\/\/sandzakpress.net\/arhiva\/novi-pazar-gerontoloski-centar-otvoren-po-drugi-put\/#respond\"]}]},{\"@type\":\"WebPage\",\"@id\":\"https:\/\/sandzakpress.net\/arhiva\/novi-pazar-gerontoloski-centar-otvoren-po-drugi-put\/\",\"url\":\"https:\/\/sandzakpress.net\/arhiva\/novi-pazar-gerontoloski-centar-otvoren-po-drugi-put\/\",\"name\":\"Novi Pazar: Gerontolo\u0161ki centar otvoren po drugi put\",\"isPartOf\":{\"@id\":\"https:\/\/sandzakpress.net\/arhiva\/#website\"},\"primaryImageOfPage\":{\"@id\":\"https:\/\/sandzakpress.net\/arhiva\/novi-pazar-gerontoloski-centar-otvoren-po-drugi-put\/#primaryimage\"},\"image\":{\"@id\":\"https:\/\/sandzakpress.net\/arhiva\/novi-pazar-gerontoloski-centar-otvoren-po-drugi-put\/#primaryimage\"},\"thumbnailUrl\":\"https:\/\/sandzakpress.net\/arhiva\/wp-content\/uploads\/2013\/12\/gerontoloki-centar-pocinje-sa-radom.jpg\",\"datePublished\":\"2013-12-23T00:09:18+00:00\",\"breadcrumb\":{\"@id\":\"https:\/\/sandzakpress.net\/arhiva\/novi-pazar-gerontoloski-centar-otvoren-po-drugi-put\/#breadcrumb\"},\"inLanguage\":\"bs-BA\",\"potentialAction\":[{\"@type\":\"ReadAction\",\"target\":[\"https:\/\/sandzakpress.net\/arhiva\/novi-pazar-gerontoloski-centar-otvoren-po-drugi-put\/\"]}]},{\"@type\":\"ImageObject\",\"inLanguage\":\"bs-BA\",\"@id\":\"https:\/\/sandzakpress.net\/arhiva\/novi-pazar-gerontoloski-centar-otvoren-po-drugi-put\/#primaryimage\",\"url\":\"https:\/\/sandzakpress.net\/arhiva\/wp-content\/uploads\/2013\/12\/gerontoloki-centar-pocinje-sa-radom.jpg\",\"contentUrl\":\"https:\/\/sandzakpress.net\/arhiva\/wp-content\/uploads\/2013\/12\/gerontoloki-centar-pocinje-sa-radom.jpg\",\"width\":450,\"height\":302},{\"@type\":\"BreadcrumbList\",\"@id\":\"https:\/\/sandzakpress.net\/arhiva\/novi-pazar-gerontoloski-centar-otvoren-po-drugi-put\/#breadcrumb\",\"itemListElement\":[{\"@type\":\"ListItem\",\"position\":1,\"name\":\"Home\",\"item\":\"https:\/\/sandzakpress.net\/arhiva\/\"},{\"@type\":\"ListItem\",\"position\":2,\"name\":\"Novi Pazar: Gerontolo\u0161ki centar otvoren po drugi put\"}]},{\"@type\":\"WebSite\",\"@id\":\"https:\/\/sandzakpress.net\/arhiva\/#website\",\"url\":\"https:\/\/sandzakpress.net\/arhiva\/\",\"name\":\"Sand\u017eak PRESS\",\"description\":\"Prve elektronske novine u Sand\u017eaku\",\"publisher\":{\"@id\":\"https:\/\/sandzakpress.net\/arhiva\/#\/schema\/person\/6e72b67d6e51910a1117b3b483ba20bd\"},\"potentialAction\":[{\"@type\":\"SearchAction\",\"target\":{\"@type\":\"EntryPoint\",\"urlTemplate\":\"https:\/\/sandzakpress.net\/arhiva\/?s={search_term_string}\"},\"query-input\":{\"@type\":\"PropertyValueSpecification\",\"valueRequired\":true,\"valueName\":\"search_term_string\"}}],\"inLanguage\":\"bs-BA\"},{\"@type\":[\"Person\",\"Organization\"],\"@id\":\"https:\/\/sandzakpress.net\/arhiva\/#\/schema\/person\/6e72b67d6e51910a1117b3b483ba20bd\",\"name\":\"Kul\",\"image\":{\"@type\":\"ImageObject\",\"inLanguage\":\"bs-BA\",\"@id\":\"https:\/\/sandzakpress.net\/arhiva\/#\/schema\/person\/image\/\",\"url\":\"https:\/\/secure.gravatar.com\/avatar\/42263f39aa27ac04c43cab85c280eb2e?s=96&d=mm&r=pg\",\"contentUrl\":\"https:\/\/secure.gravatar.com\/avatar\/42263f39aa27ac04c43cab85c280eb2e?s=96&d=mm&r=pg\",\"caption\":\"Kul\"},\"logo\":{\"@id\":\"https:\/\/sandzakpress.net\/arhiva\/#\/schema\/person\/image\/\"}},{\"@type\":\"Person\",\"@id\":\"https:\/\/sandzakpress.net\/arhiva\/#\/schema\/person\/c8baee722073534b583ea7bdb2e36c02\",\"name\":\"bosniak\",\"image\":{\"@type\":\"ImageObject\",\"inLanguage\":\"bs-BA\",\"@id\":\"https:\/\/sandzakpress.net\/arhiva\/#\/schema\/person\/image\/\",\"url\":\"https:\/\/secure.gravatar.com\/avatar\/a04fd330bfe3a36a72a0ad4a6d89fca7?s=96&d=mm&r=pg\",\"contentUrl\":\"https:\/\/secure.gravatar.com\/avatar\/a04fd330bfe3a36a72a0ad4a6d89fca7?s=96&d=mm&r=pg\",\"caption\":\"bosniak\"},\"url\":\"https:\/\/sandzakpress.net\/arhiva\/author\/bosniak\/\"}]}<\/script>\n<!-- \/ Yoast SEO Premium plugin. -->","yoast_head_json":{"title":"Novi Pazar: Gerontolo\u0161ki centar otvoren po drugi put","robots":{"index":"index","follow":"follow","max-snippet":"max-snippet:-1","max-image-preview":"max-image-preview:large","max-video-preview":"max-video-preview:-1"},"canonical":"https:\/\/sandzakpress.net\/arhiva\/novi-pazar-gerontoloski-centar-otvoren-po-drugi-put\/","og_locale":"bs_BA","og_type":"article","og_title":"Novi Pazar: Gerontolo\u0161ki centar otvoren po drugi put","og_description":"Novi Pazar &#8211; Gerontolo\u0161ki centar, koji bi po\u010detkom slede\u0107e godine trebao da po\u010dne sa radom, obi\u0161ao je gradona\u010delnik Novog Pazara dr Meho Mahmutovi\u0107 sa saradnicima. On je tom prilikom rekao da je ta ustanova opremljena po najsavremenim standardima i da \u0107e korisnici imati dobru uslugu. Mahmutovi\u0107 je rekao da \u0107e u dogovoru sa predstavnicima Ministarstva [&hellip;]","og_url":"https:\/\/sandzakpress.net\/arhiva\/novi-pazar-gerontoloski-centar-otvoren-po-drugi-put\/","og_site_name":"Sand\u017eak PRESS","article_published_time":"2013-12-23T00:09:18+00:00","og_image":[{"width":450,"height":302,"url":"https:\/\/sandzakpress.net\/arhiva\/wp-content\/uploads\/2013\/12\/gerontoloki-centar-pocinje-sa-radom.jpg","type":"image\/jpeg"}],"author":"bosniak","twitter_card":"summary_large_image","twitter_misc":{"Written by":"bosniak","Est. reading time":"2 minute"},"schema":{"@context":"https:\/\/schema.org","@graph":[{"@type":"Article","@id":"https:\/\/sandzakpress.net\/arhiva\/novi-pazar-gerontoloski-centar-otvoren-po-drugi-put\/#article","isPartOf":{"@id":"https:\/\/sandzakpress.net\/arhiva\/novi-pazar-gerontoloski-centar-otvoren-po-drugi-put\/"},"author":{"name":"bosniak","@id":"https:\/\/sandzakpress.net\/arhiva\/#\/schema\/person\/c8baee722073534b583ea7bdb2e36c02"},"headline":"Novi Pazar: Gerontolo\u0161ki centar otvoren po drugi put","datePublished":"2013-12-23T00:09:18+00:00","mainEntityOfPage":{"@id":"https:\/\/sandzakpress.net\/arhiva\/novi-pazar-gerontoloski-centar-otvoren-po-drugi-put\/"},"wordCount":349,"commentCount":3,"publisher":{"@id":"https:\/\/sandzakpress.net\/arhiva\/#\/schema\/person\/6e72b67d6e51910a1117b3b483ba20bd"},"image":{"@id":"https:\/\/sandzakpress.net\/arhiva\/novi-pazar-gerontoloski-centar-otvoren-po-drugi-put\/#primaryimage"},"thumbnailUrl":"https:\/\/sandzakpress.net\/arhiva\/wp-content\/uploads\/2013\/12\/gerontoloki-centar-pocinje-sa-radom.jpg","keywords":["Vlast u Novom Pazaru"],"articleSection":["Novi Pazar","Politika","VIJESTI DANA"],"inLanguage":"bs-BA","potentialAction":[{"@type":"CommentAction","name":"Comment","target":["https:\/\/sandzakpress.net\/arhiva\/novi-pazar-gerontoloski-centar-otvoren-po-drugi-put\/#respond"]}]},{"@type":"WebPage","@id":"https:\/\/sandzakpress.net\/arhiva\/novi-pazar-gerontoloski-centar-otvoren-po-drugi-put\/","url":"https:\/\/sandzakpress.net\/arhiva\/novi-pazar-gerontoloski-centar-otvoren-po-drugi-put\/","name":"Novi Pazar: Gerontolo\u0161ki centar otvoren po drugi put","isPartOf":{"@id":"https:\/\/sandzakpress.net\/arhiva\/#website"},"primaryImageOfPage":{"@id":"https:\/\/sandzakpress.net\/arhiva\/novi-pazar-gerontoloski-centar-otvoren-po-drugi-put\/#primaryimage"},"image":{"@id":"https:\/\/sandzakpress.net\/arhiva\/novi-pazar-gerontoloski-centar-otvoren-po-drugi-put\/#primaryimage"},"thumbnailUrl":"https:\/\/sandzakpress.net\/arhiva\/wp-content\/uploads\/2013\/12\/gerontoloki-centar-pocinje-sa-radom.jpg","datePublished":"2013-12-23T00:09:18+00:00","breadcrumb":{"@id":"https:\/\/sandzakpress.net\/arhiva\/novi-pazar-gerontoloski-centar-otvoren-po-drugi-put\/#breadcrumb"},"inLanguage":"bs-BA","potentialAction":[{"@type":"ReadAction","target":["https:\/\/sandzakpress.net\/arhiva\/novi-pazar-gerontoloski-centar-otvoren-po-drugi-put\/"]}]},{"@type":"ImageObject","inLanguage":"bs-BA","@id":"https:\/\/sandzakpress.net\/arhiva\/novi-pazar-gerontoloski-centar-otvoren-po-drugi-put\/#primaryimage","url":"https:\/\/sandzakpress.net\/arhiva\/wp-content\/uploads\/2013\/12\/gerontoloki-centar-pocinje-sa-radom.jpg","contentUrl":"https:\/\/sandzakpress.net\/arhiva\/wp-content\/uploads\/2013\/12\/gerontoloki-centar-pocinje-sa-radom.jpg","width":450,"height":302},{"@type":"BreadcrumbList","@id":"https:\/\/sandzakpress.net\/arhiva\/novi-pazar-gerontoloski-centar-otvoren-po-drugi-put\/#breadcrumb","itemListElement":[{"@type":"ListItem","position":1,"name":"Home","item":"https:\/\/sandzakpress.net\/arhiva\/"},{"@type":"ListItem","position":2,"name":"Novi Pazar: Gerontolo\u0161ki centar otvoren po drugi put"}]},{"@type":"WebSite","@id":"https:\/\/sandzakpress.net\/arhiva\/#website","url":"https:\/\/sandzakpress.net\/arhiva\/","name":"Sand\u017eak PRESS","description":"Prve elektronske novine u Sand\u017eaku","publisher":{"@id":"https:\/\/sandzakpress.net\/arhiva\/#\/schema\/person\/6e72b67d6e51910a1117b3b483ba20bd"},"potentialAction":[{"@type":"SearchAction","target":{"@type":"EntryPoint","urlTemplate":"https:\/\/sandzakpress.net\/arhiva\/?s={search_term_string}"},"query-input":{"@type":"PropertyValueSpecification","valueRequired":true,"valueName":"search_term_string"}}],"inLanguage":"bs-BA"},{"@type":["Person","Organization"],"@id":"https:\/\/sandzakpress.net\/arhiva\/#\/schema\/person\/6e72b67d6e51910a1117b3b483ba20bd","name":"Kul","image":{"@type":"ImageObject","inLanguage":"bs-BA","@id":"https:\/\/sandzakpress.net\/arhiva\/#\/schema\/person\/image\/","url":"https:\/\/secure.gravatar.com\/avatar\/42263f39aa27ac04c43cab85c280eb2e?s=96&d=mm&r=pg","contentUrl":"https:\/\/secure.gravatar.com\/avatar\/42263f39aa27ac04c43cab85c280eb2e?s=96&d=mm&r=pg","caption":"Kul"},"logo":{"@id":"https:\/\/sandzakpress.net\/arhiva\/#\/schema\/person\/image\/"}},{"@type":"Person","@id":"https:\/\/sandzakpress.net\/arhiva\/#\/schema\/person\/c8baee722073534b583ea7bdb2e36c02","name":"bosniak","image":{"@type":"ImageObject","inLanguage":"bs-BA","@id":"https:\/\/sandzakpress.net\/arhiva\/#\/schema\/person\/image\/","url":"https:\/\/secure.gravatar.com\/avatar\/a04fd330bfe3a36a72a0ad4a6d89fca7?s=96&d=mm&r=pg","contentUrl":"https:\/\/secure.gravatar.com\/avatar\/a04fd330bfe3a36a72a0ad4a6d89fca7?s=96&d=mm&r=pg","caption":"bosniak"},"url":"https:\/\/sandzakpress.net\/arhiva\/author\/bosniak\/"}]}},"_links":{"self":[{"href":"https:\/\/sandzakpress.net\/arhiva\/wp-json\/wp\/v2\/posts\/98524"}],"collection":[{"href":"https:\/\/sandzakpress.net\/arhiva\/wp-json\/wp\/v2\/posts"}],"about":[{"href":"https:\/\/sandzakpress.net\/arhiva\/wp-json\/wp\/v2\/types\/post"}],"author":[{"embeddable":true,"href":"https:\/\/sandzakpress.net\/arhiva\/wp-json\/wp\/v2\/users\/83"}],"replies":[{"embeddable":true,"href":"https:\/\/sandzakpress.net\/arhiva\/wp-json\/wp\/v2\/comments?post=98524"}],"version-history":[{"count":0,"href":"https:\/\/sandzakpress.net\/arhiva\/wp-json\/wp\/v2\/posts\/98524\/revisions"}],"wp:featuredmedia":[{"embeddable":true,"href":"https:\/\/sandzakpress.net\/arhiva\/wp-json\/wp\/v2\/media\/98525"}],"wp:attachment":[{"href":"https:\/\/sandzakpress.net\/arhiva\/wp-json\/wp\/v2\/media?parent=98524"}],"wp:term":[{"taxonomy":"category","embeddable":true,"href":"https:\/\/sandzakpress.net\/arhiva\/wp-json\/wp\/v2\/categories?post=98524"},{"taxonomy":"post_tag","embeddable":true,"href":"https:\/\/sandzakpress.net\/arhiva\/wp-json\/wp\/v2\/tags?post=98524"}],"curies":[{"name":"wp","href":"https:\/\/api.w.org\/{rel}","templated":true}]}}