{"id":98307,"date":"2013-12-18T16:32:30","date_gmt":"2013-12-18T15:32:30","guid":{"rendered":"https:\/\/sandzakpress.net\/arhiva\/?p=98307"},"modified":"2013-12-18T16:32:30","modified_gmt":"2013-12-18T15:32:30","slug":"dzemaludine-zar-i-ti","status":"publish","type":"post","link":"https:\/\/sandzakpress.net\/arhiva\/dzemaludine-zar-i-ti\/","title":{"rendered":"D\u017eemaludine, zar i ti?"},"content":{"rendered":"<p><img decoding=\"async\" class=\"alignleft\" alt=\"\" src=\"http:\/\/www.bosnjaci.net\/foto\/Ferko_Santic_0021.jpg\" \/>D\u017eemaludine Lati\u0107u, evo taj vakat kad god otvorim web portal \u201eDnevnog avaza\u201c prvo, na istom, na onom k'o sankim najva\u017enijem mjestu, ugledam tvoju suretku, tvoju fotografiju i to u krupnom planu. Po\u0111ahkad tu suretku zamijeni druga ali opet tvoja. Istovremeno tu je i tekst tvojeg intervjua. I tako cip cijela \u010detiri dana. Nevjerovatno! Tu gdje se najave najva\u017enijih de\u0161avanja mijenjaju svakih pola sahata, oni dr\u017ee tvoju fotografiju i tvoj intervju cijela \u010detiri dana.<\/p>\n<p>Treba li tebi D\u017eemaludine tabiriti, obja\u0161njavati \u0161ta ovo zna\u010di? Kakva se poruka sa ovim \u0161alje? \u0160ta se sa ovim \u017eeli posti\u0107i? Ne treba, bezbeli. Ti to dobro znade\u0161. \u0160ta sa tvojim intervjuom \u017eeli posti\u0107i moralni degenerik, moralna spla\u010dina, moralna nakaza imenom Fahrudin Radon\u010di\u0107? To moralno ni\u0161tavilo sa tvojim intervjuom poku\u0161ava opesiniti dijela donedavnog bo\u0161nja\u010dkog reisa Mustafe ef. Ceri\u0107a i muftije sand\u017ea\u010dkog Muamera ef. Zukorli\u0107a.<\/p>\n<p>Ni\u0161ta novo jer ovo je oprobani recept sa kojim Fahrica poku\u0161ava uni\u0161titi svakog od bo\u0161nja\u010dkih prvaka, svakog od bo\u0161nja\u010dkih vidjenijih, u\u010denijih\u2026 ljudi. Nedavno je na njegovom murtatskom ni\u0161anu godinama bio Haris Silajd\u017ei\u0107, potom Sulejman Tihi\u0107, Bakir Izetbegovi\u0107 a u zadnje vrijeme ovaj insanski kepec sve otvorenije nasr\u0107e ni na koga drugog do na rahmetli Aliju Izetbegovi\u0107a. Sad su na red do\u0161li na\u0161 donedavni reis i muftija sand\u017ea\u010dki. I malome maksumu jasno je za\u0161to on sve ovo radi. Jednostavno, putem neosnovanih optu\u017eivanja, podmetanja, izmi\u0161ljotina\u2026 na ra\u010dun Mustafe ef. Ceri\u0107a i Muamera ef Zukorli\u0107a, Fahrica poku\u0161ava izdi\u0107i sebe, prikazati sebe kao jedinog \u201eispravnog\u201c, pa sa time sebi obezbjediti mjesto u bosansko-hercegova\u010dkom predsjedni\u0161tvu. Zbog toga se on posebno boji na\u0161eg donedavnog Reisa. Zbog toga onako hinjski, kako njemu i dolikuje, protura \u201ehaber\u010di\u0107e\u201c kao bi se alim i namli Bo\u0161njak Mustafa ef. Ceri\u0107 mogao i politi\u010dki aktivirati, kako bi Svjetski bo\u0161nja\u010dki kongres moga dobiti svoje \u201epoliti\u010dko krilo\u201c\u2026 Njega je, u stvari strah kako bi se potom mogli pojavili novi, mladi, u\u010deni\u2026 Bo\u0161njaci koji bi \u201eotpuhali\u201c i ovoga Fahricu i sve njemu sli\u010dne.<\/p>\n<p>Za ostvarenje svojih hinjskih ciljeva Fahrica je sad, D\u017eemaludine uptrijebio nikoga drugog do tebe. Tebe za koga smo i ja i mnogi drugi mislili da si personifikacija bo\u0161nja\u010dkog Omera r.a. Tebe za koga smo mislili da sa Kur'anom, tefsirom, ilahijom, kasidom\u2026 u postelju lije\u017ee\u0161 i sa njima iz postelje ustaje\u0161. Tebe \u017ertvu komunisti\u010dke torture a takvom torturom se upravo slu\u017ei ljigavac Fahrica. Tom takvom ni\u0161tavilu ti D\u017eemaludine prodade ni\u0161ta drugo do svoj obraz, svoje dostojanstvo, sav svoj alimluk, sav svoj nam\u2026 Sve to zbog toga \u0161to si eto bio k'o ne\u0161ta ljut na na\u0161e nam-benam Bo\u0161njake Mustafu ef Ceri\u0107a i Muamera ef Zukorli\u0107a.<\/p>\n<p>\u0160ta misli\u0161 D\u017eemaludine kol'ko sam ja trebao biti ljut na tebe u onome vaktu kad je tako bezo\u010dno i neljudski skrhan, izdan, prodan\u2026 uzvi\u0161eni projekat \u201eBo\u0161nja\u010dke televizije\u201c kojem si ti sahibija, vlasnik bio. Ti D\u017eemaludine zna\u0161 da sam ja bio jedan od uposlenika te televizije i da sam, onako iznutra, \u201eu \u017eivo\u201c vidio puno, puno toga zbog \u010dega sam mog'o, ovako k'o ti, na\u0107i nekog Fahricu pa, bez izmi\u0161ljanja, izvrtanja, dodavanja\u2026 bilo \u010dega kidisati na tvoj obraz, tvoje ime, na tvoju karijeru, na\u2026 Nisam i nikad ne\u0161to tako ne bih u\u010dinio jer mi je bilo najva\u017enije da se ne uprlja ne\u0161to \u0161to je, iako je kratko trajalo, bilo orginalno bo\u0161nja\u010dko, da se ne uprlja obraz ni jednog Bo\u0161njaka, da ti ostane\u0161 D\u017eemalu-din i dalje.<\/p>\n<p>Otkud onda D\u017eemaludine to da se ti upisa u one koji, za ra\u010dun drugoga, za ra\u010dun nekakovog sujetnog, podlog, poltronskog\u2026 Fahrice, putem nekakvog intervjua, nasrnu ni na \u0161ta drugo do na dijelo namli Bo\u0161njaka kakvi su Mustafa ef. Ceri\u0107 i Muamer ef. Zukorili\u0107. Ali, D\u017eemaludine, ti tolike godine provede druguju\u0107i, prijateljuju\u0107i, sa muftijom sand\u017ea\u010dkim, ti polijepu nafaku ste\u010de rade\u0107i na fakultetima u Novom Pazaru i sad odjednom iz tvojeg pera jal\u2019 iz usta tvojih potje\u010de to kako \u201ene valja\u201c muftija sand\u017ea\u010dki, kako je \u201ediktator\u201c, kako je njegova karijera \u201ezavr\u0161ena\u201c. Otkud sad odjednom sva ta tafra, sva ta ljutnja? Zna se i to, D\u017eemaludine. Zna se otkud sve to ali ja to ovdje pisati ne\u0107u.<\/p>\n<p>\u010cudno je, D\u017eemaludine, da ti zanemaruje\u0161 \u010dinjenicu da je muftija sand\u017ea\u010dki imam u punom zna\u010denju te rije\u010di. On nije hod\u017ea, on je, D\u017eemaludine, imam a ti znade\u0161 da se rije\u010dju \u201eimam\u201c ozna\u010dava \u201evo\u0111a\u201c ali ne samo vo\u0111a u namazu nego vo\u0111a naroda u svakoj \u017eivotnoj situaciji, i u miru i u ratu i kad se gradi i kad se klanja i kad se nauk sti\u010de i kad\u2026 Jednom takvom vo\u0111i, koji svoje vo\u0111stvo dijelima svojim potvr\u0111uje, tvoji i Fahricini gibetluci D\u017eemaludine ni za jedan dram ne mogu nauditi. Vaj haluna, uzaludan vam je trud D\u017eemaludine Lati\u0107u.<\/p>\n<p>D\u017eemaludine, posebno su prozirni tvoji gibetluci koje iznosi\u0161 na donedavnog reisa bo\u0161nja\u010dkog. A ti D\u017eemaludine dobro znade\u0161 \u0161ta zna\u010di rije\u010d \u201ereis\u201c. Jes, rije\u010dju \u201ereis\u201c ozna\u010dava se \u201estarje\u0161ina\u201c. Bo\u0161njaci, D\u017eemaludine, odista kona\u010dno trebaju jednog pravog starje\u0161inu, narodnog starje\u0161inu koji zna, mo\u017ee, umije i kazati i uraditi. Posebno uraditi. On je to i pokaz'o i dokaz'o i ni ti ni hiljadu Fahrica, nikakvim naru\u010denim \u201eintervjuima\u201c, mu to nemo\u017eete ni osporiti ni negirati ni\u2026<\/p>\n<p>D\u017eemaludine, volio bih da smogne\u0161 snage i da poku\u0161a\u0161 spoznati zabludu u koju si sam sebe doveo. Ovaj moj osvrt nije potreban ni donedavnom bo\u0161nja\u010dkom Reisu ni muftiji sand\u017ea\u010dkom. Sa ovim osvrtom ja poku\u0161avam za\u0161titi tebe od tebe.<\/p>\n<p>Autor: Ferid Ferko \u0160anti\u0107<\/p>\n<p>Preuzeto: http:\/\/www.bosnjaci.net<\/p>\n","protected":false},"excerpt":{"rendered":"<p>Ferid Ferko \u0160anti\u0107<\/p>\n","protected":false},"author":83,"featured_media":98308,"comment_status":"open","ping_status":"open","sticky":false,"template":"","format":"standard","meta":{"footnotes":""},"categories":[72,2860,10196],"tags":[10446],"class_list":{"0":"post-98307","1":"post","2":"type-post","3":"status-publish","4":"format-standard","5":"has-post-thumbnail","7":"category-novi-pazar","8":"category-bosna-i-hercegovina-gradovi","9":"category-iz-pera-nasih-autora","10":"tag-ferid-ferko-santic"},"yoast_head":"<!-- This site is optimized with the Yoast SEO Premium plugin v23.1 (Yoast SEO v24.9) - https:\/\/yoast.com\/wordpress\/plugins\/seo\/ -->\n<title>D\u017eemaludine, zar i ti?<\/title>\n<meta name=\"robots\" content=\"index, follow, max-snippet:-1, max-image-preview:large, max-video-preview:-1\" \/>\n<link rel=\"canonical\" href=\"https:\/\/sandzakpress.net\/arhiva\/dzemaludine-zar-i-ti\/\" \/>\n<meta property=\"og:locale\" content=\"bs_BA\" \/>\n<meta property=\"og:type\" content=\"article\" \/>\n<meta property=\"og:title\" content=\"D\u017eemaludine, zar i ti?\" \/>\n<meta property=\"og:description\" content=\"Ferid Ferko \u0160anti\u0107\" \/>\n<meta property=\"og:url\" content=\"https:\/\/sandzakpress.net\/arhiva\/dzemaludine-zar-i-ti\/\" \/>\n<meta property=\"og:site_name\" content=\"Sand\u017eak PRESS\" \/>\n<meta property=\"article:published_time\" content=\"2013-12-18T15:32:30+00:00\" \/>\n<meta property=\"og:image\" content=\"https:\/\/sandzakpress.net\/arhiva\/wp-content\/uploads\/2013\/12\/Ferko_Santic_0021.jpg\" \/>\n\t<meta property=\"og:image:width\" content=\"201\" \/>\n\t<meta property=\"og:image:height\" content=\"203\" \/>\n\t<meta property=\"og:image:type\" content=\"image\/jpeg\" \/>\n<meta name=\"author\" content=\"bosniak\" \/>\n<meta name=\"twitter:card\" content=\"summary_large_image\" \/>\n<meta name=\"twitter:label1\" content=\"Written by\" \/>\n\t<meta name=\"twitter:data1\" content=\"bosniak\" \/>\n\t<meta name=\"twitter:label2\" content=\"Est. reading time\" \/>\n\t<meta name=\"twitter:data2\" content=\"5 minuta\" \/>\n<script type=\"application\/ld+json\" class=\"yoast-schema-graph\">{\"@context\":\"https:\/\/schema.org\",\"@graph\":[{\"@type\":\"Article\",\"@id\":\"https:\/\/sandzakpress.net\/arhiva\/dzemaludine-zar-i-ti\/#article\",\"isPartOf\":{\"@id\":\"https:\/\/sandzakpress.net\/arhiva\/dzemaludine-zar-i-ti\/\"},\"author\":{\"name\":\"bosniak\",\"@id\":\"https:\/\/sandzakpress.net\/arhiva\/#\/schema\/person\/c8baee722073534b583ea7bdb2e36c02\"},\"headline\":\"D\u017eemaludine, zar i ti?\",\"datePublished\":\"2013-12-18T15:32:30+00:00\",\"mainEntityOfPage\":{\"@id\":\"https:\/\/sandzakpress.net\/arhiva\/dzemaludine-zar-i-ti\/\"},\"wordCount\":1032,\"commentCount\":7,\"publisher\":{\"@id\":\"https:\/\/sandzakpress.net\/arhiva\/#\/schema\/person\/6e72b67d6e51910a1117b3b483ba20bd\"},\"image\":{\"@id\":\"https:\/\/sandzakpress.net\/arhiva\/dzemaludine-zar-i-ti\/#primaryimage\"},\"thumbnailUrl\":\"https:\/\/sandzakpress.net\/arhiva\/wp-content\/uploads\/2013\/12\/Ferko_Santic_0021.jpg\",\"keywords\":[\"Ferid Ferko \u0160anti\u0107\"],\"articleSection\":[\"Novi Pazar\",\"Bosna i Hercegovina\",\"Iz pera na\u0161ih autora\"],\"inLanguage\":\"bs-BA\",\"potentialAction\":[{\"@type\":\"CommentAction\",\"name\":\"Comment\",\"target\":[\"https:\/\/sandzakpress.net\/arhiva\/dzemaludine-zar-i-ti\/#respond\"]}]},{\"@type\":\"WebPage\",\"@id\":\"https:\/\/sandzakpress.net\/arhiva\/dzemaludine-zar-i-ti\/\",\"url\":\"https:\/\/sandzakpress.net\/arhiva\/dzemaludine-zar-i-ti\/\",\"name\":\"D\u017eemaludine, zar i ti?\",\"isPartOf\":{\"@id\":\"https:\/\/sandzakpress.net\/arhiva\/#website\"},\"primaryImageOfPage\":{\"@id\":\"https:\/\/sandzakpress.net\/arhiva\/dzemaludine-zar-i-ti\/#primaryimage\"},\"image\":{\"@id\":\"https:\/\/sandzakpress.net\/arhiva\/dzemaludine-zar-i-ti\/#primaryimage\"},\"thumbnailUrl\":\"https:\/\/sandzakpress.net\/arhiva\/wp-content\/uploads\/2013\/12\/Ferko_Santic_0021.jpg\",\"datePublished\":\"2013-12-18T15:32:30+00:00\",\"breadcrumb\":{\"@id\":\"https:\/\/sandzakpress.net\/arhiva\/dzemaludine-zar-i-ti\/#breadcrumb\"},\"inLanguage\":\"bs-BA\",\"potentialAction\":[{\"@type\":\"ReadAction\",\"target\":[\"https:\/\/sandzakpress.net\/arhiva\/dzemaludine-zar-i-ti\/\"]}]},{\"@type\":\"ImageObject\",\"inLanguage\":\"bs-BA\",\"@id\":\"https:\/\/sandzakpress.net\/arhiva\/dzemaludine-zar-i-ti\/#primaryimage\",\"url\":\"https:\/\/sandzakpress.net\/arhiva\/wp-content\/uploads\/2013\/12\/Ferko_Santic_0021.jpg\",\"contentUrl\":\"https:\/\/sandzakpress.net\/arhiva\/wp-content\/uploads\/2013\/12\/Ferko_Santic_0021.jpg\",\"width\":201,\"height\":203},{\"@type\":\"BreadcrumbList\",\"@id\":\"https:\/\/sandzakpress.net\/arhiva\/dzemaludine-zar-i-ti\/#breadcrumb\",\"itemListElement\":[{\"@type\":\"ListItem\",\"position\":1,\"name\":\"Home\",\"item\":\"https:\/\/sandzakpress.net\/arhiva\/\"},{\"@type\":\"ListItem\",\"position\":2,\"name\":\"D\u017eemaludine, zar i ti?\"}]},{\"@type\":\"WebSite\",\"@id\":\"https:\/\/sandzakpress.net\/arhiva\/#website\",\"url\":\"https:\/\/sandzakpress.net\/arhiva\/\",\"name\":\"Sand\u017eak PRESS\",\"description\":\"Prve elektronske novine u Sand\u017eaku\",\"publisher\":{\"@id\":\"https:\/\/sandzakpress.net\/arhiva\/#\/schema\/person\/6e72b67d6e51910a1117b3b483ba20bd\"},\"potentialAction\":[{\"@type\":\"SearchAction\",\"target\":{\"@type\":\"EntryPoint\",\"urlTemplate\":\"https:\/\/sandzakpress.net\/arhiva\/?s={search_term_string}\"},\"query-input\":{\"@type\":\"PropertyValueSpecification\",\"valueRequired\":true,\"valueName\":\"search_term_string\"}}],\"inLanguage\":\"bs-BA\"},{\"@type\":[\"Person\",\"Organization\"],\"@id\":\"https:\/\/sandzakpress.net\/arhiva\/#\/schema\/person\/6e72b67d6e51910a1117b3b483ba20bd\",\"name\":\"Kul\",\"image\":{\"@type\":\"ImageObject\",\"inLanguage\":\"bs-BA\",\"@id\":\"https:\/\/sandzakpress.net\/arhiva\/#\/schema\/person\/image\/\",\"url\":\"https:\/\/secure.gravatar.com\/avatar\/42263f39aa27ac04c43cab85c280eb2e?s=96&d=mm&r=pg\",\"contentUrl\":\"https:\/\/secure.gravatar.com\/avatar\/42263f39aa27ac04c43cab85c280eb2e?s=96&d=mm&r=pg\",\"caption\":\"Kul\"},\"logo\":{\"@id\":\"https:\/\/sandzakpress.net\/arhiva\/#\/schema\/person\/image\/\"}},{\"@type\":\"Person\",\"@id\":\"https:\/\/sandzakpress.net\/arhiva\/#\/schema\/person\/c8baee722073534b583ea7bdb2e36c02\",\"name\":\"bosniak\",\"image\":{\"@type\":\"ImageObject\",\"inLanguage\":\"bs-BA\",\"@id\":\"https:\/\/sandzakpress.net\/arhiva\/#\/schema\/person\/image\/\",\"url\":\"https:\/\/secure.gravatar.com\/avatar\/a04fd330bfe3a36a72a0ad4a6d89fca7?s=96&d=mm&r=pg\",\"contentUrl\":\"https:\/\/secure.gravatar.com\/avatar\/a04fd330bfe3a36a72a0ad4a6d89fca7?s=96&d=mm&r=pg\",\"caption\":\"bosniak\"},\"url\":\"https:\/\/sandzakpress.net\/arhiva\/author\/bosniak\/\"}]}<\/script>\n<!-- \/ Yoast SEO Premium plugin. -->","yoast_head_json":{"title":"D\u017eemaludine, zar i ti?","robots":{"index":"index","follow":"follow","max-snippet":"max-snippet:-1","max-image-preview":"max-image-preview:large","max-video-preview":"max-video-preview:-1"},"canonical":"https:\/\/sandzakpress.net\/arhiva\/dzemaludine-zar-i-ti\/","og_locale":"bs_BA","og_type":"article","og_title":"D\u017eemaludine, zar i ti?","og_description":"Ferid Ferko \u0160anti\u0107","og_url":"https:\/\/sandzakpress.net\/arhiva\/dzemaludine-zar-i-ti\/","og_site_name":"Sand\u017eak PRESS","article_published_time":"2013-12-18T15:32:30+00:00","og_image":[{"width":201,"height":203,"url":"https:\/\/sandzakpress.net\/arhiva\/wp-content\/uploads\/2013\/12\/Ferko_Santic_0021.jpg","type":"image\/jpeg"}],"author":"bosniak","twitter_card":"summary_large_image","twitter_misc":{"Written by":"bosniak","Est. reading time":"5 minuta"},"schema":{"@context":"https:\/\/schema.org","@graph":[{"@type":"Article","@id":"https:\/\/sandzakpress.net\/arhiva\/dzemaludine-zar-i-ti\/#article","isPartOf":{"@id":"https:\/\/sandzakpress.net\/arhiva\/dzemaludine-zar-i-ti\/"},"author":{"name":"bosniak","@id":"https:\/\/sandzakpress.net\/arhiva\/#\/schema\/person\/c8baee722073534b583ea7bdb2e36c02"},"headline":"D\u017eemaludine, zar i ti?","datePublished":"2013-12-18T15:32:30+00:00","mainEntityOfPage":{"@id":"https:\/\/sandzakpress.net\/arhiva\/dzemaludine-zar-i-ti\/"},"wordCount":1032,"commentCount":7,"publisher":{"@id":"https:\/\/sandzakpress.net\/arhiva\/#\/schema\/person\/6e72b67d6e51910a1117b3b483ba20bd"},"image":{"@id":"https:\/\/sandzakpress.net\/arhiva\/dzemaludine-zar-i-ti\/#primaryimage"},"thumbnailUrl":"https:\/\/sandzakpress.net\/arhiva\/wp-content\/uploads\/2013\/12\/Ferko_Santic_0021.jpg","keywords":["Ferid Ferko \u0160anti\u0107"],"articleSection":["Novi Pazar","Bosna i Hercegovina","Iz pera na\u0161ih autora"],"inLanguage":"bs-BA","potentialAction":[{"@type":"CommentAction","name":"Comment","target":["https:\/\/sandzakpress.net\/arhiva\/dzemaludine-zar-i-ti\/#respond"]}]},{"@type":"WebPage","@id":"https:\/\/sandzakpress.net\/arhiva\/dzemaludine-zar-i-ti\/","url":"https:\/\/sandzakpress.net\/arhiva\/dzemaludine-zar-i-ti\/","name":"D\u017eemaludine, zar i ti?","isPartOf":{"@id":"https:\/\/sandzakpress.net\/arhiva\/#website"},"primaryImageOfPage":{"@id":"https:\/\/sandzakpress.net\/arhiva\/dzemaludine-zar-i-ti\/#primaryimage"},"image":{"@id":"https:\/\/sandzakpress.net\/arhiva\/dzemaludine-zar-i-ti\/#primaryimage"},"thumbnailUrl":"https:\/\/sandzakpress.net\/arhiva\/wp-content\/uploads\/2013\/12\/Ferko_Santic_0021.jpg","datePublished":"2013-12-18T15:32:30+00:00","breadcrumb":{"@id":"https:\/\/sandzakpress.net\/arhiva\/dzemaludine-zar-i-ti\/#breadcrumb"},"inLanguage":"bs-BA","potentialAction":[{"@type":"ReadAction","target":["https:\/\/sandzakpress.net\/arhiva\/dzemaludine-zar-i-ti\/"]}]},{"@type":"ImageObject","inLanguage":"bs-BA","@id":"https:\/\/sandzakpress.net\/arhiva\/dzemaludine-zar-i-ti\/#primaryimage","url":"https:\/\/sandzakpress.net\/arhiva\/wp-content\/uploads\/2013\/12\/Ferko_Santic_0021.jpg","contentUrl":"https:\/\/sandzakpress.net\/arhiva\/wp-content\/uploads\/2013\/12\/Ferko_Santic_0021.jpg","width":201,"height":203},{"@type":"BreadcrumbList","@id":"https:\/\/sandzakpress.net\/arhiva\/dzemaludine-zar-i-ti\/#breadcrumb","itemListElement":[{"@type":"ListItem","position":1,"name":"Home","item":"https:\/\/sandzakpress.net\/arhiva\/"},{"@type":"ListItem","position":2,"name":"D\u017eemaludine, zar i ti?"}]},{"@type":"WebSite","@id":"https:\/\/sandzakpress.net\/arhiva\/#website","url":"https:\/\/sandzakpress.net\/arhiva\/","name":"Sand\u017eak PRESS","description":"Prve elektronske novine u Sand\u017eaku","publisher":{"@id":"https:\/\/sandzakpress.net\/arhiva\/#\/schema\/person\/6e72b67d6e51910a1117b3b483ba20bd"},"potentialAction":[{"@type":"SearchAction","target":{"@type":"EntryPoint","urlTemplate":"https:\/\/sandzakpress.net\/arhiva\/?s={search_term_string}"},"query-input":{"@type":"PropertyValueSpecification","valueRequired":true,"valueName":"search_term_string"}}],"inLanguage":"bs-BA"},{"@type":["Person","Organization"],"@id":"https:\/\/sandzakpress.net\/arhiva\/#\/schema\/person\/6e72b67d6e51910a1117b3b483ba20bd","name":"Kul","image":{"@type":"ImageObject","inLanguage":"bs-BA","@id":"https:\/\/sandzakpress.net\/arhiva\/#\/schema\/person\/image\/","url":"https:\/\/secure.gravatar.com\/avatar\/42263f39aa27ac04c43cab85c280eb2e?s=96&d=mm&r=pg","contentUrl":"https:\/\/secure.gravatar.com\/avatar\/42263f39aa27ac04c43cab85c280eb2e?s=96&d=mm&r=pg","caption":"Kul"},"logo":{"@id":"https:\/\/sandzakpress.net\/arhiva\/#\/schema\/person\/image\/"}},{"@type":"Person","@id":"https:\/\/sandzakpress.net\/arhiva\/#\/schema\/person\/c8baee722073534b583ea7bdb2e36c02","name":"bosniak","image":{"@type":"ImageObject","inLanguage":"bs-BA","@id":"https:\/\/sandzakpress.net\/arhiva\/#\/schema\/person\/image\/","url":"https:\/\/secure.gravatar.com\/avatar\/a04fd330bfe3a36a72a0ad4a6d89fca7?s=96&d=mm&r=pg","contentUrl":"https:\/\/secure.gravatar.com\/avatar\/a04fd330bfe3a36a72a0ad4a6d89fca7?s=96&d=mm&r=pg","caption":"bosniak"},"url":"https:\/\/sandzakpress.net\/arhiva\/author\/bosniak\/"}]}},"_links":{"self":[{"href":"https:\/\/sandzakpress.net\/arhiva\/wp-json\/wp\/v2\/posts\/98307"}],"collection":[{"href":"https:\/\/sandzakpress.net\/arhiva\/wp-json\/wp\/v2\/posts"}],"about":[{"href":"https:\/\/sandzakpress.net\/arhiva\/wp-json\/wp\/v2\/types\/post"}],"author":[{"embeddable":true,"href":"https:\/\/sandzakpress.net\/arhiva\/wp-json\/wp\/v2\/users\/83"}],"replies":[{"embeddable":true,"href":"https:\/\/sandzakpress.net\/arhiva\/wp-json\/wp\/v2\/comments?post=98307"}],"version-history":[{"count":0,"href":"https:\/\/sandzakpress.net\/arhiva\/wp-json\/wp\/v2\/posts\/98307\/revisions"}],"wp:featuredmedia":[{"embeddable":true,"href":"https:\/\/sandzakpress.net\/arhiva\/wp-json\/wp\/v2\/media\/98308"}],"wp:attachment":[{"href":"https:\/\/sandzakpress.net\/arhiva\/wp-json\/wp\/v2\/media?parent=98307"}],"wp:term":[{"taxonomy":"category","embeddable":true,"href":"https:\/\/sandzakpress.net\/arhiva\/wp-json\/wp\/v2\/categories?post=98307"},{"taxonomy":"post_tag","embeddable":true,"href":"https:\/\/sandzakpress.net\/arhiva\/wp-json\/wp\/v2\/tags?post=98307"}],"curies":[{"name":"wp","href":"https:\/\/api.w.org\/{rel}","templated":true}]}}