{"id":98292,"date":"2013-12-18T15:43:50","date_gmt":"2013-12-18T14:43:50","guid":{"rendered":"https:\/\/sandzakpress.net\/arhiva\/?p=98292"},"modified":"2013-12-18T15:43:50","modified_gmt":"2013-12-18T14:43:50","slug":"ljajic-za-siriju-steta-je-da-ljudi-ginu-za-imaginarne-ciljeve","status":"publish","type":"post","link":"https:\/\/sandzakpress.net\/arhiva\/ljajic-za-siriju-steta-je-da-ljudi-ginu-za-imaginarne-ciljeve\/","title":{"rendered":"Ljaji\u0107 za Siriju: &#8216;\u0160teta je da ljudi ginu za imaginarne ciljeve&#8217;"},"content":{"rendered":"<p><strong><img decoding=\"async\" class=\"alignleft\" alt=\"Rasim Ljaji\u0107, predsednik Nacionalnog saveta za saradnju s Ha\u0161kim tribunalom \" src=\"http:\/\/www.pressonline.rs\/upload\/boxImageData\/2011\/4\/14\/138914\/0603-Radivojevic-Aleksandar.jpg\" \/>Novi Pazar &#8211; Ve\u0107 po\u010detkom naredne godine u Skup\u0161tini Srbije trebao bi se na\u0107i prijedlog izmjena Krivi\u010dnog zakona kojim bi se kaznili srbijanski dr\u017eavljani koji odlaze na strana rati\u0161ta, kao i njihovi pomaga\u010di i organizatori. Predlaga\u010d je Socijaldemokratska partija Srbije Rasima Ljaji\u0107a.\u00a0<\/strong><\/p>\n<p>Po mnogo \u010demu, prijedlog zakonskih izmjena gotovo da je identi\u010dan dokumentu koji je nedavno Parlamentu BiH podnio Savez za bolju budu\u0107nost BiH (SBB).<\/p>\n<p>&#8211; Predlo\u017eili smo izmjene po kojima \u0107e organizatori odlaska na strana rati\u0161ta dobiti do 5, a pojedinci koji idu 3 godine zatvora &#8211; ka\u017ee Ljaji\u0107.<\/p>\n<p>On u razgovoru za \u201eDnevni avaz&#8221; nije mogao iznijeti podatke o tome koliko ljudi iz Srbije trenutno u\u010destvuje u ratovima po svijetu.<\/p>\n<p>&#8211; Niko ne raspola\u017ee preciznim brojevima. Spekuliralo se da su ljudi i\u0161li u Libiju svojevremeno, sad je Sirija, ranije Irak&#8230; Tek kada neko pogine, pa mu ovdje bude sahrana ili d\u017eenaza, onda se sazna. Ove godine bila je d\u017eenaza jednom od tih mladi\u0107a u Srbiji. \u0160pekulira se da idu i iz crnogorskog dijela Sand\u017eaka. List \u201eSpiegel&#8221; pisao je da s Kosova ima 60 dobrovoljaca&#8230; no, nemogu\u0107e je do\u0107i do ta\u010dnih podatka\u00a0 &#8211; ka\u017ee Ljaji\u0107.<\/p>\n<p>Nagla\u0161ava i da je ogromna \u0161teta da ljudi odlaze i ginu za ciljeve koji su im potpuno imaginarni.<\/p>\n<p>&#8211; Oni \u010desto i ne znaju za\u0161to idu. Ne zna se ni da li je njihov motiv ideolo\u0161ki ili su u pitanju materijalni interesi. Jesu li pla\u0107eni da idu. U svakom slu\u010daju tragedija je da ti ljudi ginu. Oni koji se vrate s tim iskustvom i propagiranjem islama koji nije imanentan muslimanima Balkana predstavljaju sigurnosnu prijetnju &#8211; ka\u017ee Ljaji\u0107.<\/p>\n<p>Upitan da li se predla\u017ee i oduzimanje dr\u017eavljanstva, on odgovara da se o toj inicijativi razgovara na regionalnom nivou \u201ejer je to regionalni problem&#8221;.<\/p>\n<p>(Avaz)<\/p>\n","protected":false},"excerpt":{"rendered":"<p>Novi Pazar &#8211; Ve\u0107 po\u010detkom naredne godine u Skup\u0161tini Srbije trebao bi se na\u0107i prijedlog izmjena Krivi\u010dnog zakona kojim bi se kaznili srbijanski dr\u017eavljani koji odlaze na strana rati\u0161ta, kao i njihovi pomaga\u010di i organizatori. Predlaga\u010d je Socijaldemokratska partija Srbije Rasima Ljaji\u0107a.\u00a0 Po mnogo \u010demu, prijedlog zakonskih izmjena gotovo da je identi\u010dan dokumentu koji je [&hellip;]<\/p>\n","protected":false},"author":83,"featured_media":98293,"comment_status":"open","ping_status":"open","sticky":false,"template":"","format":"standard","meta":{"footnotes":""},"categories":[72,1,8957],"tags":[10210,10225],"class_list":{"0":"post-98292","1":"post","2":"type-post","3":"status-publish","4":"format-standard","5":"has-post-thumbnail","7":"category-novi-pazar","8":"category-politika","9":"category-vijesti-dana","10":"tag-rasim-ljajic","11":"tag-sirija"},"yoast_head":"<!-- This site is optimized with the Yoast SEO Premium plugin v23.1 (Yoast SEO v24.9) - https:\/\/yoast.com\/wordpress\/plugins\/seo\/ -->\n<title>Ljaji\u0107 za Siriju: &#039;\u0160teta je da ljudi ginu za imaginarne ciljeve&#039;<\/title>\n<meta name=\"robots\" content=\"index, follow, max-snippet:-1, max-image-preview:large, max-video-preview:-1\" \/>\n<link rel=\"canonical\" href=\"https:\/\/sandzakpress.net\/arhiva\/ljajic-za-siriju-steta-je-da-ljudi-ginu-za-imaginarne-ciljeve\/\" \/>\n<meta property=\"og:locale\" content=\"bs_BA\" \/>\n<meta property=\"og:type\" content=\"article\" \/>\n<meta property=\"og:title\" content=\"Ljaji\u0107 za Siriju: &#039;\u0160teta je da ljudi ginu za imaginarne ciljeve&#039;\" \/>\n<meta property=\"og:description\" content=\"Novi Pazar &#8211; Ve\u0107 po\u010detkom naredne godine u Skup\u0161tini Srbije trebao bi se na\u0107i prijedlog izmjena Krivi\u010dnog zakona kojim bi se kaznili srbijanski dr\u017eavljani koji odlaze na strana rati\u0161ta, kao i njihovi pomaga\u010di i organizatori. Predlaga\u010d je Socijaldemokratska partija Srbije Rasima Ljaji\u0107a.\u00a0 Po mnogo \u010demu, prijedlog zakonskih izmjena gotovo da je identi\u010dan dokumentu koji je [&hellip;]\" \/>\n<meta property=\"og:url\" content=\"https:\/\/sandzakpress.net\/arhiva\/ljajic-za-siriju-steta-je-da-ljudi-ginu-za-imaginarne-ciljeve\/\" \/>\n<meta property=\"og:site_name\" content=\"Sand\u017eak PRESS\" \/>\n<meta property=\"article:published_time\" content=\"2013-12-18T14:43:50+00:00\" \/>\n<meta property=\"og:image\" content=\"https:\/\/sandzakpress.net\/arhiva\/wp-content\/uploads\/2013\/12\/0603-Radivojevic-Aleksandar.jpg\" \/>\n\t<meta property=\"og:image:width\" content=\"400\" \/>\n\t<meta property=\"og:image:height\" content=\"267\" \/>\n\t<meta property=\"og:image:type\" content=\"image\/jpeg\" \/>\n<meta name=\"author\" content=\"bosniak\" \/>\n<meta name=\"twitter:card\" content=\"summary_large_image\" \/>\n<meta name=\"twitter:label1\" content=\"Written by\" \/>\n\t<meta name=\"twitter:data1\" content=\"bosniak\" \/>\n\t<meta name=\"twitter:label2\" content=\"Est. reading time\" \/>\n\t<meta name=\"twitter:data2\" content=\"2 minute\" \/>\n<script type=\"application\/ld+json\" class=\"yoast-schema-graph\">{\"@context\":\"https:\/\/schema.org\",\"@graph\":[{\"@type\":\"Article\",\"@id\":\"https:\/\/sandzakpress.net\/arhiva\/ljajic-za-siriju-steta-je-da-ljudi-ginu-za-imaginarne-ciljeve\/#article\",\"isPartOf\":{\"@id\":\"https:\/\/sandzakpress.net\/arhiva\/ljajic-za-siriju-steta-je-da-ljudi-ginu-za-imaginarne-ciljeve\/\"},\"author\":{\"name\":\"bosniak\",\"@id\":\"https:\/\/sandzakpress.net\/arhiva\/#\/schema\/person\/c8baee722073534b583ea7bdb2e36c02\"},\"headline\":\"Ljaji\u0107 za Siriju: &#8216;\u0160teta je da ljudi ginu za imaginarne ciljeve&#8217;\",\"datePublished\":\"2013-12-18T14:43:50+00:00\",\"mainEntityOfPage\":{\"@id\":\"https:\/\/sandzakpress.net\/arhiva\/ljajic-za-siriju-steta-je-da-ljudi-ginu-za-imaginarne-ciljeve\/\"},\"wordCount\":328,\"commentCount\":10,\"publisher\":{\"@id\":\"https:\/\/sandzakpress.net\/arhiva\/#\/schema\/person\/6e72b67d6e51910a1117b3b483ba20bd\"},\"image\":{\"@id\":\"https:\/\/sandzakpress.net\/arhiva\/ljajic-za-siriju-steta-je-da-ljudi-ginu-za-imaginarne-ciljeve\/#primaryimage\"},\"thumbnailUrl\":\"https:\/\/sandzakpress.net\/arhiva\/wp-content\/uploads\/2013\/12\/0603-Radivojevic-Aleksandar.jpg\",\"keywords\":[\"Rasim Ljaji\u0107\",\"Sirija\"],\"articleSection\":[\"Novi Pazar\",\"Politika\",\"VIJESTI DANA\"],\"inLanguage\":\"bs-BA\",\"potentialAction\":[{\"@type\":\"CommentAction\",\"name\":\"Comment\",\"target\":[\"https:\/\/sandzakpress.net\/arhiva\/ljajic-za-siriju-steta-je-da-ljudi-ginu-za-imaginarne-ciljeve\/#respond\"]}]},{\"@type\":\"WebPage\",\"@id\":\"https:\/\/sandzakpress.net\/arhiva\/ljajic-za-siriju-steta-je-da-ljudi-ginu-za-imaginarne-ciljeve\/\",\"url\":\"https:\/\/sandzakpress.net\/arhiva\/ljajic-za-siriju-steta-je-da-ljudi-ginu-za-imaginarne-ciljeve\/\",\"name\":\"Ljaji\u0107 za Siriju: '\u0160teta je da ljudi ginu za imaginarne ciljeve'\",\"isPartOf\":{\"@id\":\"https:\/\/sandzakpress.net\/arhiva\/#website\"},\"primaryImageOfPage\":{\"@id\":\"https:\/\/sandzakpress.net\/arhiva\/ljajic-za-siriju-steta-je-da-ljudi-ginu-za-imaginarne-ciljeve\/#primaryimage\"},\"image\":{\"@id\":\"https:\/\/sandzakpress.net\/arhiva\/ljajic-za-siriju-steta-je-da-ljudi-ginu-za-imaginarne-ciljeve\/#primaryimage\"},\"thumbnailUrl\":\"https:\/\/sandzakpress.net\/arhiva\/wp-content\/uploads\/2013\/12\/0603-Radivojevic-Aleksandar.jpg\",\"datePublished\":\"2013-12-18T14:43:50+00:00\",\"breadcrumb\":{\"@id\":\"https:\/\/sandzakpress.net\/arhiva\/ljajic-za-siriju-steta-je-da-ljudi-ginu-za-imaginarne-ciljeve\/#breadcrumb\"},\"inLanguage\":\"bs-BA\",\"potentialAction\":[{\"@type\":\"ReadAction\",\"target\":[\"https:\/\/sandzakpress.net\/arhiva\/ljajic-za-siriju-steta-je-da-ljudi-ginu-za-imaginarne-ciljeve\/\"]}]},{\"@type\":\"ImageObject\",\"inLanguage\":\"bs-BA\",\"@id\":\"https:\/\/sandzakpress.net\/arhiva\/ljajic-za-siriju-steta-je-da-ljudi-ginu-za-imaginarne-ciljeve\/#primaryimage\",\"url\":\"https:\/\/sandzakpress.net\/arhiva\/wp-content\/uploads\/2013\/12\/0603-Radivojevic-Aleksandar.jpg\",\"contentUrl\":\"https:\/\/sandzakpress.net\/arhiva\/wp-content\/uploads\/2013\/12\/0603-Radivojevic-Aleksandar.jpg\",\"width\":400,\"height\":267},{\"@type\":\"BreadcrumbList\",\"@id\":\"https:\/\/sandzakpress.net\/arhiva\/ljajic-za-siriju-steta-je-da-ljudi-ginu-za-imaginarne-ciljeve\/#breadcrumb\",\"itemListElement\":[{\"@type\":\"ListItem\",\"position\":1,\"name\":\"Home\",\"item\":\"https:\/\/sandzakpress.net\/arhiva\/\"},{\"@type\":\"ListItem\",\"position\":2,\"name\":\"Ljaji\u0107 za Siriju: &#8216;\u0160teta je da ljudi ginu za imaginarne ciljeve&#8217;\"}]},{\"@type\":\"WebSite\",\"@id\":\"https:\/\/sandzakpress.net\/arhiva\/#website\",\"url\":\"https:\/\/sandzakpress.net\/arhiva\/\",\"name\":\"Sand\u017eak PRESS\",\"description\":\"Prve elektronske novine u Sand\u017eaku\",\"publisher\":{\"@id\":\"https:\/\/sandzakpress.net\/arhiva\/#\/schema\/person\/6e72b67d6e51910a1117b3b483ba20bd\"},\"potentialAction\":[{\"@type\":\"SearchAction\",\"target\":{\"@type\":\"EntryPoint\",\"urlTemplate\":\"https:\/\/sandzakpress.net\/arhiva\/?s={search_term_string}\"},\"query-input\":{\"@type\":\"PropertyValueSpecification\",\"valueRequired\":true,\"valueName\":\"search_term_string\"}}],\"inLanguage\":\"bs-BA\"},{\"@type\":[\"Person\",\"Organization\"],\"@id\":\"https:\/\/sandzakpress.net\/arhiva\/#\/schema\/person\/6e72b67d6e51910a1117b3b483ba20bd\",\"name\":\"Kul\",\"image\":{\"@type\":\"ImageObject\",\"inLanguage\":\"bs-BA\",\"@id\":\"https:\/\/sandzakpress.net\/arhiva\/#\/schema\/person\/image\/\",\"url\":\"https:\/\/secure.gravatar.com\/avatar\/42263f39aa27ac04c43cab85c280eb2e?s=96&d=mm&r=pg\",\"contentUrl\":\"https:\/\/secure.gravatar.com\/avatar\/42263f39aa27ac04c43cab85c280eb2e?s=96&d=mm&r=pg\",\"caption\":\"Kul\"},\"logo\":{\"@id\":\"https:\/\/sandzakpress.net\/arhiva\/#\/schema\/person\/image\/\"}},{\"@type\":\"Person\",\"@id\":\"https:\/\/sandzakpress.net\/arhiva\/#\/schema\/person\/c8baee722073534b583ea7bdb2e36c02\",\"name\":\"bosniak\",\"image\":{\"@type\":\"ImageObject\",\"inLanguage\":\"bs-BA\",\"@id\":\"https:\/\/sandzakpress.net\/arhiva\/#\/schema\/person\/image\/\",\"url\":\"https:\/\/secure.gravatar.com\/avatar\/a04fd330bfe3a36a72a0ad4a6d89fca7?s=96&d=mm&r=pg\",\"contentUrl\":\"https:\/\/secure.gravatar.com\/avatar\/a04fd330bfe3a36a72a0ad4a6d89fca7?s=96&d=mm&r=pg\",\"caption\":\"bosniak\"},\"url\":\"https:\/\/sandzakpress.net\/arhiva\/author\/bosniak\/\"}]}<\/script>\n<!-- \/ Yoast SEO Premium plugin. -->","yoast_head_json":{"title":"Ljaji\u0107 za Siriju: '\u0160teta je da ljudi ginu za imaginarne ciljeve'","robots":{"index":"index","follow":"follow","max-snippet":"max-snippet:-1","max-image-preview":"max-image-preview:large","max-video-preview":"max-video-preview:-1"},"canonical":"https:\/\/sandzakpress.net\/arhiva\/ljajic-za-siriju-steta-je-da-ljudi-ginu-za-imaginarne-ciljeve\/","og_locale":"bs_BA","og_type":"article","og_title":"Ljaji\u0107 za Siriju: '\u0160teta je da ljudi ginu za imaginarne ciljeve'","og_description":"Novi Pazar &#8211; Ve\u0107 po\u010detkom naredne godine u Skup\u0161tini Srbije trebao bi se na\u0107i prijedlog izmjena Krivi\u010dnog zakona kojim bi se kaznili srbijanski dr\u017eavljani koji odlaze na strana rati\u0161ta, kao i njihovi pomaga\u010di i organizatori. Predlaga\u010d je Socijaldemokratska partija Srbije Rasima Ljaji\u0107a.\u00a0 Po mnogo \u010demu, prijedlog zakonskih izmjena gotovo da je identi\u010dan dokumentu koji je [&hellip;]","og_url":"https:\/\/sandzakpress.net\/arhiva\/ljajic-za-siriju-steta-je-da-ljudi-ginu-za-imaginarne-ciljeve\/","og_site_name":"Sand\u017eak PRESS","article_published_time":"2013-12-18T14:43:50+00:00","og_image":[{"width":400,"height":267,"url":"https:\/\/sandzakpress.net\/arhiva\/wp-content\/uploads\/2013\/12\/0603-Radivojevic-Aleksandar.jpg","type":"image\/jpeg"}],"author":"bosniak","twitter_card":"summary_large_image","twitter_misc":{"Written by":"bosniak","Est. reading time":"2 minute"},"schema":{"@context":"https:\/\/schema.org","@graph":[{"@type":"Article","@id":"https:\/\/sandzakpress.net\/arhiva\/ljajic-za-siriju-steta-je-da-ljudi-ginu-za-imaginarne-ciljeve\/#article","isPartOf":{"@id":"https:\/\/sandzakpress.net\/arhiva\/ljajic-za-siriju-steta-je-da-ljudi-ginu-za-imaginarne-ciljeve\/"},"author":{"name":"bosniak","@id":"https:\/\/sandzakpress.net\/arhiva\/#\/schema\/person\/c8baee722073534b583ea7bdb2e36c02"},"headline":"Ljaji\u0107 za Siriju: &#8216;\u0160teta je da ljudi ginu za imaginarne ciljeve&#8217;","datePublished":"2013-12-18T14:43:50+00:00","mainEntityOfPage":{"@id":"https:\/\/sandzakpress.net\/arhiva\/ljajic-za-siriju-steta-je-da-ljudi-ginu-za-imaginarne-ciljeve\/"},"wordCount":328,"commentCount":10,"publisher":{"@id":"https:\/\/sandzakpress.net\/arhiva\/#\/schema\/person\/6e72b67d6e51910a1117b3b483ba20bd"},"image":{"@id":"https:\/\/sandzakpress.net\/arhiva\/ljajic-za-siriju-steta-je-da-ljudi-ginu-za-imaginarne-ciljeve\/#primaryimage"},"thumbnailUrl":"https:\/\/sandzakpress.net\/arhiva\/wp-content\/uploads\/2013\/12\/0603-Radivojevic-Aleksandar.jpg","keywords":["Rasim Ljaji\u0107","Sirija"],"articleSection":["Novi Pazar","Politika","VIJESTI DANA"],"inLanguage":"bs-BA","potentialAction":[{"@type":"CommentAction","name":"Comment","target":["https:\/\/sandzakpress.net\/arhiva\/ljajic-za-siriju-steta-je-da-ljudi-ginu-za-imaginarne-ciljeve\/#respond"]}]},{"@type":"WebPage","@id":"https:\/\/sandzakpress.net\/arhiva\/ljajic-za-siriju-steta-je-da-ljudi-ginu-za-imaginarne-ciljeve\/","url":"https:\/\/sandzakpress.net\/arhiva\/ljajic-za-siriju-steta-je-da-ljudi-ginu-za-imaginarne-ciljeve\/","name":"Ljaji\u0107 za Siriju: '\u0160teta je da ljudi ginu za imaginarne ciljeve'","isPartOf":{"@id":"https:\/\/sandzakpress.net\/arhiva\/#website"},"primaryImageOfPage":{"@id":"https:\/\/sandzakpress.net\/arhiva\/ljajic-za-siriju-steta-je-da-ljudi-ginu-za-imaginarne-ciljeve\/#primaryimage"},"image":{"@id":"https:\/\/sandzakpress.net\/arhiva\/ljajic-za-siriju-steta-je-da-ljudi-ginu-za-imaginarne-ciljeve\/#primaryimage"},"thumbnailUrl":"https:\/\/sandzakpress.net\/arhiva\/wp-content\/uploads\/2013\/12\/0603-Radivojevic-Aleksandar.jpg","datePublished":"2013-12-18T14:43:50+00:00","breadcrumb":{"@id":"https:\/\/sandzakpress.net\/arhiva\/ljajic-za-siriju-steta-je-da-ljudi-ginu-za-imaginarne-ciljeve\/#breadcrumb"},"inLanguage":"bs-BA","potentialAction":[{"@type":"ReadAction","target":["https:\/\/sandzakpress.net\/arhiva\/ljajic-za-siriju-steta-je-da-ljudi-ginu-za-imaginarne-ciljeve\/"]}]},{"@type":"ImageObject","inLanguage":"bs-BA","@id":"https:\/\/sandzakpress.net\/arhiva\/ljajic-za-siriju-steta-je-da-ljudi-ginu-za-imaginarne-ciljeve\/#primaryimage","url":"https:\/\/sandzakpress.net\/arhiva\/wp-content\/uploads\/2013\/12\/0603-Radivojevic-Aleksandar.jpg","contentUrl":"https:\/\/sandzakpress.net\/arhiva\/wp-content\/uploads\/2013\/12\/0603-Radivojevic-Aleksandar.jpg","width":400,"height":267},{"@type":"BreadcrumbList","@id":"https:\/\/sandzakpress.net\/arhiva\/ljajic-za-siriju-steta-je-da-ljudi-ginu-za-imaginarne-ciljeve\/#breadcrumb","itemListElement":[{"@type":"ListItem","position":1,"name":"Home","item":"https:\/\/sandzakpress.net\/arhiva\/"},{"@type":"ListItem","position":2,"name":"Ljaji\u0107 za Siriju: &#8216;\u0160teta je da ljudi ginu za imaginarne ciljeve&#8217;"}]},{"@type":"WebSite","@id":"https:\/\/sandzakpress.net\/arhiva\/#website","url":"https:\/\/sandzakpress.net\/arhiva\/","name":"Sand\u017eak PRESS","description":"Prve elektronske novine u Sand\u017eaku","publisher":{"@id":"https:\/\/sandzakpress.net\/arhiva\/#\/schema\/person\/6e72b67d6e51910a1117b3b483ba20bd"},"potentialAction":[{"@type":"SearchAction","target":{"@type":"EntryPoint","urlTemplate":"https:\/\/sandzakpress.net\/arhiva\/?s={search_term_string}"},"query-input":{"@type":"PropertyValueSpecification","valueRequired":true,"valueName":"search_term_string"}}],"inLanguage":"bs-BA"},{"@type":["Person","Organization"],"@id":"https:\/\/sandzakpress.net\/arhiva\/#\/schema\/person\/6e72b67d6e51910a1117b3b483ba20bd","name":"Kul","image":{"@type":"ImageObject","inLanguage":"bs-BA","@id":"https:\/\/sandzakpress.net\/arhiva\/#\/schema\/person\/image\/","url":"https:\/\/secure.gravatar.com\/avatar\/42263f39aa27ac04c43cab85c280eb2e?s=96&d=mm&r=pg","contentUrl":"https:\/\/secure.gravatar.com\/avatar\/42263f39aa27ac04c43cab85c280eb2e?s=96&d=mm&r=pg","caption":"Kul"},"logo":{"@id":"https:\/\/sandzakpress.net\/arhiva\/#\/schema\/person\/image\/"}},{"@type":"Person","@id":"https:\/\/sandzakpress.net\/arhiva\/#\/schema\/person\/c8baee722073534b583ea7bdb2e36c02","name":"bosniak","image":{"@type":"ImageObject","inLanguage":"bs-BA","@id":"https:\/\/sandzakpress.net\/arhiva\/#\/schema\/person\/image\/","url":"https:\/\/secure.gravatar.com\/avatar\/a04fd330bfe3a36a72a0ad4a6d89fca7?s=96&d=mm&r=pg","contentUrl":"https:\/\/secure.gravatar.com\/avatar\/a04fd330bfe3a36a72a0ad4a6d89fca7?s=96&d=mm&r=pg","caption":"bosniak"},"url":"https:\/\/sandzakpress.net\/arhiva\/author\/bosniak\/"}]}},"_links":{"self":[{"href":"https:\/\/sandzakpress.net\/arhiva\/wp-json\/wp\/v2\/posts\/98292"}],"collection":[{"href":"https:\/\/sandzakpress.net\/arhiva\/wp-json\/wp\/v2\/posts"}],"about":[{"href":"https:\/\/sandzakpress.net\/arhiva\/wp-json\/wp\/v2\/types\/post"}],"author":[{"embeddable":true,"href":"https:\/\/sandzakpress.net\/arhiva\/wp-json\/wp\/v2\/users\/83"}],"replies":[{"embeddable":true,"href":"https:\/\/sandzakpress.net\/arhiva\/wp-json\/wp\/v2\/comments?post=98292"}],"version-history":[{"count":0,"href":"https:\/\/sandzakpress.net\/arhiva\/wp-json\/wp\/v2\/posts\/98292\/revisions"}],"wp:featuredmedia":[{"embeddable":true,"href":"https:\/\/sandzakpress.net\/arhiva\/wp-json\/wp\/v2\/media\/98293"}],"wp:attachment":[{"href":"https:\/\/sandzakpress.net\/arhiva\/wp-json\/wp\/v2\/media?parent=98292"}],"wp:term":[{"taxonomy":"category","embeddable":true,"href":"https:\/\/sandzakpress.net\/arhiva\/wp-json\/wp\/v2\/categories?post=98292"},{"taxonomy":"post_tag","embeddable":true,"href":"https:\/\/sandzakpress.net\/arhiva\/wp-json\/wp\/v2\/tags?post=98292"}],"curies":[{"name":"wp","href":"https:\/\/api.w.org\/{rel}","templated":true}]}}