{"id":98150,"date":"2013-12-16T20:03:17","date_gmt":"2013-12-16T19:03:17","guid":{"rendered":"https:\/\/sandzakpress.net\/arhiva\/?p=98150"},"modified":"2013-12-16T20:03:17","modified_gmt":"2013-12-16T19:03:17","slug":"ministar-zdravlja-novo-vrijeme-za-gradjane-gusinja","status":"publish","type":"post","link":"https:\/\/sandzakpress.net\/arhiva\/ministar-zdravlja-novo-vrijeme-za-gradjane-gusinja\/","title":{"rendered":"Ministar zdravlja: Novo vrijeme za gradjane gusinja"},"content":{"rendered":"<p><strong><a href=\"https:\/\/sandzakpress.net\/arhiva\/wp-content\/uploads\/2013\/12\/Sa-dana\u0161nje-javne-tribine-u-Gusinju-300x168.jpg\"><img loading=\"lazy\" decoding=\"async\" class=\"alignleft size-full wp-image-98151\" alt=\"Sa-dana\u0161nje-javne-tribine-u-Gusinju-300x168\" src=\"https:\/\/sandzakpress.net\/arhiva\/wp-content\/uploads\/2013\/12\/Sa-dana\u0161nje-javne-tribine-u-Gusinju-300x168.jpg\" width=\"300\" height=\"168\" \/><\/a>Gusinje &#8211; Gusinje \u0107e dobiti op\u0161tinu. Smatram da je ovo novi po\u010detak i novo vrijeme za gra\u0111ane Gusinja, ali se morate pripremiti kadrovski i ekonomski za osmi\u0161ljavanje budu\u0107nosti ovog kraja, mnogo boljeg \u017eivota u njemu i da se kona\u010dno zaustavi iseljavanje \u2013 kazao je, izme\u0111u ostalog, ministar zdravlja Miodrag Radunovi\u0107 na tribini gra\u0111ana koja je odr\u017eana na inicijativu Odbora za povra\u0107aj statusa op\u0161tine Gusinju.<\/strong><\/p>\n<p>&#8211; U razgovoru sa ministrom \u017dugi\u0107em dobio sam obja\u0161njenje da je elaborat o ekonomskoj odr\u017eivosti op\u0161tine Gusinje dobar, ali da treba da se otklone neki manji nedostaci o fiskalnoj odr\u017eivosti op\u0161tine. U svakom slu\u010daju, ra\u010dunajte na punu podr\u0161ku DPS Crne Gore \u2013 kazao je ministar Radunovi\u0107.<\/p>\n<p>Dr Rusmin Lali\u010di\u0107, predsjednik MZ \u201e2. avgust\u201c i Partije za Gusinje je, izme\u0111u ostalog, naglasio da su gra\u0111ani 8. januara na referendumu podr\u017eali inicijativu da se Gusinju vrati status op\u0161tine.<\/p>\n<p>&#8211; Narod je rekao svoje, a sada je stvar politi\u010dke volje, Vlade i Skup\u0161tine da verifikuju volju gra\u0111ana Gusinje i okoline \u2013 rekao je on.<\/p>\n<p>I poslanici Husnija \u0160abovi\u0107 (DPS), D\u017eavid \u0160abovi\u0107 (SDP), Amer Kala\u010d (BS) dali su punu podr\u0161ku da se \u0161to je mogu\u0107e prije u zakonskoj proceduri verifikuje voda gra\u0111ana Gusinja i vrati status op\u0161tine Gusinje.<\/p>\n<p>&#8211; Mi se iz DPS CG odavno pripremamo za ovaj trenutak \u2013 povra\u0107aj op\u0161tine Gusinju. Realizovali smo nekoliko zna\u010dajnih projekata. Izgradili smo Dom kulture u Gusinju, asfaltirali veliki broj saobra\u0107ajnica i lokalnih puteva kao i dionicu puta Gusinje-grani\u010dni prelaz Grn\u010dar-Vrmo\u0161a, koja je dio me\u0111unarodnog puta Gusinje-Podgorica preko teritorije Republike Albanije i mnogih drugih projekata. Zahvaljuju\u0107i ovim projektima, Gusinje sjutra kao nova op\u0161tina mo\u017ee krenuti sa mnogo boljih pozicija nego \u0161to je to slu\u010daj sa novom op\u0161tinom Petnjica, za koju mi je posebno drago \u0161to je vratila status op\u0161tine. Ovdje vam dajem rije\u010d, u ime Kluba poslanika DPS u crnogorskom parlamentu, da \u0107e svi do jednog dati punu podr\u0161ku kada na dnevnom redu bude usvajanje predloga za novu op\u0161tinu Gusinje \u2013 kazao je Husnija \u0160abovi\u0107, poslanik DPS.<\/p>\n<p>&#8211; Gusinje sa svojim prirodnim i drugim resursima zaslu\u017euje da povrati status op\u0161tine koji je davno izgubilo. Mi u Bo\u0161nja\u010dkoj stranci u svom programu imamo upisano da se ova partija zala\u017ee za povra\u0107aj statusa op\u0161tine ovom kraju \u2013 kazao je Amer Kala\u010d poslanik (BS).<\/p>\n<p>D\u017eavid \u0160abovi\u0107, poslanik SDP, istakao je da je vra\u0107anje statusa op\u0161tine Gusinju ve\u0107 gotova stvar, ali se moraju ispo\u0161tovati zakonske procedure. Generalni sekretar Liberalnog saveza CG Esad \u0160ahinovi\u0107 je kazao da su liberali jo\u0161 daleke 1991. godine zacrtali u svom programu da Gusinje mora ostvariti pravo na vra\u0107anje statusa op\u0161tine, kako bi se zaustavilo iseljavanje ljudi iz ovog kraja i stvarili uslovi za zapo\u0161ljavanje mladih. I, evo, vidite da je do\u0161ao i taj trenutak, kazao je \u0160ahinovi\u0107.<\/p>\n<p>Predsjednici op\u0161tina Plav i Ro\u017eaje, Orhan \u0160ahmanovi\u0107 i Nusret Kala\u010d su iskazali veliko zadovoljstvo \u0161to \u0107e Gusinje kona\u010dno povratiti status op\u0161tine.<\/p>\n<p>Orhan \u0160ahmanovi\u0107, predsjednik op\u0161tine Plav, o\u010dekuje da \u0107e se vrlo brzo rije\u0161iti pitanje vra\u0107anja statusa op\u0161tine Gusinje.<\/p>\n<p>Svi govornici su posebno naglasili i ogromne aktivnosti dijaspore koja ula\u017ee zna\u010dajna sredstva za izgradnju infrastrukturnih sadr\u017eaja u Gusinju, a koja \u0107e nakon dobijanja op\u0161tine pru\u017eiti potrebnu materijalnu pomo\u0107 za otvaranje novih proizvodnih pogona.<\/p>\n<p>Kako se \u010dulo na tribini, prvi izbori za novu op\u0161tinu Gusinje bi\u0107e odr\u017eani u aprilu naredne godine.<\/p>\n<p>(Pobjeda)<\/p>\n","protected":false},"excerpt":{"rendered":"<p>Gusinje &#8211; Gusinje \u0107e dobiti op\u0161tinu. Smatram da je ovo novi po\u010detak i novo vrijeme za gra\u0111ane Gusinja, ali se morate pripremiti kadrovski i ekonomski za osmi\u0161ljavanje budu\u0107nosti ovog kraja, mnogo boljeg \u017eivota u njemu i da se kona\u010dno zaustavi iseljavanje \u2013 kazao je, izme\u0111u ostalog, ministar zdravlja Miodrag Radunovi\u0107 na tribini gra\u0111ana koja je [&hellip;]<\/p>\n","protected":false},"author":83,"featured_media":98151,"comment_status":"open","ping_status":"open","sticky":false,"template":"","format":"standard","meta":{"footnotes":""},"categories":[1,10173],"tags":[],"class_list":{"0":"post-98150","1":"post","2":"type-post","3":"status-publish","4":"format-standard","5":"has-post-thumbnail","7":"category-politika","8":"category-gusinje-vase-vijesti"},"yoast_head":"<!-- This site is optimized with the Yoast SEO Premium plugin v23.1 (Yoast SEO v24.9) - https:\/\/yoast.com\/wordpress\/plugins\/seo\/ -->\n<title>Ministar zdravlja: Novo vrijeme za gradjane gusinja<\/title>\n<meta name=\"robots\" content=\"index, follow, max-snippet:-1, max-image-preview:large, max-video-preview:-1\" \/>\n<link rel=\"canonical\" href=\"https:\/\/sandzakpress.net\/arhiva\/ministar-zdravlja-novo-vrijeme-za-gradjane-gusinja\/\" \/>\n<meta property=\"og:locale\" content=\"bs_BA\" \/>\n<meta property=\"og:type\" content=\"article\" \/>\n<meta property=\"og:title\" content=\"Ministar zdravlja: Novo vrijeme za gradjane gusinja\" \/>\n<meta property=\"og:description\" content=\"Gusinje &#8211; Gusinje \u0107e dobiti op\u0161tinu. Smatram da je ovo novi po\u010detak i novo vrijeme za gra\u0111ane Gusinja, ali se morate pripremiti kadrovski i ekonomski za osmi\u0161ljavanje budu\u0107nosti ovog kraja, mnogo boljeg \u017eivota u njemu i da se kona\u010dno zaustavi iseljavanje \u2013 kazao je, izme\u0111u ostalog, ministar zdravlja Miodrag Radunovi\u0107 na tribini gra\u0111ana koja je [&hellip;]\" \/>\n<meta property=\"og:url\" content=\"https:\/\/sandzakpress.net\/arhiva\/ministar-zdravlja-novo-vrijeme-za-gradjane-gusinja\/\" \/>\n<meta property=\"og:site_name\" content=\"Sand\u017eak PRESS\" \/>\n<meta property=\"article:published_time\" content=\"2013-12-16T19:03:17+00:00\" \/>\n<meta property=\"og:image\" content=\"https:\/\/sandzakpress.net\/arhiva\/wp-content\/uploads\/2013\/12\/Sa-dana\u0161nje-javne-tribine-u-Gusinju-300x168.jpg\" \/>\n\t<meta property=\"og:image:width\" content=\"300\" \/>\n\t<meta property=\"og:image:height\" content=\"168\" \/>\n\t<meta property=\"og:image:type\" content=\"image\/jpeg\" \/>\n<meta name=\"author\" content=\"bosniak\" \/>\n<meta name=\"twitter:card\" content=\"summary_large_image\" \/>\n<meta name=\"twitter:label1\" content=\"Written by\" \/>\n\t<meta name=\"twitter:data1\" content=\"bosniak\" \/>\n\t<meta name=\"twitter:label2\" content=\"Est. reading time\" \/>\n\t<meta name=\"twitter:data2\" content=\"3 minute\" \/>\n<script type=\"application\/ld+json\" class=\"yoast-schema-graph\">{\"@context\":\"https:\/\/schema.org\",\"@graph\":[{\"@type\":\"Article\",\"@id\":\"https:\/\/sandzakpress.net\/arhiva\/ministar-zdravlja-novo-vrijeme-za-gradjane-gusinja\/#article\",\"isPartOf\":{\"@id\":\"https:\/\/sandzakpress.net\/arhiva\/ministar-zdravlja-novo-vrijeme-za-gradjane-gusinja\/\"},\"author\":{\"name\":\"bosniak\",\"@id\":\"https:\/\/sandzakpress.net\/arhiva\/#\/schema\/person\/c8baee722073534b583ea7bdb2e36c02\"},\"headline\":\"Ministar zdravlja: Novo vrijeme za gradjane gusinja\",\"datePublished\":\"2013-12-16T19:03:17+00:00\",\"mainEntityOfPage\":{\"@id\":\"https:\/\/sandzakpress.net\/arhiva\/ministar-zdravlja-novo-vrijeme-za-gradjane-gusinja\/\"},\"wordCount\":614,\"commentCount\":0,\"publisher\":{\"@id\":\"https:\/\/sandzakpress.net\/arhiva\/#\/schema\/person\/6e72b67d6e51910a1117b3b483ba20bd\"},\"image\":{\"@id\":\"https:\/\/sandzakpress.net\/arhiva\/ministar-zdravlja-novo-vrijeme-za-gradjane-gusinja\/#primaryimage\"},\"thumbnailUrl\":\"https:\/\/sandzakpress.net\/arhiva\/wp-content\/uploads\/2013\/12\/Sa-dana\u0161nje-javne-tribine-u-Gusinju-300x168.jpg\",\"articleSection\":[\"Politika\",\"Gusinje\"],\"inLanguage\":\"bs-BA\",\"potentialAction\":[{\"@type\":\"CommentAction\",\"name\":\"Comment\",\"target\":[\"https:\/\/sandzakpress.net\/arhiva\/ministar-zdravlja-novo-vrijeme-za-gradjane-gusinja\/#respond\"]}]},{\"@type\":\"WebPage\",\"@id\":\"https:\/\/sandzakpress.net\/arhiva\/ministar-zdravlja-novo-vrijeme-za-gradjane-gusinja\/\",\"url\":\"https:\/\/sandzakpress.net\/arhiva\/ministar-zdravlja-novo-vrijeme-za-gradjane-gusinja\/\",\"name\":\"Ministar zdravlja: Novo vrijeme za gradjane gusinja\",\"isPartOf\":{\"@id\":\"https:\/\/sandzakpress.net\/arhiva\/#website\"},\"primaryImageOfPage\":{\"@id\":\"https:\/\/sandzakpress.net\/arhiva\/ministar-zdravlja-novo-vrijeme-za-gradjane-gusinja\/#primaryimage\"},\"image\":{\"@id\":\"https:\/\/sandzakpress.net\/arhiva\/ministar-zdravlja-novo-vrijeme-za-gradjane-gusinja\/#primaryimage\"},\"thumbnailUrl\":\"https:\/\/sandzakpress.net\/arhiva\/wp-content\/uploads\/2013\/12\/Sa-dana\u0161nje-javne-tribine-u-Gusinju-300x168.jpg\",\"datePublished\":\"2013-12-16T19:03:17+00:00\",\"breadcrumb\":{\"@id\":\"https:\/\/sandzakpress.net\/arhiva\/ministar-zdravlja-novo-vrijeme-za-gradjane-gusinja\/#breadcrumb\"},\"inLanguage\":\"bs-BA\",\"potentialAction\":[{\"@type\":\"ReadAction\",\"target\":[\"https:\/\/sandzakpress.net\/arhiva\/ministar-zdravlja-novo-vrijeme-za-gradjane-gusinja\/\"]}]},{\"@type\":\"ImageObject\",\"inLanguage\":\"bs-BA\",\"@id\":\"https:\/\/sandzakpress.net\/arhiva\/ministar-zdravlja-novo-vrijeme-za-gradjane-gusinja\/#primaryimage\",\"url\":\"https:\/\/sandzakpress.net\/arhiva\/wp-content\/uploads\/2013\/12\/Sa-dana\u0161nje-javne-tribine-u-Gusinju-300x168.jpg\",\"contentUrl\":\"https:\/\/sandzakpress.net\/arhiva\/wp-content\/uploads\/2013\/12\/Sa-dana\u0161nje-javne-tribine-u-Gusinju-300x168.jpg\",\"width\":300,\"height\":168},{\"@type\":\"BreadcrumbList\",\"@id\":\"https:\/\/sandzakpress.net\/arhiva\/ministar-zdravlja-novo-vrijeme-za-gradjane-gusinja\/#breadcrumb\",\"itemListElement\":[{\"@type\":\"ListItem\",\"position\":1,\"name\":\"Home\",\"item\":\"https:\/\/sandzakpress.net\/arhiva\/\"},{\"@type\":\"ListItem\",\"position\":2,\"name\":\"Ministar zdravlja: Novo vrijeme za gradjane gusinja\"}]},{\"@type\":\"WebSite\",\"@id\":\"https:\/\/sandzakpress.net\/arhiva\/#website\",\"url\":\"https:\/\/sandzakpress.net\/arhiva\/\",\"name\":\"Sand\u017eak PRESS\",\"description\":\"Prve elektronske novine u Sand\u017eaku\",\"publisher\":{\"@id\":\"https:\/\/sandzakpress.net\/arhiva\/#\/schema\/person\/6e72b67d6e51910a1117b3b483ba20bd\"},\"potentialAction\":[{\"@type\":\"SearchAction\",\"target\":{\"@type\":\"EntryPoint\",\"urlTemplate\":\"https:\/\/sandzakpress.net\/arhiva\/?s={search_term_string}\"},\"query-input\":{\"@type\":\"PropertyValueSpecification\",\"valueRequired\":true,\"valueName\":\"search_term_string\"}}],\"inLanguage\":\"bs-BA\"},{\"@type\":[\"Person\",\"Organization\"],\"@id\":\"https:\/\/sandzakpress.net\/arhiva\/#\/schema\/person\/6e72b67d6e51910a1117b3b483ba20bd\",\"name\":\"Kul\",\"image\":{\"@type\":\"ImageObject\",\"inLanguage\":\"bs-BA\",\"@id\":\"https:\/\/sandzakpress.net\/arhiva\/#\/schema\/person\/image\/\",\"url\":\"https:\/\/secure.gravatar.com\/avatar\/42263f39aa27ac04c43cab85c280eb2e?s=96&d=mm&r=pg\",\"contentUrl\":\"https:\/\/secure.gravatar.com\/avatar\/42263f39aa27ac04c43cab85c280eb2e?s=96&d=mm&r=pg\",\"caption\":\"Kul\"},\"logo\":{\"@id\":\"https:\/\/sandzakpress.net\/arhiva\/#\/schema\/person\/image\/\"}},{\"@type\":\"Person\",\"@id\":\"https:\/\/sandzakpress.net\/arhiva\/#\/schema\/person\/c8baee722073534b583ea7bdb2e36c02\",\"name\":\"bosniak\",\"image\":{\"@type\":\"ImageObject\",\"inLanguage\":\"bs-BA\",\"@id\":\"https:\/\/sandzakpress.net\/arhiva\/#\/schema\/person\/image\/\",\"url\":\"https:\/\/secure.gravatar.com\/avatar\/a04fd330bfe3a36a72a0ad4a6d89fca7?s=96&d=mm&r=pg\",\"contentUrl\":\"https:\/\/secure.gravatar.com\/avatar\/a04fd330bfe3a36a72a0ad4a6d89fca7?s=96&d=mm&r=pg\",\"caption\":\"bosniak\"},\"url\":\"https:\/\/sandzakpress.net\/arhiva\/author\/bosniak\/\"}]}<\/script>\n<!-- \/ Yoast SEO Premium plugin. -->","yoast_head_json":{"title":"Ministar zdravlja: Novo vrijeme za gradjane gusinja","robots":{"index":"index","follow":"follow","max-snippet":"max-snippet:-1","max-image-preview":"max-image-preview:large","max-video-preview":"max-video-preview:-1"},"canonical":"https:\/\/sandzakpress.net\/arhiva\/ministar-zdravlja-novo-vrijeme-za-gradjane-gusinja\/","og_locale":"bs_BA","og_type":"article","og_title":"Ministar zdravlja: Novo vrijeme za gradjane gusinja","og_description":"Gusinje &#8211; Gusinje \u0107e dobiti op\u0161tinu. Smatram da je ovo novi po\u010detak i novo vrijeme za gra\u0111ane Gusinja, ali se morate pripremiti kadrovski i ekonomski za osmi\u0161ljavanje budu\u0107nosti ovog kraja, mnogo boljeg \u017eivota u njemu i da se kona\u010dno zaustavi iseljavanje \u2013 kazao je, izme\u0111u ostalog, ministar zdravlja Miodrag Radunovi\u0107 na tribini gra\u0111ana koja je [&hellip;]","og_url":"https:\/\/sandzakpress.net\/arhiva\/ministar-zdravlja-novo-vrijeme-za-gradjane-gusinja\/","og_site_name":"Sand\u017eak PRESS","article_published_time":"2013-12-16T19:03:17+00:00","og_image":[{"width":300,"height":168,"url":"https:\/\/sandzakpress.net\/arhiva\/wp-content\/uploads\/2013\/12\/Sa-dana\u0161nje-javne-tribine-u-Gusinju-300x168.jpg","type":"image\/jpeg"}],"author":"bosniak","twitter_card":"summary_large_image","twitter_misc":{"Written by":"bosniak","Est. reading time":"3 minute"},"schema":{"@context":"https:\/\/schema.org","@graph":[{"@type":"Article","@id":"https:\/\/sandzakpress.net\/arhiva\/ministar-zdravlja-novo-vrijeme-za-gradjane-gusinja\/#article","isPartOf":{"@id":"https:\/\/sandzakpress.net\/arhiva\/ministar-zdravlja-novo-vrijeme-za-gradjane-gusinja\/"},"author":{"name":"bosniak","@id":"https:\/\/sandzakpress.net\/arhiva\/#\/schema\/person\/c8baee722073534b583ea7bdb2e36c02"},"headline":"Ministar zdravlja: Novo vrijeme za gradjane gusinja","datePublished":"2013-12-16T19:03:17+00:00","mainEntityOfPage":{"@id":"https:\/\/sandzakpress.net\/arhiva\/ministar-zdravlja-novo-vrijeme-za-gradjane-gusinja\/"},"wordCount":614,"commentCount":0,"publisher":{"@id":"https:\/\/sandzakpress.net\/arhiva\/#\/schema\/person\/6e72b67d6e51910a1117b3b483ba20bd"},"image":{"@id":"https:\/\/sandzakpress.net\/arhiva\/ministar-zdravlja-novo-vrijeme-za-gradjane-gusinja\/#primaryimage"},"thumbnailUrl":"https:\/\/sandzakpress.net\/arhiva\/wp-content\/uploads\/2013\/12\/Sa-dana\u0161nje-javne-tribine-u-Gusinju-300x168.jpg","articleSection":["Politika","Gusinje"],"inLanguage":"bs-BA","potentialAction":[{"@type":"CommentAction","name":"Comment","target":["https:\/\/sandzakpress.net\/arhiva\/ministar-zdravlja-novo-vrijeme-za-gradjane-gusinja\/#respond"]}]},{"@type":"WebPage","@id":"https:\/\/sandzakpress.net\/arhiva\/ministar-zdravlja-novo-vrijeme-za-gradjane-gusinja\/","url":"https:\/\/sandzakpress.net\/arhiva\/ministar-zdravlja-novo-vrijeme-za-gradjane-gusinja\/","name":"Ministar zdravlja: Novo vrijeme za gradjane gusinja","isPartOf":{"@id":"https:\/\/sandzakpress.net\/arhiva\/#website"},"primaryImageOfPage":{"@id":"https:\/\/sandzakpress.net\/arhiva\/ministar-zdravlja-novo-vrijeme-za-gradjane-gusinja\/#primaryimage"},"image":{"@id":"https:\/\/sandzakpress.net\/arhiva\/ministar-zdravlja-novo-vrijeme-za-gradjane-gusinja\/#primaryimage"},"thumbnailUrl":"https:\/\/sandzakpress.net\/arhiva\/wp-content\/uploads\/2013\/12\/Sa-dana\u0161nje-javne-tribine-u-Gusinju-300x168.jpg","datePublished":"2013-12-16T19:03:17+00:00","breadcrumb":{"@id":"https:\/\/sandzakpress.net\/arhiva\/ministar-zdravlja-novo-vrijeme-za-gradjane-gusinja\/#breadcrumb"},"inLanguage":"bs-BA","potentialAction":[{"@type":"ReadAction","target":["https:\/\/sandzakpress.net\/arhiva\/ministar-zdravlja-novo-vrijeme-za-gradjane-gusinja\/"]}]},{"@type":"ImageObject","inLanguage":"bs-BA","@id":"https:\/\/sandzakpress.net\/arhiva\/ministar-zdravlja-novo-vrijeme-za-gradjane-gusinja\/#primaryimage","url":"https:\/\/sandzakpress.net\/arhiva\/wp-content\/uploads\/2013\/12\/Sa-dana\u0161nje-javne-tribine-u-Gusinju-300x168.jpg","contentUrl":"https:\/\/sandzakpress.net\/arhiva\/wp-content\/uploads\/2013\/12\/Sa-dana\u0161nje-javne-tribine-u-Gusinju-300x168.jpg","width":300,"height":168},{"@type":"BreadcrumbList","@id":"https:\/\/sandzakpress.net\/arhiva\/ministar-zdravlja-novo-vrijeme-za-gradjane-gusinja\/#breadcrumb","itemListElement":[{"@type":"ListItem","position":1,"name":"Home","item":"https:\/\/sandzakpress.net\/arhiva\/"},{"@type":"ListItem","position":2,"name":"Ministar zdravlja: Novo vrijeme za gradjane gusinja"}]},{"@type":"WebSite","@id":"https:\/\/sandzakpress.net\/arhiva\/#website","url":"https:\/\/sandzakpress.net\/arhiva\/","name":"Sand\u017eak PRESS","description":"Prve elektronske novine u Sand\u017eaku","publisher":{"@id":"https:\/\/sandzakpress.net\/arhiva\/#\/schema\/person\/6e72b67d6e51910a1117b3b483ba20bd"},"potentialAction":[{"@type":"SearchAction","target":{"@type":"EntryPoint","urlTemplate":"https:\/\/sandzakpress.net\/arhiva\/?s={search_term_string}"},"query-input":{"@type":"PropertyValueSpecification","valueRequired":true,"valueName":"search_term_string"}}],"inLanguage":"bs-BA"},{"@type":["Person","Organization"],"@id":"https:\/\/sandzakpress.net\/arhiva\/#\/schema\/person\/6e72b67d6e51910a1117b3b483ba20bd","name":"Kul","image":{"@type":"ImageObject","inLanguage":"bs-BA","@id":"https:\/\/sandzakpress.net\/arhiva\/#\/schema\/person\/image\/","url":"https:\/\/secure.gravatar.com\/avatar\/42263f39aa27ac04c43cab85c280eb2e?s=96&d=mm&r=pg","contentUrl":"https:\/\/secure.gravatar.com\/avatar\/42263f39aa27ac04c43cab85c280eb2e?s=96&d=mm&r=pg","caption":"Kul"},"logo":{"@id":"https:\/\/sandzakpress.net\/arhiva\/#\/schema\/person\/image\/"}},{"@type":"Person","@id":"https:\/\/sandzakpress.net\/arhiva\/#\/schema\/person\/c8baee722073534b583ea7bdb2e36c02","name":"bosniak","image":{"@type":"ImageObject","inLanguage":"bs-BA","@id":"https:\/\/sandzakpress.net\/arhiva\/#\/schema\/person\/image\/","url":"https:\/\/secure.gravatar.com\/avatar\/a04fd330bfe3a36a72a0ad4a6d89fca7?s=96&d=mm&r=pg","contentUrl":"https:\/\/secure.gravatar.com\/avatar\/a04fd330bfe3a36a72a0ad4a6d89fca7?s=96&d=mm&r=pg","caption":"bosniak"},"url":"https:\/\/sandzakpress.net\/arhiva\/author\/bosniak\/"}]}},"_links":{"self":[{"href":"https:\/\/sandzakpress.net\/arhiva\/wp-json\/wp\/v2\/posts\/98150"}],"collection":[{"href":"https:\/\/sandzakpress.net\/arhiva\/wp-json\/wp\/v2\/posts"}],"about":[{"href":"https:\/\/sandzakpress.net\/arhiva\/wp-json\/wp\/v2\/types\/post"}],"author":[{"embeddable":true,"href":"https:\/\/sandzakpress.net\/arhiva\/wp-json\/wp\/v2\/users\/83"}],"replies":[{"embeddable":true,"href":"https:\/\/sandzakpress.net\/arhiva\/wp-json\/wp\/v2\/comments?post=98150"}],"version-history":[{"count":0,"href":"https:\/\/sandzakpress.net\/arhiva\/wp-json\/wp\/v2\/posts\/98150\/revisions"}],"wp:featuredmedia":[{"embeddable":true,"href":"https:\/\/sandzakpress.net\/arhiva\/wp-json\/wp\/v2\/media\/98151"}],"wp:attachment":[{"href":"https:\/\/sandzakpress.net\/arhiva\/wp-json\/wp\/v2\/media?parent=98150"}],"wp:term":[{"taxonomy":"category","embeddable":true,"href":"https:\/\/sandzakpress.net\/arhiva\/wp-json\/wp\/v2\/categories?post=98150"},{"taxonomy":"post_tag","embeddable":true,"href":"https:\/\/sandzakpress.net\/arhiva\/wp-json\/wp\/v2\/tags?post=98150"}],"curies":[{"name":"wp","href":"https:\/\/api.w.org\/{rel}","templated":true}]}}