{"id":98144,"date":"2013-12-16T19:59:35","date_gmt":"2013-12-16T18:59:35","guid":{"rendered":"https:\/\/sandzakpress.net\/arhiva\/?p=98144"},"modified":"2013-12-16T19:59:35","modified_gmt":"2013-12-16T18:59:35","slug":"bosnjacka-stranka-osuduje-napad-na-prostorije-hgi","status":"publish","type":"post","link":"https:\/\/sandzakpress.net\/arhiva\/bosnjacka-stranka-osuduje-napad-na-prostorije-hgi\/","title":{"rendered":"Bo\u0161nja\u010dka stranka osu\u0111uje napad na prostorije HGI"},"content":{"rendered":"<p><strong><a href=\"https:\/\/sandzakpress.net\/arhiva\/wp-content\/uploads\/2013\/12\/\u043f\u0440\u0435\u0443\u0437\u0438\u043c\u0430\u045a\u04352.jpg\"><img loading=\"lazy\" decoding=\"async\" class=\"alignleft size-medium wp-image-98145\" alt=\"\u043f\u0440\u0435\u0443\u0437\u0438\u043c\u0430\u045a\u0435\" src=\"https:\/\/sandzakpress.net\/arhiva\/wp-content\/uploads\/2013\/12\/\u043f\u0440\u0435\u0443\u0437\u0438\u043c\u0430\u045a\u04352-300x167.jpg\" width=\"300\" height=\"167\" srcset=\"https:\/\/sandzakpress.net\/arhiva\/wp-content\/uploads\/2013\/12\/\u043f\u0440\u0435\u0443\u0437\u0438\u043c\u0430\u045a\u04352-300x167.jpg 300w, https:\/\/sandzakpress.net\/arhiva\/wp-content\/uploads\/2013\/12\/\u043f\u0440\u0435\u0443\u0437\u0438\u043c\u0430\u045a\u04352.jpg 301w\" sizes=\"(max-width: 300px) 100vw, 300px\" \/><\/a>Ro\u017eaje &#8211; Bo\u0161nja\u010dka stranka o\u0161tro osu\u0111uje vandalski \u010din na prostorije Hrvatske gra\u0111anske inicijative, koji se desio sino\u0107 u centru Tivta.<\/strong><\/p>\n<p>Naime, nepoznati po\u010dinioci su sino\u0107 kamenjem razbili dva velika stakla na strana\u010dkim prostorijama Hrvatske gra\u0111anske inicijative, jedine hrvatske stranke u Crnoj Gori. Ovo je ve\u0107 drugi sli\u010dan napad na prostorije HGI u proteklih godinu dana, a u me\u0111uvremenu bilo je i nekoliko slu\u010dajeva napada na privatnu imovinu funkcionera te stranke.<\/p>\n<p>Bo\u0161nja\u010dka stranka osu\u0111uje ovakve akte i zahtjeva od nadle\u017enih organa da \u0161to prije otkrije po\u010dinioce nedjela i apeluje na me\u0111usobnu toleranciju, mir, su\u017eivot, nediskriminaciju i uva\u017eavanje me\u0111usobnih razlika.<\/p>\n<p>Ljudska i manjinska prava temeljna su vrijednost na kojoj se, pored vladavine prava i socijalne pravde, na\u010dela gra\u0111anske demokratije i na putu ka evropskim principima i vrijednostima, treba zasnivati Crna Gora i njeni gra\u0111ani.<\/p>\n<p>(BSCG)<\/p>\n","protected":false},"excerpt":{"rendered":"<p>Ro\u017eaje &#8211; Bo\u0161nja\u010dka stranka o\u0161tro osu\u0111uje vandalski \u010din na prostorije Hrvatske gra\u0111anske inicijative, koji se desio sino\u0107 u centru Tivta. Naime, nepoznati po\u010dinioci su sino\u0107 kamenjem razbili dva velika stakla na strana\u010dkim prostorijama Hrvatske gra\u0111anske inicijative, jedine hrvatske stranke u Crnoj Gori. Ovo je ve\u0107 drugi sli\u010dan napad na prostorije HGI u proteklih godinu dana, [&hellip;]<\/p>\n","protected":false},"author":83,"featured_media":98146,"comment_status":"open","ping_status":"open","sticky":false,"template":"","format":"standard","meta":{"footnotes":""},"categories":[398,1],"tags":[],"class_list":{"0":"post-98144","1":"post","2":"type-post","3":"status-publish","4":"format-standard","5":"has-post-thumbnail","7":"category-rozaje","8":"category-politika"},"yoast_head":"<!-- This site is optimized with the Yoast SEO Premium plugin v23.1 (Yoast SEO v24.9) - https:\/\/yoast.com\/wordpress\/plugins\/seo\/ -->\n<title>Bo\u0161nja\u010dka stranka osu\u0111uje napad na prostorije HGI<\/title>\n<meta name=\"robots\" content=\"index, follow, max-snippet:-1, max-image-preview:large, max-video-preview:-1\" \/>\n<link rel=\"canonical\" href=\"https:\/\/sandzakpress.net\/arhiva\/bosnjacka-stranka-osuduje-napad-na-prostorije-hgi\/\" \/>\n<meta property=\"og:locale\" content=\"bs_BA\" \/>\n<meta property=\"og:type\" content=\"article\" \/>\n<meta property=\"og:title\" content=\"Bo\u0161nja\u010dka stranka osu\u0111uje napad na prostorije HGI\" \/>\n<meta property=\"og:description\" content=\"Ro\u017eaje &#8211; Bo\u0161nja\u010dka stranka o\u0161tro osu\u0111uje vandalski \u010din na prostorije Hrvatske gra\u0111anske inicijative, koji se desio sino\u0107 u centru Tivta. Naime, nepoznati po\u010dinioci su sino\u0107 kamenjem razbili dva velika stakla na strana\u010dkim prostorijama Hrvatske gra\u0111anske inicijative, jedine hrvatske stranke u Crnoj Gori. Ovo je ve\u0107 drugi sli\u010dan napad na prostorije HGI u proteklih godinu dana, [&hellip;]\" \/>\n<meta property=\"og:url\" content=\"https:\/\/sandzakpress.net\/arhiva\/bosnjacka-stranka-osuduje-napad-na-prostorije-hgi\/\" \/>\n<meta property=\"og:site_name\" content=\"Sand\u017eak PRESS\" \/>\n<meta property=\"article:published_time\" content=\"2013-12-16T18:59:35+00:00\" \/>\n<meta property=\"og:image\" content=\"https:\/\/sandzakpress.net\/arhiva\/wp-content\/uploads\/2013\/12\/\u043f\u0440\u0435\u0443\u0437\u0438\u043c\u0430\u045a\u04352-300x1671.jpg\" \/>\n\t<meta property=\"og:image:width\" content=\"300\" \/>\n\t<meta property=\"og:image:height\" content=\"167\" \/>\n\t<meta property=\"og:image:type\" content=\"image\/jpeg\" \/>\n<meta name=\"author\" content=\"bosniak\" \/>\n<meta name=\"twitter:card\" content=\"summary_large_image\" \/>\n<meta name=\"twitter:label1\" content=\"Written by\" \/>\n\t<meta name=\"twitter:data1\" content=\"bosniak\" \/>\n\t<meta name=\"twitter:label2\" content=\"Est. reading time\" \/>\n\t<meta name=\"twitter:data2\" content=\"1 minuta\" \/>\n<script type=\"application\/ld+json\" class=\"yoast-schema-graph\">{\"@context\":\"https:\/\/schema.org\",\"@graph\":[{\"@type\":\"Article\",\"@id\":\"https:\/\/sandzakpress.net\/arhiva\/bosnjacka-stranka-osuduje-napad-na-prostorije-hgi\/#article\",\"isPartOf\":{\"@id\":\"https:\/\/sandzakpress.net\/arhiva\/bosnjacka-stranka-osuduje-napad-na-prostorije-hgi\/\"},\"author\":{\"name\":\"bosniak\",\"@id\":\"https:\/\/sandzakpress.net\/arhiva\/#\/schema\/person\/c8baee722073534b583ea7bdb2e36c02\"},\"headline\":\"Bo\u0161nja\u010dka stranka osu\u0111uje napad na prostorije HGI\",\"datePublished\":\"2013-12-16T18:59:35+00:00\",\"mainEntityOfPage\":{\"@id\":\"https:\/\/sandzakpress.net\/arhiva\/bosnjacka-stranka-osuduje-napad-na-prostorije-hgi\/\"},\"wordCount\":167,\"commentCount\":0,\"publisher\":{\"@id\":\"https:\/\/sandzakpress.net\/arhiva\/#\/schema\/person\/6e72b67d6e51910a1117b3b483ba20bd\"},\"image\":{\"@id\":\"https:\/\/sandzakpress.net\/arhiva\/bosnjacka-stranka-osuduje-napad-na-prostorije-hgi\/#primaryimage\"},\"thumbnailUrl\":\"https:\/\/sandzakpress.net\/arhiva\/wp-content\/uploads\/2013\/12\/\u043f\u0440\u0435\u0443\u0437\u0438\u043c\u0430\u045a\u04352-300x1671.jpg\",\"articleSection\":[\"Ro\u017eaje\",\"Politika\"],\"inLanguage\":\"bs-BA\",\"potentialAction\":[{\"@type\":\"CommentAction\",\"name\":\"Comment\",\"target\":[\"https:\/\/sandzakpress.net\/arhiva\/bosnjacka-stranka-osuduje-napad-na-prostorije-hgi\/#respond\"]}]},{\"@type\":\"WebPage\",\"@id\":\"https:\/\/sandzakpress.net\/arhiva\/bosnjacka-stranka-osuduje-napad-na-prostorije-hgi\/\",\"url\":\"https:\/\/sandzakpress.net\/arhiva\/bosnjacka-stranka-osuduje-napad-na-prostorije-hgi\/\",\"name\":\"Bo\u0161nja\u010dka stranka osu\u0111uje napad na prostorije HGI\",\"isPartOf\":{\"@id\":\"https:\/\/sandzakpress.net\/arhiva\/#website\"},\"primaryImageOfPage\":{\"@id\":\"https:\/\/sandzakpress.net\/arhiva\/bosnjacka-stranka-osuduje-napad-na-prostorije-hgi\/#primaryimage\"},\"image\":{\"@id\":\"https:\/\/sandzakpress.net\/arhiva\/bosnjacka-stranka-osuduje-napad-na-prostorije-hgi\/#primaryimage\"},\"thumbnailUrl\":\"https:\/\/sandzakpress.net\/arhiva\/wp-content\/uploads\/2013\/12\/\u043f\u0440\u0435\u0443\u0437\u0438\u043c\u0430\u045a\u04352-300x1671.jpg\",\"datePublished\":\"2013-12-16T18:59:35+00:00\",\"breadcrumb\":{\"@id\":\"https:\/\/sandzakpress.net\/arhiva\/bosnjacka-stranka-osuduje-napad-na-prostorije-hgi\/#breadcrumb\"},\"inLanguage\":\"bs-BA\",\"potentialAction\":[{\"@type\":\"ReadAction\",\"target\":[\"https:\/\/sandzakpress.net\/arhiva\/bosnjacka-stranka-osuduje-napad-na-prostorije-hgi\/\"]}]},{\"@type\":\"ImageObject\",\"inLanguage\":\"bs-BA\",\"@id\":\"https:\/\/sandzakpress.net\/arhiva\/bosnjacka-stranka-osuduje-napad-na-prostorije-hgi\/#primaryimage\",\"url\":\"https:\/\/sandzakpress.net\/arhiva\/wp-content\/uploads\/2013\/12\/\u043f\u0440\u0435\u0443\u0437\u0438\u043c\u0430\u045a\u04352-300x1671.jpg\",\"contentUrl\":\"https:\/\/sandzakpress.net\/arhiva\/wp-content\/uploads\/2013\/12\/\u043f\u0440\u0435\u0443\u0437\u0438\u043c\u0430\u045a\u04352-300x1671.jpg\",\"width\":300,\"height\":167},{\"@type\":\"BreadcrumbList\",\"@id\":\"https:\/\/sandzakpress.net\/arhiva\/bosnjacka-stranka-osuduje-napad-na-prostorije-hgi\/#breadcrumb\",\"itemListElement\":[{\"@type\":\"ListItem\",\"position\":1,\"name\":\"Home\",\"item\":\"https:\/\/sandzakpress.net\/arhiva\/\"},{\"@type\":\"ListItem\",\"position\":2,\"name\":\"Bo\u0161nja\u010dka stranka osu\u0111uje napad na prostorije HGI\"}]},{\"@type\":\"WebSite\",\"@id\":\"https:\/\/sandzakpress.net\/arhiva\/#website\",\"url\":\"https:\/\/sandzakpress.net\/arhiva\/\",\"name\":\"Sand\u017eak PRESS\",\"description\":\"Prve elektronske novine u Sand\u017eaku\",\"publisher\":{\"@id\":\"https:\/\/sandzakpress.net\/arhiva\/#\/schema\/person\/6e72b67d6e51910a1117b3b483ba20bd\"},\"potentialAction\":[{\"@type\":\"SearchAction\",\"target\":{\"@type\":\"EntryPoint\",\"urlTemplate\":\"https:\/\/sandzakpress.net\/arhiva\/?s={search_term_string}\"},\"query-input\":{\"@type\":\"PropertyValueSpecification\",\"valueRequired\":true,\"valueName\":\"search_term_string\"}}],\"inLanguage\":\"bs-BA\"},{\"@type\":[\"Person\",\"Organization\"],\"@id\":\"https:\/\/sandzakpress.net\/arhiva\/#\/schema\/person\/6e72b67d6e51910a1117b3b483ba20bd\",\"name\":\"Kul\",\"image\":{\"@type\":\"ImageObject\",\"inLanguage\":\"bs-BA\",\"@id\":\"https:\/\/sandzakpress.net\/arhiva\/#\/schema\/person\/image\/\",\"url\":\"https:\/\/secure.gravatar.com\/avatar\/42263f39aa27ac04c43cab85c280eb2e?s=96&d=mm&r=pg\",\"contentUrl\":\"https:\/\/secure.gravatar.com\/avatar\/42263f39aa27ac04c43cab85c280eb2e?s=96&d=mm&r=pg\",\"caption\":\"Kul\"},\"logo\":{\"@id\":\"https:\/\/sandzakpress.net\/arhiva\/#\/schema\/person\/image\/\"}},{\"@type\":\"Person\",\"@id\":\"https:\/\/sandzakpress.net\/arhiva\/#\/schema\/person\/c8baee722073534b583ea7bdb2e36c02\",\"name\":\"bosniak\",\"image\":{\"@type\":\"ImageObject\",\"inLanguage\":\"bs-BA\",\"@id\":\"https:\/\/sandzakpress.net\/arhiva\/#\/schema\/person\/image\/\",\"url\":\"https:\/\/secure.gravatar.com\/avatar\/a04fd330bfe3a36a72a0ad4a6d89fca7?s=96&d=mm&r=pg\",\"contentUrl\":\"https:\/\/secure.gravatar.com\/avatar\/a04fd330bfe3a36a72a0ad4a6d89fca7?s=96&d=mm&r=pg\",\"caption\":\"bosniak\"},\"url\":\"https:\/\/sandzakpress.net\/arhiva\/author\/bosniak\/\"}]}<\/script>\n<!-- \/ Yoast SEO Premium plugin. -->","yoast_head_json":{"title":"Bo\u0161nja\u010dka stranka osu\u0111uje napad na prostorije HGI","robots":{"index":"index","follow":"follow","max-snippet":"max-snippet:-1","max-image-preview":"max-image-preview:large","max-video-preview":"max-video-preview:-1"},"canonical":"https:\/\/sandzakpress.net\/arhiva\/bosnjacka-stranka-osuduje-napad-na-prostorije-hgi\/","og_locale":"bs_BA","og_type":"article","og_title":"Bo\u0161nja\u010dka stranka osu\u0111uje napad na prostorije HGI","og_description":"Ro\u017eaje &#8211; Bo\u0161nja\u010dka stranka o\u0161tro osu\u0111uje vandalski \u010din na prostorije Hrvatske gra\u0111anske inicijative, koji se desio sino\u0107 u centru Tivta. Naime, nepoznati po\u010dinioci su sino\u0107 kamenjem razbili dva velika stakla na strana\u010dkim prostorijama Hrvatske gra\u0111anske inicijative, jedine hrvatske stranke u Crnoj Gori. Ovo je ve\u0107 drugi sli\u010dan napad na prostorije HGI u proteklih godinu dana, [&hellip;]","og_url":"https:\/\/sandzakpress.net\/arhiva\/bosnjacka-stranka-osuduje-napad-na-prostorije-hgi\/","og_site_name":"Sand\u017eak PRESS","article_published_time":"2013-12-16T18:59:35+00:00","og_image":[{"width":300,"height":167,"url":"https:\/\/sandzakpress.net\/arhiva\/wp-content\/uploads\/2013\/12\/\u043f\u0440\u0435\u0443\u0437\u0438\u043c\u0430\u045a\u04352-300x1671.jpg","type":"image\/jpeg"}],"author":"bosniak","twitter_card":"summary_large_image","twitter_misc":{"Written by":"bosniak","Est. reading time":"1 minuta"},"schema":{"@context":"https:\/\/schema.org","@graph":[{"@type":"Article","@id":"https:\/\/sandzakpress.net\/arhiva\/bosnjacka-stranka-osuduje-napad-na-prostorije-hgi\/#article","isPartOf":{"@id":"https:\/\/sandzakpress.net\/arhiva\/bosnjacka-stranka-osuduje-napad-na-prostorije-hgi\/"},"author":{"name":"bosniak","@id":"https:\/\/sandzakpress.net\/arhiva\/#\/schema\/person\/c8baee722073534b583ea7bdb2e36c02"},"headline":"Bo\u0161nja\u010dka stranka osu\u0111uje napad na prostorije HGI","datePublished":"2013-12-16T18:59:35+00:00","mainEntityOfPage":{"@id":"https:\/\/sandzakpress.net\/arhiva\/bosnjacka-stranka-osuduje-napad-na-prostorije-hgi\/"},"wordCount":167,"commentCount":0,"publisher":{"@id":"https:\/\/sandzakpress.net\/arhiva\/#\/schema\/person\/6e72b67d6e51910a1117b3b483ba20bd"},"image":{"@id":"https:\/\/sandzakpress.net\/arhiva\/bosnjacka-stranka-osuduje-napad-na-prostorije-hgi\/#primaryimage"},"thumbnailUrl":"https:\/\/sandzakpress.net\/arhiva\/wp-content\/uploads\/2013\/12\/\u043f\u0440\u0435\u0443\u0437\u0438\u043c\u0430\u045a\u04352-300x1671.jpg","articleSection":["Ro\u017eaje","Politika"],"inLanguage":"bs-BA","potentialAction":[{"@type":"CommentAction","name":"Comment","target":["https:\/\/sandzakpress.net\/arhiva\/bosnjacka-stranka-osuduje-napad-na-prostorije-hgi\/#respond"]}]},{"@type":"WebPage","@id":"https:\/\/sandzakpress.net\/arhiva\/bosnjacka-stranka-osuduje-napad-na-prostorije-hgi\/","url":"https:\/\/sandzakpress.net\/arhiva\/bosnjacka-stranka-osuduje-napad-na-prostorije-hgi\/","name":"Bo\u0161nja\u010dka stranka osu\u0111uje napad na prostorije HGI","isPartOf":{"@id":"https:\/\/sandzakpress.net\/arhiva\/#website"},"primaryImageOfPage":{"@id":"https:\/\/sandzakpress.net\/arhiva\/bosnjacka-stranka-osuduje-napad-na-prostorije-hgi\/#primaryimage"},"image":{"@id":"https:\/\/sandzakpress.net\/arhiva\/bosnjacka-stranka-osuduje-napad-na-prostorije-hgi\/#primaryimage"},"thumbnailUrl":"https:\/\/sandzakpress.net\/arhiva\/wp-content\/uploads\/2013\/12\/\u043f\u0440\u0435\u0443\u0437\u0438\u043c\u0430\u045a\u04352-300x1671.jpg","datePublished":"2013-12-16T18:59:35+00:00","breadcrumb":{"@id":"https:\/\/sandzakpress.net\/arhiva\/bosnjacka-stranka-osuduje-napad-na-prostorije-hgi\/#breadcrumb"},"inLanguage":"bs-BA","potentialAction":[{"@type":"ReadAction","target":["https:\/\/sandzakpress.net\/arhiva\/bosnjacka-stranka-osuduje-napad-na-prostorije-hgi\/"]}]},{"@type":"ImageObject","inLanguage":"bs-BA","@id":"https:\/\/sandzakpress.net\/arhiva\/bosnjacka-stranka-osuduje-napad-na-prostorije-hgi\/#primaryimage","url":"https:\/\/sandzakpress.net\/arhiva\/wp-content\/uploads\/2013\/12\/\u043f\u0440\u0435\u0443\u0437\u0438\u043c\u0430\u045a\u04352-300x1671.jpg","contentUrl":"https:\/\/sandzakpress.net\/arhiva\/wp-content\/uploads\/2013\/12\/\u043f\u0440\u0435\u0443\u0437\u0438\u043c\u0430\u045a\u04352-300x1671.jpg","width":300,"height":167},{"@type":"BreadcrumbList","@id":"https:\/\/sandzakpress.net\/arhiva\/bosnjacka-stranka-osuduje-napad-na-prostorije-hgi\/#breadcrumb","itemListElement":[{"@type":"ListItem","position":1,"name":"Home","item":"https:\/\/sandzakpress.net\/arhiva\/"},{"@type":"ListItem","position":2,"name":"Bo\u0161nja\u010dka stranka osu\u0111uje napad na prostorije HGI"}]},{"@type":"WebSite","@id":"https:\/\/sandzakpress.net\/arhiva\/#website","url":"https:\/\/sandzakpress.net\/arhiva\/","name":"Sand\u017eak PRESS","description":"Prve elektronske novine u Sand\u017eaku","publisher":{"@id":"https:\/\/sandzakpress.net\/arhiva\/#\/schema\/person\/6e72b67d6e51910a1117b3b483ba20bd"},"potentialAction":[{"@type":"SearchAction","target":{"@type":"EntryPoint","urlTemplate":"https:\/\/sandzakpress.net\/arhiva\/?s={search_term_string}"},"query-input":{"@type":"PropertyValueSpecification","valueRequired":true,"valueName":"search_term_string"}}],"inLanguage":"bs-BA"},{"@type":["Person","Organization"],"@id":"https:\/\/sandzakpress.net\/arhiva\/#\/schema\/person\/6e72b67d6e51910a1117b3b483ba20bd","name":"Kul","image":{"@type":"ImageObject","inLanguage":"bs-BA","@id":"https:\/\/sandzakpress.net\/arhiva\/#\/schema\/person\/image\/","url":"https:\/\/secure.gravatar.com\/avatar\/42263f39aa27ac04c43cab85c280eb2e?s=96&d=mm&r=pg","contentUrl":"https:\/\/secure.gravatar.com\/avatar\/42263f39aa27ac04c43cab85c280eb2e?s=96&d=mm&r=pg","caption":"Kul"},"logo":{"@id":"https:\/\/sandzakpress.net\/arhiva\/#\/schema\/person\/image\/"}},{"@type":"Person","@id":"https:\/\/sandzakpress.net\/arhiva\/#\/schema\/person\/c8baee722073534b583ea7bdb2e36c02","name":"bosniak","image":{"@type":"ImageObject","inLanguage":"bs-BA","@id":"https:\/\/sandzakpress.net\/arhiva\/#\/schema\/person\/image\/","url":"https:\/\/secure.gravatar.com\/avatar\/a04fd330bfe3a36a72a0ad4a6d89fca7?s=96&d=mm&r=pg","contentUrl":"https:\/\/secure.gravatar.com\/avatar\/a04fd330bfe3a36a72a0ad4a6d89fca7?s=96&d=mm&r=pg","caption":"bosniak"},"url":"https:\/\/sandzakpress.net\/arhiva\/author\/bosniak\/"}]}},"_links":{"self":[{"href":"https:\/\/sandzakpress.net\/arhiva\/wp-json\/wp\/v2\/posts\/98144"}],"collection":[{"href":"https:\/\/sandzakpress.net\/arhiva\/wp-json\/wp\/v2\/posts"}],"about":[{"href":"https:\/\/sandzakpress.net\/arhiva\/wp-json\/wp\/v2\/types\/post"}],"author":[{"embeddable":true,"href":"https:\/\/sandzakpress.net\/arhiva\/wp-json\/wp\/v2\/users\/83"}],"replies":[{"embeddable":true,"href":"https:\/\/sandzakpress.net\/arhiva\/wp-json\/wp\/v2\/comments?post=98144"}],"version-history":[{"count":0,"href":"https:\/\/sandzakpress.net\/arhiva\/wp-json\/wp\/v2\/posts\/98144\/revisions"}],"wp:featuredmedia":[{"embeddable":true,"href":"https:\/\/sandzakpress.net\/arhiva\/wp-json\/wp\/v2\/media\/98146"}],"wp:attachment":[{"href":"https:\/\/sandzakpress.net\/arhiva\/wp-json\/wp\/v2\/media?parent=98144"}],"wp:term":[{"taxonomy":"category","embeddable":true,"href":"https:\/\/sandzakpress.net\/arhiva\/wp-json\/wp\/v2\/categories?post=98144"},{"taxonomy":"post_tag","embeddable":true,"href":"https:\/\/sandzakpress.net\/arhiva\/wp-json\/wp\/v2\/tags?post=98144"}],"curies":[{"name":"wp","href":"https:\/\/api.w.org\/{rel}","templated":true}]}}