{"id":98114,"date":"2013-12-16T14:24:19","date_gmt":"2013-12-16T13:24:19","guid":{"rendered":"https:\/\/sandzakpress.net\/arhiva\/?p=98114"},"modified":"2013-12-16T15:20:08","modified_gmt":"2013-12-16T14:20:08","slug":"kidnapovana-djevojcica-u-novom-pazaru","status":"publish","type":"post","link":"https:\/\/sandzakpress.net\/arhiva\/kidnapovana-djevojcica-u-novom-pazaru\/","title":{"rendered":"Kidnapovana djevoj\u010dica u Novom Pazaru &#8211; Otmi\u010dari tra\u017ee otkup"},"content":{"rendered":"<p><strong><img loading=\"lazy\" decoding=\"async\" class=\"size-full wp-image-98115 alignleft\" alt=\"kidnapovanje-300x200\" src=\"https:\/\/sandzakpress.net\/arhiva\/wp-content\/uploads\/2013\/12\/kidnapovanje-300x200.jpg\" width=\"300\" height=\"200\" \/>Novi Pazar &#8211; Novopazarskoj policiji prijavljen je nestanak \u010detrnaestogodi\u0161nje djevoj\u010dice B.M. (13) iz naselja \u0160utenovac. Za njom policija traga od ju\u010de.<\/strong><\/p>\n<p>Kako nezvani\u010dno saznajemo, devoj\u010dica je u nedelju u prepodnevnim satima poslednji put vi\u0111ena u blizini autobuske stanice.<\/p>\n<p>-Radimo na pronalasku djevoj\u010dice \u010diji je nestanak prijavljen. Imamo neka saznanja koja provjeravamo. U cilju istrage ne mo\u017eemo saop\u0161tavati vi\u0161e informacija, re\u010deno nam je u Policijskoj upravi.<\/p>\n<p>Kako je za medije rekao brat nestale djevoj\u010dice Samir B. ona je taksijem od ku\u0107e oti\u0161la do autobuske stanice a potom se, kako je rekao, zaputila za Beograd. Nakon toga, njemu je sa sestrinog telefona stigla SMS poruka u kojoj je tra\u017een novac za njen otkup.<\/p>\n<p>-Nikoga nemamo u Beogradu i nije nam poznato za\u0161to je oti\u0161la tamo. Siguran sam da postoji neko ko je ubijedio da ode tamo i sada je dr\u017ei i tra\u017ei otkup od nas, rekao je Samir B. za Regionalnu televiziju.<\/p>\n<p>On je dodao da je sestrin telefon nedostupan i da od ju\u010de nisu u kontaktu sa njom.<\/p>\n<p>&nbsp;<\/p>\n<p><span style=\"color: #444444; font-family: Arial, Helvetica, sans-serif; line-height: 23px; background-color: #ffffff;\">\u00a0<\/span><\/p>\n","protected":false},"excerpt":{"rendered":"<p>Novi Pazar &#8211; Novopazarskoj policiji prijavljen je nestanak \u010detrnaestogodi\u0161nje djevoj\u010dice B.M. (13) iz naselja \u0160utenovac. Za njom policija traga od ju\u010de. Kako nezvani\u010dno saznajemo, devoj\u010dica je u nedelju u prepodnevnim satima poslednji put vi\u0111ena u blizini autobuske stanice. -Radimo na pronalasku djevoj\u010dice \u010diji je nestanak prijavljen. Imamo neka saznanja koja provjeravamo. U cilju istrage ne [&hellip;]<\/p>\n","protected":false},"author":83,"featured_media":98115,"comment_status":"open","ping_status":"open","sticky":false,"template":"","format":"standard","meta":{"footnotes":""},"categories":[72,801,8957],"tags":[10281],"class_list":{"0":"post-98114","1":"post","2":"type-post","3":"status-publish","4":"format-standard","5":"has-post-thumbnail","7":"category-novi-pazar","8":"category-crna_hronika","9":"category-vijesti-dana","10":"tag-razbojnistvo-u-sandzaku"},"yoast_head":"<!-- This site is optimized with the Yoast SEO Premium plugin v23.1 (Yoast SEO v24.9) - https:\/\/yoast.com\/wordpress\/plugins\/seo\/ -->\n<title>Kidnapovana djevoj\u010dica u Novom Pazaru - Otmi\u010dari tra\u017ee otkup<\/title>\n<meta name=\"robots\" content=\"index, follow, max-snippet:-1, max-image-preview:large, max-video-preview:-1\" \/>\n<link rel=\"canonical\" href=\"https:\/\/sandzakpress.net\/arhiva\/kidnapovana-djevojcica-u-novom-pazaru\/\" \/>\n<meta property=\"og:locale\" content=\"bs_BA\" \/>\n<meta property=\"og:type\" content=\"article\" \/>\n<meta property=\"og:title\" content=\"Kidnapovana djevoj\u010dica u Novom Pazaru - Otmi\u010dari tra\u017ee otkup\" \/>\n<meta property=\"og:description\" content=\"Novi Pazar &#8211; Novopazarskoj policiji prijavljen je nestanak \u010detrnaestogodi\u0161nje djevoj\u010dice B.M. (13) iz naselja \u0160utenovac. Za njom policija traga od ju\u010de. Kako nezvani\u010dno saznajemo, devoj\u010dica je u nedelju u prepodnevnim satima poslednji put vi\u0111ena u blizini autobuske stanice. -Radimo na pronalasku djevoj\u010dice \u010diji je nestanak prijavljen. Imamo neka saznanja koja provjeravamo. U cilju istrage ne [&hellip;]\" \/>\n<meta property=\"og:url\" content=\"https:\/\/sandzakpress.net\/arhiva\/kidnapovana-djevojcica-u-novom-pazaru\/\" \/>\n<meta property=\"og:site_name\" content=\"Sand\u017eak PRESS\" \/>\n<meta property=\"article:published_time\" content=\"2013-12-16T13:24:19+00:00\" \/>\n<meta property=\"article:modified_time\" content=\"2013-12-16T14:20:08+00:00\" \/>\n<meta property=\"og:image\" content=\"https:\/\/sandzakpress.net\/arhiva\/wp-content\/uploads\/2013\/12\/kidnapovanje-300x200.jpg\" \/>\n\t<meta property=\"og:image:width\" content=\"300\" \/>\n\t<meta property=\"og:image:height\" content=\"200\" \/>\n\t<meta property=\"og:image:type\" content=\"image\/jpeg\" \/>\n<meta name=\"author\" content=\"bosniak\" \/>\n<meta name=\"twitter:card\" content=\"summary_large_image\" \/>\n<meta name=\"twitter:label1\" content=\"Written by\" \/>\n\t<meta name=\"twitter:data1\" content=\"bosniak\" \/>\n\t<meta name=\"twitter:label2\" content=\"Est. reading time\" \/>\n\t<meta name=\"twitter:data2\" content=\"1 minuta\" \/>\n<script type=\"application\/ld+json\" class=\"yoast-schema-graph\">{\"@context\":\"https:\/\/schema.org\",\"@graph\":[{\"@type\":\"Article\",\"@id\":\"https:\/\/sandzakpress.net\/arhiva\/kidnapovana-djevojcica-u-novom-pazaru\/#article\",\"isPartOf\":{\"@id\":\"https:\/\/sandzakpress.net\/arhiva\/kidnapovana-djevojcica-u-novom-pazaru\/\"},\"author\":{\"name\":\"bosniak\",\"@id\":\"https:\/\/sandzakpress.net\/arhiva\/#\/schema\/person\/c8baee722073534b583ea7bdb2e36c02\"},\"headline\":\"Kidnapovana djevoj\u010dica u Novom Pazaru &#8211; Otmi\u010dari tra\u017ee otkup\",\"datePublished\":\"2013-12-16T13:24:19+00:00\",\"dateModified\":\"2013-12-16T14:20:08+00:00\",\"mainEntityOfPage\":{\"@id\":\"https:\/\/sandzakpress.net\/arhiva\/kidnapovana-djevojcica-u-novom-pazaru\/\"},\"wordCount\":200,\"commentCount\":17,\"publisher\":{\"@id\":\"https:\/\/sandzakpress.net\/arhiva\/#\/schema\/person\/6e72b67d6e51910a1117b3b483ba20bd\"},\"image\":{\"@id\":\"https:\/\/sandzakpress.net\/arhiva\/kidnapovana-djevojcica-u-novom-pazaru\/#primaryimage\"},\"thumbnailUrl\":\"https:\/\/sandzakpress.net\/arhiva\/wp-content\/uploads\/2013\/12\/kidnapovanje-300x200.jpg\",\"keywords\":[\"problemi u Sand\u017eaku\"],\"articleSection\":[\"Novi Pazar\",\"Hronika\",\"VIJESTI DANA\"],\"inLanguage\":\"bs-BA\",\"potentialAction\":[{\"@type\":\"CommentAction\",\"name\":\"Comment\",\"target\":[\"https:\/\/sandzakpress.net\/arhiva\/kidnapovana-djevojcica-u-novom-pazaru\/#respond\"]}]},{\"@type\":\"WebPage\",\"@id\":\"https:\/\/sandzakpress.net\/arhiva\/kidnapovana-djevojcica-u-novom-pazaru\/\",\"url\":\"https:\/\/sandzakpress.net\/arhiva\/kidnapovana-djevojcica-u-novom-pazaru\/\",\"name\":\"Kidnapovana djevoj\u010dica u Novom Pazaru - Otmi\u010dari tra\u017ee otkup\",\"isPartOf\":{\"@id\":\"https:\/\/sandzakpress.net\/arhiva\/#website\"},\"primaryImageOfPage\":{\"@id\":\"https:\/\/sandzakpress.net\/arhiva\/kidnapovana-djevojcica-u-novom-pazaru\/#primaryimage\"},\"image\":{\"@id\":\"https:\/\/sandzakpress.net\/arhiva\/kidnapovana-djevojcica-u-novom-pazaru\/#primaryimage\"},\"thumbnailUrl\":\"https:\/\/sandzakpress.net\/arhiva\/wp-content\/uploads\/2013\/12\/kidnapovanje-300x200.jpg\",\"datePublished\":\"2013-12-16T13:24:19+00:00\",\"dateModified\":\"2013-12-16T14:20:08+00:00\",\"breadcrumb\":{\"@id\":\"https:\/\/sandzakpress.net\/arhiva\/kidnapovana-djevojcica-u-novom-pazaru\/#breadcrumb\"},\"inLanguage\":\"bs-BA\",\"potentialAction\":[{\"@type\":\"ReadAction\",\"target\":[\"https:\/\/sandzakpress.net\/arhiva\/kidnapovana-djevojcica-u-novom-pazaru\/\"]}]},{\"@type\":\"ImageObject\",\"inLanguage\":\"bs-BA\",\"@id\":\"https:\/\/sandzakpress.net\/arhiva\/kidnapovana-djevojcica-u-novom-pazaru\/#primaryimage\",\"url\":\"https:\/\/sandzakpress.net\/arhiva\/wp-content\/uploads\/2013\/12\/kidnapovanje-300x200.jpg\",\"contentUrl\":\"https:\/\/sandzakpress.net\/arhiva\/wp-content\/uploads\/2013\/12\/kidnapovanje-300x200.jpg\",\"width\":300,\"height\":200},{\"@type\":\"BreadcrumbList\",\"@id\":\"https:\/\/sandzakpress.net\/arhiva\/kidnapovana-djevojcica-u-novom-pazaru\/#breadcrumb\",\"itemListElement\":[{\"@type\":\"ListItem\",\"position\":1,\"name\":\"Home\",\"item\":\"https:\/\/sandzakpress.net\/arhiva\/\"},{\"@type\":\"ListItem\",\"position\":2,\"name\":\"Kidnapovana djevoj\u010dica u Novom Pazaru &#8211; Otmi\u010dari tra\u017ee otkup\"}]},{\"@type\":\"WebSite\",\"@id\":\"https:\/\/sandzakpress.net\/arhiva\/#website\",\"url\":\"https:\/\/sandzakpress.net\/arhiva\/\",\"name\":\"Sand\u017eak PRESS\",\"description\":\"Prve elektronske novine u Sand\u017eaku\",\"publisher\":{\"@id\":\"https:\/\/sandzakpress.net\/arhiva\/#\/schema\/person\/6e72b67d6e51910a1117b3b483ba20bd\"},\"potentialAction\":[{\"@type\":\"SearchAction\",\"target\":{\"@type\":\"EntryPoint\",\"urlTemplate\":\"https:\/\/sandzakpress.net\/arhiva\/?s={search_term_string}\"},\"query-input\":{\"@type\":\"PropertyValueSpecification\",\"valueRequired\":true,\"valueName\":\"search_term_string\"}}],\"inLanguage\":\"bs-BA\"},{\"@type\":[\"Person\",\"Organization\"],\"@id\":\"https:\/\/sandzakpress.net\/arhiva\/#\/schema\/person\/6e72b67d6e51910a1117b3b483ba20bd\",\"name\":\"Kul\",\"image\":{\"@type\":\"ImageObject\",\"inLanguage\":\"bs-BA\",\"@id\":\"https:\/\/sandzakpress.net\/arhiva\/#\/schema\/person\/image\/\",\"url\":\"https:\/\/secure.gravatar.com\/avatar\/42263f39aa27ac04c43cab85c280eb2e?s=96&d=mm&r=pg\",\"contentUrl\":\"https:\/\/secure.gravatar.com\/avatar\/42263f39aa27ac04c43cab85c280eb2e?s=96&d=mm&r=pg\",\"caption\":\"Kul\"},\"logo\":{\"@id\":\"https:\/\/sandzakpress.net\/arhiva\/#\/schema\/person\/image\/\"}},{\"@type\":\"Person\",\"@id\":\"https:\/\/sandzakpress.net\/arhiva\/#\/schema\/person\/c8baee722073534b583ea7bdb2e36c02\",\"name\":\"bosniak\",\"image\":{\"@type\":\"ImageObject\",\"inLanguage\":\"bs-BA\",\"@id\":\"https:\/\/sandzakpress.net\/arhiva\/#\/schema\/person\/image\/\",\"url\":\"https:\/\/secure.gravatar.com\/avatar\/a04fd330bfe3a36a72a0ad4a6d89fca7?s=96&d=mm&r=pg\",\"contentUrl\":\"https:\/\/secure.gravatar.com\/avatar\/a04fd330bfe3a36a72a0ad4a6d89fca7?s=96&d=mm&r=pg\",\"caption\":\"bosniak\"},\"url\":\"https:\/\/sandzakpress.net\/arhiva\/author\/bosniak\/\"}]}<\/script>\n<!-- \/ Yoast SEO Premium plugin. -->","yoast_head_json":{"title":"Kidnapovana djevoj\u010dica u Novom Pazaru - Otmi\u010dari tra\u017ee otkup","robots":{"index":"index","follow":"follow","max-snippet":"max-snippet:-1","max-image-preview":"max-image-preview:large","max-video-preview":"max-video-preview:-1"},"canonical":"https:\/\/sandzakpress.net\/arhiva\/kidnapovana-djevojcica-u-novom-pazaru\/","og_locale":"bs_BA","og_type":"article","og_title":"Kidnapovana djevoj\u010dica u Novom Pazaru - Otmi\u010dari tra\u017ee otkup","og_description":"Novi Pazar &#8211; Novopazarskoj policiji prijavljen je nestanak \u010detrnaestogodi\u0161nje djevoj\u010dice B.M. (13) iz naselja \u0160utenovac. Za njom policija traga od ju\u010de. Kako nezvani\u010dno saznajemo, devoj\u010dica je u nedelju u prepodnevnim satima poslednji put vi\u0111ena u blizini autobuske stanice. -Radimo na pronalasku djevoj\u010dice \u010diji je nestanak prijavljen. Imamo neka saznanja koja provjeravamo. U cilju istrage ne [&hellip;]","og_url":"https:\/\/sandzakpress.net\/arhiva\/kidnapovana-djevojcica-u-novom-pazaru\/","og_site_name":"Sand\u017eak PRESS","article_published_time":"2013-12-16T13:24:19+00:00","article_modified_time":"2013-12-16T14:20:08+00:00","og_image":[{"width":300,"height":200,"url":"https:\/\/sandzakpress.net\/arhiva\/wp-content\/uploads\/2013\/12\/kidnapovanje-300x200.jpg","type":"image\/jpeg"}],"author":"bosniak","twitter_card":"summary_large_image","twitter_misc":{"Written by":"bosniak","Est. reading time":"1 minuta"},"schema":{"@context":"https:\/\/schema.org","@graph":[{"@type":"Article","@id":"https:\/\/sandzakpress.net\/arhiva\/kidnapovana-djevojcica-u-novom-pazaru\/#article","isPartOf":{"@id":"https:\/\/sandzakpress.net\/arhiva\/kidnapovana-djevojcica-u-novom-pazaru\/"},"author":{"name":"bosniak","@id":"https:\/\/sandzakpress.net\/arhiva\/#\/schema\/person\/c8baee722073534b583ea7bdb2e36c02"},"headline":"Kidnapovana djevoj\u010dica u Novom Pazaru &#8211; Otmi\u010dari tra\u017ee otkup","datePublished":"2013-12-16T13:24:19+00:00","dateModified":"2013-12-16T14:20:08+00:00","mainEntityOfPage":{"@id":"https:\/\/sandzakpress.net\/arhiva\/kidnapovana-djevojcica-u-novom-pazaru\/"},"wordCount":200,"commentCount":17,"publisher":{"@id":"https:\/\/sandzakpress.net\/arhiva\/#\/schema\/person\/6e72b67d6e51910a1117b3b483ba20bd"},"image":{"@id":"https:\/\/sandzakpress.net\/arhiva\/kidnapovana-djevojcica-u-novom-pazaru\/#primaryimage"},"thumbnailUrl":"https:\/\/sandzakpress.net\/arhiva\/wp-content\/uploads\/2013\/12\/kidnapovanje-300x200.jpg","keywords":["problemi u Sand\u017eaku"],"articleSection":["Novi Pazar","Hronika","VIJESTI DANA"],"inLanguage":"bs-BA","potentialAction":[{"@type":"CommentAction","name":"Comment","target":["https:\/\/sandzakpress.net\/arhiva\/kidnapovana-djevojcica-u-novom-pazaru\/#respond"]}]},{"@type":"WebPage","@id":"https:\/\/sandzakpress.net\/arhiva\/kidnapovana-djevojcica-u-novom-pazaru\/","url":"https:\/\/sandzakpress.net\/arhiva\/kidnapovana-djevojcica-u-novom-pazaru\/","name":"Kidnapovana djevoj\u010dica u Novom Pazaru - Otmi\u010dari tra\u017ee otkup","isPartOf":{"@id":"https:\/\/sandzakpress.net\/arhiva\/#website"},"primaryImageOfPage":{"@id":"https:\/\/sandzakpress.net\/arhiva\/kidnapovana-djevojcica-u-novom-pazaru\/#primaryimage"},"image":{"@id":"https:\/\/sandzakpress.net\/arhiva\/kidnapovana-djevojcica-u-novom-pazaru\/#primaryimage"},"thumbnailUrl":"https:\/\/sandzakpress.net\/arhiva\/wp-content\/uploads\/2013\/12\/kidnapovanje-300x200.jpg","datePublished":"2013-12-16T13:24:19+00:00","dateModified":"2013-12-16T14:20:08+00:00","breadcrumb":{"@id":"https:\/\/sandzakpress.net\/arhiva\/kidnapovana-djevojcica-u-novom-pazaru\/#breadcrumb"},"inLanguage":"bs-BA","potentialAction":[{"@type":"ReadAction","target":["https:\/\/sandzakpress.net\/arhiva\/kidnapovana-djevojcica-u-novom-pazaru\/"]}]},{"@type":"ImageObject","inLanguage":"bs-BA","@id":"https:\/\/sandzakpress.net\/arhiva\/kidnapovana-djevojcica-u-novom-pazaru\/#primaryimage","url":"https:\/\/sandzakpress.net\/arhiva\/wp-content\/uploads\/2013\/12\/kidnapovanje-300x200.jpg","contentUrl":"https:\/\/sandzakpress.net\/arhiva\/wp-content\/uploads\/2013\/12\/kidnapovanje-300x200.jpg","width":300,"height":200},{"@type":"BreadcrumbList","@id":"https:\/\/sandzakpress.net\/arhiva\/kidnapovana-djevojcica-u-novom-pazaru\/#breadcrumb","itemListElement":[{"@type":"ListItem","position":1,"name":"Home","item":"https:\/\/sandzakpress.net\/arhiva\/"},{"@type":"ListItem","position":2,"name":"Kidnapovana djevoj\u010dica u Novom Pazaru &#8211; Otmi\u010dari tra\u017ee otkup"}]},{"@type":"WebSite","@id":"https:\/\/sandzakpress.net\/arhiva\/#website","url":"https:\/\/sandzakpress.net\/arhiva\/","name":"Sand\u017eak PRESS","description":"Prve elektronske novine u Sand\u017eaku","publisher":{"@id":"https:\/\/sandzakpress.net\/arhiva\/#\/schema\/person\/6e72b67d6e51910a1117b3b483ba20bd"},"potentialAction":[{"@type":"SearchAction","target":{"@type":"EntryPoint","urlTemplate":"https:\/\/sandzakpress.net\/arhiva\/?s={search_term_string}"},"query-input":{"@type":"PropertyValueSpecification","valueRequired":true,"valueName":"search_term_string"}}],"inLanguage":"bs-BA"},{"@type":["Person","Organization"],"@id":"https:\/\/sandzakpress.net\/arhiva\/#\/schema\/person\/6e72b67d6e51910a1117b3b483ba20bd","name":"Kul","image":{"@type":"ImageObject","inLanguage":"bs-BA","@id":"https:\/\/sandzakpress.net\/arhiva\/#\/schema\/person\/image\/","url":"https:\/\/secure.gravatar.com\/avatar\/42263f39aa27ac04c43cab85c280eb2e?s=96&d=mm&r=pg","contentUrl":"https:\/\/secure.gravatar.com\/avatar\/42263f39aa27ac04c43cab85c280eb2e?s=96&d=mm&r=pg","caption":"Kul"},"logo":{"@id":"https:\/\/sandzakpress.net\/arhiva\/#\/schema\/person\/image\/"}},{"@type":"Person","@id":"https:\/\/sandzakpress.net\/arhiva\/#\/schema\/person\/c8baee722073534b583ea7bdb2e36c02","name":"bosniak","image":{"@type":"ImageObject","inLanguage":"bs-BA","@id":"https:\/\/sandzakpress.net\/arhiva\/#\/schema\/person\/image\/","url":"https:\/\/secure.gravatar.com\/avatar\/a04fd330bfe3a36a72a0ad4a6d89fca7?s=96&d=mm&r=pg","contentUrl":"https:\/\/secure.gravatar.com\/avatar\/a04fd330bfe3a36a72a0ad4a6d89fca7?s=96&d=mm&r=pg","caption":"bosniak"},"url":"https:\/\/sandzakpress.net\/arhiva\/author\/bosniak\/"}]}},"_links":{"self":[{"href":"https:\/\/sandzakpress.net\/arhiva\/wp-json\/wp\/v2\/posts\/98114"}],"collection":[{"href":"https:\/\/sandzakpress.net\/arhiva\/wp-json\/wp\/v2\/posts"}],"about":[{"href":"https:\/\/sandzakpress.net\/arhiva\/wp-json\/wp\/v2\/types\/post"}],"author":[{"embeddable":true,"href":"https:\/\/sandzakpress.net\/arhiva\/wp-json\/wp\/v2\/users\/83"}],"replies":[{"embeddable":true,"href":"https:\/\/sandzakpress.net\/arhiva\/wp-json\/wp\/v2\/comments?post=98114"}],"version-history":[{"count":0,"href":"https:\/\/sandzakpress.net\/arhiva\/wp-json\/wp\/v2\/posts\/98114\/revisions"}],"wp:featuredmedia":[{"embeddable":true,"href":"https:\/\/sandzakpress.net\/arhiva\/wp-json\/wp\/v2\/media\/98115"}],"wp:attachment":[{"href":"https:\/\/sandzakpress.net\/arhiva\/wp-json\/wp\/v2\/media?parent=98114"}],"wp:term":[{"taxonomy":"category","embeddable":true,"href":"https:\/\/sandzakpress.net\/arhiva\/wp-json\/wp\/v2\/categories?post=98114"},{"taxonomy":"post_tag","embeddable":true,"href":"https:\/\/sandzakpress.net\/arhiva\/wp-json\/wp\/v2\/tags?post=98114"}],"curies":[{"name":"wp","href":"https:\/\/api.w.org\/{rel}","templated":true}]}}