{"id":98081,"date":"2013-12-14T13:36:01","date_gmt":"2013-12-14T12:36:01","guid":{"rendered":"https:\/\/sandzakpress.net\/arhiva\/?p=98081"},"modified":"2013-12-14T13:36:01","modified_gmt":"2013-12-14T12:36:01","slug":"fahrudin-radoncic-i-rasim-ljajic-su-bolesno-tkivo-bosnjackog-nacionalnog-bica","status":"publish","type":"post","link":"https:\/\/sandzakpress.net\/arhiva\/fahrudin-radoncic-i-rasim-ljajic-su-bolesno-tkivo-bosnjackog-nacionalnog-bica\/","title":{"rendered":"Fahrudin Radon\u010di\u0107 i Rasim Ljaji\u0107 su bolesno tkivo bo\u0161nja\u010dkog nacionalnog bi\u0107a"},"content":{"rendered":"<p style=\"text-align: left;\" align=\"center\"><strong><img loading=\"lazy\" decoding=\"async\" class=\"alignleft size-medium wp-image-98082\" alt=\"radocic i ljajic\" src=\"https:\/\/sandzakpress.net\/arhiva\/wp-content\/uploads\/2013\/12\/radocic-i-ljajic-300x220.jpg\" width=\"300\" height=\"220\" \/>Novi Pazar &#8211; Nakon \u0161to je svjedok i sau\u010desnik organiziranih kriminalnih aktivnosti Rasima Ljaji\u0107a, Ismet Ramovi\u0107, za Sand\u017eak TV progovorio o tome da iza organiziranja otmice djece, ubistava, trgovine narkoticima i ucjena stoji lu\u010dno Rasim Ljaji\u0107, do\u0161lo je do panike koja vodi u pravcu potpunog rasula u politi\u010dko-kriminalnoj organizaciji ministra Laji\u0107a.<!--more--><\/strong><\/p>\n<p>U poku\u0161aju da zaustavi dalje rasvjetljivanje njegovih kriminalnih aktivnosti, Ljaji\u0107 anga\u017euje svoje partnere u Sand\u017eaku i \u0161ire. Bez povoda je ponovo medijski lansirana neosnovana pri\u010da o njegovoj \u017eivotnoj ugro\u017eenosti od navodnih mud\u017eahedina, te da je navodno i \u017eivot njegove politi\u010dke saputnice Aide \u0106orovi\u0107 tako\u0111e ugro\u017een.<\/p>\n<p>Na njegov vapaj reagovao je i Fahrudin Radon\u010di\u0107, ministar sigurnosti u BiH i predsjednik Stranke za bolju budu\u0107nost, po ko zna koji put zloupotrebljavaju\u0107i novinu Dnevni avaz, koju je nedavno prodao svojoj \u017eeni. Radon\u010di\u0107 svojim novinama daje priliku D\u017eemaludinu Lati\u0107u da mimo minimuma islamske etike i kulture blati reisu-l-ulemu emeritusa dr. Mustafu Ceri\u0107a i muftiju Muamer ef. Zukorli\u0107a. U intervjuu za Avaz Lati\u0107 ponovo iznosi tvrdnju da je reisu-l-ulema Ceri\u0107 bio saradnik Obavje\u0161tajne slu\u017ebe Jugoslavije.<\/p>\n<p>Ova optu\u017eba nema za cilj diskreditaciju samog reisu-l-uleme Ceri\u0107a, ve\u0107 predstavlja moralnu presudu Islamskoj zajednici, muslimanima i bo\u0161nja\u010dkom narodu u cjelini. Kakav je to narod koji mo\u017ee imati vjerskog poglavara dvije pune decenije kao saradnika neke obavje\u0161tajne slu\u017ebe. A kakva je to dr\u017eava i kakva je to SDA vlast koja je to dvadeset godina krila od svog naroda, ili mo\u017eda nije znala, ve\u0107 je \u010dekala da joj do\u0111e papir iz Hrvatske koji \u0107e joj otvoriti o\u010di. A kakav je to profesor Fakulteta islamskih nauka, a jo\u0161 profesor tefsira, kome je za ovako gnusnu optu\u017ebu dovoljna ne\u010ditka kopija jednog papira iz Hrvatske obavje\u0161tajne slu\u017ebe. Je li mogu\u0107e da profesor tefsira ne zna, ili nije razumio kur\u2019anski ajet u kome se ka\u017ee: <i>\u201eO vjernici, ako vam grje\u0161nik do\u0111e sa vije\u0161\u0107u, provjerite je\u2026\u201c<\/i><\/p>\n<p>Ko ne zna D\u017eemaludina Lati\u0107a postavi\u0107e sva ova pitanja, a mi u Sand\u017eaku, koji smo mu godinama davali prilike na svim na\u0161im obrazovnim ustanovama, dovoljno smo ga upoznali i uvjerili se da je spreman da za jedan par cipela proda i prijatelje i ideju. Uvjerili smo se i da je spreman da jo\u0161 prije devet godina pozajmi od uglednog biznismena 15.000 eura, za\u0161ta postoji pisani trag, sa obavezom da ih za nekoliko sedmica vrati, a da ih nikada nije vratio, \u0161to \u0107e morati dobiti epilog na sudu.<\/p>\n<p>D\u017eemaludin Lati\u0107 Muftiji ne mo\u017ee oprostiti \u0161to mu nije dopustio da islamske i nacionalne projekte u Sand\u017eaku upropasti kao \u0161to je to u\u010dinio sa projektima u Sarajevu, poput \u010dasopisa Ljiljan, Bo\u0161nja\u010dke televizije i drugih.<\/p>\n<p>Ovo \u0161to Radon\u010di\u010d \u010dini preko Lati\u0107a i drugih prema reisu-l-ulemi Ceri\u0107u predstavlja poruku aktualnom reisu-l-ulemi mr. Husein ef. Kavazovi\u0107u da \u0107e i on pro\u0107i kao reisu-l-ulema Ceri\u0107 ukoliko odlu\u010di da se bori za autonomnost i slobodu Islamske zajednice i odbije da klekne politi\u010dkim, finansijskim i kriminalnim centrima mo\u0107i.<\/p>\n<p>Fahrudin Radon\u010di\u0107 i Rasim Ljaji\u0107 oli\u010denje su sprege politike i prljavog kapitala. Zbog predebelih dosijea kriminalnih radnji postali su batina u rukama neprijatelja bo\u0161nja\u010dkog naroda i Islamske zajednice. Ma koliko izgledalo da udaraju \u017eestoko, to treba \u010ditati kao paniku u nemogu\u0107nosti da dovr\u0161e ono \u0161to su preuzeli pred svojim mentorima.<\/p>\n<p><strong>(Informativna slu\u017ema Me\u0161ihata Islamske zajednice &#8211; Mesihat.org)<\/strong><\/p>\n","protected":false},"excerpt":{"rendered":"<p>Novi Pazar &#8211; Nakon \u0161to je svjedok i sau\u010desnik organiziranih kriminalnih aktivnosti Rasima Ljaji\u0107a, Ismet Ramovi\u0107, za Sand\u017eak TV progovorio o tome da iza organiziranja otmice djece, ubistava, trgovine narkoticima i ucjena stoji lu\u010dno Rasim Ljaji\u0107, do\u0161lo je do panike koja vodi u pravcu potpunog rasula u politi\u010dko-kriminalnoj organizaciji ministra Laji\u0107a.<\/p>\n","protected":false},"author":83,"featured_media":98083,"comment_status":"open","ping_status":"open","sticky":false,"template":"","format":"standard","meta":{"footnotes":""},"categories":[72,800,2860,8957],"tags":[10210,10214],"class_list":{"0":"post-98081","1":"post","2":"type-post","3":"status-publish","4":"format-standard","5":"has-post-thumbnail","7":"category-novi-pazar","8":"category-nacija","9":"category-bosna-i-hercegovina-gradovi","10":"category-vijesti-dana","11":"tag-rasim-ljajic","12":"tag-fahrudin-radoncic"},"yoast_head":"<!-- This site is optimized with the Yoast SEO Premium plugin v23.1 (Yoast SEO v24.9) - https:\/\/yoast.com\/wordpress\/plugins\/seo\/ -->\n<title>Fahrudin Radon\u010di\u0107 i Rasim Ljaji\u0107 su bolesno tkivo bo\u0161nja\u010dkog nacionalnog bi\u0107a<\/title>\n<meta name=\"robots\" content=\"index, follow, max-snippet:-1, max-image-preview:large, max-video-preview:-1\" \/>\n<link rel=\"canonical\" href=\"https:\/\/sandzakpress.net\/arhiva\/fahrudin-radoncic-i-rasim-ljajic-su-bolesno-tkivo-bosnjackog-nacionalnog-bica\/\" \/>\n<meta property=\"og:locale\" content=\"bs_BA\" \/>\n<meta property=\"og:type\" content=\"article\" \/>\n<meta property=\"og:title\" content=\"Fahrudin Radon\u010di\u0107 i Rasim Ljaji\u0107 su bolesno tkivo bo\u0161nja\u010dkog nacionalnog bi\u0107a\" \/>\n<meta property=\"og:description\" content=\"Novi Pazar &#8211; Nakon \u0161to je svjedok i sau\u010desnik organiziranih kriminalnih aktivnosti Rasima Ljaji\u0107a, Ismet Ramovi\u0107, za Sand\u017eak TV progovorio o tome da iza organiziranja otmice djece, ubistava, trgovine narkoticima i ucjena stoji lu\u010dno Rasim Ljaji\u0107, do\u0161lo je do panike koja vodi u pravcu potpunog rasula u politi\u010dko-kriminalnoj organizaciji ministra Laji\u0107a.\" \/>\n<meta property=\"og:url\" content=\"https:\/\/sandzakpress.net\/arhiva\/fahrudin-radoncic-i-rasim-ljajic-su-bolesno-tkivo-bosnjackog-nacionalnog-bica\/\" \/>\n<meta property=\"og:site_name\" content=\"Sand\u017eak PRESS\" \/>\n<meta property=\"article:published_time\" content=\"2013-12-14T12:36:01+00:00\" \/>\n<meta property=\"og:image\" content=\"https:\/\/sandzakpress.net\/arhiva\/wp-content\/uploads\/2013\/12\/radocic-i-ljajic-300x2201.jpg\" \/>\n\t<meta property=\"og:image:width\" content=\"300\" \/>\n\t<meta property=\"og:image:height\" content=\"220\" \/>\n\t<meta property=\"og:image:type\" content=\"image\/jpeg\" \/>\n<meta name=\"author\" content=\"bosniak\" \/>\n<meta name=\"twitter:card\" content=\"summary_large_image\" \/>\n<meta name=\"twitter:label1\" content=\"Written by\" \/>\n\t<meta name=\"twitter:data1\" content=\"bosniak\" \/>\n\t<meta name=\"twitter:label2\" content=\"Est. reading time\" \/>\n\t<meta name=\"twitter:data2\" content=\"3 minute\" \/>\n<script type=\"application\/ld+json\" class=\"yoast-schema-graph\">{\"@context\":\"https:\/\/schema.org\",\"@graph\":[{\"@type\":\"Article\",\"@id\":\"https:\/\/sandzakpress.net\/arhiva\/fahrudin-radoncic-i-rasim-ljajic-su-bolesno-tkivo-bosnjackog-nacionalnog-bica\/#article\",\"isPartOf\":{\"@id\":\"https:\/\/sandzakpress.net\/arhiva\/fahrudin-radoncic-i-rasim-ljajic-su-bolesno-tkivo-bosnjackog-nacionalnog-bica\/\"},\"author\":{\"name\":\"bosniak\",\"@id\":\"https:\/\/sandzakpress.net\/arhiva\/#\/schema\/person\/c8baee722073534b583ea7bdb2e36c02\"},\"headline\":\"Fahrudin Radon\u010di\u0107 i Rasim Ljaji\u0107 su bolesno tkivo bo\u0161nja\u010dkog nacionalnog bi\u0107a\",\"datePublished\":\"2013-12-14T12:36:01+00:00\",\"mainEntityOfPage\":{\"@id\":\"https:\/\/sandzakpress.net\/arhiva\/fahrudin-radoncic-i-rasim-ljajic-su-bolesno-tkivo-bosnjackog-nacionalnog-bica\/\"},\"wordCount\":617,\"commentCount\":31,\"publisher\":{\"@id\":\"https:\/\/sandzakpress.net\/arhiva\/#\/schema\/person\/6e72b67d6e51910a1117b3b483ba20bd\"},\"image\":{\"@id\":\"https:\/\/sandzakpress.net\/arhiva\/fahrudin-radoncic-i-rasim-ljajic-su-bolesno-tkivo-bosnjackog-nacionalnog-bica\/#primaryimage\"},\"thumbnailUrl\":\"https:\/\/sandzakpress.net\/arhiva\/wp-content\/uploads\/2013\/12\/radocic-i-ljajic-300x2201.jpg\",\"keywords\":[\"Rasim Ljaji\u0107\",\"Fahrudin Radon\u010di\u0107\"],\"articleSection\":[\"Novi Pazar\",\"Nacija\",\"Bosna i Hercegovina\",\"VIJESTI DANA\"],\"inLanguage\":\"bs-BA\",\"potentialAction\":[{\"@type\":\"CommentAction\",\"name\":\"Comment\",\"target\":[\"https:\/\/sandzakpress.net\/arhiva\/fahrudin-radoncic-i-rasim-ljajic-su-bolesno-tkivo-bosnjackog-nacionalnog-bica\/#respond\"]}]},{\"@type\":\"WebPage\",\"@id\":\"https:\/\/sandzakpress.net\/arhiva\/fahrudin-radoncic-i-rasim-ljajic-su-bolesno-tkivo-bosnjackog-nacionalnog-bica\/\",\"url\":\"https:\/\/sandzakpress.net\/arhiva\/fahrudin-radoncic-i-rasim-ljajic-su-bolesno-tkivo-bosnjackog-nacionalnog-bica\/\",\"name\":\"Fahrudin Radon\u010di\u0107 i Rasim Ljaji\u0107 su bolesno tkivo bo\u0161nja\u010dkog nacionalnog bi\u0107a\",\"isPartOf\":{\"@id\":\"https:\/\/sandzakpress.net\/arhiva\/#website\"},\"primaryImageOfPage\":{\"@id\":\"https:\/\/sandzakpress.net\/arhiva\/fahrudin-radoncic-i-rasim-ljajic-su-bolesno-tkivo-bosnjackog-nacionalnog-bica\/#primaryimage\"},\"image\":{\"@id\":\"https:\/\/sandzakpress.net\/arhiva\/fahrudin-radoncic-i-rasim-ljajic-su-bolesno-tkivo-bosnjackog-nacionalnog-bica\/#primaryimage\"},\"thumbnailUrl\":\"https:\/\/sandzakpress.net\/arhiva\/wp-content\/uploads\/2013\/12\/radocic-i-ljajic-300x2201.jpg\",\"datePublished\":\"2013-12-14T12:36:01+00:00\",\"breadcrumb\":{\"@id\":\"https:\/\/sandzakpress.net\/arhiva\/fahrudin-radoncic-i-rasim-ljajic-su-bolesno-tkivo-bosnjackog-nacionalnog-bica\/#breadcrumb\"},\"inLanguage\":\"bs-BA\",\"potentialAction\":[{\"@type\":\"ReadAction\",\"target\":[\"https:\/\/sandzakpress.net\/arhiva\/fahrudin-radoncic-i-rasim-ljajic-su-bolesno-tkivo-bosnjackog-nacionalnog-bica\/\"]}]},{\"@type\":\"ImageObject\",\"inLanguage\":\"bs-BA\",\"@id\":\"https:\/\/sandzakpress.net\/arhiva\/fahrudin-radoncic-i-rasim-ljajic-su-bolesno-tkivo-bosnjackog-nacionalnog-bica\/#primaryimage\",\"url\":\"https:\/\/sandzakpress.net\/arhiva\/wp-content\/uploads\/2013\/12\/radocic-i-ljajic-300x2201.jpg\",\"contentUrl\":\"https:\/\/sandzakpress.net\/arhiva\/wp-content\/uploads\/2013\/12\/radocic-i-ljajic-300x2201.jpg\",\"width\":300,\"height\":220},{\"@type\":\"BreadcrumbList\",\"@id\":\"https:\/\/sandzakpress.net\/arhiva\/fahrudin-radoncic-i-rasim-ljajic-su-bolesno-tkivo-bosnjackog-nacionalnog-bica\/#breadcrumb\",\"itemListElement\":[{\"@type\":\"ListItem\",\"position\":1,\"name\":\"Home\",\"item\":\"https:\/\/sandzakpress.net\/arhiva\/\"},{\"@type\":\"ListItem\",\"position\":2,\"name\":\"Fahrudin Radon\u010di\u0107 i Rasim Ljaji\u0107 su bolesno tkivo bo\u0161nja\u010dkog nacionalnog bi\u0107a\"}]},{\"@type\":\"WebSite\",\"@id\":\"https:\/\/sandzakpress.net\/arhiva\/#website\",\"url\":\"https:\/\/sandzakpress.net\/arhiva\/\",\"name\":\"Sand\u017eak PRESS\",\"description\":\"Prve elektronske novine u Sand\u017eaku\",\"publisher\":{\"@id\":\"https:\/\/sandzakpress.net\/arhiva\/#\/schema\/person\/6e72b67d6e51910a1117b3b483ba20bd\"},\"potentialAction\":[{\"@type\":\"SearchAction\",\"target\":{\"@type\":\"EntryPoint\",\"urlTemplate\":\"https:\/\/sandzakpress.net\/arhiva\/?s={search_term_string}\"},\"query-input\":{\"@type\":\"PropertyValueSpecification\",\"valueRequired\":true,\"valueName\":\"search_term_string\"}}],\"inLanguage\":\"bs-BA\"},{\"@type\":[\"Person\",\"Organization\"],\"@id\":\"https:\/\/sandzakpress.net\/arhiva\/#\/schema\/person\/6e72b67d6e51910a1117b3b483ba20bd\",\"name\":\"Kul\",\"image\":{\"@type\":\"ImageObject\",\"inLanguage\":\"bs-BA\",\"@id\":\"https:\/\/sandzakpress.net\/arhiva\/#\/schema\/person\/image\/\",\"url\":\"https:\/\/secure.gravatar.com\/avatar\/42263f39aa27ac04c43cab85c280eb2e?s=96&d=mm&r=pg\",\"contentUrl\":\"https:\/\/secure.gravatar.com\/avatar\/42263f39aa27ac04c43cab85c280eb2e?s=96&d=mm&r=pg\",\"caption\":\"Kul\"},\"logo\":{\"@id\":\"https:\/\/sandzakpress.net\/arhiva\/#\/schema\/person\/image\/\"}},{\"@type\":\"Person\",\"@id\":\"https:\/\/sandzakpress.net\/arhiva\/#\/schema\/person\/c8baee722073534b583ea7bdb2e36c02\",\"name\":\"bosniak\",\"image\":{\"@type\":\"ImageObject\",\"inLanguage\":\"bs-BA\",\"@id\":\"https:\/\/sandzakpress.net\/arhiva\/#\/schema\/person\/image\/\",\"url\":\"https:\/\/secure.gravatar.com\/avatar\/a04fd330bfe3a36a72a0ad4a6d89fca7?s=96&d=mm&r=pg\",\"contentUrl\":\"https:\/\/secure.gravatar.com\/avatar\/a04fd330bfe3a36a72a0ad4a6d89fca7?s=96&d=mm&r=pg\",\"caption\":\"bosniak\"},\"url\":\"https:\/\/sandzakpress.net\/arhiva\/author\/bosniak\/\"}]}<\/script>\n<!-- \/ Yoast SEO Premium plugin. -->","yoast_head_json":{"title":"Fahrudin Radon\u010di\u0107 i Rasim Ljaji\u0107 su bolesno tkivo bo\u0161nja\u010dkog nacionalnog bi\u0107a","robots":{"index":"index","follow":"follow","max-snippet":"max-snippet:-1","max-image-preview":"max-image-preview:large","max-video-preview":"max-video-preview:-1"},"canonical":"https:\/\/sandzakpress.net\/arhiva\/fahrudin-radoncic-i-rasim-ljajic-su-bolesno-tkivo-bosnjackog-nacionalnog-bica\/","og_locale":"bs_BA","og_type":"article","og_title":"Fahrudin Radon\u010di\u0107 i Rasim Ljaji\u0107 su bolesno tkivo bo\u0161nja\u010dkog nacionalnog bi\u0107a","og_description":"Novi Pazar &#8211; Nakon \u0161to je svjedok i sau\u010desnik organiziranih kriminalnih aktivnosti Rasima Ljaji\u0107a, Ismet Ramovi\u0107, za Sand\u017eak TV progovorio o tome da iza organiziranja otmice djece, ubistava, trgovine narkoticima i ucjena stoji lu\u010dno Rasim Ljaji\u0107, do\u0161lo je do panike koja vodi u pravcu potpunog rasula u politi\u010dko-kriminalnoj organizaciji ministra Laji\u0107a.","og_url":"https:\/\/sandzakpress.net\/arhiva\/fahrudin-radoncic-i-rasim-ljajic-su-bolesno-tkivo-bosnjackog-nacionalnog-bica\/","og_site_name":"Sand\u017eak PRESS","article_published_time":"2013-12-14T12:36:01+00:00","og_image":[{"width":300,"height":220,"url":"https:\/\/sandzakpress.net\/arhiva\/wp-content\/uploads\/2013\/12\/radocic-i-ljajic-300x2201.jpg","type":"image\/jpeg"}],"author":"bosniak","twitter_card":"summary_large_image","twitter_misc":{"Written by":"bosniak","Est. reading time":"3 minute"},"schema":{"@context":"https:\/\/schema.org","@graph":[{"@type":"Article","@id":"https:\/\/sandzakpress.net\/arhiva\/fahrudin-radoncic-i-rasim-ljajic-su-bolesno-tkivo-bosnjackog-nacionalnog-bica\/#article","isPartOf":{"@id":"https:\/\/sandzakpress.net\/arhiva\/fahrudin-radoncic-i-rasim-ljajic-su-bolesno-tkivo-bosnjackog-nacionalnog-bica\/"},"author":{"name":"bosniak","@id":"https:\/\/sandzakpress.net\/arhiva\/#\/schema\/person\/c8baee722073534b583ea7bdb2e36c02"},"headline":"Fahrudin Radon\u010di\u0107 i Rasim Ljaji\u0107 su bolesno tkivo bo\u0161nja\u010dkog nacionalnog bi\u0107a","datePublished":"2013-12-14T12:36:01+00:00","mainEntityOfPage":{"@id":"https:\/\/sandzakpress.net\/arhiva\/fahrudin-radoncic-i-rasim-ljajic-su-bolesno-tkivo-bosnjackog-nacionalnog-bica\/"},"wordCount":617,"commentCount":31,"publisher":{"@id":"https:\/\/sandzakpress.net\/arhiva\/#\/schema\/person\/6e72b67d6e51910a1117b3b483ba20bd"},"image":{"@id":"https:\/\/sandzakpress.net\/arhiva\/fahrudin-radoncic-i-rasim-ljajic-su-bolesno-tkivo-bosnjackog-nacionalnog-bica\/#primaryimage"},"thumbnailUrl":"https:\/\/sandzakpress.net\/arhiva\/wp-content\/uploads\/2013\/12\/radocic-i-ljajic-300x2201.jpg","keywords":["Rasim Ljaji\u0107","Fahrudin Radon\u010di\u0107"],"articleSection":["Novi Pazar","Nacija","Bosna i Hercegovina","VIJESTI DANA"],"inLanguage":"bs-BA","potentialAction":[{"@type":"CommentAction","name":"Comment","target":["https:\/\/sandzakpress.net\/arhiva\/fahrudin-radoncic-i-rasim-ljajic-su-bolesno-tkivo-bosnjackog-nacionalnog-bica\/#respond"]}]},{"@type":"WebPage","@id":"https:\/\/sandzakpress.net\/arhiva\/fahrudin-radoncic-i-rasim-ljajic-su-bolesno-tkivo-bosnjackog-nacionalnog-bica\/","url":"https:\/\/sandzakpress.net\/arhiva\/fahrudin-radoncic-i-rasim-ljajic-su-bolesno-tkivo-bosnjackog-nacionalnog-bica\/","name":"Fahrudin Radon\u010di\u0107 i Rasim Ljaji\u0107 su bolesno tkivo bo\u0161nja\u010dkog nacionalnog bi\u0107a","isPartOf":{"@id":"https:\/\/sandzakpress.net\/arhiva\/#website"},"primaryImageOfPage":{"@id":"https:\/\/sandzakpress.net\/arhiva\/fahrudin-radoncic-i-rasim-ljajic-su-bolesno-tkivo-bosnjackog-nacionalnog-bica\/#primaryimage"},"image":{"@id":"https:\/\/sandzakpress.net\/arhiva\/fahrudin-radoncic-i-rasim-ljajic-su-bolesno-tkivo-bosnjackog-nacionalnog-bica\/#primaryimage"},"thumbnailUrl":"https:\/\/sandzakpress.net\/arhiva\/wp-content\/uploads\/2013\/12\/radocic-i-ljajic-300x2201.jpg","datePublished":"2013-12-14T12:36:01+00:00","breadcrumb":{"@id":"https:\/\/sandzakpress.net\/arhiva\/fahrudin-radoncic-i-rasim-ljajic-su-bolesno-tkivo-bosnjackog-nacionalnog-bica\/#breadcrumb"},"inLanguage":"bs-BA","potentialAction":[{"@type":"ReadAction","target":["https:\/\/sandzakpress.net\/arhiva\/fahrudin-radoncic-i-rasim-ljajic-su-bolesno-tkivo-bosnjackog-nacionalnog-bica\/"]}]},{"@type":"ImageObject","inLanguage":"bs-BA","@id":"https:\/\/sandzakpress.net\/arhiva\/fahrudin-radoncic-i-rasim-ljajic-su-bolesno-tkivo-bosnjackog-nacionalnog-bica\/#primaryimage","url":"https:\/\/sandzakpress.net\/arhiva\/wp-content\/uploads\/2013\/12\/radocic-i-ljajic-300x2201.jpg","contentUrl":"https:\/\/sandzakpress.net\/arhiva\/wp-content\/uploads\/2013\/12\/radocic-i-ljajic-300x2201.jpg","width":300,"height":220},{"@type":"BreadcrumbList","@id":"https:\/\/sandzakpress.net\/arhiva\/fahrudin-radoncic-i-rasim-ljajic-su-bolesno-tkivo-bosnjackog-nacionalnog-bica\/#breadcrumb","itemListElement":[{"@type":"ListItem","position":1,"name":"Home","item":"https:\/\/sandzakpress.net\/arhiva\/"},{"@type":"ListItem","position":2,"name":"Fahrudin Radon\u010di\u0107 i Rasim Ljaji\u0107 su bolesno tkivo bo\u0161nja\u010dkog nacionalnog bi\u0107a"}]},{"@type":"WebSite","@id":"https:\/\/sandzakpress.net\/arhiva\/#website","url":"https:\/\/sandzakpress.net\/arhiva\/","name":"Sand\u017eak PRESS","description":"Prve elektronske novine u Sand\u017eaku","publisher":{"@id":"https:\/\/sandzakpress.net\/arhiva\/#\/schema\/person\/6e72b67d6e51910a1117b3b483ba20bd"},"potentialAction":[{"@type":"SearchAction","target":{"@type":"EntryPoint","urlTemplate":"https:\/\/sandzakpress.net\/arhiva\/?s={search_term_string}"},"query-input":{"@type":"PropertyValueSpecification","valueRequired":true,"valueName":"search_term_string"}}],"inLanguage":"bs-BA"},{"@type":["Person","Organization"],"@id":"https:\/\/sandzakpress.net\/arhiva\/#\/schema\/person\/6e72b67d6e51910a1117b3b483ba20bd","name":"Kul","image":{"@type":"ImageObject","inLanguage":"bs-BA","@id":"https:\/\/sandzakpress.net\/arhiva\/#\/schema\/person\/image\/","url":"https:\/\/secure.gravatar.com\/avatar\/42263f39aa27ac04c43cab85c280eb2e?s=96&d=mm&r=pg","contentUrl":"https:\/\/secure.gravatar.com\/avatar\/42263f39aa27ac04c43cab85c280eb2e?s=96&d=mm&r=pg","caption":"Kul"},"logo":{"@id":"https:\/\/sandzakpress.net\/arhiva\/#\/schema\/person\/image\/"}},{"@type":"Person","@id":"https:\/\/sandzakpress.net\/arhiva\/#\/schema\/person\/c8baee722073534b583ea7bdb2e36c02","name":"bosniak","image":{"@type":"ImageObject","inLanguage":"bs-BA","@id":"https:\/\/sandzakpress.net\/arhiva\/#\/schema\/person\/image\/","url":"https:\/\/secure.gravatar.com\/avatar\/a04fd330bfe3a36a72a0ad4a6d89fca7?s=96&d=mm&r=pg","contentUrl":"https:\/\/secure.gravatar.com\/avatar\/a04fd330bfe3a36a72a0ad4a6d89fca7?s=96&d=mm&r=pg","caption":"bosniak"},"url":"https:\/\/sandzakpress.net\/arhiva\/author\/bosniak\/"}]}},"_links":{"self":[{"href":"https:\/\/sandzakpress.net\/arhiva\/wp-json\/wp\/v2\/posts\/98081"}],"collection":[{"href":"https:\/\/sandzakpress.net\/arhiva\/wp-json\/wp\/v2\/posts"}],"about":[{"href":"https:\/\/sandzakpress.net\/arhiva\/wp-json\/wp\/v2\/types\/post"}],"author":[{"embeddable":true,"href":"https:\/\/sandzakpress.net\/arhiva\/wp-json\/wp\/v2\/users\/83"}],"replies":[{"embeddable":true,"href":"https:\/\/sandzakpress.net\/arhiva\/wp-json\/wp\/v2\/comments?post=98081"}],"version-history":[{"count":0,"href":"https:\/\/sandzakpress.net\/arhiva\/wp-json\/wp\/v2\/posts\/98081\/revisions"}],"wp:featuredmedia":[{"embeddable":true,"href":"https:\/\/sandzakpress.net\/arhiva\/wp-json\/wp\/v2\/media\/98083"}],"wp:attachment":[{"href":"https:\/\/sandzakpress.net\/arhiva\/wp-json\/wp\/v2\/media?parent=98081"}],"wp:term":[{"taxonomy":"category","embeddable":true,"href":"https:\/\/sandzakpress.net\/arhiva\/wp-json\/wp\/v2\/categories?post=98081"},{"taxonomy":"post_tag","embeddable":true,"href":"https:\/\/sandzakpress.net\/arhiva\/wp-json\/wp\/v2\/tags?post=98081"}],"curies":[{"name":"wp","href":"https:\/\/api.w.org\/{rel}","templated":true}]}}