{"id":98039,"date":"2013-12-13T21:00:54","date_gmt":"2013-12-13T20:00:54","guid":{"rendered":"https:\/\/sandzakpress.net\/arhiva\/?p=98039"},"modified":"2013-12-13T21:00:54","modified_gmt":"2013-12-13T20:00:54","slug":"diskriminacija-bosnjackih-ucenika-gimnazije-se-nastavlja-ucenici-u-znak-bojkota-na-casovima-cute","status":"publish","type":"post","link":"https:\/\/sandzakpress.net\/arhiva\/diskriminacija-bosnjackih-ucenika-gimnazije-se-nastavlja-ucenici-u-znak-bojkota-na-casovima-cute\/","title":{"rendered":"Diskriminacija bo\u0161nja\u010dkih u\u010denika Gimnazije se nastavlja: U\u010denici u znak bojkota na \u010dasovima \u0107ute"},"content":{"rendered":"<p><img loading=\"lazy\" decoding=\"async\" class=\"aligncenter size-full wp-image-98042\" alt=\"svecanost_gimnazija_2013_07\" src=\"https:\/\/sandzakpress.net\/arhiva\/wp-content\/uploads\/2013\/12\/svecanost_gimnazija_2013_07.jpg\" width=\"628\" height=\"396\" \/><\/p>\n<p><strong>Novi Pazar &#8211;\u00a0Stotinak u\u010denika prvog razreda Gimnazije u Novom Pazaru \u0107uti na \u010dasovima srpskog jezika. <\/strong><\/p>\n<p>To je znak njihovog protesta zato \u0161to im jo\u0161 nije organizovana nastava na bosanskom jeziku, pi\u0161e &#8220;Danas&#8221;.<\/p>\n<p>Direktor novopazarske Gimnazije Zoran Milosavljevi\u0107 tvrdi da su sproveli sve neophodne aktivnosti za nastavu na bosanskom jeziku, ali \u010dekaju odobrenje Ministarstva prosvete.<\/p>\n<p>Postoje najave da bi ministar Jovanovi\u0107 ubrzo trebalo da do\u0111e u Novi Pazar i da se sa njim razgovara o prevazila\u017eenju svih problema vezanih za nastavu na bosanskom jeziku u Gimnaziji.<\/p>\n<p>Protest u\u010denika samo je nastavak diskriminacije u Gimnaziji oko nastave na bosanskom jeziku.<\/p>\n<p>Ministar prosvete Tomislav Jovanovi\u0107 rekao je danas, povodom informacija da dio u\u010denika bo\u0161nja\u010dke nacionalnosti bojkotuje nastavu u novopazarskoj Gimnaziji, da je politi\u010darima mjesto u skup\u0161tini i za politi\u010dkim tribinama, a ne u \u0161kolama.<\/p>\n<p>&#8220;Politi\u010dki razlozi za realizaciju nastave ne smeju biti prioritet. \u0160kole neka ostave nastavnicima, direktorima \u0161kola i Ministarstvu prosvete&#8221;, rekao je Jovanovi\u0107 i naveo da je danas odr\u017eao sastanak sa direktorima \u0161kola iz tog podru\u010dja.<\/p>\n<p>Nastava treba da se normalizuje i realizuje po planu i programu koji je utvrdila dr\u017eava Srbija, rekao je on smatraju\u0107i da razlike treba da negujemo i da one treba da nas ujedinjuju, a ne da nas razdvajaju.<\/p>\n<p>&#8220;Segregacija u\u010denika pokazano je istorijski nije vodila dobrom, svi smo razumni i treba da u\u010dinimo da ne do\u0111e do toga \u0161to niko ne \u017eeli&#8221;, rekao je Jovanovi\u0107 novinarima prilikom posjete beogradskoj Specijalnoj osnovnoj \u0161koli za djecu obolelu od cerebralne paralize &#8220;Miodrag Mati\u0107&#8221;.<\/p>\n<p>Pojedini mediji prenijeli su da u\u010denici bo\u0161nja\u010dke nacionalnosti bojkotuju nastavu srpskog tako \u0161to \u0107ute na tim \u010dasovima, na \u0161ta ih kako je navedeno, podsti\u010du profesori Bo\u0161njaci.<\/p>\n","protected":false},"excerpt":{"rendered":"<p>Novi Pazar &#8211;\u00a0Stotinak u\u010denika prvog razreda Gimnazije u Novom Pazaru \u0107uti na \u010dasovima srpskog jezika. To je znak njihovog protesta zato \u0161to im jo\u0161 nije organizovana nastava na bosanskom jeziku, pi\u0161e &#8220;Danas&#8221;. Direktor novopazarske Gimnazije Zoran Milosavljevi\u0107 tvrdi da su sproveli sve neophodne aktivnosti za nastavu na bosanskom jeziku, ali \u010dekaju odobrenje Ministarstva prosvete. Postoje [&hellip;]<\/p>\n","protected":false},"author":83,"featured_media":98042,"comment_status":"open","ping_status":"open","sticky":false,"template":"","format":"standard","meta":{"footnotes":""},"categories":[72,1,8957],"tags":[10248,10319],"class_list":{"0":"post-98039","1":"post","2":"type-post","3":"status-publish","4":"format-standard","5":"has-post-thumbnail","7":"category-novi-pazar","8":"category-politika","9":"category-vijesti-dana","10":"tag-gradska-uprava-novi-pazar","11":"tag-bosanski-jezik"},"yoast_head":"<!-- This site is optimized with the Yoast SEO Premium plugin v23.1 (Yoast SEO v24.9) - https:\/\/yoast.com\/wordpress\/plugins\/seo\/ -->\n<title>Diskriminacija bo\u0161nja\u010dkih u\u010denika Gimnazije se nastavlja: U\u010denici u znak bojkota na \u010dasovima \u0107ute<\/title>\n<meta name=\"robots\" content=\"index, follow, max-snippet:-1, max-image-preview:large, max-video-preview:-1\" \/>\n<link rel=\"canonical\" href=\"https:\/\/sandzakpress.net\/arhiva\/diskriminacija-bosnjackih-ucenika-gimnazije-se-nastavlja-ucenici-u-znak-bojkota-na-casovima-cute\/\" \/>\n<meta property=\"og:locale\" content=\"bs_BA\" \/>\n<meta property=\"og:type\" content=\"article\" \/>\n<meta property=\"og:title\" content=\"Diskriminacija bo\u0161nja\u010dkih u\u010denika Gimnazije se nastavlja: U\u010denici u znak bojkota na \u010dasovima \u0107ute\" \/>\n<meta property=\"og:description\" content=\"Novi Pazar &#8211;\u00a0Stotinak u\u010denika prvog razreda Gimnazije u Novom Pazaru \u0107uti na \u010dasovima srpskog jezika. To je znak njihovog protesta zato \u0161to im jo\u0161 nije organizovana nastava na bosanskom jeziku, pi\u0161e &#8220;Danas&#8221;. Direktor novopazarske Gimnazije Zoran Milosavljevi\u0107 tvrdi da su sproveli sve neophodne aktivnosti za nastavu na bosanskom jeziku, ali \u010dekaju odobrenje Ministarstva prosvete. Postoje [&hellip;]\" \/>\n<meta property=\"og:url\" content=\"https:\/\/sandzakpress.net\/arhiva\/diskriminacija-bosnjackih-ucenika-gimnazije-se-nastavlja-ucenici-u-znak-bojkota-na-casovima-cute\/\" \/>\n<meta property=\"og:site_name\" content=\"Sand\u017eak PRESS\" \/>\n<meta property=\"article:published_time\" content=\"2013-12-13T20:00:54+00:00\" \/>\n<meta property=\"og:image\" content=\"https:\/\/sandzakpress.net\/arhiva\/wp-content\/uploads\/2013\/12\/svecanost_gimnazija_2013_07.jpg\" \/>\n\t<meta property=\"og:image:width\" content=\"616\" \/>\n\t<meta property=\"og:image:height\" content=\"388\" \/>\n\t<meta property=\"og:image:type\" content=\"image\/jpeg\" \/>\n<meta name=\"author\" content=\"bosniak\" \/>\n<meta name=\"twitter:card\" content=\"summary_large_image\" \/>\n<meta name=\"twitter:label1\" content=\"Written by\" \/>\n\t<meta name=\"twitter:data1\" content=\"bosniak\" \/>\n\t<meta name=\"twitter:label2\" content=\"Est. reading time\" \/>\n\t<meta name=\"twitter:data2\" content=\"1 minuta\" \/>\n<script type=\"application\/ld+json\" class=\"yoast-schema-graph\">{\"@context\":\"https:\/\/schema.org\",\"@graph\":[{\"@type\":\"Article\",\"@id\":\"https:\/\/sandzakpress.net\/arhiva\/diskriminacija-bosnjackih-ucenika-gimnazije-se-nastavlja-ucenici-u-znak-bojkota-na-casovima-cute\/#article\",\"isPartOf\":{\"@id\":\"https:\/\/sandzakpress.net\/arhiva\/diskriminacija-bosnjackih-ucenika-gimnazije-se-nastavlja-ucenici-u-znak-bojkota-na-casovima-cute\/\"},\"author\":{\"name\":\"bosniak\",\"@id\":\"https:\/\/sandzakpress.net\/arhiva\/#\/schema\/person\/c8baee722073534b583ea7bdb2e36c02\"},\"headline\":\"Diskriminacija bo\u0161nja\u010dkih u\u010denika Gimnazije se nastavlja: U\u010denici u znak bojkota na \u010dasovima \u0107ute\",\"datePublished\":\"2013-12-13T20:00:54+00:00\",\"mainEntityOfPage\":{\"@id\":\"https:\/\/sandzakpress.net\/arhiva\/diskriminacija-bosnjackih-ucenika-gimnazije-se-nastavlja-ucenici-u-znak-bojkota-na-casovima-cute\/\"},\"wordCount\":312,\"commentCount\":28,\"publisher\":{\"@id\":\"https:\/\/sandzakpress.net\/arhiva\/#\/schema\/person\/6e72b67d6e51910a1117b3b483ba20bd\"},\"image\":{\"@id\":\"https:\/\/sandzakpress.net\/arhiva\/diskriminacija-bosnjackih-ucenika-gimnazije-se-nastavlja-ucenici-u-znak-bojkota-na-casovima-cute\/#primaryimage\"},\"thumbnailUrl\":\"https:\/\/sandzakpress.net\/arhiva\/wp-content\/uploads\/2013\/12\/svecanost_gimnazija_2013_07.jpg\",\"keywords\":[\"Vlast u Novom Pazaru\",\"bosanski jezik\"],\"articleSection\":[\"Novi Pazar\",\"Politika\",\"VIJESTI DANA\"],\"inLanguage\":\"bs-BA\",\"potentialAction\":[{\"@type\":\"CommentAction\",\"name\":\"Comment\",\"target\":[\"https:\/\/sandzakpress.net\/arhiva\/diskriminacija-bosnjackih-ucenika-gimnazije-se-nastavlja-ucenici-u-znak-bojkota-na-casovima-cute\/#respond\"]}]},{\"@type\":\"WebPage\",\"@id\":\"https:\/\/sandzakpress.net\/arhiva\/diskriminacija-bosnjackih-ucenika-gimnazije-se-nastavlja-ucenici-u-znak-bojkota-na-casovima-cute\/\",\"url\":\"https:\/\/sandzakpress.net\/arhiva\/diskriminacija-bosnjackih-ucenika-gimnazije-se-nastavlja-ucenici-u-znak-bojkota-na-casovima-cute\/\",\"name\":\"Diskriminacija bo\u0161nja\u010dkih u\u010denika Gimnazije se nastavlja: U\u010denici u znak bojkota na \u010dasovima \u0107ute\",\"isPartOf\":{\"@id\":\"https:\/\/sandzakpress.net\/arhiva\/#website\"},\"primaryImageOfPage\":{\"@id\":\"https:\/\/sandzakpress.net\/arhiva\/diskriminacija-bosnjackih-ucenika-gimnazije-se-nastavlja-ucenici-u-znak-bojkota-na-casovima-cute\/#primaryimage\"},\"image\":{\"@id\":\"https:\/\/sandzakpress.net\/arhiva\/diskriminacija-bosnjackih-ucenika-gimnazije-se-nastavlja-ucenici-u-znak-bojkota-na-casovima-cute\/#primaryimage\"},\"thumbnailUrl\":\"https:\/\/sandzakpress.net\/arhiva\/wp-content\/uploads\/2013\/12\/svecanost_gimnazija_2013_07.jpg\",\"datePublished\":\"2013-12-13T20:00:54+00:00\",\"breadcrumb\":{\"@id\":\"https:\/\/sandzakpress.net\/arhiva\/diskriminacija-bosnjackih-ucenika-gimnazije-se-nastavlja-ucenici-u-znak-bojkota-na-casovima-cute\/#breadcrumb\"},\"inLanguage\":\"bs-BA\",\"potentialAction\":[{\"@type\":\"ReadAction\",\"target\":[\"https:\/\/sandzakpress.net\/arhiva\/diskriminacija-bosnjackih-ucenika-gimnazije-se-nastavlja-ucenici-u-znak-bojkota-na-casovima-cute\/\"]}]},{\"@type\":\"ImageObject\",\"inLanguage\":\"bs-BA\",\"@id\":\"https:\/\/sandzakpress.net\/arhiva\/diskriminacija-bosnjackih-ucenika-gimnazije-se-nastavlja-ucenici-u-znak-bojkota-na-casovima-cute\/#primaryimage\",\"url\":\"https:\/\/sandzakpress.net\/arhiva\/wp-content\/uploads\/2013\/12\/svecanost_gimnazija_2013_07.jpg\",\"contentUrl\":\"https:\/\/sandzakpress.net\/arhiva\/wp-content\/uploads\/2013\/12\/svecanost_gimnazija_2013_07.jpg\",\"width\":616,\"height\":388},{\"@type\":\"BreadcrumbList\",\"@id\":\"https:\/\/sandzakpress.net\/arhiva\/diskriminacija-bosnjackih-ucenika-gimnazije-se-nastavlja-ucenici-u-znak-bojkota-na-casovima-cute\/#breadcrumb\",\"itemListElement\":[{\"@type\":\"ListItem\",\"position\":1,\"name\":\"Home\",\"item\":\"https:\/\/sandzakpress.net\/arhiva\/\"},{\"@type\":\"ListItem\",\"position\":2,\"name\":\"Diskriminacija bo\u0161nja\u010dkih u\u010denika Gimnazije se nastavlja: U\u010denici u znak bojkota na \u010dasovima \u0107ute\"}]},{\"@type\":\"WebSite\",\"@id\":\"https:\/\/sandzakpress.net\/arhiva\/#website\",\"url\":\"https:\/\/sandzakpress.net\/arhiva\/\",\"name\":\"Sand\u017eak PRESS\",\"description\":\"Prve elektronske novine u Sand\u017eaku\",\"publisher\":{\"@id\":\"https:\/\/sandzakpress.net\/arhiva\/#\/schema\/person\/6e72b67d6e51910a1117b3b483ba20bd\"},\"potentialAction\":[{\"@type\":\"SearchAction\",\"target\":{\"@type\":\"EntryPoint\",\"urlTemplate\":\"https:\/\/sandzakpress.net\/arhiva\/?s={search_term_string}\"},\"query-input\":{\"@type\":\"PropertyValueSpecification\",\"valueRequired\":true,\"valueName\":\"search_term_string\"}}],\"inLanguage\":\"bs-BA\"},{\"@type\":[\"Person\",\"Organization\"],\"@id\":\"https:\/\/sandzakpress.net\/arhiva\/#\/schema\/person\/6e72b67d6e51910a1117b3b483ba20bd\",\"name\":\"Kul\",\"image\":{\"@type\":\"ImageObject\",\"inLanguage\":\"bs-BA\",\"@id\":\"https:\/\/sandzakpress.net\/arhiva\/#\/schema\/person\/image\/\",\"url\":\"https:\/\/secure.gravatar.com\/avatar\/42263f39aa27ac04c43cab85c280eb2e?s=96&d=mm&r=pg\",\"contentUrl\":\"https:\/\/secure.gravatar.com\/avatar\/42263f39aa27ac04c43cab85c280eb2e?s=96&d=mm&r=pg\",\"caption\":\"Kul\"},\"logo\":{\"@id\":\"https:\/\/sandzakpress.net\/arhiva\/#\/schema\/person\/image\/\"}},{\"@type\":\"Person\",\"@id\":\"https:\/\/sandzakpress.net\/arhiva\/#\/schema\/person\/c8baee722073534b583ea7bdb2e36c02\",\"name\":\"bosniak\",\"image\":{\"@type\":\"ImageObject\",\"inLanguage\":\"bs-BA\",\"@id\":\"https:\/\/sandzakpress.net\/arhiva\/#\/schema\/person\/image\/\",\"url\":\"https:\/\/secure.gravatar.com\/avatar\/a04fd330bfe3a36a72a0ad4a6d89fca7?s=96&d=mm&r=pg\",\"contentUrl\":\"https:\/\/secure.gravatar.com\/avatar\/a04fd330bfe3a36a72a0ad4a6d89fca7?s=96&d=mm&r=pg\",\"caption\":\"bosniak\"},\"url\":\"https:\/\/sandzakpress.net\/arhiva\/author\/bosniak\/\"}]}<\/script>\n<!-- \/ Yoast SEO Premium plugin. -->","yoast_head_json":{"title":"Diskriminacija bo\u0161nja\u010dkih u\u010denika Gimnazije se nastavlja: U\u010denici u znak bojkota na \u010dasovima \u0107ute","robots":{"index":"index","follow":"follow","max-snippet":"max-snippet:-1","max-image-preview":"max-image-preview:large","max-video-preview":"max-video-preview:-1"},"canonical":"https:\/\/sandzakpress.net\/arhiva\/diskriminacija-bosnjackih-ucenika-gimnazije-se-nastavlja-ucenici-u-znak-bojkota-na-casovima-cute\/","og_locale":"bs_BA","og_type":"article","og_title":"Diskriminacija bo\u0161nja\u010dkih u\u010denika Gimnazije se nastavlja: U\u010denici u znak bojkota na \u010dasovima \u0107ute","og_description":"Novi Pazar &#8211;\u00a0Stotinak u\u010denika prvog razreda Gimnazije u Novom Pazaru \u0107uti na \u010dasovima srpskog jezika. To je znak njihovog protesta zato \u0161to im jo\u0161 nije organizovana nastava na bosanskom jeziku, pi\u0161e &#8220;Danas&#8221;. Direktor novopazarske Gimnazije Zoran Milosavljevi\u0107 tvrdi da su sproveli sve neophodne aktivnosti za nastavu na bosanskom jeziku, ali \u010dekaju odobrenje Ministarstva prosvete. Postoje [&hellip;]","og_url":"https:\/\/sandzakpress.net\/arhiva\/diskriminacija-bosnjackih-ucenika-gimnazije-se-nastavlja-ucenici-u-znak-bojkota-na-casovima-cute\/","og_site_name":"Sand\u017eak PRESS","article_published_time":"2013-12-13T20:00:54+00:00","og_image":[{"width":616,"height":388,"url":"https:\/\/sandzakpress.net\/arhiva\/wp-content\/uploads\/2013\/12\/svecanost_gimnazija_2013_07.jpg","type":"image\/jpeg"}],"author":"bosniak","twitter_card":"summary_large_image","twitter_misc":{"Written by":"bosniak","Est. reading time":"1 minuta"},"schema":{"@context":"https:\/\/schema.org","@graph":[{"@type":"Article","@id":"https:\/\/sandzakpress.net\/arhiva\/diskriminacija-bosnjackih-ucenika-gimnazije-se-nastavlja-ucenici-u-znak-bojkota-na-casovima-cute\/#article","isPartOf":{"@id":"https:\/\/sandzakpress.net\/arhiva\/diskriminacija-bosnjackih-ucenika-gimnazije-se-nastavlja-ucenici-u-znak-bojkota-na-casovima-cute\/"},"author":{"name":"bosniak","@id":"https:\/\/sandzakpress.net\/arhiva\/#\/schema\/person\/c8baee722073534b583ea7bdb2e36c02"},"headline":"Diskriminacija bo\u0161nja\u010dkih u\u010denika Gimnazije se nastavlja: U\u010denici u znak bojkota na \u010dasovima \u0107ute","datePublished":"2013-12-13T20:00:54+00:00","mainEntityOfPage":{"@id":"https:\/\/sandzakpress.net\/arhiva\/diskriminacija-bosnjackih-ucenika-gimnazije-se-nastavlja-ucenici-u-znak-bojkota-na-casovima-cute\/"},"wordCount":312,"commentCount":28,"publisher":{"@id":"https:\/\/sandzakpress.net\/arhiva\/#\/schema\/person\/6e72b67d6e51910a1117b3b483ba20bd"},"image":{"@id":"https:\/\/sandzakpress.net\/arhiva\/diskriminacija-bosnjackih-ucenika-gimnazije-se-nastavlja-ucenici-u-znak-bojkota-na-casovima-cute\/#primaryimage"},"thumbnailUrl":"https:\/\/sandzakpress.net\/arhiva\/wp-content\/uploads\/2013\/12\/svecanost_gimnazija_2013_07.jpg","keywords":["Vlast u Novom Pazaru","bosanski jezik"],"articleSection":["Novi Pazar","Politika","VIJESTI DANA"],"inLanguage":"bs-BA","potentialAction":[{"@type":"CommentAction","name":"Comment","target":["https:\/\/sandzakpress.net\/arhiva\/diskriminacija-bosnjackih-ucenika-gimnazije-se-nastavlja-ucenici-u-znak-bojkota-na-casovima-cute\/#respond"]}]},{"@type":"WebPage","@id":"https:\/\/sandzakpress.net\/arhiva\/diskriminacija-bosnjackih-ucenika-gimnazije-se-nastavlja-ucenici-u-znak-bojkota-na-casovima-cute\/","url":"https:\/\/sandzakpress.net\/arhiva\/diskriminacija-bosnjackih-ucenika-gimnazije-se-nastavlja-ucenici-u-znak-bojkota-na-casovima-cute\/","name":"Diskriminacija bo\u0161nja\u010dkih u\u010denika Gimnazije se nastavlja: U\u010denici u znak bojkota na \u010dasovima \u0107ute","isPartOf":{"@id":"https:\/\/sandzakpress.net\/arhiva\/#website"},"primaryImageOfPage":{"@id":"https:\/\/sandzakpress.net\/arhiva\/diskriminacija-bosnjackih-ucenika-gimnazije-se-nastavlja-ucenici-u-znak-bojkota-na-casovima-cute\/#primaryimage"},"image":{"@id":"https:\/\/sandzakpress.net\/arhiva\/diskriminacija-bosnjackih-ucenika-gimnazije-se-nastavlja-ucenici-u-znak-bojkota-na-casovima-cute\/#primaryimage"},"thumbnailUrl":"https:\/\/sandzakpress.net\/arhiva\/wp-content\/uploads\/2013\/12\/svecanost_gimnazija_2013_07.jpg","datePublished":"2013-12-13T20:00:54+00:00","breadcrumb":{"@id":"https:\/\/sandzakpress.net\/arhiva\/diskriminacija-bosnjackih-ucenika-gimnazije-se-nastavlja-ucenici-u-znak-bojkota-na-casovima-cute\/#breadcrumb"},"inLanguage":"bs-BA","potentialAction":[{"@type":"ReadAction","target":["https:\/\/sandzakpress.net\/arhiva\/diskriminacija-bosnjackih-ucenika-gimnazije-se-nastavlja-ucenici-u-znak-bojkota-na-casovima-cute\/"]}]},{"@type":"ImageObject","inLanguage":"bs-BA","@id":"https:\/\/sandzakpress.net\/arhiva\/diskriminacija-bosnjackih-ucenika-gimnazije-se-nastavlja-ucenici-u-znak-bojkota-na-casovima-cute\/#primaryimage","url":"https:\/\/sandzakpress.net\/arhiva\/wp-content\/uploads\/2013\/12\/svecanost_gimnazija_2013_07.jpg","contentUrl":"https:\/\/sandzakpress.net\/arhiva\/wp-content\/uploads\/2013\/12\/svecanost_gimnazija_2013_07.jpg","width":616,"height":388},{"@type":"BreadcrumbList","@id":"https:\/\/sandzakpress.net\/arhiva\/diskriminacija-bosnjackih-ucenika-gimnazije-se-nastavlja-ucenici-u-znak-bojkota-na-casovima-cute\/#breadcrumb","itemListElement":[{"@type":"ListItem","position":1,"name":"Home","item":"https:\/\/sandzakpress.net\/arhiva\/"},{"@type":"ListItem","position":2,"name":"Diskriminacija bo\u0161nja\u010dkih u\u010denika Gimnazije se nastavlja: U\u010denici u znak bojkota na \u010dasovima \u0107ute"}]},{"@type":"WebSite","@id":"https:\/\/sandzakpress.net\/arhiva\/#website","url":"https:\/\/sandzakpress.net\/arhiva\/","name":"Sand\u017eak PRESS","description":"Prve elektronske novine u Sand\u017eaku","publisher":{"@id":"https:\/\/sandzakpress.net\/arhiva\/#\/schema\/person\/6e72b67d6e51910a1117b3b483ba20bd"},"potentialAction":[{"@type":"SearchAction","target":{"@type":"EntryPoint","urlTemplate":"https:\/\/sandzakpress.net\/arhiva\/?s={search_term_string}"},"query-input":{"@type":"PropertyValueSpecification","valueRequired":true,"valueName":"search_term_string"}}],"inLanguage":"bs-BA"},{"@type":["Person","Organization"],"@id":"https:\/\/sandzakpress.net\/arhiva\/#\/schema\/person\/6e72b67d6e51910a1117b3b483ba20bd","name":"Kul","image":{"@type":"ImageObject","inLanguage":"bs-BA","@id":"https:\/\/sandzakpress.net\/arhiva\/#\/schema\/person\/image\/","url":"https:\/\/secure.gravatar.com\/avatar\/42263f39aa27ac04c43cab85c280eb2e?s=96&d=mm&r=pg","contentUrl":"https:\/\/secure.gravatar.com\/avatar\/42263f39aa27ac04c43cab85c280eb2e?s=96&d=mm&r=pg","caption":"Kul"},"logo":{"@id":"https:\/\/sandzakpress.net\/arhiva\/#\/schema\/person\/image\/"}},{"@type":"Person","@id":"https:\/\/sandzakpress.net\/arhiva\/#\/schema\/person\/c8baee722073534b583ea7bdb2e36c02","name":"bosniak","image":{"@type":"ImageObject","inLanguage":"bs-BA","@id":"https:\/\/sandzakpress.net\/arhiva\/#\/schema\/person\/image\/","url":"https:\/\/secure.gravatar.com\/avatar\/a04fd330bfe3a36a72a0ad4a6d89fca7?s=96&d=mm&r=pg","contentUrl":"https:\/\/secure.gravatar.com\/avatar\/a04fd330bfe3a36a72a0ad4a6d89fca7?s=96&d=mm&r=pg","caption":"bosniak"},"url":"https:\/\/sandzakpress.net\/arhiva\/author\/bosniak\/"}]}},"_links":{"self":[{"href":"https:\/\/sandzakpress.net\/arhiva\/wp-json\/wp\/v2\/posts\/98039"}],"collection":[{"href":"https:\/\/sandzakpress.net\/arhiva\/wp-json\/wp\/v2\/posts"}],"about":[{"href":"https:\/\/sandzakpress.net\/arhiva\/wp-json\/wp\/v2\/types\/post"}],"author":[{"embeddable":true,"href":"https:\/\/sandzakpress.net\/arhiva\/wp-json\/wp\/v2\/users\/83"}],"replies":[{"embeddable":true,"href":"https:\/\/sandzakpress.net\/arhiva\/wp-json\/wp\/v2\/comments?post=98039"}],"version-history":[{"count":0,"href":"https:\/\/sandzakpress.net\/arhiva\/wp-json\/wp\/v2\/posts\/98039\/revisions"}],"wp:featuredmedia":[{"embeddable":true,"href":"https:\/\/sandzakpress.net\/arhiva\/wp-json\/wp\/v2\/media\/98042"}],"wp:attachment":[{"href":"https:\/\/sandzakpress.net\/arhiva\/wp-json\/wp\/v2\/media?parent=98039"}],"wp:term":[{"taxonomy":"category","embeddable":true,"href":"https:\/\/sandzakpress.net\/arhiva\/wp-json\/wp\/v2\/categories?post=98039"},{"taxonomy":"post_tag","embeddable":true,"href":"https:\/\/sandzakpress.net\/arhiva\/wp-json\/wp\/v2\/tags?post=98039"}],"curies":[{"name":"wp","href":"https:\/\/api.w.org\/{rel}","templated":true}]}}