{"id":98029,"date":"2013-12-13T20:51:39","date_gmt":"2013-12-13T19:51:39","guid":{"rendered":"https:\/\/sandzakpress.net\/arhiva\/?p=98029"},"modified":"2013-12-13T20:51:39","modified_gmt":"2013-12-13T19:51:39","slug":"sbk-ogorcen-islamofobicnim-napadom-helsinskog-komiteta-u-bih-na-dr-cerica-i-mr-alispahica","status":"publish","type":"post","link":"https:\/\/sandzakpress.net\/arhiva\/sbk-ogorcen-islamofobicnim-napadom-helsinskog-komiteta-u-bih-na-dr-cerica-i-mr-alispahica\/","title":{"rendered":"SBK ogor\u010den islamofobi\u010dnim napadom Helsin\u0161kog komiteta u BIH na dr. Ceri\u0107a i mr. Alispahi\u0107a"},"content":{"rendered":"<p><strong><a href=\"https:\/\/sandzakpress.net\/arhiva\/wp-content\/uploads\/2013\/12\/u87876.jpg\"><img loading=\"lazy\" decoding=\"async\" class=\"alignleft size-medium wp-image-98030\" alt=\"u87876\" src=\"https:\/\/sandzakpress.net\/arhiva\/wp-content\/uploads\/2013\/12\/u87876-230x220.jpg\" width=\"230\" height=\"220\" \/><\/a>BIH &#8211; Odbor za ljudska prava, prava \u017ertava rata i genocid SBK-a izra\u017eava svoje ogor\u010denje povodom tendecioznog, zlonamjernog i islamofobi\u010dnog napada predstavnika Helsin\u0161kog komiteta u BiH na autoritet predsjednika Svjetskog bo\u0161nja\u010dkog kongresa, reisu-l-ulemu emeritusa dr. Mustafu ef. Ceri\u0107a i \u010dlana Odbora za ljudska prava, prava \u017ertava rata i genocid SBK-a, istaknutog novinara i publicistu mr. Fatmira Alispahi\u0107a.<\/strong><\/p>\n<p>Naime, ova organizacija koja bi trebalo da se bavi humanim dru\u0161tvenim djelatnostima, ne prvi put, na najgori na\u010din vrije\u0111a bo\u0161nja\u010dke autoritete, iznose\u0107i neistine na kojima bi im pozavidio sam Gebels.<\/p>\n<p>Upotrebljavaju\u0107i kvalifikacije \u201cfa\u0161izam i rasizam\u201c, optu\u017euju\u0107i druge da, kako ka\u017eu, \u201ctruju medijski prostor u BiH\u201c, ova tzv. organizacija za za\u0161titu ljudskih prava pretvorila se u za\u0161titu svih onih koji misle da mogu blatiti Islam i Muslimane. Posebno su a\u017eurni u odbrani pojedinih \u201eMuslimana\u201c koji svojim pona\u0161anjem o\u010digledno \u017eale \u0161to nisu \u201epo\u0161li stopama Emira Kusturice\u201c.<\/p>\n<p>U nastupu agresivne hipokrizije ova organizacija, politikom dvostrukih ar\u0161ina, slobodom govora smatra najprimitivnije vrije\u0111anje muslimanskih i bo\u0161nja\u010dkih tradicionalnih vrijednosti, a kritiku omalova\u017eavanja vjere tretiraju kao \u201efa\u0161izam\u201c!?<\/p>\n<p>U zanosu islamofobije i bo\u0161njakofobije histeri\u010dno \u201eodbacuju\u201c ono \u0161to je konstitutivni element bo\u0161nja\u010dkog identiteta, antifa\u0161izam, po \u010demu su prepoznati u svijetu, kao jedini narod koji nema niti je ikada imao svoje fa\u0161isti\u010dke organizacije.<\/p>\n<p>Predstavnici Helsin\u0161kog komiteta brane kvazinau\u010dnu i kvazivjersku interpretaciju Islam, njihove \u0161ti\u0107enice Amile Kahrovi\u0107, a koliko do ju\u010der im je smetala i vjeronauka i mahrama.<\/p>\n<p>Vera Jovanovi\u0107, predsjednica Helsin\u0161kog komiteta za ljudska prava u Bosni i Hercegovini, od ranije je poznata po skandaloznim izjavama o pravu muslimanki da nose hid\u017eab na radnim mjestima u dr\u017eavnim institucijama. Jovanovi\u0107 je, izme\u0111u ostalog, govorila da \u201dmanifestovanje samo jedne vrste vjerskih osje\u0107anja, mo\u017ee izazvati nelagodu kod ovih drugih. Hid\u017eab treba da bude iza \u010detiri zida!\u201c<\/p>\n<p>Ona je ranije iznosila niz uvredljivih navoda na ra\u010dun vjeronauke u \u0161kolama i na ra\u010dun dr. Mustafe ef. Ceri\u0107a, dok je obna\u0161ao funkciju Reisu-l-uleme, dozvoljavaju\u0107i sebi da tuma\u010di \u0161ta je stav Reisu-l-uleme, a \u0161ta \u201costatka Islamske zajednice\u201d.<\/p>\n<p>Odbor za ljudska prava, prava \u017ertava rata i genocide SBK-a podsje\u0107a javnost da Helsin\u0161ki komitet za ljudska prava u BiH niti jednom svojom re\u010denicom nije stao u odbrani prava bo\u0161nja\u010dkih u\u010denika iz Konjevi\u0107 Polja i drugih mjesta koji se bore za odbranu svogi identiteta, a da ne spominjemo \u201ckoliko su branili pravo Fatmira Alispahi\u0107a da magistrira na Sarajevskom univerzitetu\u201d, \u0161to dovoljno govori koliko ovu organizaciju interesiraju prava onih dru\u0161tvenih kategorija koje im nisu \u201dciljna grupa\u201d, ili nisu u mogu\u0107nosti ili ne \u017eele platiti \u201cnjihovu za\u0161titu\u201d.<\/p>\n<p>Odbor za ljudska prava, prava \u017ertava rata i genocid SBK-a poziva Me\u0111unarodni helsin\u0161ki odbor za ljudska prava sa sjedi\u0161tem u Be\u010du da osudi islamofobi\u010dno pona\u0161anje svoje ispostave u Sarajevu, jer oni svojim kontinuiranim napadima na Islam i Muslimane nanose nesagledive posljedice reputaciji ove ozbiljne internacionalne organizacije za za\u0161titu ljudskih prava.<\/p>\n<p>Gospo\u0111a Jovanovi\u0107 bi se trebala ugledati na svijetli primjer gospo\u0111e Sonje Biserko, predsjednice Helsin\u0161kog komiteta u Srbiji, koja dugi niz godina, bez obzira na stalne prijetnje i \u0161ikaniranja, ostaje dosljedna borbi za ljudska prava svih ljudi bez obzira na razli\u010ditost.<\/p>\n<p>Bo\u0161njaci su pre\u017eivjeli genocid koji je nad njima izvr\u0161en samo iz jednog razloga, \u0161to su Muslimani! S toga im niko nema pravo \u201eobja\u0161njavati\u201c kakav je to Islam koji je prihvatljiv u \u201esavremenom trenutku\u201c. Posebno to nemaju oni pojedinci koji\u201eborbu za za\u0161titu ljudskih prava\u201c koriste kao izgovor za li\u010dnu samopromociju, kao i za promoviranje onih ideja koje su stajale po strani dok se nad bo\u0161nja\u010dkim narodom vr\u0161io najstra\u0161niji zlo\u010din nakon Holokausta, ma iza koje plemenite misije se krili, pi\u0161e u saop\u0107enju.<\/p>\n","protected":false},"excerpt":{"rendered":"<p>BIH &#8211; Odbor za ljudska prava, prava \u017ertava rata i genocid SBK-a izra\u017eava svoje ogor\u010denje povodom tendecioznog, zlonamjernog i islamofobi\u010dnog napada predstavnika Helsin\u0161kog komiteta u BiH na autoritet predsjednika Svjetskog bo\u0161nja\u010dkog kongresa, reisu-l-ulemu emeritusa dr. Mustafu ef. Ceri\u0107a i \u010dlana Odbora za ljudska prava, prava \u017ertava rata i genocid SBK-a, istaknutog novinara i publicistu mr. [&hellip;]<\/p>\n","protected":false},"author":83,"featured_media":98031,"comment_status":"open","ping_status":"open","sticky":false,"template":"","format":"standard","meta":{"footnotes":""},"categories":[800,2860],"tags":[],"class_list":{"0":"post-98029","1":"post","2":"type-post","3":"status-publish","4":"format-standard","5":"has-post-thumbnail","7":"category-nacija","8":"category-bosna-i-hercegovina-gradovi"},"yoast_head":"<!-- This site is optimized with the Yoast SEO Premium plugin v23.1 (Yoast SEO v24.9) - https:\/\/yoast.com\/wordpress\/plugins\/seo\/ -->\n<title>SBK ogor\u010den islamofobi\u010dnim napadom Helsin\u0161kog komiteta u BIH na dr. Ceri\u0107a i mr. Alispahi\u0107a<\/title>\n<meta name=\"robots\" content=\"index, follow, max-snippet:-1, max-image-preview:large, max-video-preview:-1\" \/>\n<link rel=\"canonical\" href=\"https:\/\/sandzakpress.net\/arhiva\/sbk-ogorcen-islamofobicnim-napadom-helsinskog-komiteta-u-bih-na-dr-cerica-i-mr-alispahica\/\" \/>\n<meta property=\"og:locale\" content=\"bs_BA\" \/>\n<meta property=\"og:type\" content=\"article\" \/>\n<meta property=\"og:title\" content=\"SBK ogor\u010den islamofobi\u010dnim napadom Helsin\u0161kog komiteta u BIH na dr. Ceri\u0107a i mr. Alispahi\u0107a\" \/>\n<meta property=\"og:description\" content=\"BIH &#8211; Odbor za ljudska prava, prava \u017ertava rata i genocid SBK-a izra\u017eava svoje ogor\u010denje povodom tendecioznog, zlonamjernog i islamofobi\u010dnog napada predstavnika Helsin\u0161kog komiteta u BiH na autoritet predsjednika Svjetskog bo\u0161nja\u010dkog kongresa, reisu-l-ulemu emeritusa dr. Mustafu ef. Ceri\u0107a i \u010dlana Odbora za ljudska prava, prava \u017ertava rata i genocid SBK-a, istaknutog novinara i publicistu mr. [&hellip;]\" \/>\n<meta property=\"og:url\" content=\"https:\/\/sandzakpress.net\/arhiva\/sbk-ogorcen-islamofobicnim-napadom-helsinskog-komiteta-u-bih-na-dr-cerica-i-mr-alispahica\/\" \/>\n<meta property=\"og:site_name\" content=\"Sand\u017eak PRESS\" \/>\n<meta property=\"article:published_time\" content=\"2013-12-13T19:51:39+00:00\" \/>\n<meta property=\"og:image\" content=\"https:\/\/sandzakpress.net\/arhiva\/wp-content\/uploads\/2013\/12\/u87876-230x2201.jpg\" \/>\n\t<meta property=\"og:image:width\" content=\"230\" \/>\n\t<meta property=\"og:image:height\" content=\"220\" \/>\n\t<meta property=\"og:image:type\" content=\"image\/jpeg\" \/>\n<meta name=\"author\" content=\"bosniak\" \/>\n<meta name=\"twitter:card\" content=\"summary_large_image\" \/>\n<meta name=\"twitter:label1\" content=\"Written by\" \/>\n\t<meta name=\"twitter:data1\" content=\"bosniak\" \/>\n\t<meta name=\"twitter:label2\" content=\"Est. reading time\" \/>\n\t<meta name=\"twitter:data2\" content=\"3 minute\" \/>\n<script type=\"application\/ld+json\" class=\"yoast-schema-graph\">{\"@context\":\"https:\/\/schema.org\",\"@graph\":[{\"@type\":\"Article\",\"@id\":\"https:\/\/sandzakpress.net\/arhiva\/sbk-ogorcen-islamofobicnim-napadom-helsinskog-komiteta-u-bih-na-dr-cerica-i-mr-alispahica\/#article\",\"isPartOf\":{\"@id\":\"https:\/\/sandzakpress.net\/arhiva\/sbk-ogorcen-islamofobicnim-napadom-helsinskog-komiteta-u-bih-na-dr-cerica-i-mr-alispahica\/\"},\"author\":{\"name\":\"bosniak\",\"@id\":\"https:\/\/sandzakpress.net\/arhiva\/#\/schema\/person\/c8baee722073534b583ea7bdb2e36c02\"},\"headline\":\"SBK ogor\u010den islamofobi\u010dnim napadom Helsin\u0161kog komiteta u BIH na dr. Ceri\u0107a i mr. Alispahi\u0107a\",\"datePublished\":\"2013-12-13T19:51:39+00:00\",\"mainEntityOfPage\":{\"@id\":\"https:\/\/sandzakpress.net\/arhiva\/sbk-ogorcen-islamofobicnim-napadom-helsinskog-komiteta-u-bih-na-dr-cerica-i-mr-alispahica\/\"},\"wordCount\":681,\"commentCount\":1,\"publisher\":{\"@id\":\"https:\/\/sandzakpress.net\/arhiva\/#\/schema\/person\/6e72b67d6e51910a1117b3b483ba20bd\"},\"image\":{\"@id\":\"https:\/\/sandzakpress.net\/arhiva\/sbk-ogorcen-islamofobicnim-napadom-helsinskog-komiteta-u-bih-na-dr-cerica-i-mr-alispahica\/#primaryimage\"},\"thumbnailUrl\":\"https:\/\/sandzakpress.net\/arhiva\/wp-content\/uploads\/2013\/12\/u87876-230x2201.jpg\",\"articleSection\":[\"Nacija\",\"Bosna i Hercegovina\"],\"inLanguage\":\"bs-BA\",\"potentialAction\":[{\"@type\":\"CommentAction\",\"name\":\"Comment\",\"target\":[\"https:\/\/sandzakpress.net\/arhiva\/sbk-ogorcen-islamofobicnim-napadom-helsinskog-komiteta-u-bih-na-dr-cerica-i-mr-alispahica\/#respond\"]}]},{\"@type\":\"WebPage\",\"@id\":\"https:\/\/sandzakpress.net\/arhiva\/sbk-ogorcen-islamofobicnim-napadom-helsinskog-komiteta-u-bih-na-dr-cerica-i-mr-alispahica\/\",\"url\":\"https:\/\/sandzakpress.net\/arhiva\/sbk-ogorcen-islamofobicnim-napadom-helsinskog-komiteta-u-bih-na-dr-cerica-i-mr-alispahica\/\",\"name\":\"SBK ogor\u010den islamofobi\u010dnim napadom Helsin\u0161kog komiteta u BIH na dr. Ceri\u0107a i mr. Alispahi\u0107a\",\"isPartOf\":{\"@id\":\"https:\/\/sandzakpress.net\/arhiva\/#website\"},\"primaryImageOfPage\":{\"@id\":\"https:\/\/sandzakpress.net\/arhiva\/sbk-ogorcen-islamofobicnim-napadom-helsinskog-komiteta-u-bih-na-dr-cerica-i-mr-alispahica\/#primaryimage\"},\"image\":{\"@id\":\"https:\/\/sandzakpress.net\/arhiva\/sbk-ogorcen-islamofobicnim-napadom-helsinskog-komiteta-u-bih-na-dr-cerica-i-mr-alispahica\/#primaryimage\"},\"thumbnailUrl\":\"https:\/\/sandzakpress.net\/arhiva\/wp-content\/uploads\/2013\/12\/u87876-230x2201.jpg\",\"datePublished\":\"2013-12-13T19:51:39+00:00\",\"breadcrumb\":{\"@id\":\"https:\/\/sandzakpress.net\/arhiva\/sbk-ogorcen-islamofobicnim-napadom-helsinskog-komiteta-u-bih-na-dr-cerica-i-mr-alispahica\/#breadcrumb\"},\"inLanguage\":\"bs-BA\",\"potentialAction\":[{\"@type\":\"ReadAction\",\"target\":[\"https:\/\/sandzakpress.net\/arhiva\/sbk-ogorcen-islamofobicnim-napadom-helsinskog-komiteta-u-bih-na-dr-cerica-i-mr-alispahica\/\"]}]},{\"@type\":\"ImageObject\",\"inLanguage\":\"bs-BA\",\"@id\":\"https:\/\/sandzakpress.net\/arhiva\/sbk-ogorcen-islamofobicnim-napadom-helsinskog-komiteta-u-bih-na-dr-cerica-i-mr-alispahica\/#primaryimage\",\"url\":\"https:\/\/sandzakpress.net\/arhiva\/wp-content\/uploads\/2013\/12\/u87876-230x2201.jpg\",\"contentUrl\":\"https:\/\/sandzakpress.net\/arhiva\/wp-content\/uploads\/2013\/12\/u87876-230x2201.jpg\",\"width\":230,\"height\":220},{\"@type\":\"BreadcrumbList\",\"@id\":\"https:\/\/sandzakpress.net\/arhiva\/sbk-ogorcen-islamofobicnim-napadom-helsinskog-komiteta-u-bih-na-dr-cerica-i-mr-alispahica\/#breadcrumb\",\"itemListElement\":[{\"@type\":\"ListItem\",\"position\":1,\"name\":\"Home\",\"item\":\"https:\/\/sandzakpress.net\/arhiva\/\"},{\"@type\":\"ListItem\",\"position\":2,\"name\":\"SBK ogor\u010den islamofobi\u010dnim napadom Helsin\u0161kog komiteta u BIH na dr. Ceri\u0107a i mr. Alispahi\u0107a\"}]},{\"@type\":\"WebSite\",\"@id\":\"https:\/\/sandzakpress.net\/arhiva\/#website\",\"url\":\"https:\/\/sandzakpress.net\/arhiva\/\",\"name\":\"Sand\u017eak PRESS\",\"description\":\"Prve elektronske novine u Sand\u017eaku\",\"publisher\":{\"@id\":\"https:\/\/sandzakpress.net\/arhiva\/#\/schema\/person\/6e72b67d6e51910a1117b3b483ba20bd\"},\"potentialAction\":[{\"@type\":\"SearchAction\",\"target\":{\"@type\":\"EntryPoint\",\"urlTemplate\":\"https:\/\/sandzakpress.net\/arhiva\/?s={search_term_string}\"},\"query-input\":{\"@type\":\"PropertyValueSpecification\",\"valueRequired\":true,\"valueName\":\"search_term_string\"}}],\"inLanguage\":\"bs-BA\"},{\"@type\":[\"Person\",\"Organization\"],\"@id\":\"https:\/\/sandzakpress.net\/arhiva\/#\/schema\/person\/6e72b67d6e51910a1117b3b483ba20bd\",\"name\":\"Kul\",\"image\":{\"@type\":\"ImageObject\",\"inLanguage\":\"bs-BA\",\"@id\":\"https:\/\/sandzakpress.net\/arhiva\/#\/schema\/person\/image\/\",\"url\":\"https:\/\/secure.gravatar.com\/avatar\/42263f39aa27ac04c43cab85c280eb2e?s=96&d=mm&r=pg\",\"contentUrl\":\"https:\/\/secure.gravatar.com\/avatar\/42263f39aa27ac04c43cab85c280eb2e?s=96&d=mm&r=pg\",\"caption\":\"Kul\"},\"logo\":{\"@id\":\"https:\/\/sandzakpress.net\/arhiva\/#\/schema\/person\/image\/\"}},{\"@type\":\"Person\",\"@id\":\"https:\/\/sandzakpress.net\/arhiva\/#\/schema\/person\/c8baee722073534b583ea7bdb2e36c02\",\"name\":\"bosniak\",\"image\":{\"@type\":\"ImageObject\",\"inLanguage\":\"bs-BA\",\"@id\":\"https:\/\/sandzakpress.net\/arhiva\/#\/schema\/person\/image\/\",\"url\":\"https:\/\/secure.gravatar.com\/avatar\/a04fd330bfe3a36a72a0ad4a6d89fca7?s=96&d=mm&r=pg\",\"contentUrl\":\"https:\/\/secure.gravatar.com\/avatar\/a04fd330bfe3a36a72a0ad4a6d89fca7?s=96&d=mm&r=pg\",\"caption\":\"bosniak\"},\"url\":\"https:\/\/sandzakpress.net\/arhiva\/author\/bosniak\/\"}]}<\/script>\n<!-- \/ Yoast SEO Premium plugin. -->","yoast_head_json":{"title":"SBK ogor\u010den islamofobi\u010dnim napadom Helsin\u0161kog komiteta u BIH na dr. Ceri\u0107a i mr. Alispahi\u0107a","robots":{"index":"index","follow":"follow","max-snippet":"max-snippet:-1","max-image-preview":"max-image-preview:large","max-video-preview":"max-video-preview:-1"},"canonical":"https:\/\/sandzakpress.net\/arhiva\/sbk-ogorcen-islamofobicnim-napadom-helsinskog-komiteta-u-bih-na-dr-cerica-i-mr-alispahica\/","og_locale":"bs_BA","og_type":"article","og_title":"SBK ogor\u010den islamofobi\u010dnim napadom Helsin\u0161kog komiteta u BIH na dr. Ceri\u0107a i mr. Alispahi\u0107a","og_description":"BIH &#8211; Odbor za ljudska prava, prava \u017ertava rata i genocid SBK-a izra\u017eava svoje ogor\u010denje povodom tendecioznog, zlonamjernog i islamofobi\u010dnog napada predstavnika Helsin\u0161kog komiteta u BiH na autoritet predsjednika Svjetskog bo\u0161nja\u010dkog kongresa, reisu-l-ulemu emeritusa dr. Mustafu ef. Ceri\u0107a i \u010dlana Odbora za ljudska prava, prava \u017ertava rata i genocid SBK-a, istaknutog novinara i publicistu mr. [&hellip;]","og_url":"https:\/\/sandzakpress.net\/arhiva\/sbk-ogorcen-islamofobicnim-napadom-helsinskog-komiteta-u-bih-na-dr-cerica-i-mr-alispahica\/","og_site_name":"Sand\u017eak PRESS","article_published_time":"2013-12-13T19:51:39+00:00","og_image":[{"width":230,"height":220,"url":"https:\/\/sandzakpress.net\/arhiva\/wp-content\/uploads\/2013\/12\/u87876-230x2201.jpg","type":"image\/jpeg"}],"author":"bosniak","twitter_card":"summary_large_image","twitter_misc":{"Written by":"bosniak","Est. reading time":"3 minute"},"schema":{"@context":"https:\/\/schema.org","@graph":[{"@type":"Article","@id":"https:\/\/sandzakpress.net\/arhiva\/sbk-ogorcen-islamofobicnim-napadom-helsinskog-komiteta-u-bih-na-dr-cerica-i-mr-alispahica\/#article","isPartOf":{"@id":"https:\/\/sandzakpress.net\/arhiva\/sbk-ogorcen-islamofobicnim-napadom-helsinskog-komiteta-u-bih-na-dr-cerica-i-mr-alispahica\/"},"author":{"name":"bosniak","@id":"https:\/\/sandzakpress.net\/arhiva\/#\/schema\/person\/c8baee722073534b583ea7bdb2e36c02"},"headline":"SBK ogor\u010den islamofobi\u010dnim napadom Helsin\u0161kog komiteta u BIH na dr. Ceri\u0107a i mr. Alispahi\u0107a","datePublished":"2013-12-13T19:51:39+00:00","mainEntityOfPage":{"@id":"https:\/\/sandzakpress.net\/arhiva\/sbk-ogorcen-islamofobicnim-napadom-helsinskog-komiteta-u-bih-na-dr-cerica-i-mr-alispahica\/"},"wordCount":681,"commentCount":1,"publisher":{"@id":"https:\/\/sandzakpress.net\/arhiva\/#\/schema\/person\/6e72b67d6e51910a1117b3b483ba20bd"},"image":{"@id":"https:\/\/sandzakpress.net\/arhiva\/sbk-ogorcen-islamofobicnim-napadom-helsinskog-komiteta-u-bih-na-dr-cerica-i-mr-alispahica\/#primaryimage"},"thumbnailUrl":"https:\/\/sandzakpress.net\/arhiva\/wp-content\/uploads\/2013\/12\/u87876-230x2201.jpg","articleSection":["Nacija","Bosna i Hercegovina"],"inLanguage":"bs-BA","potentialAction":[{"@type":"CommentAction","name":"Comment","target":["https:\/\/sandzakpress.net\/arhiva\/sbk-ogorcen-islamofobicnim-napadom-helsinskog-komiteta-u-bih-na-dr-cerica-i-mr-alispahica\/#respond"]}]},{"@type":"WebPage","@id":"https:\/\/sandzakpress.net\/arhiva\/sbk-ogorcen-islamofobicnim-napadom-helsinskog-komiteta-u-bih-na-dr-cerica-i-mr-alispahica\/","url":"https:\/\/sandzakpress.net\/arhiva\/sbk-ogorcen-islamofobicnim-napadom-helsinskog-komiteta-u-bih-na-dr-cerica-i-mr-alispahica\/","name":"SBK ogor\u010den islamofobi\u010dnim napadom Helsin\u0161kog komiteta u BIH na dr. Ceri\u0107a i mr. Alispahi\u0107a","isPartOf":{"@id":"https:\/\/sandzakpress.net\/arhiva\/#website"},"primaryImageOfPage":{"@id":"https:\/\/sandzakpress.net\/arhiva\/sbk-ogorcen-islamofobicnim-napadom-helsinskog-komiteta-u-bih-na-dr-cerica-i-mr-alispahica\/#primaryimage"},"image":{"@id":"https:\/\/sandzakpress.net\/arhiva\/sbk-ogorcen-islamofobicnim-napadom-helsinskog-komiteta-u-bih-na-dr-cerica-i-mr-alispahica\/#primaryimage"},"thumbnailUrl":"https:\/\/sandzakpress.net\/arhiva\/wp-content\/uploads\/2013\/12\/u87876-230x2201.jpg","datePublished":"2013-12-13T19:51:39+00:00","breadcrumb":{"@id":"https:\/\/sandzakpress.net\/arhiva\/sbk-ogorcen-islamofobicnim-napadom-helsinskog-komiteta-u-bih-na-dr-cerica-i-mr-alispahica\/#breadcrumb"},"inLanguage":"bs-BA","potentialAction":[{"@type":"ReadAction","target":["https:\/\/sandzakpress.net\/arhiva\/sbk-ogorcen-islamofobicnim-napadom-helsinskog-komiteta-u-bih-na-dr-cerica-i-mr-alispahica\/"]}]},{"@type":"ImageObject","inLanguage":"bs-BA","@id":"https:\/\/sandzakpress.net\/arhiva\/sbk-ogorcen-islamofobicnim-napadom-helsinskog-komiteta-u-bih-na-dr-cerica-i-mr-alispahica\/#primaryimage","url":"https:\/\/sandzakpress.net\/arhiva\/wp-content\/uploads\/2013\/12\/u87876-230x2201.jpg","contentUrl":"https:\/\/sandzakpress.net\/arhiva\/wp-content\/uploads\/2013\/12\/u87876-230x2201.jpg","width":230,"height":220},{"@type":"BreadcrumbList","@id":"https:\/\/sandzakpress.net\/arhiva\/sbk-ogorcen-islamofobicnim-napadom-helsinskog-komiteta-u-bih-na-dr-cerica-i-mr-alispahica\/#breadcrumb","itemListElement":[{"@type":"ListItem","position":1,"name":"Home","item":"https:\/\/sandzakpress.net\/arhiva\/"},{"@type":"ListItem","position":2,"name":"SBK ogor\u010den islamofobi\u010dnim napadom Helsin\u0161kog komiteta u BIH na dr. Ceri\u0107a i mr. Alispahi\u0107a"}]},{"@type":"WebSite","@id":"https:\/\/sandzakpress.net\/arhiva\/#website","url":"https:\/\/sandzakpress.net\/arhiva\/","name":"Sand\u017eak PRESS","description":"Prve elektronske novine u Sand\u017eaku","publisher":{"@id":"https:\/\/sandzakpress.net\/arhiva\/#\/schema\/person\/6e72b67d6e51910a1117b3b483ba20bd"},"potentialAction":[{"@type":"SearchAction","target":{"@type":"EntryPoint","urlTemplate":"https:\/\/sandzakpress.net\/arhiva\/?s={search_term_string}"},"query-input":{"@type":"PropertyValueSpecification","valueRequired":true,"valueName":"search_term_string"}}],"inLanguage":"bs-BA"},{"@type":["Person","Organization"],"@id":"https:\/\/sandzakpress.net\/arhiva\/#\/schema\/person\/6e72b67d6e51910a1117b3b483ba20bd","name":"Kul","image":{"@type":"ImageObject","inLanguage":"bs-BA","@id":"https:\/\/sandzakpress.net\/arhiva\/#\/schema\/person\/image\/","url":"https:\/\/secure.gravatar.com\/avatar\/42263f39aa27ac04c43cab85c280eb2e?s=96&d=mm&r=pg","contentUrl":"https:\/\/secure.gravatar.com\/avatar\/42263f39aa27ac04c43cab85c280eb2e?s=96&d=mm&r=pg","caption":"Kul"},"logo":{"@id":"https:\/\/sandzakpress.net\/arhiva\/#\/schema\/person\/image\/"}},{"@type":"Person","@id":"https:\/\/sandzakpress.net\/arhiva\/#\/schema\/person\/c8baee722073534b583ea7bdb2e36c02","name":"bosniak","image":{"@type":"ImageObject","inLanguage":"bs-BA","@id":"https:\/\/sandzakpress.net\/arhiva\/#\/schema\/person\/image\/","url":"https:\/\/secure.gravatar.com\/avatar\/a04fd330bfe3a36a72a0ad4a6d89fca7?s=96&d=mm&r=pg","contentUrl":"https:\/\/secure.gravatar.com\/avatar\/a04fd330bfe3a36a72a0ad4a6d89fca7?s=96&d=mm&r=pg","caption":"bosniak"},"url":"https:\/\/sandzakpress.net\/arhiva\/author\/bosniak\/"}]}},"_links":{"self":[{"href":"https:\/\/sandzakpress.net\/arhiva\/wp-json\/wp\/v2\/posts\/98029"}],"collection":[{"href":"https:\/\/sandzakpress.net\/arhiva\/wp-json\/wp\/v2\/posts"}],"about":[{"href":"https:\/\/sandzakpress.net\/arhiva\/wp-json\/wp\/v2\/types\/post"}],"author":[{"embeddable":true,"href":"https:\/\/sandzakpress.net\/arhiva\/wp-json\/wp\/v2\/users\/83"}],"replies":[{"embeddable":true,"href":"https:\/\/sandzakpress.net\/arhiva\/wp-json\/wp\/v2\/comments?post=98029"}],"version-history":[{"count":0,"href":"https:\/\/sandzakpress.net\/arhiva\/wp-json\/wp\/v2\/posts\/98029\/revisions"}],"wp:featuredmedia":[{"embeddable":true,"href":"https:\/\/sandzakpress.net\/arhiva\/wp-json\/wp\/v2\/media\/98031"}],"wp:attachment":[{"href":"https:\/\/sandzakpress.net\/arhiva\/wp-json\/wp\/v2\/media?parent=98029"}],"wp:term":[{"taxonomy":"category","embeddable":true,"href":"https:\/\/sandzakpress.net\/arhiva\/wp-json\/wp\/v2\/categories?post=98029"},{"taxonomy":"post_tag","embeddable":true,"href":"https:\/\/sandzakpress.net\/arhiva\/wp-json\/wp\/v2\/tags?post=98029"}],"curies":[{"name":"wp","href":"https:\/\/api.w.org\/{rel}","templated":true}]}}