{"id":97928,"date":"2013-12-12T10:53:23","date_gmt":"2013-12-12T09:53:23","guid":{"rendered":"https:\/\/sandzakpress.net\/arhiva\/?p=97928"},"modified":"2013-12-12T10:53:23","modified_gmt":"2013-12-12T09:53:23","slug":"procitajte-ovo-i-nikad-vise-necete-zaspati-sa-sminkom","status":"publish","type":"post","link":"https:\/\/sandzakpress.net\/arhiva\/procitajte-ovo-i-nikad-vise-necete-zaspati-sa-sminkom\/","title":{"rendered":"Pro\u010ditajte ovo i nikad vi\u0161e ne\u0107ete zaspati sa \u0161minkom"},"content":{"rendered":"<p><strong><img loading=\"lazy\" decoding=\"async\" class=\"alignleft\" alt=\"\" src=\"http:\/\/25.media.tumblr.com\/c67fdd9679157737d82ffb1bd1bc87d3\/tumblr_mulf812rmO1sqgmn3o1_1280.jpg\" width=\"368\" height=\"245\" \/>Skidanje \u0161minke\u00a0uve\u010der\u00a0pred spavanje ponekad je pravo mu\u010denje, a desi se i da, jednostavno, ne skinemo \u0161minku i bacimo se\u00a0u krevet. Da li \u0107e vam se to de\u0161avati i nakon \u0161to pro\u010ditate sljede\u0107u pri\u010du?<\/strong><\/p>\n<p>Novinarka \u201cDejli mejla\u201d \u017eeljela je da oproba kako bi izgledala ako ne skida \u0161minku mjesec dana. Ve\u0107 tre\u0107eg dana, do\u0161lo je do pojave bijelih cisti oko trepavica, a ko\u017ea joj je postala suha. Prijatelji su po\u010deli da primje\u0107uju i da joj govore da izgleda umorno. Poslije 10 dana, probudila se sa naduvenim o\u010dima zbog grudvica od maskare.<\/p>\n<p>Posle mjesec dana oti\u0161la je na dermatolo\u0161ku kliniku da popravi \u0161tetu na licu. Specijalan fotoaparat otkrio je da joj je tekstura povr\u0161inskog sloja ko\u017ee znatno gora nego prethodnog mjeseca, zato \u0161to je u ko\u017ei bilo manje kiseonika. Bore su se produbile, zbog suho\u0107e ko\u017ee.<\/p>\n<p>Crvenilo na licu, sa kojim je ve\u0107 imala problema, jo\u0161 vi\u0161e se pogor\u0161alo, a pore su se pro\u0161irile. Stru\u010dnjaci tvrde da mjesec dana neskidanja \u0161minke mo\u017ee da vas u\u010dini starijom za <strong>10 godina!<\/strong><\/p>\n<p>&nbsp;<\/p>\n<p>Izvor: <strong>zena.blic.rs<\/strong><\/p>\n<p>&nbsp;<\/p>\n<p><strong>\u00a0<\/strong><\/p>\n","protected":false},"excerpt":{"rendered":"<p>Skidanje \u0161minke\u00a0uve\u010der\u00a0pred spavanje ponekad je pravo mu\u010denje, a desi se i da, jednostavno, ne skinemo \u0161minku i bacimo se\u00a0u krevet. Da li \u0107e vam se to de\u0161avati i nakon \u0161to pro\u010ditate sljede\u0107u pri\u010du? Novinarka \u201cDejli mejla\u201d \u017eeljela je da oproba kako bi izgledala ako ne skida \u0161minku mjesec dana. Ve\u0107 tre\u0107eg dana, do\u0161lo je do [&hellip;]<\/p>\n","protected":false},"author":83,"featured_media":97929,"comment_status":"open","ping_status":"open","sticky":false,"template":"","format":"standard","meta":{"footnotes":""},"categories":[10303],"tags":[],"class_list":{"0":"post-97928","1":"post","2":"type-post","3":"status-publish","4":"format-standard","5":"has-post-thumbnail","7":"category-zena-i-njen-svijet"},"yoast_head":"<!-- This site is optimized with the Yoast SEO Premium plugin v23.1 (Yoast SEO v24.9) - https:\/\/yoast.com\/wordpress\/plugins\/seo\/ -->\n<title>Pro\u010ditajte ovo i nikad vi\u0161e ne\u0107ete zaspati sa \u0161minkom<\/title>\n<meta name=\"robots\" content=\"index, follow, max-snippet:-1, max-image-preview:large, max-video-preview:-1\" \/>\n<link rel=\"canonical\" href=\"https:\/\/sandzakpress.net\/arhiva\/procitajte-ovo-i-nikad-vise-necete-zaspati-sa-sminkom\/\" \/>\n<meta property=\"og:locale\" content=\"bs_BA\" \/>\n<meta property=\"og:type\" content=\"article\" \/>\n<meta property=\"og:title\" content=\"Pro\u010ditajte ovo i nikad vi\u0161e ne\u0107ete zaspati sa \u0161minkom\" \/>\n<meta property=\"og:description\" content=\"Skidanje \u0161minke\u00a0uve\u010der\u00a0pred spavanje ponekad je pravo mu\u010denje, a desi se i da, jednostavno, ne skinemo \u0161minku i bacimo se\u00a0u krevet. Da li \u0107e vam se to de\u0161avati i nakon \u0161to pro\u010ditate sljede\u0107u pri\u010du? Novinarka \u201cDejli mejla\u201d \u017eeljela je da oproba kako bi izgledala ako ne skida \u0161minku mjesec dana. Ve\u0107 tre\u0107eg dana, do\u0161lo je do [&hellip;]\" \/>\n<meta property=\"og:url\" content=\"https:\/\/sandzakpress.net\/arhiva\/procitajte-ovo-i-nikad-vise-necete-zaspati-sa-sminkom\/\" \/>\n<meta property=\"og:site_name\" content=\"Sand\u017eak PRESS\" \/>\n<meta property=\"article:published_time\" content=\"2013-12-12T09:53:23+00:00\" \/>\n<meta property=\"og:image\" content=\"https:\/\/sandzakpress.net\/arhiva\/wp-content\/uploads\/2013\/12\/tumblr_mulf812rmO1sqgmn3o1_1280.jpg\" \/>\n\t<meta property=\"og:image:width\" content=\"616\" \/>\n\t<meta property=\"og:image:height\" content=\"411\" \/>\n\t<meta property=\"og:image:type\" content=\"image\/jpeg\" \/>\n<meta name=\"author\" content=\"bosniak\" \/>\n<meta name=\"twitter:card\" content=\"summary_large_image\" \/>\n<meta name=\"twitter:label1\" content=\"Written by\" \/>\n\t<meta name=\"twitter:data1\" content=\"bosniak\" \/>\n\t<meta name=\"twitter:label2\" content=\"Est. reading time\" \/>\n\t<meta name=\"twitter:data2\" content=\"1 minuta\" \/>\n<script type=\"application\/ld+json\" class=\"yoast-schema-graph\">{\"@context\":\"https:\/\/schema.org\",\"@graph\":[{\"@type\":\"Article\",\"@id\":\"https:\/\/sandzakpress.net\/arhiva\/procitajte-ovo-i-nikad-vise-necete-zaspati-sa-sminkom\/#article\",\"isPartOf\":{\"@id\":\"https:\/\/sandzakpress.net\/arhiva\/procitajte-ovo-i-nikad-vise-necete-zaspati-sa-sminkom\/\"},\"author\":{\"name\":\"bosniak\",\"@id\":\"https:\/\/sandzakpress.net\/arhiva\/#\/schema\/person\/c8baee722073534b583ea7bdb2e36c02\"},\"headline\":\"Pro\u010ditajte ovo i nikad vi\u0161e ne\u0107ete zaspati sa \u0161minkom\",\"datePublished\":\"2013-12-12T09:53:23+00:00\",\"mainEntityOfPage\":{\"@id\":\"https:\/\/sandzakpress.net\/arhiva\/procitajte-ovo-i-nikad-vise-necete-zaspati-sa-sminkom\/\"},\"wordCount\":211,\"commentCount\":0,\"publisher\":{\"@id\":\"https:\/\/sandzakpress.net\/arhiva\/#\/schema\/person\/6e72b67d6e51910a1117b3b483ba20bd\"},\"image\":{\"@id\":\"https:\/\/sandzakpress.net\/arhiva\/procitajte-ovo-i-nikad-vise-necete-zaspati-sa-sminkom\/#primaryimage\"},\"thumbnailUrl\":\"https:\/\/sandzakpress.net\/arhiva\/wp-content\/uploads\/2013\/12\/tumblr_mulf812rmO1sqgmn3o1_1280.jpg\",\"articleSection\":[\"\u017dena i njen svijet\"],\"inLanguage\":\"bs-BA\",\"potentialAction\":[{\"@type\":\"CommentAction\",\"name\":\"Comment\",\"target\":[\"https:\/\/sandzakpress.net\/arhiva\/procitajte-ovo-i-nikad-vise-necete-zaspati-sa-sminkom\/#respond\"]}]},{\"@type\":\"WebPage\",\"@id\":\"https:\/\/sandzakpress.net\/arhiva\/procitajte-ovo-i-nikad-vise-necete-zaspati-sa-sminkom\/\",\"url\":\"https:\/\/sandzakpress.net\/arhiva\/procitajte-ovo-i-nikad-vise-necete-zaspati-sa-sminkom\/\",\"name\":\"Pro\u010ditajte ovo i nikad vi\u0161e ne\u0107ete zaspati sa \u0161minkom\",\"isPartOf\":{\"@id\":\"https:\/\/sandzakpress.net\/arhiva\/#website\"},\"primaryImageOfPage\":{\"@id\":\"https:\/\/sandzakpress.net\/arhiva\/procitajte-ovo-i-nikad-vise-necete-zaspati-sa-sminkom\/#primaryimage\"},\"image\":{\"@id\":\"https:\/\/sandzakpress.net\/arhiva\/procitajte-ovo-i-nikad-vise-necete-zaspati-sa-sminkom\/#primaryimage\"},\"thumbnailUrl\":\"https:\/\/sandzakpress.net\/arhiva\/wp-content\/uploads\/2013\/12\/tumblr_mulf812rmO1sqgmn3o1_1280.jpg\",\"datePublished\":\"2013-12-12T09:53:23+00:00\",\"breadcrumb\":{\"@id\":\"https:\/\/sandzakpress.net\/arhiva\/procitajte-ovo-i-nikad-vise-necete-zaspati-sa-sminkom\/#breadcrumb\"},\"inLanguage\":\"bs-BA\",\"potentialAction\":[{\"@type\":\"ReadAction\",\"target\":[\"https:\/\/sandzakpress.net\/arhiva\/procitajte-ovo-i-nikad-vise-necete-zaspati-sa-sminkom\/\"]}]},{\"@type\":\"ImageObject\",\"inLanguage\":\"bs-BA\",\"@id\":\"https:\/\/sandzakpress.net\/arhiva\/procitajte-ovo-i-nikad-vise-necete-zaspati-sa-sminkom\/#primaryimage\",\"url\":\"https:\/\/sandzakpress.net\/arhiva\/wp-content\/uploads\/2013\/12\/tumblr_mulf812rmO1sqgmn3o1_1280.jpg\",\"contentUrl\":\"https:\/\/sandzakpress.net\/arhiva\/wp-content\/uploads\/2013\/12\/tumblr_mulf812rmO1sqgmn3o1_1280.jpg\",\"width\":616,\"height\":411},{\"@type\":\"BreadcrumbList\",\"@id\":\"https:\/\/sandzakpress.net\/arhiva\/procitajte-ovo-i-nikad-vise-necete-zaspati-sa-sminkom\/#breadcrumb\",\"itemListElement\":[{\"@type\":\"ListItem\",\"position\":1,\"name\":\"Home\",\"item\":\"https:\/\/sandzakpress.net\/arhiva\/\"},{\"@type\":\"ListItem\",\"position\":2,\"name\":\"Pro\u010ditajte ovo i nikad vi\u0161e ne\u0107ete zaspati sa \u0161minkom\"}]},{\"@type\":\"WebSite\",\"@id\":\"https:\/\/sandzakpress.net\/arhiva\/#website\",\"url\":\"https:\/\/sandzakpress.net\/arhiva\/\",\"name\":\"Sand\u017eak PRESS\",\"description\":\"Prve elektronske novine u Sand\u017eaku\",\"publisher\":{\"@id\":\"https:\/\/sandzakpress.net\/arhiva\/#\/schema\/person\/6e72b67d6e51910a1117b3b483ba20bd\"},\"potentialAction\":[{\"@type\":\"SearchAction\",\"target\":{\"@type\":\"EntryPoint\",\"urlTemplate\":\"https:\/\/sandzakpress.net\/arhiva\/?s={search_term_string}\"},\"query-input\":{\"@type\":\"PropertyValueSpecification\",\"valueRequired\":true,\"valueName\":\"search_term_string\"}}],\"inLanguage\":\"bs-BA\"},{\"@type\":[\"Person\",\"Organization\"],\"@id\":\"https:\/\/sandzakpress.net\/arhiva\/#\/schema\/person\/6e72b67d6e51910a1117b3b483ba20bd\",\"name\":\"Kul\",\"image\":{\"@type\":\"ImageObject\",\"inLanguage\":\"bs-BA\",\"@id\":\"https:\/\/sandzakpress.net\/arhiva\/#\/schema\/person\/image\/\",\"url\":\"https:\/\/secure.gravatar.com\/avatar\/42263f39aa27ac04c43cab85c280eb2e?s=96&d=mm&r=pg\",\"contentUrl\":\"https:\/\/secure.gravatar.com\/avatar\/42263f39aa27ac04c43cab85c280eb2e?s=96&d=mm&r=pg\",\"caption\":\"Kul\"},\"logo\":{\"@id\":\"https:\/\/sandzakpress.net\/arhiva\/#\/schema\/person\/image\/\"}},{\"@type\":\"Person\",\"@id\":\"https:\/\/sandzakpress.net\/arhiva\/#\/schema\/person\/c8baee722073534b583ea7bdb2e36c02\",\"name\":\"bosniak\",\"image\":{\"@type\":\"ImageObject\",\"inLanguage\":\"bs-BA\",\"@id\":\"https:\/\/sandzakpress.net\/arhiva\/#\/schema\/person\/image\/\",\"url\":\"https:\/\/secure.gravatar.com\/avatar\/a04fd330bfe3a36a72a0ad4a6d89fca7?s=96&d=mm&r=pg\",\"contentUrl\":\"https:\/\/secure.gravatar.com\/avatar\/a04fd330bfe3a36a72a0ad4a6d89fca7?s=96&d=mm&r=pg\",\"caption\":\"bosniak\"},\"url\":\"https:\/\/sandzakpress.net\/arhiva\/author\/bosniak\/\"}]}<\/script>\n<!-- \/ Yoast SEO Premium plugin. -->","yoast_head_json":{"title":"Pro\u010ditajte ovo i nikad vi\u0161e ne\u0107ete zaspati sa \u0161minkom","robots":{"index":"index","follow":"follow","max-snippet":"max-snippet:-1","max-image-preview":"max-image-preview:large","max-video-preview":"max-video-preview:-1"},"canonical":"https:\/\/sandzakpress.net\/arhiva\/procitajte-ovo-i-nikad-vise-necete-zaspati-sa-sminkom\/","og_locale":"bs_BA","og_type":"article","og_title":"Pro\u010ditajte ovo i nikad vi\u0161e ne\u0107ete zaspati sa \u0161minkom","og_description":"Skidanje \u0161minke\u00a0uve\u010der\u00a0pred spavanje ponekad je pravo mu\u010denje, a desi se i da, jednostavno, ne skinemo \u0161minku i bacimo se\u00a0u krevet. Da li \u0107e vam se to de\u0161avati i nakon \u0161to pro\u010ditate sljede\u0107u pri\u010du? Novinarka \u201cDejli mejla\u201d \u017eeljela je da oproba kako bi izgledala ako ne skida \u0161minku mjesec dana. Ve\u0107 tre\u0107eg dana, do\u0161lo je do [&hellip;]","og_url":"https:\/\/sandzakpress.net\/arhiva\/procitajte-ovo-i-nikad-vise-necete-zaspati-sa-sminkom\/","og_site_name":"Sand\u017eak PRESS","article_published_time":"2013-12-12T09:53:23+00:00","og_image":[{"width":616,"height":411,"url":"https:\/\/sandzakpress.net\/arhiva\/wp-content\/uploads\/2013\/12\/tumblr_mulf812rmO1sqgmn3o1_1280.jpg","type":"image\/jpeg"}],"author":"bosniak","twitter_card":"summary_large_image","twitter_misc":{"Written by":"bosniak","Est. reading time":"1 minuta"},"schema":{"@context":"https:\/\/schema.org","@graph":[{"@type":"Article","@id":"https:\/\/sandzakpress.net\/arhiva\/procitajte-ovo-i-nikad-vise-necete-zaspati-sa-sminkom\/#article","isPartOf":{"@id":"https:\/\/sandzakpress.net\/arhiva\/procitajte-ovo-i-nikad-vise-necete-zaspati-sa-sminkom\/"},"author":{"name":"bosniak","@id":"https:\/\/sandzakpress.net\/arhiva\/#\/schema\/person\/c8baee722073534b583ea7bdb2e36c02"},"headline":"Pro\u010ditajte ovo i nikad vi\u0161e ne\u0107ete zaspati sa \u0161minkom","datePublished":"2013-12-12T09:53:23+00:00","mainEntityOfPage":{"@id":"https:\/\/sandzakpress.net\/arhiva\/procitajte-ovo-i-nikad-vise-necete-zaspati-sa-sminkom\/"},"wordCount":211,"commentCount":0,"publisher":{"@id":"https:\/\/sandzakpress.net\/arhiva\/#\/schema\/person\/6e72b67d6e51910a1117b3b483ba20bd"},"image":{"@id":"https:\/\/sandzakpress.net\/arhiva\/procitajte-ovo-i-nikad-vise-necete-zaspati-sa-sminkom\/#primaryimage"},"thumbnailUrl":"https:\/\/sandzakpress.net\/arhiva\/wp-content\/uploads\/2013\/12\/tumblr_mulf812rmO1sqgmn3o1_1280.jpg","articleSection":["\u017dena i njen svijet"],"inLanguage":"bs-BA","potentialAction":[{"@type":"CommentAction","name":"Comment","target":["https:\/\/sandzakpress.net\/arhiva\/procitajte-ovo-i-nikad-vise-necete-zaspati-sa-sminkom\/#respond"]}]},{"@type":"WebPage","@id":"https:\/\/sandzakpress.net\/arhiva\/procitajte-ovo-i-nikad-vise-necete-zaspati-sa-sminkom\/","url":"https:\/\/sandzakpress.net\/arhiva\/procitajte-ovo-i-nikad-vise-necete-zaspati-sa-sminkom\/","name":"Pro\u010ditajte ovo i nikad vi\u0161e ne\u0107ete zaspati sa \u0161minkom","isPartOf":{"@id":"https:\/\/sandzakpress.net\/arhiva\/#website"},"primaryImageOfPage":{"@id":"https:\/\/sandzakpress.net\/arhiva\/procitajte-ovo-i-nikad-vise-necete-zaspati-sa-sminkom\/#primaryimage"},"image":{"@id":"https:\/\/sandzakpress.net\/arhiva\/procitajte-ovo-i-nikad-vise-necete-zaspati-sa-sminkom\/#primaryimage"},"thumbnailUrl":"https:\/\/sandzakpress.net\/arhiva\/wp-content\/uploads\/2013\/12\/tumblr_mulf812rmO1sqgmn3o1_1280.jpg","datePublished":"2013-12-12T09:53:23+00:00","breadcrumb":{"@id":"https:\/\/sandzakpress.net\/arhiva\/procitajte-ovo-i-nikad-vise-necete-zaspati-sa-sminkom\/#breadcrumb"},"inLanguage":"bs-BA","potentialAction":[{"@type":"ReadAction","target":["https:\/\/sandzakpress.net\/arhiva\/procitajte-ovo-i-nikad-vise-necete-zaspati-sa-sminkom\/"]}]},{"@type":"ImageObject","inLanguage":"bs-BA","@id":"https:\/\/sandzakpress.net\/arhiva\/procitajte-ovo-i-nikad-vise-necete-zaspati-sa-sminkom\/#primaryimage","url":"https:\/\/sandzakpress.net\/arhiva\/wp-content\/uploads\/2013\/12\/tumblr_mulf812rmO1sqgmn3o1_1280.jpg","contentUrl":"https:\/\/sandzakpress.net\/arhiva\/wp-content\/uploads\/2013\/12\/tumblr_mulf812rmO1sqgmn3o1_1280.jpg","width":616,"height":411},{"@type":"BreadcrumbList","@id":"https:\/\/sandzakpress.net\/arhiva\/procitajte-ovo-i-nikad-vise-necete-zaspati-sa-sminkom\/#breadcrumb","itemListElement":[{"@type":"ListItem","position":1,"name":"Home","item":"https:\/\/sandzakpress.net\/arhiva\/"},{"@type":"ListItem","position":2,"name":"Pro\u010ditajte ovo i nikad vi\u0161e ne\u0107ete zaspati sa \u0161minkom"}]},{"@type":"WebSite","@id":"https:\/\/sandzakpress.net\/arhiva\/#website","url":"https:\/\/sandzakpress.net\/arhiva\/","name":"Sand\u017eak PRESS","description":"Prve elektronske novine u Sand\u017eaku","publisher":{"@id":"https:\/\/sandzakpress.net\/arhiva\/#\/schema\/person\/6e72b67d6e51910a1117b3b483ba20bd"},"potentialAction":[{"@type":"SearchAction","target":{"@type":"EntryPoint","urlTemplate":"https:\/\/sandzakpress.net\/arhiva\/?s={search_term_string}"},"query-input":{"@type":"PropertyValueSpecification","valueRequired":true,"valueName":"search_term_string"}}],"inLanguage":"bs-BA"},{"@type":["Person","Organization"],"@id":"https:\/\/sandzakpress.net\/arhiva\/#\/schema\/person\/6e72b67d6e51910a1117b3b483ba20bd","name":"Kul","image":{"@type":"ImageObject","inLanguage":"bs-BA","@id":"https:\/\/sandzakpress.net\/arhiva\/#\/schema\/person\/image\/","url":"https:\/\/secure.gravatar.com\/avatar\/42263f39aa27ac04c43cab85c280eb2e?s=96&d=mm&r=pg","contentUrl":"https:\/\/secure.gravatar.com\/avatar\/42263f39aa27ac04c43cab85c280eb2e?s=96&d=mm&r=pg","caption":"Kul"},"logo":{"@id":"https:\/\/sandzakpress.net\/arhiva\/#\/schema\/person\/image\/"}},{"@type":"Person","@id":"https:\/\/sandzakpress.net\/arhiva\/#\/schema\/person\/c8baee722073534b583ea7bdb2e36c02","name":"bosniak","image":{"@type":"ImageObject","inLanguage":"bs-BA","@id":"https:\/\/sandzakpress.net\/arhiva\/#\/schema\/person\/image\/","url":"https:\/\/secure.gravatar.com\/avatar\/a04fd330bfe3a36a72a0ad4a6d89fca7?s=96&d=mm&r=pg","contentUrl":"https:\/\/secure.gravatar.com\/avatar\/a04fd330bfe3a36a72a0ad4a6d89fca7?s=96&d=mm&r=pg","caption":"bosniak"},"url":"https:\/\/sandzakpress.net\/arhiva\/author\/bosniak\/"}]}},"_links":{"self":[{"href":"https:\/\/sandzakpress.net\/arhiva\/wp-json\/wp\/v2\/posts\/97928"}],"collection":[{"href":"https:\/\/sandzakpress.net\/arhiva\/wp-json\/wp\/v2\/posts"}],"about":[{"href":"https:\/\/sandzakpress.net\/arhiva\/wp-json\/wp\/v2\/types\/post"}],"author":[{"embeddable":true,"href":"https:\/\/sandzakpress.net\/arhiva\/wp-json\/wp\/v2\/users\/83"}],"replies":[{"embeddable":true,"href":"https:\/\/sandzakpress.net\/arhiva\/wp-json\/wp\/v2\/comments?post=97928"}],"version-history":[{"count":0,"href":"https:\/\/sandzakpress.net\/arhiva\/wp-json\/wp\/v2\/posts\/97928\/revisions"}],"wp:featuredmedia":[{"embeddable":true,"href":"https:\/\/sandzakpress.net\/arhiva\/wp-json\/wp\/v2\/media\/97929"}],"wp:attachment":[{"href":"https:\/\/sandzakpress.net\/arhiva\/wp-json\/wp\/v2\/media?parent=97928"}],"wp:term":[{"taxonomy":"category","embeddable":true,"href":"https:\/\/sandzakpress.net\/arhiva\/wp-json\/wp\/v2\/categories?post=97928"},{"taxonomy":"post_tag","embeddable":true,"href":"https:\/\/sandzakpress.net\/arhiva\/wp-json\/wp\/v2\/tags?post=97928"}],"curies":[{"name":"wp","href":"https:\/\/api.w.org\/{rel}","templated":true}]}}