{"id":97779,"date":"2013-12-10T16:05:07","date_gmt":"2013-12-10T15:05:07","guid":{"rendered":"https:\/\/sandzakpress.net\/arhiva\/?p=97779"},"modified":"2013-12-10T16:06:24","modified_gmt":"2013-12-10T15:06:24","slug":"njegoseva-crna-gora-je-danasnja-republika-srpska-jedan-narod-jedna-vjera-jedna-istraga","status":"publish","type":"post","link":"https:\/\/sandzakpress.net\/arhiva\/njegoseva-crna-gora-je-danasnja-republika-srpska-jedan-narod-jedna-vjera-jedna-istraga\/","title":{"rendered":"Njego\u0161eva Crna Gora: Jedan narod, jedna vjera, jedna istraga"},"content":{"rendered":"<p><img loading=\"lazy\" decoding=\"async\" class=\"aligncenter size-full wp-image-97780\" alt=\"thumb\" src=\"https:\/\/sandzakpress.net\/arhiva\/wp-content\/uploads\/2013\/12\/thumb5.jpg\" width=\"581\" height=\"252\" \/><\/p>\n<div>\n<p>Crna Gora o kojoj Njego\u0161 pjeva je zemlja jedne vjere i jednog naroda. To nije dana\u0161nja Crna Gora (ona je sre\u0107om, ne\u0161to sasvim drugo) \u2013 to je Republika Srpska. Naravno da Njego\u0161 nije blagonaklono mogao gledati na Turke, od kojih je herojski branio zemlju, ali moraju li se u crnogorskim \u0161kolama njegove formulacije o islamu u\u010diti kao sveto pismo? Nije li nekriti\u010dko \u010ditanje \u201cGorskog vijenca\u201d malo nezgodno u vi\u0161evjerskoj i vi\u0161enacionalnoj zajednici kakva je dana\u0161nja Crna Gora, u kojoj petinu stanovni\u0161tva \u010dine muslimani?<\/p>\n<p>Odbor za politi\u010dki sistem, pravosu\u0111e i upravu Skup\u0161tine Crne Gore nije u \u010detvrtak podr\u017eao Vladin Prijedlog izmjena zakona o dr\u017eavnim i drugim praznicima, kojim je predvi\u0111eno da 13. novembar, dan ro\u0111enja Petra II Petrovi\u0107a Njego\u0161a, bude dr\u017eavni praznik.<\/p>\n<p>Javnost je bila \u0161okirana: je li mogu\u0107e da je prijedlog da Njego\u0161ev ro\u0111endan bude dr\u017eavni praznik u Crnoj Gori, gdje se njegovi stihovi i dalje sri\u010du napamet, a ugledni ljudi ve\u0107 mjesecima povodom dvjestogodi\u0161njice njegovog ro\u0111enja dr\u017ee vatrene patriotske govore o \u201cNjego\u0161evom geniju i vje\u010dnom djelu\u201d, u Crnoj Gori na \u010dijoj je simboli\u010dki najvi\u0161oj planini, Lov\u0107enu, Njego\u0161 sahranjen u mauzoleju koji je izgradio Me\u0161trovi\u0107, u Crnoj Gori koja, takav se utisak \u017eeli stvoriti, bez Njego\u0161a ne bi ni postojala \u2013 odbijen?<\/p>\n<p>\u0160ta se to, za ime Boga, tamo u Skup\u0161tini desilo?<\/p>\n<p>Vratimo se, za po\u010detak, malo unatrag, u dane kada je Ministarstvo kulture, poneseno sve\u010darskom atmosferom u kojoj su se, povodom dvjestogodi\u0161njice Njego\u0161evog ro\u0111enja, akteri na javnoj sceni utrkivali u pateti\u010dnim izjavama o vladiki-pjesniku, predlo\u017eilo novi dr\u017eavni praznik \u2013 Crnogorski dan kulture, na Njego\u0161ev ro\u0111endan.<\/p>\n<p>Onda se saop\u0161tenjem oglasila Bo\u0161nja\u010dka stranka. \u201cNe ocjenjuju\u0107i knji\u017eevnu dimenziju i zna\u010daj Njego\u0161evog djela, smatramo krajnje neprimjerenim da se u gra\u0111anskoj Crnoj Gori, dr\u017eavnim praznikom progla\u0161ava njegov ro\u0111endan, pogotovo ako se zna da su neke ideje tog djela, u svojoj bukvalnoj interpretaciji, bile idejni koncept i opravdanje izvo\u0111a\u010dima zlo\u010dina i genocida nad islamskim stanovni\u0161tvom i u 19. i u 20. vijeku, u Crnoj Gori i okru\u017eenju\u201d, saop\u0161tili su.<\/p>\n<p>U Bo\u0161nja\u010dkoj stranci su predlo\u017eili da se, sa kriti\u010dke distance, bez mitomanije i kompleksa, sagleda Njego\u0161evo djelo. Sugerisali su kako bi iz \u0161kolskih ud\u017ebenika trebalo izbaciti one sadr\u017eaje koji vrije\u0111aju muslimane i \u0161alju opasne poruke vjerske i etni\u010dke netrpeljivosti.<\/p>\n<p>\u201cDr\u017eavna strategija nametanja praznovanja ro\u0111endana romati\u010darskog pjesnika \u010dije najzna\u010dajnije djelo po\u010diva na antiislamskom civlizacijskom konceptu nije doprinos nadgradnji vrijednosti multivjerske Crne Gore\u201d, poentirali su autori saop\u0161tenja Bo\u0161nja\u010dke stranke.<\/p>\n<p>I reis Islamske zajednice u Crnoj Gori Rifat Fejzi\u0107 iznio je neslaganje sa Vladinom namjerom o Njego\u0161evom prazniku.<\/p>\n<p>U brojnim javnim istupima koji su uslijedili, crnogorski intelektualci su, manje-vi\u0161e, ponavljali sljede\u0107e: treba to postaviti u pravi istorijski kontekst, Bo\u0161njaci to nisu dobro razumjeli\u2026<\/p>\n<p>Nekad i sad<\/p>\n<p>To \u201cBo\u0161njaci nisu dobro razumjeli\u201d je bilo istinski iritantno. \u0160ta, molim lijepo, ta\u010dno oni nisu dobro razumjeli: \u201cUdri vraga, ne ostav mu traga\u201d, \u201cKako smrde ove poturice\u2026 Kad blizu njih sjedim u skup\u0161tinu, ja nos dr\u017eim svagda u rukama\u2026 Evo vidi\u0161 kako smo daleko, i opeta ona te\u0161ka vonja od nekrsti ovde zaudara\u201d, ili mo\u017eda ono \u201cda trijebimo gubu iz torine\u201d? Ili nisu dobro razumjeli \u201cda \u010distimo zemlju od nekrsti\u201d? Ili mo\u017eda nisu razumjeli ovo: \u201cnego udri dokle mahat mo\u017ee\u0161, a ne \u017eali ni\u0161ta na svijetu! Sve je po\u0161lo \u0111avoljijem tragom, zaudara zemlja Muhamedom\u201d. Bi\u0107e, mo\u017eda, da su krivo shvatili i ovo: \u201cNo lomite munar i d\u017eamiju, pa badnjake srpske nalagajte\u201d.<\/p>\n<p>Zanimljivo, iako nisam musliman, sve to sam i ja pogre\u0161no shvatio.<\/p>\n<p>U racionalnoj raspravi nemogu\u0107e je osporiti da centralno Njego\u0161evo djelo, \u201cGorski vijenac\u201d, govori o \u201cistrazi poturica\u201d, \u201c\u010di\u0161\u0107enju\u201d Crne Gore od muslimana. Pravnicima mo\u017eemo ostaviti da raspravljaju o tome je li akcija \u201cistrage poturica\u201d koju Njego\u0161 opisuje genocid ili etni\u010dko \u010di\u0161\u0107enje.<\/p>\n<p>Njego\u0161 to opisuje ovako: \u201cKu\u0107e turske ognjem izgorijesmo, da se ne zna ni stana ni traga od nevjerna doma\u0107ega vraga. Iz Cetinja u \u0110ekli\u0107 po\u0111osmo. \u0106ekli\u0107ki se razbje\u017ea\u0161e Turci malo koga od njih posjekosmo ma njihove ku\u0107e popalismo; od me\u010deta i turske d\u017eamije napravismo prokletu gomilu, neka stoji za uklin narodu\u201d.<\/p>\n<p>\u0160ta ka\u017ee vladika Danilo, kada \u010duje taj raport? Mo\u017eda se kroz njegova usta Njego\u0161 kriti\u010dki odre\u0111uje prema genocidu-etni\u010dkom \u010di\u0161\u0107enju? Ne ba\u0161. \u201cBlago meni, moji sokolovi, blago meni, juna\u010dka svobodo! Jutros si mi divno voskresnula iz grobovah na\u0161ijeh \u0111edovah\u201d, veli on.<\/p>\n<p>\u201cGorski vijenac\u201d se obi\u010dno opisuje kao spjev o borbi za slobodu od turskog osvaja\u010da. Dobro. Ali on je i jo\u0161 ne\u0161to: spjev o \u201c\u010di\u0161\u0107enju\u201d zajednice od pripadnika druge vjere, on je mit o stvaranju homogene, jednonacionalne i jednovjerske zajednice, koja \u0107e se \u201cpro\u010distiti\u201d kroz krv i oganj.<\/p>\n<p>Crna Gora o kojoj Njego\u0161 pjeva je zemlja jedne vjere i jednog naroda. To nije dana\u0161nja Crna Gora (ona je sre\u0107om, ne\u0161to sasvim drugo) \u2013 to je Republika Srpska.<\/p>\n<p>Naravno da Njego\u0161 nije blagonaklono mogao gledati na Turke, od kojih je herojski branio zemlju, ali moraju li se u crnogorskim \u0161kolama njegove formulacije o islamu u\u010diti kao sveto pismo? Nije li nekriti\u010dko \u010ditanje \u201cGorskog vijenca\u201d malo nezgodno u vi\u0161evjerskoj i vi\u0161enacionalnoj zajednici kakva je dana\u0161nja Crna Gora, u kojoj petinu stanovni\u0161tva \u010dine muslimani?<\/p>\n<p>Imam i pitanje za sve one u Crnoj Gori koji se izja\u0161njavaju kao hri\u0161\u0107ani, pravoslavci: kako se osje\u0107ate zbog \u010dinjenice da muslimanska djeca u \u0161kolama gra\u0111anske dr\u017eave moraju u\u010diti retke koje sam citirao bez nu\u017ene kriti\u010dke distance? Ne ka\u017ee li va\u0161 hri\u0161\u0107anski moral da ne \u010dini\u0161 i ne po\u017eeli\u0161 drugome ono \u0161to samome sebi ne \u017eeli\u0161? Da va\u0161a djeca u\u010de stihove koji ka\u017eu \u201ckako smrde ovi hri\u0161\u0107ani\u201d, da li bi vas zadovoljilo obja\u0161njenje da \u201cvi to niste dobro razumjeli\u201d?<\/p>\n<p>Tolerancija prema druga\u010dijem<\/p>\n<p>Natrag u Skup\u0161tinu Crne Gore. Na Odboru, \u201cza\u201d su bili predstavnici vladaju\u0107eg DPS-a i opozicionog SNP-a. Predstavnici Demokratskog fronta bili su protiv \u2013 oni bi praznik, ali da se navede da je Njego\u0161 Srbin, a ako mo\u017ee i da se doda da su u Crnoj Gori oduvijek svi bili Srbi. Presudili su \u010dlanovi Odbora iz dvije gra\u0111anske partije \u2013 Socijaldemokratske i Pozitivne Crne Gore, koji su bili suzdr\u017eani.<\/p>\n<p>Za\u0161to mislim da Socijaldemokratska partija i Pozitivna za ono \u0161to su u\u010dinili na skup\u0161tinskom Odboru zaslu\u017euju aplauz? Zato \u0161to su istinske osje\u0107aje svojih \u017eivih sugra\u0111ana muslimana pretpostavili uvijek la\u017enoj nacionalnoj mitomaniji. Zato \u0161to su izme\u0111u robovanja tradiciji i kanonu i tolerancije prema druga\u010dijem od sebe odabrali ovo drugo. Zato \u0161to su uradili upravo suprotno od onoga \u0161to desnica danas \u010dini u Hrvatskoj, pripremaju\u0107i zabranu \u0107irilice, sve da bi se stvorila njego\u0161evska Hrvatska: zemlja jednog naroda, jedne vjere, jedne seksualnosti i jednog pisma.<\/p>\n<p>Nakon \u0161to su politi\u010dki i vjerski predstavnici Bo\u0161njaka i muslimana u Crnoj Gori iskazali neslaganje sa prijedlogom Vlade, postalo je jasno da taj prijedlog mo\u017ee biti izglasan samo na jedan na\u010din: tako \u0161to \u0107e se predstavnici takozvane \u201cpravoslavne ve\u0107ine\u201d oglu\u0161iti o zahtjev manjine.<\/p>\n<p>Ve\u0107ina, naravno, uvijek mo\u017ee preglasati manjinu, ali pravo pitanje glasi: treba li ve\u0107ina \u010diniti tako? Upravo tu, u toj finoj razlici izme\u0111u \u201cmo\u017ee\u201d i \u201ctreba\u201d le\u017ei su\u0161tina demokratije.<\/p>\n<p>\u201cGlasanje o Njego\u0161u\u201d u Skup\u0161tini Crne Gore imalo je i bitne politi\u010dke implikacije. Ono je bilo direktni nastavak obnove saveza vladaju\u0107eg DPS-a i Amfilohija Radovi\u0107a, saveza koji je ozvani\u010den dr\u017eavnim pokroviteljstvom otvaranju Amfilohijevog mega-Hrama u Podgorici.<\/p>\n<p>Kao \u0161to su se slo\u017eili tada, i po pitanju Njego\u0161a slo\u017eili su se pripadnici DPS-a i SNP-a, dvije partije koje su, sve do rascjepa 1997, zajedno i uz punu podr\u0161ku \u201cpravoslavne ve\u0107ine\u201d, vladale Crnom Gorom.<\/p>\n<p>Oni koji se sje\u0107aju Crne Gore iz tog vremena, znaju da je to najgora od svih mogu\u0107ih Crnih Gora.<\/p>\n<p>pi\u0161e: Andrej Nikolaidis; e-novine<\/p>\n<\/div>\n","protected":false},"excerpt":{"rendered":"<p>Andrej Nikolaidis<\/p>\n","protected":false},"author":83,"featured_media":97780,"comment_status":"open","ping_status":"open","sticky":false,"template":"","format":"standard","meta":{"footnotes":""},"categories":[398,397,10196,10174,396,395,399,10173],"tags":[],"class_list":{"0":"post-97779","1":"post","2":"type-post","3":"status-publish","4":"format-standard","5":"has-post-thumbnail","7":"category-rozaje","8":"category-berane","9":"category-iz-pera-nasih-autora","10":"category-petnjica-vase-vijesti","11":"category-bijelo_polje","12":"category-pljevlja_","13":"category-plav_","14":"category-gusinje-vase-vijesti"},"yoast_head":"<!-- This site is optimized with the Yoast SEO Premium plugin v23.1 (Yoast SEO v24.9) - https:\/\/yoast.com\/wordpress\/plugins\/seo\/ -->\n<title>Njego\u0161eva Crna Gora: Jedan narod, jedna vjera, jedna istraga<\/title>\n<meta name=\"robots\" content=\"index, follow, max-snippet:-1, max-image-preview:large, max-video-preview:-1\" \/>\n<link rel=\"canonical\" href=\"https:\/\/sandzakpress.net\/arhiva\/njegoseva-crna-gora-je-danasnja-republika-srpska-jedan-narod-jedna-vjera-jedna-istraga\/\" \/>\n<meta property=\"og:locale\" content=\"bs_BA\" \/>\n<meta property=\"og:type\" content=\"article\" \/>\n<meta property=\"og:title\" content=\"Njego\u0161eva Crna Gora: Jedan narod, jedna vjera, jedna istraga\" \/>\n<meta property=\"og:description\" content=\"Andrej Nikolaidis\" \/>\n<meta property=\"og:url\" content=\"https:\/\/sandzakpress.net\/arhiva\/njegoseva-crna-gora-je-danasnja-republika-srpska-jedan-narod-jedna-vjera-jedna-istraga\/\" \/>\n<meta property=\"og:site_name\" content=\"Sand\u017eak PRESS\" \/>\n<meta property=\"article:published_time\" content=\"2013-12-10T15:05:07+00:00\" \/>\n<meta property=\"article:modified_time\" content=\"2013-12-10T15:06:24+00:00\" \/>\n<meta property=\"og:image\" content=\"https:\/\/sandzakpress.net\/arhiva\/wp-content\/uploads\/2013\/12\/thumb5.jpg\" \/>\n\t<meta property=\"og:image:width\" content=\"581\" \/>\n\t<meta property=\"og:image:height\" content=\"252\" \/>\n\t<meta property=\"og:image:type\" content=\"image\/jpeg\" \/>\n<meta name=\"author\" content=\"bosniak\" \/>\n<meta name=\"twitter:card\" content=\"summary_large_image\" \/>\n<meta name=\"twitter:label1\" content=\"Written by\" \/>\n\t<meta name=\"twitter:data1\" content=\"bosniak\" \/>\n\t<meta name=\"twitter:label2\" content=\"Est. reading time\" \/>\n\t<meta name=\"twitter:data2\" content=\"7 minuta\" \/>\n<script type=\"application\/ld+json\" class=\"yoast-schema-graph\">{\"@context\":\"https:\/\/schema.org\",\"@graph\":[{\"@type\":\"Article\",\"@id\":\"https:\/\/sandzakpress.net\/arhiva\/njegoseva-crna-gora-je-danasnja-republika-srpska-jedan-narod-jedna-vjera-jedna-istraga\/#article\",\"isPartOf\":{\"@id\":\"https:\/\/sandzakpress.net\/arhiva\/njegoseva-crna-gora-je-danasnja-republika-srpska-jedan-narod-jedna-vjera-jedna-istraga\/\"},\"author\":{\"name\":\"bosniak\",\"@id\":\"https:\/\/sandzakpress.net\/arhiva\/#\/schema\/person\/c8baee722073534b583ea7bdb2e36c02\"},\"headline\":\"Njego\u0161eva Crna Gora: Jedan narod, jedna vjera, jedna istraga\",\"datePublished\":\"2013-12-10T15:05:07+00:00\",\"dateModified\":\"2013-12-10T15:06:24+00:00\",\"mainEntityOfPage\":{\"@id\":\"https:\/\/sandzakpress.net\/arhiva\/njegoseva-crna-gora-je-danasnja-republika-srpska-jedan-narod-jedna-vjera-jedna-istraga\/\"},\"wordCount\":1412,\"commentCount\":7,\"publisher\":{\"@id\":\"https:\/\/sandzakpress.net\/arhiva\/#\/schema\/person\/6e72b67d6e51910a1117b3b483ba20bd\"},\"image\":{\"@id\":\"https:\/\/sandzakpress.net\/arhiva\/njegoseva-crna-gora-je-danasnja-republika-srpska-jedan-narod-jedna-vjera-jedna-istraga\/#primaryimage\"},\"thumbnailUrl\":\"https:\/\/sandzakpress.net\/arhiva\/wp-content\/uploads\/2013\/12\/thumb5.jpg\",\"articleSection\":[\"Ro\u017eaje\",\"Berane\",\"Iz pera na\u0161ih autora\",\"Petnjica\",\"Bijelo Polje\",\"Pljevlja\",\"Plav\",\"Gusinje\"],\"inLanguage\":\"bs-BA\",\"potentialAction\":[{\"@type\":\"CommentAction\",\"name\":\"Comment\",\"target\":[\"https:\/\/sandzakpress.net\/arhiva\/njegoseva-crna-gora-je-danasnja-republika-srpska-jedan-narod-jedna-vjera-jedna-istraga\/#respond\"]}]},{\"@type\":\"WebPage\",\"@id\":\"https:\/\/sandzakpress.net\/arhiva\/njegoseva-crna-gora-je-danasnja-republika-srpska-jedan-narod-jedna-vjera-jedna-istraga\/\",\"url\":\"https:\/\/sandzakpress.net\/arhiva\/njegoseva-crna-gora-je-danasnja-republika-srpska-jedan-narod-jedna-vjera-jedna-istraga\/\",\"name\":\"Njego\u0161eva Crna Gora: Jedan narod, jedna vjera, jedna istraga\",\"isPartOf\":{\"@id\":\"https:\/\/sandzakpress.net\/arhiva\/#website\"},\"primaryImageOfPage\":{\"@id\":\"https:\/\/sandzakpress.net\/arhiva\/njegoseva-crna-gora-je-danasnja-republika-srpska-jedan-narod-jedna-vjera-jedna-istraga\/#primaryimage\"},\"image\":{\"@id\":\"https:\/\/sandzakpress.net\/arhiva\/njegoseva-crna-gora-je-danasnja-republika-srpska-jedan-narod-jedna-vjera-jedna-istraga\/#primaryimage\"},\"thumbnailUrl\":\"https:\/\/sandzakpress.net\/arhiva\/wp-content\/uploads\/2013\/12\/thumb5.jpg\",\"datePublished\":\"2013-12-10T15:05:07+00:00\",\"dateModified\":\"2013-12-10T15:06:24+00:00\",\"breadcrumb\":{\"@id\":\"https:\/\/sandzakpress.net\/arhiva\/njegoseva-crna-gora-je-danasnja-republika-srpska-jedan-narod-jedna-vjera-jedna-istraga\/#breadcrumb\"},\"inLanguage\":\"bs-BA\",\"potentialAction\":[{\"@type\":\"ReadAction\",\"target\":[\"https:\/\/sandzakpress.net\/arhiva\/njegoseva-crna-gora-je-danasnja-republika-srpska-jedan-narod-jedna-vjera-jedna-istraga\/\"]}]},{\"@type\":\"ImageObject\",\"inLanguage\":\"bs-BA\",\"@id\":\"https:\/\/sandzakpress.net\/arhiva\/njegoseva-crna-gora-je-danasnja-republika-srpska-jedan-narod-jedna-vjera-jedna-istraga\/#primaryimage\",\"url\":\"https:\/\/sandzakpress.net\/arhiva\/wp-content\/uploads\/2013\/12\/thumb5.jpg\",\"contentUrl\":\"https:\/\/sandzakpress.net\/arhiva\/wp-content\/uploads\/2013\/12\/thumb5.jpg\",\"width\":581,\"height\":252},{\"@type\":\"BreadcrumbList\",\"@id\":\"https:\/\/sandzakpress.net\/arhiva\/njegoseva-crna-gora-je-danasnja-republika-srpska-jedan-narod-jedna-vjera-jedna-istraga\/#breadcrumb\",\"itemListElement\":[{\"@type\":\"ListItem\",\"position\":1,\"name\":\"Home\",\"item\":\"https:\/\/sandzakpress.net\/arhiva\/\"},{\"@type\":\"ListItem\",\"position\":2,\"name\":\"Njego\u0161eva Crna Gora: Jedan narod, jedna vjera, jedna istraga\"}]},{\"@type\":\"WebSite\",\"@id\":\"https:\/\/sandzakpress.net\/arhiva\/#website\",\"url\":\"https:\/\/sandzakpress.net\/arhiva\/\",\"name\":\"Sand\u017eak PRESS\",\"description\":\"Prve elektronske novine u Sand\u017eaku\",\"publisher\":{\"@id\":\"https:\/\/sandzakpress.net\/arhiva\/#\/schema\/person\/6e72b67d6e51910a1117b3b483ba20bd\"},\"potentialAction\":[{\"@type\":\"SearchAction\",\"target\":{\"@type\":\"EntryPoint\",\"urlTemplate\":\"https:\/\/sandzakpress.net\/arhiva\/?s={search_term_string}\"},\"query-input\":{\"@type\":\"PropertyValueSpecification\",\"valueRequired\":true,\"valueName\":\"search_term_string\"}}],\"inLanguage\":\"bs-BA\"},{\"@type\":[\"Person\",\"Organization\"],\"@id\":\"https:\/\/sandzakpress.net\/arhiva\/#\/schema\/person\/6e72b67d6e51910a1117b3b483ba20bd\",\"name\":\"Kul\",\"image\":{\"@type\":\"ImageObject\",\"inLanguage\":\"bs-BA\",\"@id\":\"https:\/\/sandzakpress.net\/arhiva\/#\/schema\/person\/image\/\",\"url\":\"https:\/\/secure.gravatar.com\/avatar\/42263f39aa27ac04c43cab85c280eb2e?s=96&d=mm&r=pg\",\"contentUrl\":\"https:\/\/secure.gravatar.com\/avatar\/42263f39aa27ac04c43cab85c280eb2e?s=96&d=mm&r=pg\",\"caption\":\"Kul\"},\"logo\":{\"@id\":\"https:\/\/sandzakpress.net\/arhiva\/#\/schema\/person\/image\/\"}},{\"@type\":\"Person\",\"@id\":\"https:\/\/sandzakpress.net\/arhiva\/#\/schema\/person\/c8baee722073534b583ea7bdb2e36c02\",\"name\":\"bosniak\",\"image\":{\"@type\":\"ImageObject\",\"inLanguage\":\"bs-BA\",\"@id\":\"https:\/\/sandzakpress.net\/arhiva\/#\/schema\/person\/image\/\",\"url\":\"https:\/\/secure.gravatar.com\/avatar\/a04fd330bfe3a36a72a0ad4a6d89fca7?s=96&d=mm&r=pg\",\"contentUrl\":\"https:\/\/secure.gravatar.com\/avatar\/a04fd330bfe3a36a72a0ad4a6d89fca7?s=96&d=mm&r=pg\",\"caption\":\"bosniak\"},\"url\":\"https:\/\/sandzakpress.net\/arhiva\/author\/bosniak\/\"}]}<\/script>\n<!-- \/ Yoast SEO Premium plugin. -->","yoast_head_json":{"title":"Njego\u0161eva Crna Gora: Jedan narod, jedna vjera, jedna istraga","robots":{"index":"index","follow":"follow","max-snippet":"max-snippet:-1","max-image-preview":"max-image-preview:large","max-video-preview":"max-video-preview:-1"},"canonical":"https:\/\/sandzakpress.net\/arhiva\/njegoseva-crna-gora-je-danasnja-republika-srpska-jedan-narod-jedna-vjera-jedna-istraga\/","og_locale":"bs_BA","og_type":"article","og_title":"Njego\u0161eva Crna Gora: Jedan narod, jedna vjera, jedna istraga","og_description":"Andrej Nikolaidis","og_url":"https:\/\/sandzakpress.net\/arhiva\/njegoseva-crna-gora-je-danasnja-republika-srpska-jedan-narod-jedna-vjera-jedna-istraga\/","og_site_name":"Sand\u017eak PRESS","article_published_time":"2013-12-10T15:05:07+00:00","article_modified_time":"2013-12-10T15:06:24+00:00","og_image":[{"width":581,"height":252,"url":"https:\/\/sandzakpress.net\/arhiva\/wp-content\/uploads\/2013\/12\/thumb5.jpg","type":"image\/jpeg"}],"author":"bosniak","twitter_card":"summary_large_image","twitter_misc":{"Written by":"bosniak","Est. reading time":"7 minuta"},"schema":{"@context":"https:\/\/schema.org","@graph":[{"@type":"Article","@id":"https:\/\/sandzakpress.net\/arhiva\/njegoseva-crna-gora-je-danasnja-republika-srpska-jedan-narod-jedna-vjera-jedna-istraga\/#article","isPartOf":{"@id":"https:\/\/sandzakpress.net\/arhiva\/njegoseva-crna-gora-je-danasnja-republika-srpska-jedan-narod-jedna-vjera-jedna-istraga\/"},"author":{"name":"bosniak","@id":"https:\/\/sandzakpress.net\/arhiva\/#\/schema\/person\/c8baee722073534b583ea7bdb2e36c02"},"headline":"Njego\u0161eva Crna Gora: Jedan narod, jedna vjera, jedna istraga","datePublished":"2013-12-10T15:05:07+00:00","dateModified":"2013-12-10T15:06:24+00:00","mainEntityOfPage":{"@id":"https:\/\/sandzakpress.net\/arhiva\/njegoseva-crna-gora-je-danasnja-republika-srpska-jedan-narod-jedna-vjera-jedna-istraga\/"},"wordCount":1412,"commentCount":7,"publisher":{"@id":"https:\/\/sandzakpress.net\/arhiva\/#\/schema\/person\/6e72b67d6e51910a1117b3b483ba20bd"},"image":{"@id":"https:\/\/sandzakpress.net\/arhiva\/njegoseva-crna-gora-je-danasnja-republika-srpska-jedan-narod-jedna-vjera-jedna-istraga\/#primaryimage"},"thumbnailUrl":"https:\/\/sandzakpress.net\/arhiva\/wp-content\/uploads\/2013\/12\/thumb5.jpg","articleSection":["Ro\u017eaje","Berane","Iz pera na\u0161ih autora","Petnjica","Bijelo Polje","Pljevlja","Plav","Gusinje"],"inLanguage":"bs-BA","potentialAction":[{"@type":"CommentAction","name":"Comment","target":["https:\/\/sandzakpress.net\/arhiva\/njegoseva-crna-gora-je-danasnja-republika-srpska-jedan-narod-jedna-vjera-jedna-istraga\/#respond"]}]},{"@type":"WebPage","@id":"https:\/\/sandzakpress.net\/arhiva\/njegoseva-crna-gora-je-danasnja-republika-srpska-jedan-narod-jedna-vjera-jedna-istraga\/","url":"https:\/\/sandzakpress.net\/arhiva\/njegoseva-crna-gora-je-danasnja-republika-srpska-jedan-narod-jedna-vjera-jedna-istraga\/","name":"Njego\u0161eva Crna Gora: Jedan narod, jedna vjera, jedna istraga","isPartOf":{"@id":"https:\/\/sandzakpress.net\/arhiva\/#website"},"primaryImageOfPage":{"@id":"https:\/\/sandzakpress.net\/arhiva\/njegoseva-crna-gora-je-danasnja-republika-srpska-jedan-narod-jedna-vjera-jedna-istraga\/#primaryimage"},"image":{"@id":"https:\/\/sandzakpress.net\/arhiva\/njegoseva-crna-gora-je-danasnja-republika-srpska-jedan-narod-jedna-vjera-jedna-istraga\/#primaryimage"},"thumbnailUrl":"https:\/\/sandzakpress.net\/arhiva\/wp-content\/uploads\/2013\/12\/thumb5.jpg","datePublished":"2013-12-10T15:05:07+00:00","dateModified":"2013-12-10T15:06:24+00:00","breadcrumb":{"@id":"https:\/\/sandzakpress.net\/arhiva\/njegoseva-crna-gora-je-danasnja-republika-srpska-jedan-narod-jedna-vjera-jedna-istraga\/#breadcrumb"},"inLanguage":"bs-BA","potentialAction":[{"@type":"ReadAction","target":["https:\/\/sandzakpress.net\/arhiva\/njegoseva-crna-gora-je-danasnja-republika-srpska-jedan-narod-jedna-vjera-jedna-istraga\/"]}]},{"@type":"ImageObject","inLanguage":"bs-BA","@id":"https:\/\/sandzakpress.net\/arhiva\/njegoseva-crna-gora-je-danasnja-republika-srpska-jedan-narod-jedna-vjera-jedna-istraga\/#primaryimage","url":"https:\/\/sandzakpress.net\/arhiva\/wp-content\/uploads\/2013\/12\/thumb5.jpg","contentUrl":"https:\/\/sandzakpress.net\/arhiva\/wp-content\/uploads\/2013\/12\/thumb5.jpg","width":581,"height":252},{"@type":"BreadcrumbList","@id":"https:\/\/sandzakpress.net\/arhiva\/njegoseva-crna-gora-je-danasnja-republika-srpska-jedan-narod-jedna-vjera-jedna-istraga\/#breadcrumb","itemListElement":[{"@type":"ListItem","position":1,"name":"Home","item":"https:\/\/sandzakpress.net\/arhiva\/"},{"@type":"ListItem","position":2,"name":"Njego\u0161eva Crna Gora: Jedan narod, jedna vjera, jedna istraga"}]},{"@type":"WebSite","@id":"https:\/\/sandzakpress.net\/arhiva\/#website","url":"https:\/\/sandzakpress.net\/arhiva\/","name":"Sand\u017eak PRESS","description":"Prve elektronske novine u Sand\u017eaku","publisher":{"@id":"https:\/\/sandzakpress.net\/arhiva\/#\/schema\/person\/6e72b67d6e51910a1117b3b483ba20bd"},"potentialAction":[{"@type":"SearchAction","target":{"@type":"EntryPoint","urlTemplate":"https:\/\/sandzakpress.net\/arhiva\/?s={search_term_string}"},"query-input":{"@type":"PropertyValueSpecification","valueRequired":true,"valueName":"search_term_string"}}],"inLanguage":"bs-BA"},{"@type":["Person","Organization"],"@id":"https:\/\/sandzakpress.net\/arhiva\/#\/schema\/person\/6e72b67d6e51910a1117b3b483ba20bd","name":"Kul","image":{"@type":"ImageObject","inLanguage":"bs-BA","@id":"https:\/\/sandzakpress.net\/arhiva\/#\/schema\/person\/image\/","url":"https:\/\/secure.gravatar.com\/avatar\/42263f39aa27ac04c43cab85c280eb2e?s=96&d=mm&r=pg","contentUrl":"https:\/\/secure.gravatar.com\/avatar\/42263f39aa27ac04c43cab85c280eb2e?s=96&d=mm&r=pg","caption":"Kul"},"logo":{"@id":"https:\/\/sandzakpress.net\/arhiva\/#\/schema\/person\/image\/"}},{"@type":"Person","@id":"https:\/\/sandzakpress.net\/arhiva\/#\/schema\/person\/c8baee722073534b583ea7bdb2e36c02","name":"bosniak","image":{"@type":"ImageObject","inLanguage":"bs-BA","@id":"https:\/\/sandzakpress.net\/arhiva\/#\/schema\/person\/image\/","url":"https:\/\/secure.gravatar.com\/avatar\/a04fd330bfe3a36a72a0ad4a6d89fca7?s=96&d=mm&r=pg","contentUrl":"https:\/\/secure.gravatar.com\/avatar\/a04fd330bfe3a36a72a0ad4a6d89fca7?s=96&d=mm&r=pg","caption":"bosniak"},"url":"https:\/\/sandzakpress.net\/arhiva\/author\/bosniak\/"}]}},"_links":{"self":[{"href":"https:\/\/sandzakpress.net\/arhiva\/wp-json\/wp\/v2\/posts\/97779"}],"collection":[{"href":"https:\/\/sandzakpress.net\/arhiva\/wp-json\/wp\/v2\/posts"}],"about":[{"href":"https:\/\/sandzakpress.net\/arhiva\/wp-json\/wp\/v2\/types\/post"}],"author":[{"embeddable":true,"href":"https:\/\/sandzakpress.net\/arhiva\/wp-json\/wp\/v2\/users\/83"}],"replies":[{"embeddable":true,"href":"https:\/\/sandzakpress.net\/arhiva\/wp-json\/wp\/v2\/comments?post=97779"}],"version-history":[{"count":0,"href":"https:\/\/sandzakpress.net\/arhiva\/wp-json\/wp\/v2\/posts\/97779\/revisions"}],"wp:featuredmedia":[{"embeddable":true,"href":"https:\/\/sandzakpress.net\/arhiva\/wp-json\/wp\/v2\/media\/97780"}],"wp:attachment":[{"href":"https:\/\/sandzakpress.net\/arhiva\/wp-json\/wp\/v2\/media?parent=97779"}],"wp:term":[{"taxonomy":"category","embeddable":true,"href":"https:\/\/sandzakpress.net\/arhiva\/wp-json\/wp\/v2\/categories?post=97779"},{"taxonomy":"post_tag","embeddable":true,"href":"https:\/\/sandzakpress.net\/arhiva\/wp-json\/wp\/v2\/tags?post=97779"}],"curies":[{"name":"wp","href":"https:\/\/api.w.org\/{rel}","templated":true}]}}