{"id":97631,"date":"2013-12-09T16:09:50","date_gmt":"2013-12-09T15:09:50","guid":{"rendered":"https:\/\/sandzakpress.net\/arhiva\/?p=97631"},"modified":"2013-12-09T16:10:06","modified_gmt":"2013-12-09T15:10:06","slug":"bdz-vjesnik-bosnjacke-slobode-u-crnoj-gori","status":"publish","type":"post","link":"https:\/\/sandzakpress.net\/arhiva\/bdz-vjesnik-bosnjacke-slobode-u-crnoj-gori\/","title":{"rendered":"BDZ &#8211; Vjesnik bo\u0161nja\u010dke slobode u Crnoj Gori"},"content":{"rendered":"<p><img loading=\"lazy\" decoding=\"async\" class=\"alignleft\" alt=\"\" src=\"https:\/\/sandzakpress.net\/arhiva\/wp-content\/uploads\/2013\/10\/bdz.jpg\" width=\"370\" height=\"186\" \/>Ranih devedesetih godina pro\u0161log stolje\u0107a uveden je vi\u0161epartijski sistem u kojem su, izme\u0111u ostalih naroda, i Bo\u0161njaci vidjeli svoju historijsku priliku da osnuju stranku koja \u0107e se boriti za o\u010duvanje njihovih vjerskih, nacionalnih i kulturnih vrijednosti i o\u010duvanje njihovog dostojanstva. Tako su Bo\u0161njaci u Crnoj Gori osnovali Stranku demokratske akcije (SDA) za \u010dijeg je prvog predsjednika izabran Harun Had\u017ei\u0107, diplomirani pravnik iz Ro\u017eaja.<\/p>\n<p>Krajem 1993. godine u montiranom politi\u010dkom procesu po\u010delo je hap\u0161enje cjelokupnog rukovodstva SDA, kao i velikog broja vanstrana\u010dki orijentiranih uglednih Bo\u0161njaka. Bo\u0161njaci su pretrpjeli velika mu\u010denja, torture i zlostavljanja od strane tada\u0161nje vlasti i o tom zlostavljanju je pisao Ibrahim \u010ciki\u0107 u svojoj knjizi ,,Gdje sunce ne grije&#8221;, kao jedan od \u017ertava tog montiranog procesa. Crna Gora je za Bo\u0161njake, zaista, postala zemlja u kojoj sunce ne grije. SDA je do\u017eivjela slom zbog pretjerane primjene torture od strane vlasti nad nemo\u0107nim i golorukim Bo\u0161njacima.<\/p>\n<p>2006. godine, osniva se Bo\u0161nja\u010dka stranka koja nastaje udru\u017eivanjem \u010detiri politi\u010dke stranke: SDA, IDU, BDS i SNR. Za prvog njenog predsjednika izabran je Rafet Husovi\u0107 iz Ro\u017eaja. U stranku se uklju\u010duju veliki broj nacionalno osvije\u0161tenih Bo\u0161njaka, me\u0111u kojima i Hazbija Kala\u010d.<\/p>\n<p>Nakon par godina funkcioniranja stranke, glasa\u010di su primijetili da se njeno rukovodstvo udaljava od programskih ciljeva koje je stranka zacrtala, te se pojavljuje nezadovoljstvo iznevjerenih Bo\u0161njaka koji po\u010dinju tra\u017eiti na\u010dine povrata bo\u0161nja\u010dkog dostojanstva.<\/p>\n<p>U me\u0111uvremenu, u Novom Pazaru je osnovana Bo\u0161nja\u010dka demokratska zajednica kao svjetlo na kraju tunela Bo\u0161njacima Sand\u017eaka. Iako tek osnovana, BDZ stranka postaje parlamentarna. Me\u0111utim, re\u017eimska vlast u Srbiji je uspjela da vrbuje naivnog i o\u010dito zada\u0107i nedoraslog BDZ-ovog \u010dlana parlamenta koji je zadao izdajni\u010dki no\u017e u le\u0111a stranci koja mu je dala povjerenje. Stranka se ipak odr\u017eala na noge, zbila svoje redove i samouvjereno nastavila djelovati pod imenom &#8221;BDZ Sand\u017eaka&#8221;.<\/p>\n<p>Nezadovoljstvo Bo\u0161njaka u Crnoj Gori je raslo kako se mlitavost Bo\u0161nja\u010dke stranke pove\u0107avala. Mnogi Bo\u0161njaci su izrevoltirano ve\u0107 odavno istupili iz nje, me\u0111u kojima i Hazbija Kala\u010d. Istovremeno, odu\u0161evljenje naroda djelovanjem i dostojanstvenim dr\u017eanjem stranke BDZ Sand\u017eaka je raslo.<\/p>\n<p>Da se ovom prilikom podsjetimo stihova iz Njego\u0161evog ,,Gorskog vijenca&#8221; kojim on poziva na genocid prema pripadnicima islama u Crnoj Gori. Pi\u0161e Njego\u0161:<\/p>\n<p>,,\u0160ta \u0107e \u0111avo u kr\u0161tenu zemlju? \u0160to gajimo zmiju u njedrima?<\/p>\n<p>Kakva bra\u0107a, ako Boga znate, kada gaze obraz crnogorski.<\/p>\n<p>Nego udri dokle mahat mo\u017ee\u0161 i ne \u017eali ni\u0161ta na svijetu!&#8221;<\/p>\n<p>Nedavno je predsjednik Bo\u0161nja\u010dke stranke, Rafet Husovi\u0107, u emisiji ,,\u017diva istina&#8221; kod Darka \u0160ukovi\u0107a izjavio da je siguran da bi danas Njego\u0161 lijepo pisao o Bo\u0161njacima. Bo\u0161njaci u Crnoj Gori su bili zgro\u017eeni i ovom, kao jednoj u nizu, njegovih sli\u010dnih nerazumno inferiornih izjava.<\/p>\n<p>30. novembra 2013. godine, kako se \u010dini, sunce je izgrijalo i u Crnoj Gori i to, izgrijalo je ba\u0161 sa istoka, u njenom najisto\u010dnijem gradu, Ro\u017eajama. Naime, tog datuma odr\u017eana je Izborna skup\u0161tina Bo\u0161nja\u010dke demokratske zajednice u Crnoj Gori, na \u010dijem \u010delu je izabran predsjednik stranke Hazbija Kala\u010d. Skup\u0161tini su prisustvovali brojni bo\u0161nja\u010dki zvani\u010dnici, gra\u0111ani Ro\u017eaja i drugih gradova.<\/p>\n<p>Predsjednik Bo\u0161nja\u010dke nacionalne fondacije Hako Duljevi\u0107 je u svom govoru potvrdio inferiorno dr\u017eanje izvjesnih Bo\u0161njaka spram vlasti i, izme\u0111u ostalog, kazao da ,,kad bi se kojim slu\u010dajem salila strava tim Bo\u0161njacima u salivenom olovu bi im se izlio Njego\u0161&#8221;. Predsjednik BDZ Sand\u017eaka, Jahja Fehratovi\u0107, je istakao da BDZ Sand\u017eaka i BDZ u Crnoj Gori treba da budu kao desna i lijeva ruka istog tijela, kao snaga koja se slo\u017eno, istim \u017earom bori za ostvarenje interesa bo\u0161nja\u010dkog naroda na ovim prostorima.<\/p>\n<p>Predsjednik Izvr\u0161nog vije\u0107a Sand\u017eaka Sead \u0160a\u0107irovi\u0107 je naglasio da je inspirisan energijom na\u0161ih mladih ljudi koji su preuzeli \u010dasni emanet borbe za slobodu i prava naroda i borbe protiv nepravde i kriminala. Pomo\u0107nik muftije sand\u017ea\u010dkog za Ju\u017eni Sand\u017eak i dawu hfz. Abdrurahman ef. Kujevi\u0107 je u svom izlaganju istakao va\u017enost \u010dovjekove uloge na Zemlji, kao Bo\u017eijeg namjesnika. ,,Ljudi na Zemlji moraju po\u0161tivati Bo\u017eiji poredak i na\u010dela pravde. Ulema mora odgajati dobre doktore, ekonomiste, pravnike, politi\u010dare i upu\u0107ivati ih kako da djeluju na polju za\u0161tite interesa islama i muslimana. Zato se na ulemu najvi\u0161e udara, da bi se porobila.&#8221; \u2013 istakao je hfz. Kujevi\u0107.<\/p>\n<p>Bo\u0161nja\u010dki gazija, predsjednik Bo\u0161nja\u010dke demokratske zajednice u Crnoj Gori Hazbija Kala\u010d je kazao da je put BDZ u Crnoj Gori put afirmacije bo\u0161nja\u010dkog naroda u cjelini. ,,Bo\u0161nja\u010dki narod je iscjepkan na mnogo dijelova kako bi u odnosu na druge narode bio inferioran, a on to po vrijednostima koje posjeduje, po broju, kulturi i tradiciji, ne treba da bude. Mi smo kao politi\u010dki faktor registrirani na prostoru dr\u017eave Crne Gore, ali imamo puno pravo da sara\u0111ujemo sa svojim narodom na prostoru cijelog Sand\u017eaka i mati\u010dnoj dr\u017eavi Bo\u0161njaka, Bosni i Hercegovini. Cio ovaj region stremi evropskim integracijama. To zna\u010di da granice postaju administrativne, jednostavno da se zna ko gdje pla\u0107a porez. Ovako kako se to trenutno u Crnoj Gori radi, mi se sve vi\u0161e udaljavamo od evropskih integracija. Zato \u0107e se Bo\u0161nja\u010dka demokratska zajednica zalagati za Sand\u017eak kao evropsku prekograni\u010dnu regiju na op\u0107e zadovoljstvo svih Bo\u0161njaka, \u010diji je duhovni centar Rijaset Islamske zajednice sa sjedi\u0161tem u Sarajevu.&#8221; \u2013 istakao je predsjednik Kala\u010d. Skupu su se obratila i tri potpresjednika stranke iz Ro\u017eaja, Pljevalja i Podgorice.<\/p>\n<p>Vijesti o odr\u017eavanju Izborne skup\u0161tine BDZ u Crnoj Gori su afirmativno prenijeli neki crnogorski mediji pi\u0161u\u0107i o njoj kao ,,najmla\u0111oj politi\u010dkoj stranci u Crnoj Gori&#8221;. Programska na\u010dela ove stranke se sla\u017eu sa programskim na\u010delima stranke BDZ Sand\u017eaka. Njihov je glavni cilj o\u010duvanje bo\u0161nja\u010dkih nacionalnih interesa, temeljnih vrijednosti slobode i ljudskog dostojanstva i borba sa svakim subjektom koji ih, kao takve, poku\u0161a ugroziti.<\/p>\n<p>Bo\u0161nja\u010dka demokratska zajednica u Crnoj Gori je spremna sara\u0111ivati sa svim politi\u010dkim subjektima koji je budu do\u017eivljavali kao svog partnera u borbi za pomenute ciljeve. Ona nikada ne\u0107e pristati na diskriminacije i nametnute asimilacije, i poput njene sestre BDZ Sand\u017eaka, nikada ne\u0107e biti spremna pognuti glavu pred nasilnim re\u017eimima.<\/p>\n<p>Po svemu sude\u0107i, mo\u017ee se zaklju\u010diti da je Bo\u0161nja\u010dka demokratska zajednica u Crnoj Gori najautenti\u010dniji predstavnik Bo\u0161njaka u Crnoj Gori koji sve svoje potencijale daje u slu\u017ebu svoga naroda. U njeno \u010dlanstvo su dobrodo\u0161li samo po\u017ertvovani i hrabri nacionalno osvije\u0161teni Bo\u0161njaci kojima je narodni interes ispred svog li\u010dnog interesa. Licemjeri, prelivode i kukavice u njoj nemaju \u0161ta tra\u017eiti.<\/p>\n<p>U tom smislu, ponosni smo na osnivanje stranke koja svojim djelovanjem obasjava bo\u0161nja\u010dko bi\u0107e u Crnoj Gori i kao dugo o\u010dekivani sun\u010devi zraci, kao vjesnik donose nadu Bo\u0161njacima da \u0107e ubudu\u0107e \u017eivjeti na podru\u010dju ,,gdje sunce grije&#8221;.<\/p>\n<p>&nbsp;<\/p>\n<p>Mersada Nuruddina Agovi\u0107<\/p>\n","protected":false},"excerpt":{"rendered":"<p> Mersada Nuruddina Agovi\u0107<\/p>\n","protected":false},"author":83,"featured_media":90457,"comment_status":"open","ping_status":"open","sticky":false,"template":"","format":"standard","meta":{"footnotes":""},"categories":[398,397,10196,10174,396,395,399,10173],"tags":[10213],"class_list":{"0":"post-97631","1":"post","2":"type-post","3":"status-publish","4":"format-standard","5":"has-post-thumbnail","7":"category-rozaje","8":"category-berane","9":"category-iz-pera-nasih-autora","10":"category-petnjica-vase-vijesti","11":"category-bijelo_polje","12":"category-pljevlja_","13":"category-plav_","14":"category-gusinje-vase-vijesti","15":"tag-mersada-nuruddina-agovic"},"yoast_head":"<!-- This site is optimized with the Yoast SEO Premium plugin v23.1 (Yoast SEO v24.9) - https:\/\/yoast.com\/wordpress\/plugins\/seo\/ -->\n<title>BDZ - Vjesnik bo\u0161nja\u010dke slobode u Crnoj Gori<\/title>\n<meta name=\"robots\" content=\"index, follow, max-snippet:-1, max-image-preview:large, max-video-preview:-1\" \/>\n<link rel=\"canonical\" href=\"https:\/\/sandzakpress.net\/arhiva\/bdz-vjesnik-bosnjacke-slobode-u-crnoj-gori\/\" \/>\n<meta property=\"og:locale\" content=\"bs_BA\" \/>\n<meta property=\"og:type\" content=\"article\" \/>\n<meta property=\"og:title\" content=\"BDZ - Vjesnik bo\u0161nja\u010dke slobode u Crnoj Gori\" \/>\n<meta property=\"og:description\" content=\"Mersada Nuruddina Agovi\u0107\" \/>\n<meta property=\"og:url\" content=\"https:\/\/sandzakpress.net\/arhiva\/bdz-vjesnik-bosnjacke-slobode-u-crnoj-gori\/\" \/>\n<meta property=\"og:site_name\" content=\"Sand\u017eak PRESS\" \/>\n<meta property=\"article:published_time\" content=\"2013-12-09T15:09:50+00:00\" \/>\n<meta property=\"article:modified_time\" content=\"2013-12-09T15:10:06+00:00\" \/>\n<meta property=\"og:image\" content=\"https:\/\/sandzakpress.net\/arhiva\/wp-content\/uploads\/2013\/10\/bdz.jpg\" \/>\n\t<meta property=\"og:image:width\" content=\"616\" \/>\n\t<meta property=\"og:image:height\" content=\"310\" \/>\n\t<meta property=\"og:image:type\" content=\"image\/jpeg\" \/>\n<meta name=\"author\" content=\"bosniak\" \/>\n<meta name=\"twitter:card\" content=\"summary_large_image\" \/>\n<meta name=\"twitter:label1\" content=\"Written by\" \/>\n\t<meta name=\"twitter:data1\" content=\"bosniak\" \/>\n\t<meta name=\"twitter:label2\" content=\"Est. reading time\" \/>\n\t<meta name=\"twitter:data2\" content=\"6 minuta\" \/>\n<script type=\"application\/ld+json\" class=\"yoast-schema-graph\">{\"@context\":\"https:\/\/schema.org\",\"@graph\":[{\"@type\":\"Article\",\"@id\":\"https:\/\/sandzakpress.net\/arhiva\/bdz-vjesnik-bosnjacke-slobode-u-crnoj-gori\/#article\",\"isPartOf\":{\"@id\":\"https:\/\/sandzakpress.net\/arhiva\/bdz-vjesnik-bosnjacke-slobode-u-crnoj-gori\/\"},\"author\":{\"name\":\"bosniak\",\"@id\":\"https:\/\/sandzakpress.net\/arhiva\/#\/schema\/person\/c8baee722073534b583ea7bdb2e36c02\"},\"headline\":\"BDZ &#8211; Vjesnik bo\u0161nja\u010dke slobode u Crnoj Gori\",\"datePublished\":\"2013-12-09T15:09:50+00:00\",\"dateModified\":\"2013-12-09T15:10:06+00:00\",\"mainEntityOfPage\":{\"@id\":\"https:\/\/sandzakpress.net\/arhiva\/bdz-vjesnik-bosnjacke-slobode-u-crnoj-gori\/\"},\"wordCount\":1245,\"commentCount\":4,\"publisher\":{\"@id\":\"https:\/\/sandzakpress.net\/arhiva\/#\/schema\/person\/6e72b67d6e51910a1117b3b483ba20bd\"},\"image\":{\"@id\":\"https:\/\/sandzakpress.net\/arhiva\/bdz-vjesnik-bosnjacke-slobode-u-crnoj-gori\/#primaryimage\"},\"thumbnailUrl\":\"https:\/\/sandzakpress.net\/arhiva\/wp-content\/uploads\/2013\/10\/bdz.jpg\",\"keywords\":[\"Mersada Nuruddina Agovi\u0107\"],\"articleSection\":[\"Ro\u017eaje\",\"Berane\",\"Iz pera na\u0161ih autora\",\"Petnjica\",\"Bijelo Polje\",\"Pljevlja\",\"Plav\",\"Gusinje\"],\"inLanguage\":\"bs-BA\",\"potentialAction\":[{\"@type\":\"CommentAction\",\"name\":\"Comment\",\"target\":[\"https:\/\/sandzakpress.net\/arhiva\/bdz-vjesnik-bosnjacke-slobode-u-crnoj-gori\/#respond\"]}]},{\"@type\":\"WebPage\",\"@id\":\"https:\/\/sandzakpress.net\/arhiva\/bdz-vjesnik-bosnjacke-slobode-u-crnoj-gori\/\",\"url\":\"https:\/\/sandzakpress.net\/arhiva\/bdz-vjesnik-bosnjacke-slobode-u-crnoj-gori\/\",\"name\":\"BDZ - Vjesnik bo\u0161nja\u010dke slobode u Crnoj Gori\",\"isPartOf\":{\"@id\":\"https:\/\/sandzakpress.net\/arhiva\/#website\"},\"primaryImageOfPage\":{\"@id\":\"https:\/\/sandzakpress.net\/arhiva\/bdz-vjesnik-bosnjacke-slobode-u-crnoj-gori\/#primaryimage\"},\"image\":{\"@id\":\"https:\/\/sandzakpress.net\/arhiva\/bdz-vjesnik-bosnjacke-slobode-u-crnoj-gori\/#primaryimage\"},\"thumbnailUrl\":\"https:\/\/sandzakpress.net\/arhiva\/wp-content\/uploads\/2013\/10\/bdz.jpg\",\"datePublished\":\"2013-12-09T15:09:50+00:00\",\"dateModified\":\"2013-12-09T15:10:06+00:00\",\"breadcrumb\":{\"@id\":\"https:\/\/sandzakpress.net\/arhiva\/bdz-vjesnik-bosnjacke-slobode-u-crnoj-gori\/#breadcrumb\"},\"inLanguage\":\"bs-BA\",\"potentialAction\":[{\"@type\":\"ReadAction\",\"target\":[\"https:\/\/sandzakpress.net\/arhiva\/bdz-vjesnik-bosnjacke-slobode-u-crnoj-gori\/\"]}]},{\"@type\":\"ImageObject\",\"inLanguage\":\"bs-BA\",\"@id\":\"https:\/\/sandzakpress.net\/arhiva\/bdz-vjesnik-bosnjacke-slobode-u-crnoj-gori\/#primaryimage\",\"url\":\"https:\/\/sandzakpress.net\/arhiva\/wp-content\/uploads\/2013\/10\/bdz.jpg\",\"contentUrl\":\"https:\/\/sandzakpress.net\/arhiva\/wp-content\/uploads\/2013\/10\/bdz.jpg\",\"width\":616,\"height\":310},{\"@type\":\"BreadcrumbList\",\"@id\":\"https:\/\/sandzakpress.net\/arhiva\/bdz-vjesnik-bosnjacke-slobode-u-crnoj-gori\/#breadcrumb\",\"itemListElement\":[{\"@type\":\"ListItem\",\"position\":1,\"name\":\"Home\",\"item\":\"https:\/\/sandzakpress.net\/arhiva\/\"},{\"@type\":\"ListItem\",\"position\":2,\"name\":\"BDZ &#8211; Vjesnik bo\u0161nja\u010dke slobode u Crnoj Gori\"}]},{\"@type\":\"WebSite\",\"@id\":\"https:\/\/sandzakpress.net\/arhiva\/#website\",\"url\":\"https:\/\/sandzakpress.net\/arhiva\/\",\"name\":\"Sand\u017eak PRESS\",\"description\":\"Prve elektronske novine u Sand\u017eaku\",\"publisher\":{\"@id\":\"https:\/\/sandzakpress.net\/arhiva\/#\/schema\/person\/6e72b67d6e51910a1117b3b483ba20bd\"},\"potentialAction\":[{\"@type\":\"SearchAction\",\"target\":{\"@type\":\"EntryPoint\",\"urlTemplate\":\"https:\/\/sandzakpress.net\/arhiva\/?s={search_term_string}\"},\"query-input\":{\"@type\":\"PropertyValueSpecification\",\"valueRequired\":true,\"valueName\":\"search_term_string\"}}],\"inLanguage\":\"bs-BA\"},{\"@type\":[\"Person\",\"Organization\"],\"@id\":\"https:\/\/sandzakpress.net\/arhiva\/#\/schema\/person\/6e72b67d6e51910a1117b3b483ba20bd\",\"name\":\"Kul\",\"image\":{\"@type\":\"ImageObject\",\"inLanguage\":\"bs-BA\",\"@id\":\"https:\/\/sandzakpress.net\/arhiva\/#\/schema\/person\/image\/\",\"url\":\"https:\/\/secure.gravatar.com\/avatar\/42263f39aa27ac04c43cab85c280eb2e?s=96&d=mm&r=pg\",\"contentUrl\":\"https:\/\/secure.gravatar.com\/avatar\/42263f39aa27ac04c43cab85c280eb2e?s=96&d=mm&r=pg\",\"caption\":\"Kul\"},\"logo\":{\"@id\":\"https:\/\/sandzakpress.net\/arhiva\/#\/schema\/person\/image\/\"}},{\"@type\":\"Person\",\"@id\":\"https:\/\/sandzakpress.net\/arhiva\/#\/schema\/person\/c8baee722073534b583ea7bdb2e36c02\",\"name\":\"bosniak\",\"image\":{\"@type\":\"ImageObject\",\"inLanguage\":\"bs-BA\",\"@id\":\"https:\/\/sandzakpress.net\/arhiva\/#\/schema\/person\/image\/\",\"url\":\"https:\/\/secure.gravatar.com\/avatar\/a04fd330bfe3a36a72a0ad4a6d89fca7?s=96&d=mm&r=pg\",\"contentUrl\":\"https:\/\/secure.gravatar.com\/avatar\/a04fd330bfe3a36a72a0ad4a6d89fca7?s=96&d=mm&r=pg\",\"caption\":\"bosniak\"},\"url\":\"https:\/\/sandzakpress.net\/arhiva\/author\/bosniak\/\"}]}<\/script>\n<!-- \/ Yoast SEO Premium plugin. -->","yoast_head_json":{"title":"BDZ - Vjesnik bo\u0161nja\u010dke slobode u Crnoj Gori","robots":{"index":"index","follow":"follow","max-snippet":"max-snippet:-1","max-image-preview":"max-image-preview:large","max-video-preview":"max-video-preview:-1"},"canonical":"https:\/\/sandzakpress.net\/arhiva\/bdz-vjesnik-bosnjacke-slobode-u-crnoj-gori\/","og_locale":"bs_BA","og_type":"article","og_title":"BDZ - Vjesnik bo\u0161nja\u010dke slobode u Crnoj Gori","og_description":"Mersada Nuruddina Agovi\u0107","og_url":"https:\/\/sandzakpress.net\/arhiva\/bdz-vjesnik-bosnjacke-slobode-u-crnoj-gori\/","og_site_name":"Sand\u017eak PRESS","article_published_time":"2013-12-09T15:09:50+00:00","article_modified_time":"2013-12-09T15:10:06+00:00","og_image":[{"width":616,"height":310,"url":"https:\/\/sandzakpress.net\/arhiva\/wp-content\/uploads\/2013\/10\/bdz.jpg","type":"image\/jpeg"}],"author":"bosniak","twitter_card":"summary_large_image","twitter_misc":{"Written by":"bosniak","Est. reading time":"6 minuta"},"schema":{"@context":"https:\/\/schema.org","@graph":[{"@type":"Article","@id":"https:\/\/sandzakpress.net\/arhiva\/bdz-vjesnik-bosnjacke-slobode-u-crnoj-gori\/#article","isPartOf":{"@id":"https:\/\/sandzakpress.net\/arhiva\/bdz-vjesnik-bosnjacke-slobode-u-crnoj-gori\/"},"author":{"name":"bosniak","@id":"https:\/\/sandzakpress.net\/arhiva\/#\/schema\/person\/c8baee722073534b583ea7bdb2e36c02"},"headline":"BDZ &#8211; Vjesnik bo\u0161nja\u010dke slobode u Crnoj Gori","datePublished":"2013-12-09T15:09:50+00:00","dateModified":"2013-12-09T15:10:06+00:00","mainEntityOfPage":{"@id":"https:\/\/sandzakpress.net\/arhiva\/bdz-vjesnik-bosnjacke-slobode-u-crnoj-gori\/"},"wordCount":1245,"commentCount":4,"publisher":{"@id":"https:\/\/sandzakpress.net\/arhiva\/#\/schema\/person\/6e72b67d6e51910a1117b3b483ba20bd"},"image":{"@id":"https:\/\/sandzakpress.net\/arhiva\/bdz-vjesnik-bosnjacke-slobode-u-crnoj-gori\/#primaryimage"},"thumbnailUrl":"https:\/\/sandzakpress.net\/arhiva\/wp-content\/uploads\/2013\/10\/bdz.jpg","keywords":["Mersada Nuruddina Agovi\u0107"],"articleSection":["Ro\u017eaje","Berane","Iz pera na\u0161ih autora","Petnjica","Bijelo Polje","Pljevlja","Plav","Gusinje"],"inLanguage":"bs-BA","potentialAction":[{"@type":"CommentAction","name":"Comment","target":["https:\/\/sandzakpress.net\/arhiva\/bdz-vjesnik-bosnjacke-slobode-u-crnoj-gori\/#respond"]}]},{"@type":"WebPage","@id":"https:\/\/sandzakpress.net\/arhiva\/bdz-vjesnik-bosnjacke-slobode-u-crnoj-gori\/","url":"https:\/\/sandzakpress.net\/arhiva\/bdz-vjesnik-bosnjacke-slobode-u-crnoj-gori\/","name":"BDZ - Vjesnik bo\u0161nja\u010dke slobode u Crnoj Gori","isPartOf":{"@id":"https:\/\/sandzakpress.net\/arhiva\/#website"},"primaryImageOfPage":{"@id":"https:\/\/sandzakpress.net\/arhiva\/bdz-vjesnik-bosnjacke-slobode-u-crnoj-gori\/#primaryimage"},"image":{"@id":"https:\/\/sandzakpress.net\/arhiva\/bdz-vjesnik-bosnjacke-slobode-u-crnoj-gori\/#primaryimage"},"thumbnailUrl":"https:\/\/sandzakpress.net\/arhiva\/wp-content\/uploads\/2013\/10\/bdz.jpg","datePublished":"2013-12-09T15:09:50+00:00","dateModified":"2013-12-09T15:10:06+00:00","breadcrumb":{"@id":"https:\/\/sandzakpress.net\/arhiva\/bdz-vjesnik-bosnjacke-slobode-u-crnoj-gori\/#breadcrumb"},"inLanguage":"bs-BA","potentialAction":[{"@type":"ReadAction","target":["https:\/\/sandzakpress.net\/arhiva\/bdz-vjesnik-bosnjacke-slobode-u-crnoj-gori\/"]}]},{"@type":"ImageObject","inLanguage":"bs-BA","@id":"https:\/\/sandzakpress.net\/arhiva\/bdz-vjesnik-bosnjacke-slobode-u-crnoj-gori\/#primaryimage","url":"https:\/\/sandzakpress.net\/arhiva\/wp-content\/uploads\/2013\/10\/bdz.jpg","contentUrl":"https:\/\/sandzakpress.net\/arhiva\/wp-content\/uploads\/2013\/10\/bdz.jpg","width":616,"height":310},{"@type":"BreadcrumbList","@id":"https:\/\/sandzakpress.net\/arhiva\/bdz-vjesnik-bosnjacke-slobode-u-crnoj-gori\/#breadcrumb","itemListElement":[{"@type":"ListItem","position":1,"name":"Home","item":"https:\/\/sandzakpress.net\/arhiva\/"},{"@type":"ListItem","position":2,"name":"BDZ &#8211; Vjesnik bo\u0161nja\u010dke slobode u Crnoj Gori"}]},{"@type":"WebSite","@id":"https:\/\/sandzakpress.net\/arhiva\/#website","url":"https:\/\/sandzakpress.net\/arhiva\/","name":"Sand\u017eak PRESS","description":"Prve elektronske novine u Sand\u017eaku","publisher":{"@id":"https:\/\/sandzakpress.net\/arhiva\/#\/schema\/person\/6e72b67d6e51910a1117b3b483ba20bd"},"potentialAction":[{"@type":"SearchAction","target":{"@type":"EntryPoint","urlTemplate":"https:\/\/sandzakpress.net\/arhiva\/?s={search_term_string}"},"query-input":{"@type":"PropertyValueSpecification","valueRequired":true,"valueName":"search_term_string"}}],"inLanguage":"bs-BA"},{"@type":["Person","Organization"],"@id":"https:\/\/sandzakpress.net\/arhiva\/#\/schema\/person\/6e72b67d6e51910a1117b3b483ba20bd","name":"Kul","image":{"@type":"ImageObject","inLanguage":"bs-BA","@id":"https:\/\/sandzakpress.net\/arhiva\/#\/schema\/person\/image\/","url":"https:\/\/secure.gravatar.com\/avatar\/42263f39aa27ac04c43cab85c280eb2e?s=96&d=mm&r=pg","contentUrl":"https:\/\/secure.gravatar.com\/avatar\/42263f39aa27ac04c43cab85c280eb2e?s=96&d=mm&r=pg","caption":"Kul"},"logo":{"@id":"https:\/\/sandzakpress.net\/arhiva\/#\/schema\/person\/image\/"}},{"@type":"Person","@id":"https:\/\/sandzakpress.net\/arhiva\/#\/schema\/person\/c8baee722073534b583ea7bdb2e36c02","name":"bosniak","image":{"@type":"ImageObject","inLanguage":"bs-BA","@id":"https:\/\/sandzakpress.net\/arhiva\/#\/schema\/person\/image\/","url":"https:\/\/secure.gravatar.com\/avatar\/a04fd330bfe3a36a72a0ad4a6d89fca7?s=96&d=mm&r=pg","contentUrl":"https:\/\/secure.gravatar.com\/avatar\/a04fd330bfe3a36a72a0ad4a6d89fca7?s=96&d=mm&r=pg","caption":"bosniak"},"url":"https:\/\/sandzakpress.net\/arhiva\/author\/bosniak\/"}]}},"_links":{"self":[{"href":"https:\/\/sandzakpress.net\/arhiva\/wp-json\/wp\/v2\/posts\/97631"}],"collection":[{"href":"https:\/\/sandzakpress.net\/arhiva\/wp-json\/wp\/v2\/posts"}],"about":[{"href":"https:\/\/sandzakpress.net\/arhiva\/wp-json\/wp\/v2\/types\/post"}],"author":[{"embeddable":true,"href":"https:\/\/sandzakpress.net\/arhiva\/wp-json\/wp\/v2\/users\/83"}],"replies":[{"embeddable":true,"href":"https:\/\/sandzakpress.net\/arhiva\/wp-json\/wp\/v2\/comments?post=97631"}],"version-history":[{"count":0,"href":"https:\/\/sandzakpress.net\/arhiva\/wp-json\/wp\/v2\/posts\/97631\/revisions"}],"wp:featuredmedia":[{"embeddable":true,"href":"https:\/\/sandzakpress.net\/arhiva\/wp-json\/wp\/v2\/media\/90457"}],"wp:attachment":[{"href":"https:\/\/sandzakpress.net\/arhiva\/wp-json\/wp\/v2\/media?parent=97631"}],"wp:term":[{"taxonomy":"category","embeddable":true,"href":"https:\/\/sandzakpress.net\/arhiva\/wp-json\/wp\/v2\/categories?post=97631"},{"taxonomy":"post_tag","embeddable":true,"href":"https:\/\/sandzakpress.net\/arhiva\/wp-json\/wp\/v2\/tags?post=97631"}],"curies":[{"name":"wp","href":"https:\/\/api.w.org\/{rel}","templated":true}]}}