{"id":97606,"date":"2013-12-09T12:07:37","date_gmt":"2013-12-09T11:07:37","guid":{"rendered":"https:\/\/sandzakpress.net\/arhiva\/?p=97606"},"modified":"2013-12-09T14:41:08","modified_gmt":"2013-12-09T13:41:08","slug":"odbornici-sns-a-napustaju-vlast-u-novom-pazaru","status":"publish","type":"post","link":"https:\/\/sandzakpress.net\/arhiva\/odbornici-sns-a-napustaju-vlast-u-novom-pazaru\/","title":{"rendered":"Odbornici SNS-a napu\u0161taju vlast u Novom Pazaru?"},"content":{"rendered":"<p><strong><img loading=\"lazy\" decoding=\"async\" class=\"alignleft size-medium wp-image-97613\" alt=\"NovaNPkoalicija_zpsd5d1a0f9\" src=\"https:\/\/sandzakpress.net\/arhiva\/wp-content\/uploads\/2013\/12\/NovaNPkoalicija_zpsd5d1a0f9-300x220.jpg\" width=\"300\" height=\"220\" \/>Novi Pazar &#8211; Kako mediji saznaju iz izvora blsikih gradona\u010delniku Novog Pazara Mehu Mahmutovi\u0107u skup\u0161tinska ve\u0107ina u ovom gradu je na ivici raspadanja, tako da se SDP Rasima Ljaji\u0107a intenzivno trudi da obezbijedi kvorum za odr\u017eavanje sljede\u0107e sjednice Gradske skup\u0161tine koja bi trebalo da se odr\u017ei uskoro.<\/strong><\/p>\n<p>Prema na\u0161im saznanjima dva odbronika sa Srpske liste ne \u017eele vi\u0161e da daju podr\u0161ku vlasti Rasima Ljaji\u0107a, te je zbog toga Meho Mahmutovi\u0107 obavio razgovor sa \u0160erifom Maruki\u0107 i Azrom Zatri\u0107, odbjeglim odbornicima iz BDZ, kako bi na takav na\u010din produ\u017eio svoj i opstanak njegovih saradnika na\u00a0 vlasti u Novom Pazaru.<\/p>\n<p>Dobri poznavaoci politi\u010dkih prilika u Novom Pazaru tvrde da \u0107e povla\u010denje sa Srpske liste iz skup\u0161tinske ve\u0107ine dovesti do rizika pada re\u017eima Rasima Ljaji\u0107a na lokalu, te uvo\u0111enju privremene uprave u gradu \u0161to \u0107e biti uvod za raspisivanje novih lokalnih izbora u Novom Pazaru.<\/p>\n<p>(Sanapress)<\/p>\n<p>&nbsp;<\/p>\n","protected":false},"excerpt":{"rendered":"<p>Novi Pazar &#8211; Kako mediji saznaju iz izvora blsikih gradona\u010delniku Novog Pazara Mehu Mahmutovi\u0107u skup\u0161tinska ve\u0107ina u ovom gradu je na ivici raspadanja, tako da se SDP Rasima Ljaji\u0107a intenzivno trudi da obezbijedi kvorum za odr\u017eavanje sljede\u0107e sjednice Gradske skup\u0161tine koja bi trebalo da se odr\u017ei uskoro. Prema na\u0161im saznanjima dva odbronika sa Srpske liste [&hellip;]<\/p>\n","protected":false},"author":83,"featured_media":97622,"comment_status":"open","ping_status":"open","sticky":false,"template":"","format":"standard","meta":{"footnotes":""},"categories":[72,1,8957],"tags":[10248],"class_list":{"0":"post-97606","1":"post","2":"type-post","3":"status-publish","4":"format-standard","5":"has-post-thumbnail","7":"category-novi-pazar","8":"category-politika","9":"category-vijesti-dana","10":"tag-gradska-uprava-novi-pazar"},"yoast_head":"<!-- This site is optimized with the Yoast SEO Premium plugin v23.1 (Yoast SEO v24.9) - https:\/\/yoast.com\/wordpress\/plugins\/seo\/ -->\n<title>Odbornici SNS-a napu\u0161taju vlast u Novom Pazaru?<\/title>\n<meta name=\"robots\" content=\"index, follow, max-snippet:-1, max-image-preview:large, max-video-preview:-1\" \/>\n<link rel=\"canonical\" href=\"https:\/\/sandzakpress.net\/arhiva\/odbornici-sns-a-napustaju-vlast-u-novom-pazaru\/\" \/>\n<meta property=\"og:locale\" content=\"bs_BA\" \/>\n<meta property=\"og:type\" content=\"article\" \/>\n<meta property=\"og:title\" content=\"Odbornici SNS-a napu\u0161taju vlast u Novom Pazaru?\" \/>\n<meta property=\"og:description\" content=\"Novi Pazar &#8211; Kako mediji saznaju iz izvora blsikih gradona\u010delniku Novog Pazara Mehu Mahmutovi\u0107u skup\u0161tinska ve\u0107ina u ovom gradu je na ivici raspadanja, tako da se SDP Rasima Ljaji\u0107a intenzivno trudi da obezbijedi kvorum za odr\u017eavanje sljede\u0107e sjednice Gradske skup\u0161tine koja bi trebalo da se odr\u017ei uskoro. Prema na\u0161im saznanjima dva odbronika sa Srpske liste [&hellip;]\" \/>\n<meta property=\"og:url\" content=\"https:\/\/sandzakpress.net\/arhiva\/odbornici-sns-a-napustaju-vlast-u-novom-pazaru\/\" \/>\n<meta property=\"og:site_name\" content=\"Sand\u017eak PRESS\" \/>\n<meta property=\"article:published_time\" content=\"2013-12-09T11:07:37+00:00\" \/>\n<meta property=\"article:modified_time\" content=\"2013-12-09T13:41:08+00:00\" \/>\n<meta property=\"og:image\" content=\"https:\/\/sandzakpress.net\/arhiva\/wp-content\/uploads\/2013\/12\/NovaNPkoalicija_zpsd5d1a0f9-300x2201.jpg\" \/>\n\t<meta property=\"og:image:width\" content=\"300\" \/>\n\t<meta property=\"og:image:height\" content=\"220\" \/>\n\t<meta property=\"og:image:type\" content=\"image\/jpeg\" \/>\n<meta name=\"author\" content=\"bosniak\" \/>\n<meta name=\"twitter:card\" content=\"summary_large_image\" \/>\n<meta name=\"twitter:label1\" content=\"Written by\" \/>\n\t<meta name=\"twitter:data1\" content=\"bosniak\" \/>\n\t<meta name=\"twitter:label2\" content=\"Est. reading time\" \/>\n\t<meta name=\"twitter:data2\" content=\"1 minuta\" \/>\n<script type=\"application\/ld+json\" class=\"yoast-schema-graph\">{\"@context\":\"https:\/\/schema.org\",\"@graph\":[{\"@type\":\"Article\",\"@id\":\"https:\/\/sandzakpress.net\/arhiva\/odbornici-sns-a-napustaju-vlast-u-novom-pazaru\/#article\",\"isPartOf\":{\"@id\":\"https:\/\/sandzakpress.net\/arhiva\/odbornici-sns-a-napustaju-vlast-u-novom-pazaru\/\"},\"author\":{\"name\":\"bosniak\",\"@id\":\"https:\/\/sandzakpress.net\/arhiva\/#\/schema\/person\/c8baee722073534b583ea7bdb2e36c02\"},\"headline\":\"Odbornici SNS-a napu\u0161taju vlast u Novom Pazaru?\",\"datePublished\":\"2013-12-09T11:07:37+00:00\",\"dateModified\":\"2013-12-09T13:41:08+00:00\",\"mainEntityOfPage\":{\"@id\":\"https:\/\/sandzakpress.net\/arhiva\/odbornici-sns-a-napustaju-vlast-u-novom-pazaru\/\"},\"wordCount\":174,\"commentCount\":2,\"publisher\":{\"@id\":\"https:\/\/sandzakpress.net\/arhiva\/#\/schema\/person\/6e72b67d6e51910a1117b3b483ba20bd\"},\"image\":{\"@id\":\"https:\/\/sandzakpress.net\/arhiva\/odbornici-sns-a-napustaju-vlast-u-novom-pazaru\/#primaryimage\"},\"thumbnailUrl\":\"https:\/\/sandzakpress.net\/arhiva\/wp-content\/uploads\/2013\/12\/NovaNPkoalicija_zpsd5d1a0f9-300x2201.jpg\",\"keywords\":[\"Vlast u Novom Pazaru\"],\"articleSection\":[\"Novi Pazar\",\"Politika\",\"VIJESTI DANA\"],\"inLanguage\":\"bs-BA\",\"potentialAction\":[{\"@type\":\"CommentAction\",\"name\":\"Comment\",\"target\":[\"https:\/\/sandzakpress.net\/arhiva\/odbornici-sns-a-napustaju-vlast-u-novom-pazaru\/#respond\"]}]},{\"@type\":\"WebPage\",\"@id\":\"https:\/\/sandzakpress.net\/arhiva\/odbornici-sns-a-napustaju-vlast-u-novom-pazaru\/\",\"url\":\"https:\/\/sandzakpress.net\/arhiva\/odbornici-sns-a-napustaju-vlast-u-novom-pazaru\/\",\"name\":\"Odbornici SNS-a napu\u0161taju vlast u Novom Pazaru?\",\"isPartOf\":{\"@id\":\"https:\/\/sandzakpress.net\/arhiva\/#website\"},\"primaryImageOfPage\":{\"@id\":\"https:\/\/sandzakpress.net\/arhiva\/odbornici-sns-a-napustaju-vlast-u-novom-pazaru\/#primaryimage\"},\"image\":{\"@id\":\"https:\/\/sandzakpress.net\/arhiva\/odbornici-sns-a-napustaju-vlast-u-novom-pazaru\/#primaryimage\"},\"thumbnailUrl\":\"https:\/\/sandzakpress.net\/arhiva\/wp-content\/uploads\/2013\/12\/NovaNPkoalicija_zpsd5d1a0f9-300x2201.jpg\",\"datePublished\":\"2013-12-09T11:07:37+00:00\",\"dateModified\":\"2013-12-09T13:41:08+00:00\",\"breadcrumb\":{\"@id\":\"https:\/\/sandzakpress.net\/arhiva\/odbornici-sns-a-napustaju-vlast-u-novom-pazaru\/#breadcrumb\"},\"inLanguage\":\"bs-BA\",\"potentialAction\":[{\"@type\":\"ReadAction\",\"target\":[\"https:\/\/sandzakpress.net\/arhiva\/odbornici-sns-a-napustaju-vlast-u-novom-pazaru\/\"]}]},{\"@type\":\"ImageObject\",\"inLanguage\":\"bs-BA\",\"@id\":\"https:\/\/sandzakpress.net\/arhiva\/odbornici-sns-a-napustaju-vlast-u-novom-pazaru\/#primaryimage\",\"url\":\"https:\/\/sandzakpress.net\/arhiva\/wp-content\/uploads\/2013\/12\/NovaNPkoalicija_zpsd5d1a0f9-300x2201.jpg\",\"contentUrl\":\"https:\/\/sandzakpress.net\/arhiva\/wp-content\/uploads\/2013\/12\/NovaNPkoalicija_zpsd5d1a0f9-300x2201.jpg\",\"width\":300,\"height\":220},{\"@type\":\"BreadcrumbList\",\"@id\":\"https:\/\/sandzakpress.net\/arhiva\/odbornici-sns-a-napustaju-vlast-u-novom-pazaru\/#breadcrumb\",\"itemListElement\":[{\"@type\":\"ListItem\",\"position\":1,\"name\":\"Home\",\"item\":\"https:\/\/sandzakpress.net\/arhiva\/\"},{\"@type\":\"ListItem\",\"position\":2,\"name\":\"Odbornici SNS-a napu\u0161taju vlast u Novom Pazaru?\"}]},{\"@type\":\"WebSite\",\"@id\":\"https:\/\/sandzakpress.net\/arhiva\/#website\",\"url\":\"https:\/\/sandzakpress.net\/arhiva\/\",\"name\":\"Sand\u017eak PRESS\",\"description\":\"Prve elektronske novine u Sand\u017eaku\",\"publisher\":{\"@id\":\"https:\/\/sandzakpress.net\/arhiva\/#\/schema\/person\/6e72b67d6e51910a1117b3b483ba20bd\"},\"potentialAction\":[{\"@type\":\"SearchAction\",\"target\":{\"@type\":\"EntryPoint\",\"urlTemplate\":\"https:\/\/sandzakpress.net\/arhiva\/?s={search_term_string}\"},\"query-input\":{\"@type\":\"PropertyValueSpecification\",\"valueRequired\":true,\"valueName\":\"search_term_string\"}}],\"inLanguage\":\"bs-BA\"},{\"@type\":[\"Person\",\"Organization\"],\"@id\":\"https:\/\/sandzakpress.net\/arhiva\/#\/schema\/person\/6e72b67d6e51910a1117b3b483ba20bd\",\"name\":\"Kul\",\"image\":{\"@type\":\"ImageObject\",\"inLanguage\":\"bs-BA\",\"@id\":\"https:\/\/sandzakpress.net\/arhiva\/#\/schema\/person\/image\/\",\"url\":\"https:\/\/secure.gravatar.com\/avatar\/42263f39aa27ac04c43cab85c280eb2e?s=96&d=mm&r=pg\",\"contentUrl\":\"https:\/\/secure.gravatar.com\/avatar\/42263f39aa27ac04c43cab85c280eb2e?s=96&d=mm&r=pg\",\"caption\":\"Kul\"},\"logo\":{\"@id\":\"https:\/\/sandzakpress.net\/arhiva\/#\/schema\/person\/image\/\"}},{\"@type\":\"Person\",\"@id\":\"https:\/\/sandzakpress.net\/arhiva\/#\/schema\/person\/c8baee722073534b583ea7bdb2e36c02\",\"name\":\"bosniak\",\"image\":{\"@type\":\"ImageObject\",\"inLanguage\":\"bs-BA\",\"@id\":\"https:\/\/sandzakpress.net\/arhiva\/#\/schema\/person\/image\/\",\"url\":\"https:\/\/secure.gravatar.com\/avatar\/a04fd330bfe3a36a72a0ad4a6d89fca7?s=96&d=mm&r=pg\",\"contentUrl\":\"https:\/\/secure.gravatar.com\/avatar\/a04fd330bfe3a36a72a0ad4a6d89fca7?s=96&d=mm&r=pg\",\"caption\":\"bosniak\"},\"url\":\"https:\/\/sandzakpress.net\/arhiva\/author\/bosniak\/\"}]}<\/script>\n<!-- \/ Yoast SEO Premium plugin. -->","yoast_head_json":{"title":"Odbornici SNS-a napu\u0161taju vlast u Novom Pazaru?","robots":{"index":"index","follow":"follow","max-snippet":"max-snippet:-1","max-image-preview":"max-image-preview:large","max-video-preview":"max-video-preview:-1"},"canonical":"https:\/\/sandzakpress.net\/arhiva\/odbornici-sns-a-napustaju-vlast-u-novom-pazaru\/","og_locale":"bs_BA","og_type":"article","og_title":"Odbornici SNS-a napu\u0161taju vlast u Novom Pazaru?","og_description":"Novi Pazar &#8211; Kako mediji saznaju iz izvora blsikih gradona\u010delniku Novog Pazara Mehu Mahmutovi\u0107u skup\u0161tinska ve\u0107ina u ovom gradu je na ivici raspadanja, tako da se SDP Rasima Ljaji\u0107a intenzivno trudi da obezbijedi kvorum za odr\u017eavanje sljede\u0107e sjednice Gradske skup\u0161tine koja bi trebalo da se odr\u017ei uskoro. Prema na\u0161im saznanjima dva odbronika sa Srpske liste [&hellip;]","og_url":"https:\/\/sandzakpress.net\/arhiva\/odbornici-sns-a-napustaju-vlast-u-novom-pazaru\/","og_site_name":"Sand\u017eak PRESS","article_published_time":"2013-12-09T11:07:37+00:00","article_modified_time":"2013-12-09T13:41:08+00:00","og_image":[{"width":300,"height":220,"url":"https:\/\/sandzakpress.net\/arhiva\/wp-content\/uploads\/2013\/12\/NovaNPkoalicija_zpsd5d1a0f9-300x2201.jpg","type":"image\/jpeg"}],"author":"bosniak","twitter_card":"summary_large_image","twitter_misc":{"Written by":"bosniak","Est. reading time":"1 minuta"},"schema":{"@context":"https:\/\/schema.org","@graph":[{"@type":"Article","@id":"https:\/\/sandzakpress.net\/arhiva\/odbornici-sns-a-napustaju-vlast-u-novom-pazaru\/#article","isPartOf":{"@id":"https:\/\/sandzakpress.net\/arhiva\/odbornici-sns-a-napustaju-vlast-u-novom-pazaru\/"},"author":{"name":"bosniak","@id":"https:\/\/sandzakpress.net\/arhiva\/#\/schema\/person\/c8baee722073534b583ea7bdb2e36c02"},"headline":"Odbornici SNS-a napu\u0161taju vlast u Novom Pazaru?","datePublished":"2013-12-09T11:07:37+00:00","dateModified":"2013-12-09T13:41:08+00:00","mainEntityOfPage":{"@id":"https:\/\/sandzakpress.net\/arhiva\/odbornici-sns-a-napustaju-vlast-u-novom-pazaru\/"},"wordCount":174,"commentCount":2,"publisher":{"@id":"https:\/\/sandzakpress.net\/arhiva\/#\/schema\/person\/6e72b67d6e51910a1117b3b483ba20bd"},"image":{"@id":"https:\/\/sandzakpress.net\/arhiva\/odbornici-sns-a-napustaju-vlast-u-novom-pazaru\/#primaryimage"},"thumbnailUrl":"https:\/\/sandzakpress.net\/arhiva\/wp-content\/uploads\/2013\/12\/NovaNPkoalicija_zpsd5d1a0f9-300x2201.jpg","keywords":["Vlast u Novom Pazaru"],"articleSection":["Novi Pazar","Politika","VIJESTI DANA"],"inLanguage":"bs-BA","potentialAction":[{"@type":"CommentAction","name":"Comment","target":["https:\/\/sandzakpress.net\/arhiva\/odbornici-sns-a-napustaju-vlast-u-novom-pazaru\/#respond"]}]},{"@type":"WebPage","@id":"https:\/\/sandzakpress.net\/arhiva\/odbornici-sns-a-napustaju-vlast-u-novom-pazaru\/","url":"https:\/\/sandzakpress.net\/arhiva\/odbornici-sns-a-napustaju-vlast-u-novom-pazaru\/","name":"Odbornici SNS-a napu\u0161taju vlast u Novom Pazaru?","isPartOf":{"@id":"https:\/\/sandzakpress.net\/arhiva\/#website"},"primaryImageOfPage":{"@id":"https:\/\/sandzakpress.net\/arhiva\/odbornici-sns-a-napustaju-vlast-u-novom-pazaru\/#primaryimage"},"image":{"@id":"https:\/\/sandzakpress.net\/arhiva\/odbornici-sns-a-napustaju-vlast-u-novom-pazaru\/#primaryimage"},"thumbnailUrl":"https:\/\/sandzakpress.net\/arhiva\/wp-content\/uploads\/2013\/12\/NovaNPkoalicija_zpsd5d1a0f9-300x2201.jpg","datePublished":"2013-12-09T11:07:37+00:00","dateModified":"2013-12-09T13:41:08+00:00","breadcrumb":{"@id":"https:\/\/sandzakpress.net\/arhiva\/odbornici-sns-a-napustaju-vlast-u-novom-pazaru\/#breadcrumb"},"inLanguage":"bs-BA","potentialAction":[{"@type":"ReadAction","target":["https:\/\/sandzakpress.net\/arhiva\/odbornici-sns-a-napustaju-vlast-u-novom-pazaru\/"]}]},{"@type":"ImageObject","inLanguage":"bs-BA","@id":"https:\/\/sandzakpress.net\/arhiva\/odbornici-sns-a-napustaju-vlast-u-novom-pazaru\/#primaryimage","url":"https:\/\/sandzakpress.net\/arhiva\/wp-content\/uploads\/2013\/12\/NovaNPkoalicija_zpsd5d1a0f9-300x2201.jpg","contentUrl":"https:\/\/sandzakpress.net\/arhiva\/wp-content\/uploads\/2013\/12\/NovaNPkoalicija_zpsd5d1a0f9-300x2201.jpg","width":300,"height":220},{"@type":"BreadcrumbList","@id":"https:\/\/sandzakpress.net\/arhiva\/odbornici-sns-a-napustaju-vlast-u-novom-pazaru\/#breadcrumb","itemListElement":[{"@type":"ListItem","position":1,"name":"Home","item":"https:\/\/sandzakpress.net\/arhiva\/"},{"@type":"ListItem","position":2,"name":"Odbornici SNS-a napu\u0161taju vlast u Novom Pazaru?"}]},{"@type":"WebSite","@id":"https:\/\/sandzakpress.net\/arhiva\/#website","url":"https:\/\/sandzakpress.net\/arhiva\/","name":"Sand\u017eak PRESS","description":"Prve elektronske novine u Sand\u017eaku","publisher":{"@id":"https:\/\/sandzakpress.net\/arhiva\/#\/schema\/person\/6e72b67d6e51910a1117b3b483ba20bd"},"potentialAction":[{"@type":"SearchAction","target":{"@type":"EntryPoint","urlTemplate":"https:\/\/sandzakpress.net\/arhiva\/?s={search_term_string}"},"query-input":{"@type":"PropertyValueSpecification","valueRequired":true,"valueName":"search_term_string"}}],"inLanguage":"bs-BA"},{"@type":["Person","Organization"],"@id":"https:\/\/sandzakpress.net\/arhiva\/#\/schema\/person\/6e72b67d6e51910a1117b3b483ba20bd","name":"Kul","image":{"@type":"ImageObject","inLanguage":"bs-BA","@id":"https:\/\/sandzakpress.net\/arhiva\/#\/schema\/person\/image\/","url":"https:\/\/secure.gravatar.com\/avatar\/42263f39aa27ac04c43cab85c280eb2e?s=96&d=mm&r=pg","contentUrl":"https:\/\/secure.gravatar.com\/avatar\/42263f39aa27ac04c43cab85c280eb2e?s=96&d=mm&r=pg","caption":"Kul"},"logo":{"@id":"https:\/\/sandzakpress.net\/arhiva\/#\/schema\/person\/image\/"}},{"@type":"Person","@id":"https:\/\/sandzakpress.net\/arhiva\/#\/schema\/person\/c8baee722073534b583ea7bdb2e36c02","name":"bosniak","image":{"@type":"ImageObject","inLanguage":"bs-BA","@id":"https:\/\/sandzakpress.net\/arhiva\/#\/schema\/person\/image\/","url":"https:\/\/secure.gravatar.com\/avatar\/a04fd330bfe3a36a72a0ad4a6d89fca7?s=96&d=mm&r=pg","contentUrl":"https:\/\/secure.gravatar.com\/avatar\/a04fd330bfe3a36a72a0ad4a6d89fca7?s=96&d=mm&r=pg","caption":"bosniak"},"url":"https:\/\/sandzakpress.net\/arhiva\/author\/bosniak\/"}]}},"_links":{"self":[{"href":"https:\/\/sandzakpress.net\/arhiva\/wp-json\/wp\/v2\/posts\/97606"}],"collection":[{"href":"https:\/\/sandzakpress.net\/arhiva\/wp-json\/wp\/v2\/posts"}],"about":[{"href":"https:\/\/sandzakpress.net\/arhiva\/wp-json\/wp\/v2\/types\/post"}],"author":[{"embeddable":true,"href":"https:\/\/sandzakpress.net\/arhiva\/wp-json\/wp\/v2\/users\/83"}],"replies":[{"embeddable":true,"href":"https:\/\/sandzakpress.net\/arhiva\/wp-json\/wp\/v2\/comments?post=97606"}],"version-history":[{"count":0,"href":"https:\/\/sandzakpress.net\/arhiva\/wp-json\/wp\/v2\/posts\/97606\/revisions"}],"wp:featuredmedia":[{"embeddable":true,"href":"https:\/\/sandzakpress.net\/arhiva\/wp-json\/wp\/v2\/media\/97622"}],"wp:attachment":[{"href":"https:\/\/sandzakpress.net\/arhiva\/wp-json\/wp\/v2\/media?parent=97606"}],"wp:term":[{"taxonomy":"category","embeddable":true,"href":"https:\/\/sandzakpress.net\/arhiva\/wp-json\/wp\/v2\/categories?post=97606"},{"taxonomy":"post_tag","embeddable":true,"href":"https:\/\/sandzakpress.net\/arhiva\/wp-json\/wp\/v2\/tags?post=97606"}],"curies":[{"name":"wp","href":"https:\/\/api.w.org\/{rel}","templated":true}]}}