{"id":9753,"date":"2010-11-13T17:28:04","date_gmt":"2010-11-13T16:28:04","guid":{"rendered":"https:\/\/sandzakpress.net\/arhiva\/?p=9753"},"modified":"2010-11-14T01:46:17","modified_gmt":"2010-11-14T00:46:17","slug":"spremni-smo-na-razgovore","status":"publish","type":"post","link":"https:\/\/sandzakpress.net\/arhiva\/spremni-smo-na-razgovore\/","title":{"rendered":"&#8220;Spremni smo na razgovore&#8221;"},"content":{"rendered":"<p><strong><a href=\"https:\/\/sandzakpress.net\/arhiva\/wp-content\/uploads\/2010\/11\/66332_460613776696_69393956696_5992206_6281582_n.jpg\"><img loading=\"lazy\" decoding=\"async\" class=\"alignleft size-full wp-image-9755\" title=\"66332_460613776696_69393956696_5992206_6281582_n\" src=\"https:\/\/sandzakpress.net\/arhiva\/wp-content\/uploads\/2010\/11\/66332_460613776696_69393956696_5992206_6281582_n.jpg\" alt=\"\" width=\"187\" height=\"285\" \/><\/a>Sjeverni Sand\u017eak &#8211; Glavni muftija Islamske zajednice u Srbiji Muamer ef. Zukorli\u0107 spreman je na razgovor sa liderom Stranke demokratske akcije i ministrom u Vladi Srbije Sulejmanom Ugljaninom.<\/strong><strong> <\/strong><\/p>\n<p>Muftija Zukorli\u0107 je poru\u010dio Ugljaninu da su predstavnici institucija na \u010dijem je on \u010delu spremni za razgovore o svim otvorenim pitanjima koja se ti\u010du \u201ctri stuba stabilnosti\u201c Sand\u017eaka.<\/p>\n<p>Muftija Zukorli\u0107 je Tanjugu rekao da je dobrodo\u0161ao svaki poziv koji \u0107e doprinijeti jedinstvu Bo\u0161njaka.<\/p>\n<p>Ugljanin bi, smatra\u00a0muftija Zukorli\u0107, mogao odigrati posebno va\u017enu ulogu u vra\u0107anju jedinstva Islamskoj zajednici, \u0161to je za njega \u201cklju\u010d\u201c svih problema.<\/p>\n<p><em>\u201cMi smo spremni za razgovore o svim otvorenim pitanjima, prije svega o onim koji se ti\u010du tri stuba stabilnosti ovog prostora &#8211; jedinstvu Islamske zajednice, nesmetanom radu Bo\u0161nja\u010dkog nacionalnog ve\u0107a i akreditovanom Univerzitetu\u201c<\/em>, poru\u010dio je muftija Zukorli\u0107.<\/p>\n<p>Muftija, koji je i osniva\u010d i predsjednik Internacionalnog univerziteta u Novom Pazaru, smatra da Ugljaninova \u201cnova retorika predstavlja pozitivan iskorak koji implicira njegovo vra\u0107anje svom narodu&#8221;, iako je to, za sada, kako je rekao, samo u najavama.<\/p>\n<p>Muftija Zukorli\u0107, koji je ranije bio najve\u0107i Ugljaninov kriti\u010dar kada je rije\u010d o cijepanju Islamske zajednice, ka\u017ee da, pored tih najava, o\u010dekuje i konkretne pomake.<\/p>\n<p><em>\u201cOve izjave dobit \u0107e na zna\u010daju onog trenutka kada se potvrde druga\u010dijim politi\u010dkim pona\u0161anjem Ugljanina i njegovih istomi\u0161ljenika\u201c<\/em>, kazao je muftija Zukorli\u0107, nosilac liste Bo\u0161nja\u010dke kulturne zajednice koja je na junskim izborima za Bo\u0161nja\u010dko nacionalno ve\u0107e osvojila najvi\u0161e &#8211; 17 od 35 mandata.<\/p>\n<p>Ugljanin, koji je ministar bez portfelja u Vladi Srbije, pozvao je ju\u010der svoje sunarodnike, ministra Rasima Ljaji\u0107a i muftiju Zukorli\u0107a,\u00a0na bo\u0161nja\u010dko nacionalno pomirenje, jedinstvo i zajedni\u010dki nastup na narednim parlamentarnim izborima.<\/p>\n<p>Izvor:<strong> B92.net, SandzakPRESS.net<\/strong><\/p>\n","protected":false},"excerpt":{"rendered":"<p>Sjeverni Sand\u017eak &#8211; Glavni muftija Islamske zajednice u Srbiji Muamer ef. Zukorli\u0107 spreman je na razgovor sa liderom Stranke demokratske akcije i ministrom u Vladi Srbije Sulejmanom Ugljaninom. Muftija Zukorli\u0107 je poru\u010dio Ugljaninu da su predstavnici institucija na \u010dijem je on \u010delu spremni za razgovore o svim otvorenim pitanjima koja se ti\u010du \u201ctri stuba stabilnosti\u201c [&hellip;]<\/p>\n","protected":false},"author":83,"featured_media":9755,"comment_status":"open","ping_status":"open","sticky":false,"template":"","format":"standard","meta":{"footnotes":""},"categories":[72,52,327,392,393,802,394],"tags":[],"class_list":{"0":"post-9753","1":"post","2":"type-post","3":"status-publish","4":"format-standard","5":"has-post-thumbnail","7":"category-novi-pazar","8":"category-sjenica","9":"category-tutin","10":"category-prijepolje_","11":"category-priboj","12":"category-islamska_zajednica","13":"category-nova-varos"},"yoast_head":"<!-- This site is optimized with the Yoast SEO Premium plugin v23.1 (Yoast SEO v24.9) - https:\/\/yoast.com\/wordpress\/plugins\/seo\/ -->\n<title>&quot;Spremni smo na razgovore&quot;<\/title>\n<meta name=\"robots\" content=\"index, follow, max-snippet:-1, max-image-preview:large, max-video-preview:-1\" \/>\n<link rel=\"canonical\" href=\"https:\/\/sandzakpress.net\/arhiva\/spremni-smo-na-razgovore\/\" \/>\n<meta property=\"og:locale\" content=\"bs_BA\" \/>\n<meta property=\"og:type\" content=\"article\" \/>\n<meta property=\"og:title\" content=\"&quot;Spremni smo na razgovore&quot;\" \/>\n<meta property=\"og:description\" content=\"Sjeverni Sand\u017eak &#8211; Glavni muftija Islamske zajednice u Srbiji Muamer ef. Zukorli\u0107 spreman je na razgovor sa liderom Stranke demokratske akcije i ministrom u Vladi Srbije Sulejmanom Ugljaninom. Muftija Zukorli\u0107 je poru\u010dio Ugljaninu da su predstavnici institucija na \u010dijem je on \u010delu spremni za razgovore o svim otvorenim pitanjima koja se ti\u010du \u201ctri stuba stabilnosti\u201c [&hellip;]\" \/>\n<meta property=\"og:url\" content=\"https:\/\/sandzakpress.net\/arhiva\/spremni-smo-na-razgovore\/\" \/>\n<meta property=\"og:site_name\" content=\"Sand\u017eak PRESS\" \/>\n<meta property=\"article:published_time\" content=\"2010-11-13T16:28:04+00:00\" \/>\n<meta property=\"article:modified_time\" content=\"2010-11-14T00:46:17+00:00\" \/>\n<meta property=\"og:image\" content=\"https:\/\/sandzakpress.net\/arhiva\/wp-content\/uploads\/2010\/11\/66332_460613776696_69393956696_5992206_6281582_n.jpg\" \/>\n\t<meta property=\"og:image:width\" content=\"187\" \/>\n\t<meta property=\"og:image:height\" content=\"285\" \/>\n\t<meta property=\"og:image:type\" content=\"image\/jpeg\" \/>\n<meta name=\"author\" content=\"bosniak\" \/>\n<meta name=\"twitter:card\" content=\"summary_large_image\" \/>\n<meta name=\"twitter:label1\" content=\"Written by\" \/>\n\t<meta name=\"twitter:data1\" content=\"bosniak\" \/>\n\t<meta name=\"twitter:label2\" content=\"Est. reading time\" \/>\n\t<meta name=\"twitter:data2\" content=\"2 minute\" \/>\n<script type=\"application\/ld+json\" class=\"yoast-schema-graph\">{\"@context\":\"https:\/\/schema.org\",\"@graph\":[{\"@type\":\"Article\",\"@id\":\"https:\/\/sandzakpress.net\/arhiva\/spremni-smo-na-razgovore\/#article\",\"isPartOf\":{\"@id\":\"https:\/\/sandzakpress.net\/arhiva\/spremni-smo-na-razgovore\/\"},\"author\":{\"name\":\"bosniak\",\"@id\":\"https:\/\/sandzakpress.net\/arhiva\/#\/schema\/person\/c8baee722073534b583ea7bdb2e36c02\"},\"headline\":\"&#8220;Spremni smo na razgovore&#8221;\",\"datePublished\":\"2010-11-13T16:28:04+00:00\",\"dateModified\":\"2010-11-14T00:46:17+00:00\",\"mainEntityOfPage\":{\"@id\":\"https:\/\/sandzakpress.net\/arhiva\/spremni-smo-na-razgovore\/\"},\"wordCount\":309,\"commentCount\":18,\"publisher\":{\"@id\":\"https:\/\/sandzakpress.net\/arhiva\/#\/schema\/person\/6e72b67d6e51910a1117b3b483ba20bd\"},\"image\":{\"@id\":\"https:\/\/sandzakpress.net\/arhiva\/spremni-smo-na-razgovore\/#primaryimage\"},\"thumbnailUrl\":\"https:\/\/sandzakpress.net\/arhiva\/wp-content\/uploads\/2010\/11\/66332_460613776696_69393956696_5992206_6281582_n.jpg\",\"articleSection\":[\"Novi Pazar\",\"Sjenica\",\"Tutin\",\"Prijepolje\",\"Priboj\",\"Islamska zajednica\",\"Nova Varo\u0161\"],\"inLanguage\":\"bs-BA\",\"potentialAction\":[{\"@type\":\"CommentAction\",\"name\":\"Comment\",\"target\":[\"https:\/\/sandzakpress.net\/arhiva\/spremni-smo-na-razgovore\/#respond\"]}]},{\"@type\":\"WebPage\",\"@id\":\"https:\/\/sandzakpress.net\/arhiva\/spremni-smo-na-razgovore\/\",\"url\":\"https:\/\/sandzakpress.net\/arhiva\/spremni-smo-na-razgovore\/\",\"name\":\"\\\"Spremni smo na razgovore\\\"\",\"isPartOf\":{\"@id\":\"https:\/\/sandzakpress.net\/arhiva\/#website\"},\"primaryImageOfPage\":{\"@id\":\"https:\/\/sandzakpress.net\/arhiva\/spremni-smo-na-razgovore\/#primaryimage\"},\"image\":{\"@id\":\"https:\/\/sandzakpress.net\/arhiva\/spremni-smo-na-razgovore\/#primaryimage\"},\"thumbnailUrl\":\"https:\/\/sandzakpress.net\/arhiva\/wp-content\/uploads\/2010\/11\/66332_460613776696_69393956696_5992206_6281582_n.jpg\",\"datePublished\":\"2010-11-13T16:28:04+00:00\",\"dateModified\":\"2010-11-14T00:46:17+00:00\",\"breadcrumb\":{\"@id\":\"https:\/\/sandzakpress.net\/arhiva\/spremni-smo-na-razgovore\/#breadcrumb\"},\"inLanguage\":\"bs-BA\",\"potentialAction\":[{\"@type\":\"ReadAction\",\"target\":[\"https:\/\/sandzakpress.net\/arhiva\/spremni-smo-na-razgovore\/\"]}]},{\"@type\":\"ImageObject\",\"inLanguage\":\"bs-BA\",\"@id\":\"https:\/\/sandzakpress.net\/arhiva\/spremni-smo-na-razgovore\/#primaryimage\",\"url\":\"https:\/\/sandzakpress.net\/arhiva\/wp-content\/uploads\/2010\/11\/66332_460613776696_69393956696_5992206_6281582_n.jpg\",\"contentUrl\":\"https:\/\/sandzakpress.net\/arhiva\/wp-content\/uploads\/2010\/11\/66332_460613776696_69393956696_5992206_6281582_n.jpg\",\"width\":187,\"height\":285},{\"@type\":\"BreadcrumbList\",\"@id\":\"https:\/\/sandzakpress.net\/arhiva\/spremni-smo-na-razgovore\/#breadcrumb\",\"itemListElement\":[{\"@type\":\"ListItem\",\"position\":1,\"name\":\"Home\",\"item\":\"https:\/\/sandzakpress.net\/arhiva\/\"},{\"@type\":\"ListItem\",\"position\":2,\"name\":\"&#8220;Spremni smo na razgovore&#8221;\"}]},{\"@type\":\"WebSite\",\"@id\":\"https:\/\/sandzakpress.net\/arhiva\/#website\",\"url\":\"https:\/\/sandzakpress.net\/arhiva\/\",\"name\":\"Sand\u017eak PRESS\",\"description\":\"Prve elektronske novine u Sand\u017eaku\",\"publisher\":{\"@id\":\"https:\/\/sandzakpress.net\/arhiva\/#\/schema\/person\/6e72b67d6e51910a1117b3b483ba20bd\"},\"potentialAction\":[{\"@type\":\"SearchAction\",\"target\":{\"@type\":\"EntryPoint\",\"urlTemplate\":\"https:\/\/sandzakpress.net\/arhiva\/?s={search_term_string}\"},\"query-input\":{\"@type\":\"PropertyValueSpecification\",\"valueRequired\":true,\"valueName\":\"search_term_string\"}}],\"inLanguage\":\"bs-BA\"},{\"@type\":[\"Person\",\"Organization\"],\"@id\":\"https:\/\/sandzakpress.net\/arhiva\/#\/schema\/person\/6e72b67d6e51910a1117b3b483ba20bd\",\"name\":\"Kul\",\"image\":{\"@type\":\"ImageObject\",\"inLanguage\":\"bs-BA\",\"@id\":\"https:\/\/sandzakpress.net\/arhiva\/#\/schema\/person\/image\/\",\"url\":\"https:\/\/secure.gravatar.com\/avatar\/42263f39aa27ac04c43cab85c280eb2e?s=96&d=mm&r=pg\",\"contentUrl\":\"https:\/\/secure.gravatar.com\/avatar\/42263f39aa27ac04c43cab85c280eb2e?s=96&d=mm&r=pg\",\"caption\":\"Kul\"},\"logo\":{\"@id\":\"https:\/\/sandzakpress.net\/arhiva\/#\/schema\/person\/image\/\"}},{\"@type\":\"Person\",\"@id\":\"https:\/\/sandzakpress.net\/arhiva\/#\/schema\/person\/c8baee722073534b583ea7bdb2e36c02\",\"name\":\"bosniak\",\"image\":{\"@type\":\"ImageObject\",\"inLanguage\":\"bs-BA\",\"@id\":\"https:\/\/sandzakpress.net\/arhiva\/#\/schema\/person\/image\/\",\"url\":\"https:\/\/secure.gravatar.com\/avatar\/a04fd330bfe3a36a72a0ad4a6d89fca7?s=96&d=mm&r=pg\",\"contentUrl\":\"https:\/\/secure.gravatar.com\/avatar\/a04fd330bfe3a36a72a0ad4a6d89fca7?s=96&d=mm&r=pg\",\"caption\":\"bosniak\"},\"url\":\"https:\/\/sandzakpress.net\/arhiva\/author\/bosniak\/\"}]}<\/script>\n<!-- \/ Yoast SEO Premium plugin. -->","yoast_head_json":{"title":"\"Spremni smo na razgovore\"","robots":{"index":"index","follow":"follow","max-snippet":"max-snippet:-1","max-image-preview":"max-image-preview:large","max-video-preview":"max-video-preview:-1"},"canonical":"https:\/\/sandzakpress.net\/arhiva\/spremni-smo-na-razgovore\/","og_locale":"bs_BA","og_type":"article","og_title":"\"Spremni smo na razgovore\"","og_description":"Sjeverni Sand\u017eak &#8211; Glavni muftija Islamske zajednice u Srbiji Muamer ef. Zukorli\u0107 spreman je na razgovor sa liderom Stranke demokratske akcije i ministrom u Vladi Srbije Sulejmanom Ugljaninom. Muftija Zukorli\u0107 je poru\u010dio Ugljaninu da su predstavnici institucija na \u010dijem je on \u010delu spremni za razgovore o svim otvorenim pitanjima koja se ti\u010du \u201ctri stuba stabilnosti\u201c [&hellip;]","og_url":"https:\/\/sandzakpress.net\/arhiva\/spremni-smo-na-razgovore\/","og_site_name":"Sand\u017eak PRESS","article_published_time":"2010-11-13T16:28:04+00:00","article_modified_time":"2010-11-14T00:46:17+00:00","og_image":[{"width":187,"height":285,"url":"https:\/\/sandzakpress.net\/arhiva\/wp-content\/uploads\/2010\/11\/66332_460613776696_69393956696_5992206_6281582_n.jpg","type":"image\/jpeg"}],"author":"bosniak","twitter_card":"summary_large_image","twitter_misc":{"Written by":"bosniak","Est. reading time":"2 minute"},"schema":{"@context":"https:\/\/schema.org","@graph":[{"@type":"Article","@id":"https:\/\/sandzakpress.net\/arhiva\/spremni-smo-na-razgovore\/#article","isPartOf":{"@id":"https:\/\/sandzakpress.net\/arhiva\/spremni-smo-na-razgovore\/"},"author":{"name":"bosniak","@id":"https:\/\/sandzakpress.net\/arhiva\/#\/schema\/person\/c8baee722073534b583ea7bdb2e36c02"},"headline":"&#8220;Spremni smo na razgovore&#8221;","datePublished":"2010-11-13T16:28:04+00:00","dateModified":"2010-11-14T00:46:17+00:00","mainEntityOfPage":{"@id":"https:\/\/sandzakpress.net\/arhiva\/spremni-smo-na-razgovore\/"},"wordCount":309,"commentCount":18,"publisher":{"@id":"https:\/\/sandzakpress.net\/arhiva\/#\/schema\/person\/6e72b67d6e51910a1117b3b483ba20bd"},"image":{"@id":"https:\/\/sandzakpress.net\/arhiva\/spremni-smo-na-razgovore\/#primaryimage"},"thumbnailUrl":"https:\/\/sandzakpress.net\/arhiva\/wp-content\/uploads\/2010\/11\/66332_460613776696_69393956696_5992206_6281582_n.jpg","articleSection":["Novi Pazar","Sjenica","Tutin","Prijepolje","Priboj","Islamska zajednica","Nova Varo\u0161"],"inLanguage":"bs-BA","potentialAction":[{"@type":"CommentAction","name":"Comment","target":["https:\/\/sandzakpress.net\/arhiva\/spremni-smo-na-razgovore\/#respond"]}]},{"@type":"WebPage","@id":"https:\/\/sandzakpress.net\/arhiva\/spremni-smo-na-razgovore\/","url":"https:\/\/sandzakpress.net\/arhiva\/spremni-smo-na-razgovore\/","name":"\"Spremni smo na razgovore\"","isPartOf":{"@id":"https:\/\/sandzakpress.net\/arhiva\/#website"},"primaryImageOfPage":{"@id":"https:\/\/sandzakpress.net\/arhiva\/spremni-smo-na-razgovore\/#primaryimage"},"image":{"@id":"https:\/\/sandzakpress.net\/arhiva\/spremni-smo-na-razgovore\/#primaryimage"},"thumbnailUrl":"https:\/\/sandzakpress.net\/arhiva\/wp-content\/uploads\/2010\/11\/66332_460613776696_69393956696_5992206_6281582_n.jpg","datePublished":"2010-11-13T16:28:04+00:00","dateModified":"2010-11-14T00:46:17+00:00","breadcrumb":{"@id":"https:\/\/sandzakpress.net\/arhiva\/spremni-smo-na-razgovore\/#breadcrumb"},"inLanguage":"bs-BA","potentialAction":[{"@type":"ReadAction","target":["https:\/\/sandzakpress.net\/arhiva\/spremni-smo-na-razgovore\/"]}]},{"@type":"ImageObject","inLanguage":"bs-BA","@id":"https:\/\/sandzakpress.net\/arhiva\/spremni-smo-na-razgovore\/#primaryimage","url":"https:\/\/sandzakpress.net\/arhiva\/wp-content\/uploads\/2010\/11\/66332_460613776696_69393956696_5992206_6281582_n.jpg","contentUrl":"https:\/\/sandzakpress.net\/arhiva\/wp-content\/uploads\/2010\/11\/66332_460613776696_69393956696_5992206_6281582_n.jpg","width":187,"height":285},{"@type":"BreadcrumbList","@id":"https:\/\/sandzakpress.net\/arhiva\/spremni-smo-na-razgovore\/#breadcrumb","itemListElement":[{"@type":"ListItem","position":1,"name":"Home","item":"https:\/\/sandzakpress.net\/arhiva\/"},{"@type":"ListItem","position":2,"name":"&#8220;Spremni smo na razgovore&#8221;"}]},{"@type":"WebSite","@id":"https:\/\/sandzakpress.net\/arhiva\/#website","url":"https:\/\/sandzakpress.net\/arhiva\/","name":"Sand\u017eak PRESS","description":"Prve elektronske novine u Sand\u017eaku","publisher":{"@id":"https:\/\/sandzakpress.net\/arhiva\/#\/schema\/person\/6e72b67d6e51910a1117b3b483ba20bd"},"potentialAction":[{"@type":"SearchAction","target":{"@type":"EntryPoint","urlTemplate":"https:\/\/sandzakpress.net\/arhiva\/?s={search_term_string}"},"query-input":{"@type":"PropertyValueSpecification","valueRequired":true,"valueName":"search_term_string"}}],"inLanguage":"bs-BA"},{"@type":["Person","Organization"],"@id":"https:\/\/sandzakpress.net\/arhiva\/#\/schema\/person\/6e72b67d6e51910a1117b3b483ba20bd","name":"Kul","image":{"@type":"ImageObject","inLanguage":"bs-BA","@id":"https:\/\/sandzakpress.net\/arhiva\/#\/schema\/person\/image\/","url":"https:\/\/secure.gravatar.com\/avatar\/42263f39aa27ac04c43cab85c280eb2e?s=96&d=mm&r=pg","contentUrl":"https:\/\/secure.gravatar.com\/avatar\/42263f39aa27ac04c43cab85c280eb2e?s=96&d=mm&r=pg","caption":"Kul"},"logo":{"@id":"https:\/\/sandzakpress.net\/arhiva\/#\/schema\/person\/image\/"}},{"@type":"Person","@id":"https:\/\/sandzakpress.net\/arhiva\/#\/schema\/person\/c8baee722073534b583ea7bdb2e36c02","name":"bosniak","image":{"@type":"ImageObject","inLanguage":"bs-BA","@id":"https:\/\/sandzakpress.net\/arhiva\/#\/schema\/person\/image\/","url":"https:\/\/secure.gravatar.com\/avatar\/a04fd330bfe3a36a72a0ad4a6d89fca7?s=96&d=mm&r=pg","contentUrl":"https:\/\/secure.gravatar.com\/avatar\/a04fd330bfe3a36a72a0ad4a6d89fca7?s=96&d=mm&r=pg","caption":"bosniak"},"url":"https:\/\/sandzakpress.net\/arhiva\/author\/bosniak\/"}]}},"_links":{"self":[{"href":"https:\/\/sandzakpress.net\/arhiva\/wp-json\/wp\/v2\/posts\/9753"}],"collection":[{"href":"https:\/\/sandzakpress.net\/arhiva\/wp-json\/wp\/v2\/posts"}],"about":[{"href":"https:\/\/sandzakpress.net\/arhiva\/wp-json\/wp\/v2\/types\/post"}],"author":[{"embeddable":true,"href":"https:\/\/sandzakpress.net\/arhiva\/wp-json\/wp\/v2\/users\/83"}],"replies":[{"embeddable":true,"href":"https:\/\/sandzakpress.net\/arhiva\/wp-json\/wp\/v2\/comments?post=9753"}],"version-history":[{"count":0,"href":"https:\/\/sandzakpress.net\/arhiva\/wp-json\/wp\/v2\/posts\/9753\/revisions"}],"wp:featuredmedia":[{"embeddable":true,"href":"https:\/\/sandzakpress.net\/arhiva\/wp-json\/wp\/v2\/media\/9755"}],"wp:attachment":[{"href":"https:\/\/sandzakpress.net\/arhiva\/wp-json\/wp\/v2\/media?parent=9753"}],"wp:term":[{"taxonomy":"category","embeddable":true,"href":"https:\/\/sandzakpress.net\/arhiva\/wp-json\/wp\/v2\/categories?post=9753"},{"taxonomy":"post_tag","embeddable":true,"href":"https:\/\/sandzakpress.net\/arhiva\/wp-json\/wp\/v2\/tags?post=9753"}],"curies":[{"name":"wp","href":"https:\/\/api.w.org\/{rel}","templated":true}]}}