{"id":9749,"date":"2010-11-13T17:16:59","date_gmt":"2010-11-13T16:16:59","guid":{"rendered":"https:\/\/sandzakpress.net\/arhiva\/?p=9749"},"modified":"2010-11-13T17:57:48","modified_gmt":"2010-11-13T16:57:48","slug":"ugljanin-pozvao-muftiju-i-ljajica-na-jedinstvo","status":"publish","type":"post","link":"https:\/\/sandzakpress.net\/arhiva\/ugljanin-pozvao-muftiju-i-ljajica-na-jedinstvo\/","title":{"rendered":"Ugljanin pozvao Muftiju i Ljaji\u0107a na razgovor"},"content":{"rendered":"<p><strong><a href=\"https:\/\/sandzakpress.net\/arhiva\/wp-content\/uploads\/2010\/11\/1825305764cd5a7925e96f294029071_200x278.jpg\"><img loading=\"lazy\" decoding=\"async\" class=\"alignleft size-full wp-image-9761\" title=\"1825305764cd5a7925e96f294029071_200x278\" src=\"https:\/\/sandzakpress.net\/arhiva\/wp-content\/uploads\/2010\/11\/1825305764cd5a7925e96f294029071_200x278.jpg\" alt=\"\" width=\"200\" height=\"278\" \/><\/a>Sjeverni Sand\u017eak &#8211; Govore\u0107i o narednim parlamentarnim izborima, predsjednik SDA i ministar u Vladi Srbije, Sulejman Ugljanin je uvjeren da \u0107e Bo\u0161njaci na njima nastupati jedinstveno u, kako je rekao, \u201ejednom jatu\u201d.<\/strong><\/p>\n<p>Svaka ptica ima pravo da formira svoje gnijezdo, ali se, ka\u017ee on, ona kad-tad vrati u svoje jato.<\/p>\n<p>\u201eJa ih sada pozivam da se vrate u svoje jato\u201d, rekao je Ugljanin istakav\u0161i da je to jedini na\u010din da Bo\u0161njaci u Skup\u0161tini Srbije imaju pet poslanika.<\/p>\n<p>Ugljanin, koji je najavio \u201evra\u0107anje u narod\u201d i malo vi\u0161e pri\u010de s gra\u0111anima, ka\u017ee da bez obzira na to \u0161to je predsjednik SDPS i ministar u Vladi, Rasim Ljaji\u0107 na \u010delu partije na nivou zemlje, \u201enjemu Sand\u017eak pripada isto koliko i nama\u201d.<\/p>\n<p>\u201eOn ima obavezu da sjednemo za isti sto i da zajedno rije\u0161imo sva ta pitanja, jer Ljaji\u0107 je iskusan politi\u010dar, najiskusniji ministar u vladi Srbije, sa najve\u0107im sta\u017eom i zato mi treba da budemo zajedno\u201e rekao je Ugljanin.<\/p>\n<p>Ugljanin ka\u017ee da je bio veoma prijatno iznena\u0111en dolaskom muftije Muamer ef. Zukorli\u0107a na sastanak predstavnika tri liste u utorak u Palati Srbije radi dogovora o formiranju novog saziva Bo\u0161nja\u010dkog nacionalnog vije\u0107a.<\/p>\n<p>Izvor: <strong>SandzakPRESS.net<\/strong><\/p>\n","protected":false},"excerpt":{"rendered":"<p>Sjeverni Sand\u017eak &#8211; Govore\u0107i o narednim parlamentarnim izborima, predsjednik SDA i ministar u Vladi Srbije, Sulejman Ugljanin je uvjeren da \u0107e Bo\u0161njaci na njima nastupati jedinstveno u, kako je rekao, \u201ejednom jatu\u201d. Svaka ptica ima pravo da formira svoje gnijezdo, ali se, ka\u017ee on, ona kad-tad vrati u svoje jato. \u201eJa ih sada pozivam da [&hellip;]<\/p>\n","protected":false},"author":83,"featured_media":9761,"comment_status":"open","ping_status":"open","sticky":false,"template":"","format":"standard","meta":{"footnotes":""},"categories":[72,1,52,327,392,393,394],"tags":[],"class_list":{"0":"post-9749","1":"post","2":"type-post","3":"status-publish","4":"format-standard","5":"has-post-thumbnail","7":"category-novi-pazar","8":"category-politika","9":"category-sjenica","10":"category-tutin","11":"category-prijepolje_","12":"category-priboj","13":"category-nova-varos"},"yoast_head":"<!-- This site is optimized with the Yoast SEO Premium plugin v23.1 (Yoast SEO v24.9) - https:\/\/yoast.com\/wordpress\/plugins\/seo\/ -->\n<title>Ugljanin pozvao Muftiju i Ljaji\u0107a na razgovor<\/title>\n<meta name=\"robots\" content=\"index, follow, max-snippet:-1, max-image-preview:large, max-video-preview:-1\" \/>\n<link rel=\"canonical\" href=\"https:\/\/sandzakpress.net\/arhiva\/ugljanin-pozvao-muftiju-i-ljajica-na-jedinstvo\/\" \/>\n<meta property=\"og:locale\" content=\"bs_BA\" \/>\n<meta property=\"og:type\" content=\"article\" \/>\n<meta property=\"og:title\" content=\"Ugljanin pozvao Muftiju i Ljaji\u0107a na razgovor\" \/>\n<meta property=\"og:description\" content=\"Sjeverni Sand\u017eak &#8211; Govore\u0107i o narednim parlamentarnim izborima, predsjednik SDA i ministar u Vladi Srbije, Sulejman Ugljanin je uvjeren da \u0107e Bo\u0161njaci na njima nastupati jedinstveno u, kako je rekao, \u201ejednom jatu\u201d. Svaka ptica ima pravo da formira svoje gnijezdo, ali se, ka\u017ee on, ona kad-tad vrati u svoje jato. \u201eJa ih sada pozivam da [&hellip;]\" \/>\n<meta property=\"og:url\" content=\"https:\/\/sandzakpress.net\/arhiva\/ugljanin-pozvao-muftiju-i-ljajica-na-jedinstvo\/\" \/>\n<meta property=\"og:site_name\" content=\"Sand\u017eak PRESS\" \/>\n<meta property=\"article:published_time\" content=\"2010-11-13T16:16:59+00:00\" \/>\n<meta property=\"article:modified_time\" content=\"2010-11-13T16:57:48+00:00\" \/>\n<meta property=\"og:image\" content=\"https:\/\/sandzakpress.net\/arhiva\/wp-content\/uploads\/2010\/11\/1825305764cd5a7925e96f294029071_200x278.jpg\" \/>\n\t<meta property=\"og:image:width\" content=\"200\" \/>\n\t<meta property=\"og:image:height\" content=\"278\" \/>\n\t<meta property=\"og:image:type\" content=\"image\/jpeg\" \/>\n<meta name=\"author\" content=\"bosniak\" \/>\n<meta name=\"twitter:card\" content=\"summary_large_image\" \/>\n<meta name=\"twitter:label1\" content=\"Written by\" \/>\n\t<meta name=\"twitter:data1\" content=\"bosniak\" \/>\n\t<meta name=\"twitter:label2\" content=\"Est. reading time\" \/>\n\t<meta name=\"twitter:data2\" content=\"1 minuta\" \/>\n<script type=\"application\/ld+json\" class=\"yoast-schema-graph\">{\"@context\":\"https:\/\/schema.org\",\"@graph\":[{\"@type\":\"Article\",\"@id\":\"https:\/\/sandzakpress.net\/arhiva\/ugljanin-pozvao-muftiju-i-ljajica-na-jedinstvo\/#article\",\"isPartOf\":{\"@id\":\"https:\/\/sandzakpress.net\/arhiva\/ugljanin-pozvao-muftiju-i-ljajica-na-jedinstvo\/\"},\"author\":{\"name\":\"bosniak\",\"@id\":\"https:\/\/sandzakpress.net\/arhiva\/#\/schema\/person\/c8baee722073534b583ea7bdb2e36c02\"},\"headline\":\"Ugljanin pozvao Muftiju i Ljaji\u0107a na razgovor\",\"datePublished\":\"2010-11-13T16:16:59+00:00\",\"dateModified\":\"2010-11-13T16:57:48+00:00\",\"mainEntityOfPage\":{\"@id\":\"https:\/\/sandzakpress.net\/arhiva\/ugljanin-pozvao-muftiju-i-ljajica-na-jedinstvo\/\"},\"wordCount\":224,\"commentCount\":22,\"publisher\":{\"@id\":\"https:\/\/sandzakpress.net\/arhiva\/#\/schema\/person\/6e72b67d6e51910a1117b3b483ba20bd\"},\"image\":{\"@id\":\"https:\/\/sandzakpress.net\/arhiva\/ugljanin-pozvao-muftiju-i-ljajica-na-jedinstvo\/#primaryimage\"},\"thumbnailUrl\":\"https:\/\/sandzakpress.net\/arhiva\/wp-content\/uploads\/2010\/11\/1825305764cd5a7925e96f294029071_200x278.jpg\",\"articleSection\":[\"Novi Pazar\",\"Politika\",\"Sjenica\",\"Tutin\",\"Prijepolje\",\"Priboj\",\"Nova Varo\u0161\"],\"inLanguage\":\"bs-BA\",\"potentialAction\":[{\"@type\":\"CommentAction\",\"name\":\"Comment\",\"target\":[\"https:\/\/sandzakpress.net\/arhiva\/ugljanin-pozvao-muftiju-i-ljajica-na-jedinstvo\/#respond\"]}]},{\"@type\":\"WebPage\",\"@id\":\"https:\/\/sandzakpress.net\/arhiva\/ugljanin-pozvao-muftiju-i-ljajica-na-jedinstvo\/\",\"url\":\"https:\/\/sandzakpress.net\/arhiva\/ugljanin-pozvao-muftiju-i-ljajica-na-jedinstvo\/\",\"name\":\"Ugljanin pozvao Muftiju i Ljaji\u0107a na razgovor\",\"isPartOf\":{\"@id\":\"https:\/\/sandzakpress.net\/arhiva\/#website\"},\"primaryImageOfPage\":{\"@id\":\"https:\/\/sandzakpress.net\/arhiva\/ugljanin-pozvao-muftiju-i-ljajica-na-jedinstvo\/#primaryimage\"},\"image\":{\"@id\":\"https:\/\/sandzakpress.net\/arhiva\/ugljanin-pozvao-muftiju-i-ljajica-na-jedinstvo\/#primaryimage\"},\"thumbnailUrl\":\"https:\/\/sandzakpress.net\/arhiva\/wp-content\/uploads\/2010\/11\/1825305764cd5a7925e96f294029071_200x278.jpg\",\"datePublished\":\"2010-11-13T16:16:59+00:00\",\"dateModified\":\"2010-11-13T16:57:48+00:00\",\"breadcrumb\":{\"@id\":\"https:\/\/sandzakpress.net\/arhiva\/ugljanin-pozvao-muftiju-i-ljajica-na-jedinstvo\/#breadcrumb\"},\"inLanguage\":\"bs-BA\",\"potentialAction\":[{\"@type\":\"ReadAction\",\"target\":[\"https:\/\/sandzakpress.net\/arhiva\/ugljanin-pozvao-muftiju-i-ljajica-na-jedinstvo\/\"]}]},{\"@type\":\"ImageObject\",\"inLanguage\":\"bs-BA\",\"@id\":\"https:\/\/sandzakpress.net\/arhiva\/ugljanin-pozvao-muftiju-i-ljajica-na-jedinstvo\/#primaryimage\",\"url\":\"https:\/\/sandzakpress.net\/arhiva\/wp-content\/uploads\/2010\/11\/1825305764cd5a7925e96f294029071_200x278.jpg\",\"contentUrl\":\"https:\/\/sandzakpress.net\/arhiva\/wp-content\/uploads\/2010\/11\/1825305764cd5a7925e96f294029071_200x278.jpg\",\"width\":200,\"height\":278},{\"@type\":\"BreadcrumbList\",\"@id\":\"https:\/\/sandzakpress.net\/arhiva\/ugljanin-pozvao-muftiju-i-ljajica-na-jedinstvo\/#breadcrumb\",\"itemListElement\":[{\"@type\":\"ListItem\",\"position\":1,\"name\":\"Home\",\"item\":\"https:\/\/sandzakpress.net\/arhiva\/\"},{\"@type\":\"ListItem\",\"position\":2,\"name\":\"Ugljanin pozvao Muftiju i Ljaji\u0107a na razgovor\"}]},{\"@type\":\"WebSite\",\"@id\":\"https:\/\/sandzakpress.net\/arhiva\/#website\",\"url\":\"https:\/\/sandzakpress.net\/arhiva\/\",\"name\":\"Sand\u017eak PRESS\",\"description\":\"Prve elektronske novine u Sand\u017eaku\",\"publisher\":{\"@id\":\"https:\/\/sandzakpress.net\/arhiva\/#\/schema\/person\/6e72b67d6e51910a1117b3b483ba20bd\"},\"potentialAction\":[{\"@type\":\"SearchAction\",\"target\":{\"@type\":\"EntryPoint\",\"urlTemplate\":\"https:\/\/sandzakpress.net\/arhiva\/?s={search_term_string}\"},\"query-input\":{\"@type\":\"PropertyValueSpecification\",\"valueRequired\":true,\"valueName\":\"search_term_string\"}}],\"inLanguage\":\"bs-BA\"},{\"@type\":[\"Person\",\"Organization\"],\"@id\":\"https:\/\/sandzakpress.net\/arhiva\/#\/schema\/person\/6e72b67d6e51910a1117b3b483ba20bd\",\"name\":\"Kul\",\"image\":{\"@type\":\"ImageObject\",\"inLanguage\":\"bs-BA\",\"@id\":\"https:\/\/sandzakpress.net\/arhiva\/#\/schema\/person\/image\/\",\"url\":\"https:\/\/secure.gravatar.com\/avatar\/42263f39aa27ac04c43cab85c280eb2e?s=96&d=mm&r=pg\",\"contentUrl\":\"https:\/\/secure.gravatar.com\/avatar\/42263f39aa27ac04c43cab85c280eb2e?s=96&d=mm&r=pg\",\"caption\":\"Kul\"},\"logo\":{\"@id\":\"https:\/\/sandzakpress.net\/arhiva\/#\/schema\/person\/image\/\"}},{\"@type\":\"Person\",\"@id\":\"https:\/\/sandzakpress.net\/arhiva\/#\/schema\/person\/c8baee722073534b583ea7bdb2e36c02\",\"name\":\"bosniak\",\"image\":{\"@type\":\"ImageObject\",\"inLanguage\":\"bs-BA\",\"@id\":\"https:\/\/sandzakpress.net\/arhiva\/#\/schema\/person\/image\/\",\"url\":\"https:\/\/secure.gravatar.com\/avatar\/a04fd330bfe3a36a72a0ad4a6d89fca7?s=96&d=mm&r=pg\",\"contentUrl\":\"https:\/\/secure.gravatar.com\/avatar\/a04fd330bfe3a36a72a0ad4a6d89fca7?s=96&d=mm&r=pg\",\"caption\":\"bosniak\"},\"url\":\"https:\/\/sandzakpress.net\/arhiva\/author\/bosniak\/\"}]}<\/script>\n<!-- \/ Yoast SEO Premium plugin. -->","yoast_head_json":{"title":"Ugljanin pozvao Muftiju i Ljaji\u0107a na razgovor","robots":{"index":"index","follow":"follow","max-snippet":"max-snippet:-1","max-image-preview":"max-image-preview:large","max-video-preview":"max-video-preview:-1"},"canonical":"https:\/\/sandzakpress.net\/arhiva\/ugljanin-pozvao-muftiju-i-ljajica-na-jedinstvo\/","og_locale":"bs_BA","og_type":"article","og_title":"Ugljanin pozvao Muftiju i Ljaji\u0107a na razgovor","og_description":"Sjeverni Sand\u017eak &#8211; Govore\u0107i o narednim parlamentarnim izborima, predsjednik SDA i ministar u Vladi Srbije, Sulejman Ugljanin je uvjeren da \u0107e Bo\u0161njaci na njima nastupati jedinstveno u, kako je rekao, \u201ejednom jatu\u201d. Svaka ptica ima pravo da formira svoje gnijezdo, ali se, ka\u017ee on, ona kad-tad vrati u svoje jato. \u201eJa ih sada pozivam da [&hellip;]","og_url":"https:\/\/sandzakpress.net\/arhiva\/ugljanin-pozvao-muftiju-i-ljajica-na-jedinstvo\/","og_site_name":"Sand\u017eak PRESS","article_published_time":"2010-11-13T16:16:59+00:00","article_modified_time":"2010-11-13T16:57:48+00:00","og_image":[{"width":200,"height":278,"url":"https:\/\/sandzakpress.net\/arhiva\/wp-content\/uploads\/2010\/11\/1825305764cd5a7925e96f294029071_200x278.jpg","type":"image\/jpeg"}],"author":"bosniak","twitter_card":"summary_large_image","twitter_misc":{"Written by":"bosniak","Est. reading time":"1 minuta"},"schema":{"@context":"https:\/\/schema.org","@graph":[{"@type":"Article","@id":"https:\/\/sandzakpress.net\/arhiva\/ugljanin-pozvao-muftiju-i-ljajica-na-jedinstvo\/#article","isPartOf":{"@id":"https:\/\/sandzakpress.net\/arhiva\/ugljanin-pozvao-muftiju-i-ljajica-na-jedinstvo\/"},"author":{"name":"bosniak","@id":"https:\/\/sandzakpress.net\/arhiva\/#\/schema\/person\/c8baee722073534b583ea7bdb2e36c02"},"headline":"Ugljanin pozvao Muftiju i Ljaji\u0107a na razgovor","datePublished":"2010-11-13T16:16:59+00:00","dateModified":"2010-11-13T16:57:48+00:00","mainEntityOfPage":{"@id":"https:\/\/sandzakpress.net\/arhiva\/ugljanin-pozvao-muftiju-i-ljajica-na-jedinstvo\/"},"wordCount":224,"commentCount":22,"publisher":{"@id":"https:\/\/sandzakpress.net\/arhiva\/#\/schema\/person\/6e72b67d6e51910a1117b3b483ba20bd"},"image":{"@id":"https:\/\/sandzakpress.net\/arhiva\/ugljanin-pozvao-muftiju-i-ljajica-na-jedinstvo\/#primaryimage"},"thumbnailUrl":"https:\/\/sandzakpress.net\/arhiva\/wp-content\/uploads\/2010\/11\/1825305764cd5a7925e96f294029071_200x278.jpg","articleSection":["Novi Pazar","Politika","Sjenica","Tutin","Prijepolje","Priboj","Nova Varo\u0161"],"inLanguage":"bs-BA","potentialAction":[{"@type":"CommentAction","name":"Comment","target":["https:\/\/sandzakpress.net\/arhiva\/ugljanin-pozvao-muftiju-i-ljajica-na-jedinstvo\/#respond"]}]},{"@type":"WebPage","@id":"https:\/\/sandzakpress.net\/arhiva\/ugljanin-pozvao-muftiju-i-ljajica-na-jedinstvo\/","url":"https:\/\/sandzakpress.net\/arhiva\/ugljanin-pozvao-muftiju-i-ljajica-na-jedinstvo\/","name":"Ugljanin pozvao Muftiju i Ljaji\u0107a na razgovor","isPartOf":{"@id":"https:\/\/sandzakpress.net\/arhiva\/#website"},"primaryImageOfPage":{"@id":"https:\/\/sandzakpress.net\/arhiva\/ugljanin-pozvao-muftiju-i-ljajica-na-jedinstvo\/#primaryimage"},"image":{"@id":"https:\/\/sandzakpress.net\/arhiva\/ugljanin-pozvao-muftiju-i-ljajica-na-jedinstvo\/#primaryimage"},"thumbnailUrl":"https:\/\/sandzakpress.net\/arhiva\/wp-content\/uploads\/2010\/11\/1825305764cd5a7925e96f294029071_200x278.jpg","datePublished":"2010-11-13T16:16:59+00:00","dateModified":"2010-11-13T16:57:48+00:00","breadcrumb":{"@id":"https:\/\/sandzakpress.net\/arhiva\/ugljanin-pozvao-muftiju-i-ljajica-na-jedinstvo\/#breadcrumb"},"inLanguage":"bs-BA","potentialAction":[{"@type":"ReadAction","target":["https:\/\/sandzakpress.net\/arhiva\/ugljanin-pozvao-muftiju-i-ljajica-na-jedinstvo\/"]}]},{"@type":"ImageObject","inLanguage":"bs-BA","@id":"https:\/\/sandzakpress.net\/arhiva\/ugljanin-pozvao-muftiju-i-ljajica-na-jedinstvo\/#primaryimage","url":"https:\/\/sandzakpress.net\/arhiva\/wp-content\/uploads\/2010\/11\/1825305764cd5a7925e96f294029071_200x278.jpg","contentUrl":"https:\/\/sandzakpress.net\/arhiva\/wp-content\/uploads\/2010\/11\/1825305764cd5a7925e96f294029071_200x278.jpg","width":200,"height":278},{"@type":"BreadcrumbList","@id":"https:\/\/sandzakpress.net\/arhiva\/ugljanin-pozvao-muftiju-i-ljajica-na-jedinstvo\/#breadcrumb","itemListElement":[{"@type":"ListItem","position":1,"name":"Home","item":"https:\/\/sandzakpress.net\/arhiva\/"},{"@type":"ListItem","position":2,"name":"Ugljanin pozvao Muftiju i Ljaji\u0107a na razgovor"}]},{"@type":"WebSite","@id":"https:\/\/sandzakpress.net\/arhiva\/#website","url":"https:\/\/sandzakpress.net\/arhiva\/","name":"Sand\u017eak PRESS","description":"Prve elektronske novine u Sand\u017eaku","publisher":{"@id":"https:\/\/sandzakpress.net\/arhiva\/#\/schema\/person\/6e72b67d6e51910a1117b3b483ba20bd"},"potentialAction":[{"@type":"SearchAction","target":{"@type":"EntryPoint","urlTemplate":"https:\/\/sandzakpress.net\/arhiva\/?s={search_term_string}"},"query-input":{"@type":"PropertyValueSpecification","valueRequired":true,"valueName":"search_term_string"}}],"inLanguage":"bs-BA"},{"@type":["Person","Organization"],"@id":"https:\/\/sandzakpress.net\/arhiva\/#\/schema\/person\/6e72b67d6e51910a1117b3b483ba20bd","name":"Kul","image":{"@type":"ImageObject","inLanguage":"bs-BA","@id":"https:\/\/sandzakpress.net\/arhiva\/#\/schema\/person\/image\/","url":"https:\/\/secure.gravatar.com\/avatar\/42263f39aa27ac04c43cab85c280eb2e?s=96&d=mm&r=pg","contentUrl":"https:\/\/secure.gravatar.com\/avatar\/42263f39aa27ac04c43cab85c280eb2e?s=96&d=mm&r=pg","caption":"Kul"},"logo":{"@id":"https:\/\/sandzakpress.net\/arhiva\/#\/schema\/person\/image\/"}},{"@type":"Person","@id":"https:\/\/sandzakpress.net\/arhiva\/#\/schema\/person\/c8baee722073534b583ea7bdb2e36c02","name":"bosniak","image":{"@type":"ImageObject","inLanguage":"bs-BA","@id":"https:\/\/sandzakpress.net\/arhiva\/#\/schema\/person\/image\/","url":"https:\/\/secure.gravatar.com\/avatar\/a04fd330bfe3a36a72a0ad4a6d89fca7?s=96&d=mm&r=pg","contentUrl":"https:\/\/secure.gravatar.com\/avatar\/a04fd330bfe3a36a72a0ad4a6d89fca7?s=96&d=mm&r=pg","caption":"bosniak"},"url":"https:\/\/sandzakpress.net\/arhiva\/author\/bosniak\/"}]}},"_links":{"self":[{"href":"https:\/\/sandzakpress.net\/arhiva\/wp-json\/wp\/v2\/posts\/9749"}],"collection":[{"href":"https:\/\/sandzakpress.net\/arhiva\/wp-json\/wp\/v2\/posts"}],"about":[{"href":"https:\/\/sandzakpress.net\/arhiva\/wp-json\/wp\/v2\/types\/post"}],"author":[{"embeddable":true,"href":"https:\/\/sandzakpress.net\/arhiva\/wp-json\/wp\/v2\/users\/83"}],"replies":[{"embeddable":true,"href":"https:\/\/sandzakpress.net\/arhiva\/wp-json\/wp\/v2\/comments?post=9749"}],"version-history":[{"count":0,"href":"https:\/\/sandzakpress.net\/arhiva\/wp-json\/wp\/v2\/posts\/9749\/revisions"}],"wp:featuredmedia":[{"embeddable":true,"href":"https:\/\/sandzakpress.net\/arhiva\/wp-json\/wp\/v2\/media\/9761"}],"wp:attachment":[{"href":"https:\/\/sandzakpress.net\/arhiva\/wp-json\/wp\/v2\/media?parent=9749"}],"wp:term":[{"taxonomy":"category","embeddable":true,"href":"https:\/\/sandzakpress.net\/arhiva\/wp-json\/wp\/v2\/categories?post=9749"},{"taxonomy":"post_tag","embeddable":true,"href":"https:\/\/sandzakpress.net\/arhiva\/wp-json\/wp\/v2\/tags?post=9749"}],"curies":[{"name":"wp","href":"https:\/\/api.w.org\/{rel}","templated":true}]}}