{"id":97467,"date":"2013-12-06T22:14:19","date_gmt":"2013-12-06T21:14:19","guid":{"rendered":"https:\/\/sandzakpress.net\/arhiva\/?p=97467"},"modified":"2013-12-06T22:14:19","modified_gmt":"2013-12-06T21:14:19","slug":"bosanka-anesa-kajtazovic-u-utrci-za-kongres-sad-a","status":"publish","type":"post","link":"https:\/\/sandzakpress.net\/arhiva\/bosanka-anesa-kajtazovic-u-utrci-za-kongres-sad-a\/","title":{"rendered":"Bosanka Anesa Kajtazovi\u0107 u utrci za Kongres SAD-a"},"content":{"rendered":"<p><strong><a href=\"https:\/\/sandzakpress.net\/arhiva\/wp-content\/uploads\/2013\/12\/675675686.jpg\"><img loading=\"lazy\" decoding=\"async\" class=\"alignleft size-medium wp-image-97468\" alt=\"675675686\" src=\"https:\/\/sandzakpress.net\/arhiva\/wp-content\/uploads\/2013\/12\/675675686-300x220.jpg\" width=\"300\" height=\"220\" \/><\/a>Amerika &#8211; Mlada Bosanka Anesa Kajtazovi\u0107 (27), poslanica parlamenta ameri\u010dke savezne dr\u017eave Iowe, zapo\u010dela je u kampanju za mandat u Kongresu Sjedinjenih Ameri\u010dkih Dr\u017eava (SAD), javlja Anadolu Agency (AA). Ova ro\u0111ena Bi\u0161\u0107anka s 24 godine je u\u0161la u parlament Iowe, a sada, tri godine kasnije, ve\u0107 je duboko u kampanji za \u010dlana Kongresa koja traje do 31. decembra ove godine.<\/strong><\/p>\n<p>Kajtazovi\u0107 za sebe ka\u017ee da je najbolji primjer \u201cameri\u010dkog sna\u201d.<\/p>\n<p>\u201cKada sam imala 10 godina moja porodica i ja smo dobili svoju drugu \u017eivotnu \u0161ansu dolaskom u SAD iz ratom poru\u0161ene Bosne. Odrastaju\u0107i nau\u010dila sam vrijednosti napornog rada gledaju\u0107i svoje roditelje kako oboje rade po dva posla\u201d, navodi Kajtazovi\u0107 na svojoj web-stranici.<\/p>\n<p>Smatra da samo u Americi izbjeglica mo\u017ee zavr\u0161iti koled\u017e za tri godine, potom dva fakulteta i sa svojih 24 godine postati najmla\u0111a izabrana \u017eena u ameri\u010dkom politi\u010dkom \u017eivotu.<\/p>\n<p>Na svojoj stranici poru\u010duje potencijalnim ameri\u010dkim glasa\u010dima da ona odli\u010dno razumije izazove s kojima se ve\u0107ina Amerikanaca suo\u010dava.<\/p>\n<p>\u201cKandidat sam iz redova demokrata iz Iowe za Kongres SAD-a jer uistinu razumijem izazove ve\u0107ine Amerikanaca, ali i prilika koje na\u0161a zemlja pru\u017ea. Moramo o\u010duvati ideal &#8216;ameri\u010dkog sna&#8217;, a to mo\u017eemo uraditi samo ako omogu\u0107imo svim gra\u0111anima Iowe, ali i svim Amerikancima, iste \u0161anse. Radni\u010dke porodice se bore da pre\u017eive i moj prioritet \u0107e biti da se osvrnem na njihove probleme. Mislim da vlada mora ljudima osigurati bolje \u017eivote. Washingtonu trebaju lideri koji \u017eele promjene i ja \u0107u donijeti jednu svje\u017eu perspektivu kako bi rije\u0161ila zastoj i omogu\u0107ila potrebne reforme za srednju klasu gra\u0111ana\u201d, poru\u010duje ova mlada Bosanka.<\/p>\n<p>Vjeruje da kao parlamentarka u Iowi posjeduje potrebno iskustvo za rad u najvi\u0161em zakonodavnom tijelu u SAD-u.<\/p>\n<p>\u201cKao poslanica parlamenta ameri\u010dke savezne dr\u017eave Iowe imam dobre rezultate u borbi protiv republikanaca kao \u0161to su Steve King i Ted Cruz. Mo\u017eete od mene o\u010dekivati istu odlu\u010dnost da se suprotstavim ovim ekstremistima i u Kongresu\u201d, isti\u010de ona.<\/p>\n<p>Na kraju poru\u010duje kako u svome karakteru nosi vrijednosti srednje klase za koju smatra da zaslu\u017euje mnogo bolju poziciju u ameri\u010dkom dru\u0161tvu.<\/p>\n<p>\u201cNa kraju krajeva, ja sam demokrata i kada budem izabrana u Kongresu nastavit \u0107u sa istom politikom. Di\u0161em zrak srednje klase i mo\u017eete ra\u010dunati na mene, da radim naporno, da osiguram svim Amerikancima da dobiju jednake \u0161anse koje zaslu\u017euju\u201d, ameri\u010dka politi\u010darka bosanskih korijena.<\/p>\n<p>Ranije je tokom dru\u017eenja s predstavnicima bh. zajednice u SAD-u kazala da nije dijete milionera, ve\u0107 da potje\u010de iz prosje\u010dne bosanske porodice, koja se upornim radom trudi da uspije u ovoj zemlji.<\/p>\n<p>(Bosnjaci)<\/p>\n","protected":false},"excerpt":{"rendered":"<p>Amerika &#8211; Mlada Bosanka Anesa Kajtazovi\u0107 (27), poslanica parlamenta ameri\u010dke savezne dr\u017eave Iowe, zapo\u010dela je u kampanju za mandat u Kongresu Sjedinjenih Ameri\u010dkih Dr\u017eava (SAD), javlja Anadolu Agency (AA). Ova ro\u0111ena Bi\u0161\u0107anka s 24 godine je u\u0161la u parlament Iowe, a sada, tri godine kasnije, ve\u0107 je duboko u kampanji za \u010dlana Kongresa koja traje [&hellip;]<\/p>\n","protected":false},"author":83,"featured_media":97469,"comment_status":"open","ping_status":"open","sticky":false,"template":"","format":"standard","meta":{"footnotes":""},"categories":[800,3012],"tags":[],"class_list":{"0":"post-97467","1":"post","2":"type-post","3":"status-publish","4":"format-standard","5":"has-post-thumbnail","7":"category-nacija","8":"category-amerika-gradovi"},"yoast_head":"<!-- This site is optimized with the Yoast SEO Premium plugin v23.1 (Yoast SEO v24.9) - https:\/\/yoast.com\/wordpress\/plugins\/seo\/ -->\n<title>Bosanka Anesa Kajtazovi\u0107 u utrci za Kongres SAD-a<\/title>\n<meta name=\"robots\" content=\"index, follow, max-snippet:-1, max-image-preview:large, max-video-preview:-1\" \/>\n<link rel=\"canonical\" href=\"https:\/\/sandzakpress.net\/arhiva\/bosanka-anesa-kajtazovic-u-utrci-za-kongres-sad-a\/\" \/>\n<meta property=\"og:locale\" content=\"bs_BA\" \/>\n<meta property=\"og:type\" content=\"article\" \/>\n<meta property=\"og:title\" content=\"Bosanka Anesa Kajtazovi\u0107 u utrci za Kongres SAD-a\" \/>\n<meta property=\"og:description\" content=\"Amerika &#8211; Mlada Bosanka Anesa Kajtazovi\u0107 (27), poslanica parlamenta ameri\u010dke savezne dr\u017eave Iowe, zapo\u010dela je u kampanju za mandat u Kongresu Sjedinjenih Ameri\u010dkih Dr\u017eava (SAD), javlja Anadolu Agency (AA). Ova ro\u0111ena Bi\u0161\u0107anka s 24 godine je u\u0161la u parlament Iowe, a sada, tri godine kasnije, ve\u0107 je duboko u kampanji za \u010dlana Kongresa koja traje [&hellip;]\" \/>\n<meta property=\"og:url\" content=\"https:\/\/sandzakpress.net\/arhiva\/bosanka-anesa-kajtazovic-u-utrci-za-kongres-sad-a\/\" \/>\n<meta property=\"og:site_name\" content=\"Sand\u017eak PRESS\" \/>\n<meta property=\"article:published_time\" content=\"2013-12-06T21:14:19+00:00\" \/>\n<meta property=\"og:image\" content=\"https:\/\/sandzakpress.net\/arhiva\/wp-content\/uploads\/2013\/12\/675675686-300x2201.jpg\" \/>\n\t<meta property=\"og:image:width\" content=\"300\" \/>\n\t<meta property=\"og:image:height\" content=\"220\" \/>\n\t<meta property=\"og:image:type\" content=\"image\/jpeg\" \/>\n<meta name=\"author\" content=\"bosniak\" \/>\n<meta name=\"twitter:card\" content=\"summary_large_image\" \/>\n<meta name=\"twitter:label1\" content=\"Written by\" \/>\n\t<meta name=\"twitter:data1\" content=\"bosniak\" \/>\n\t<meta name=\"twitter:label2\" content=\"Est. reading time\" \/>\n\t<meta name=\"twitter:data2\" content=\"2 minute\" \/>\n<script type=\"application\/ld+json\" class=\"yoast-schema-graph\">{\"@context\":\"https:\/\/schema.org\",\"@graph\":[{\"@type\":\"Article\",\"@id\":\"https:\/\/sandzakpress.net\/arhiva\/bosanka-anesa-kajtazovic-u-utrci-za-kongres-sad-a\/#article\",\"isPartOf\":{\"@id\":\"https:\/\/sandzakpress.net\/arhiva\/bosanka-anesa-kajtazovic-u-utrci-za-kongres-sad-a\/\"},\"author\":{\"name\":\"bosniak\",\"@id\":\"https:\/\/sandzakpress.net\/arhiva\/#\/schema\/person\/c8baee722073534b583ea7bdb2e36c02\"},\"headline\":\"Bosanka Anesa Kajtazovi\u0107 u utrci za Kongres SAD-a\",\"datePublished\":\"2013-12-06T21:14:19+00:00\",\"mainEntityOfPage\":{\"@id\":\"https:\/\/sandzakpress.net\/arhiva\/bosanka-anesa-kajtazovic-u-utrci-za-kongres-sad-a\/\"},\"wordCount\":472,\"commentCount\":2,\"publisher\":{\"@id\":\"https:\/\/sandzakpress.net\/arhiva\/#\/schema\/person\/6e72b67d6e51910a1117b3b483ba20bd\"},\"image\":{\"@id\":\"https:\/\/sandzakpress.net\/arhiva\/bosanka-anesa-kajtazovic-u-utrci-za-kongres-sad-a\/#primaryimage\"},\"thumbnailUrl\":\"https:\/\/sandzakpress.net\/arhiva\/wp-content\/uploads\/2013\/12\/675675686-300x2201.jpg\",\"articleSection\":[\"Nacija\",\"Amerika\"],\"inLanguage\":\"bs-BA\",\"potentialAction\":[{\"@type\":\"CommentAction\",\"name\":\"Comment\",\"target\":[\"https:\/\/sandzakpress.net\/arhiva\/bosanka-anesa-kajtazovic-u-utrci-za-kongres-sad-a\/#respond\"]}]},{\"@type\":\"WebPage\",\"@id\":\"https:\/\/sandzakpress.net\/arhiva\/bosanka-anesa-kajtazovic-u-utrci-za-kongres-sad-a\/\",\"url\":\"https:\/\/sandzakpress.net\/arhiva\/bosanka-anesa-kajtazovic-u-utrci-za-kongres-sad-a\/\",\"name\":\"Bosanka Anesa Kajtazovi\u0107 u utrci za Kongres SAD-a\",\"isPartOf\":{\"@id\":\"https:\/\/sandzakpress.net\/arhiva\/#website\"},\"primaryImageOfPage\":{\"@id\":\"https:\/\/sandzakpress.net\/arhiva\/bosanka-anesa-kajtazovic-u-utrci-za-kongres-sad-a\/#primaryimage\"},\"image\":{\"@id\":\"https:\/\/sandzakpress.net\/arhiva\/bosanka-anesa-kajtazovic-u-utrci-za-kongres-sad-a\/#primaryimage\"},\"thumbnailUrl\":\"https:\/\/sandzakpress.net\/arhiva\/wp-content\/uploads\/2013\/12\/675675686-300x2201.jpg\",\"datePublished\":\"2013-12-06T21:14:19+00:00\",\"breadcrumb\":{\"@id\":\"https:\/\/sandzakpress.net\/arhiva\/bosanka-anesa-kajtazovic-u-utrci-za-kongres-sad-a\/#breadcrumb\"},\"inLanguage\":\"bs-BA\",\"potentialAction\":[{\"@type\":\"ReadAction\",\"target\":[\"https:\/\/sandzakpress.net\/arhiva\/bosanka-anesa-kajtazovic-u-utrci-za-kongres-sad-a\/\"]}]},{\"@type\":\"ImageObject\",\"inLanguage\":\"bs-BA\",\"@id\":\"https:\/\/sandzakpress.net\/arhiva\/bosanka-anesa-kajtazovic-u-utrci-za-kongres-sad-a\/#primaryimage\",\"url\":\"https:\/\/sandzakpress.net\/arhiva\/wp-content\/uploads\/2013\/12\/675675686-300x2201.jpg\",\"contentUrl\":\"https:\/\/sandzakpress.net\/arhiva\/wp-content\/uploads\/2013\/12\/675675686-300x2201.jpg\",\"width\":300,\"height\":220},{\"@type\":\"BreadcrumbList\",\"@id\":\"https:\/\/sandzakpress.net\/arhiva\/bosanka-anesa-kajtazovic-u-utrci-za-kongres-sad-a\/#breadcrumb\",\"itemListElement\":[{\"@type\":\"ListItem\",\"position\":1,\"name\":\"Home\",\"item\":\"https:\/\/sandzakpress.net\/arhiva\/\"},{\"@type\":\"ListItem\",\"position\":2,\"name\":\"Bosanka Anesa Kajtazovi\u0107 u utrci za Kongres SAD-a\"}]},{\"@type\":\"WebSite\",\"@id\":\"https:\/\/sandzakpress.net\/arhiva\/#website\",\"url\":\"https:\/\/sandzakpress.net\/arhiva\/\",\"name\":\"Sand\u017eak PRESS\",\"description\":\"Prve elektronske novine u Sand\u017eaku\",\"publisher\":{\"@id\":\"https:\/\/sandzakpress.net\/arhiva\/#\/schema\/person\/6e72b67d6e51910a1117b3b483ba20bd\"},\"potentialAction\":[{\"@type\":\"SearchAction\",\"target\":{\"@type\":\"EntryPoint\",\"urlTemplate\":\"https:\/\/sandzakpress.net\/arhiva\/?s={search_term_string}\"},\"query-input\":{\"@type\":\"PropertyValueSpecification\",\"valueRequired\":true,\"valueName\":\"search_term_string\"}}],\"inLanguage\":\"bs-BA\"},{\"@type\":[\"Person\",\"Organization\"],\"@id\":\"https:\/\/sandzakpress.net\/arhiva\/#\/schema\/person\/6e72b67d6e51910a1117b3b483ba20bd\",\"name\":\"Kul\",\"image\":{\"@type\":\"ImageObject\",\"inLanguage\":\"bs-BA\",\"@id\":\"https:\/\/sandzakpress.net\/arhiva\/#\/schema\/person\/image\/\",\"url\":\"https:\/\/secure.gravatar.com\/avatar\/42263f39aa27ac04c43cab85c280eb2e?s=96&d=mm&r=pg\",\"contentUrl\":\"https:\/\/secure.gravatar.com\/avatar\/42263f39aa27ac04c43cab85c280eb2e?s=96&d=mm&r=pg\",\"caption\":\"Kul\"},\"logo\":{\"@id\":\"https:\/\/sandzakpress.net\/arhiva\/#\/schema\/person\/image\/\"}},{\"@type\":\"Person\",\"@id\":\"https:\/\/sandzakpress.net\/arhiva\/#\/schema\/person\/c8baee722073534b583ea7bdb2e36c02\",\"name\":\"bosniak\",\"image\":{\"@type\":\"ImageObject\",\"inLanguage\":\"bs-BA\",\"@id\":\"https:\/\/sandzakpress.net\/arhiva\/#\/schema\/person\/image\/\",\"url\":\"https:\/\/secure.gravatar.com\/avatar\/a04fd330bfe3a36a72a0ad4a6d89fca7?s=96&d=mm&r=pg\",\"contentUrl\":\"https:\/\/secure.gravatar.com\/avatar\/a04fd330bfe3a36a72a0ad4a6d89fca7?s=96&d=mm&r=pg\",\"caption\":\"bosniak\"},\"url\":\"https:\/\/sandzakpress.net\/arhiva\/author\/bosniak\/\"}]}<\/script>\n<!-- \/ Yoast SEO Premium plugin. -->","yoast_head_json":{"title":"Bosanka Anesa Kajtazovi\u0107 u utrci za Kongres SAD-a","robots":{"index":"index","follow":"follow","max-snippet":"max-snippet:-1","max-image-preview":"max-image-preview:large","max-video-preview":"max-video-preview:-1"},"canonical":"https:\/\/sandzakpress.net\/arhiva\/bosanka-anesa-kajtazovic-u-utrci-za-kongres-sad-a\/","og_locale":"bs_BA","og_type":"article","og_title":"Bosanka Anesa Kajtazovi\u0107 u utrci za Kongres SAD-a","og_description":"Amerika &#8211; Mlada Bosanka Anesa Kajtazovi\u0107 (27), poslanica parlamenta ameri\u010dke savezne dr\u017eave Iowe, zapo\u010dela je u kampanju za mandat u Kongresu Sjedinjenih Ameri\u010dkih Dr\u017eava (SAD), javlja Anadolu Agency (AA). Ova ro\u0111ena Bi\u0161\u0107anka s 24 godine je u\u0161la u parlament Iowe, a sada, tri godine kasnije, ve\u0107 je duboko u kampanji za \u010dlana Kongresa koja traje [&hellip;]","og_url":"https:\/\/sandzakpress.net\/arhiva\/bosanka-anesa-kajtazovic-u-utrci-za-kongres-sad-a\/","og_site_name":"Sand\u017eak PRESS","article_published_time":"2013-12-06T21:14:19+00:00","og_image":[{"width":300,"height":220,"url":"https:\/\/sandzakpress.net\/arhiva\/wp-content\/uploads\/2013\/12\/675675686-300x2201.jpg","type":"image\/jpeg"}],"author":"bosniak","twitter_card":"summary_large_image","twitter_misc":{"Written by":"bosniak","Est. reading time":"2 minute"},"schema":{"@context":"https:\/\/schema.org","@graph":[{"@type":"Article","@id":"https:\/\/sandzakpress.net\/arhiva\/bosanka-anesa-kajtazovic-u-utrci-za-kongres-sad-a\/#article","isPartOf":{"@id":"https:\/\/sandzakpress.net\/arhiva\/bosanka-anesa-kajtazovic-u-utrci-za-kongres-sad-a\/"},"author":{"name":"bosniak","@id":"https:\/\/sandzakpress.net\/arhiva\/#\/schema\/person\/c8baee722073534b583ea7bdb2e36c02"},"headline":"Bosanka Anesa Kajtazovi\u0107 u utrci za Kongres SAD-a","datePublished":"2013-12-06T21:14:19+00:00","mainEntityOfPage":{"@id":"https:\/\/sandzakpress.net\/arhiva\/bosanka-anesa-kajtazovic-u-utrci-za-kongres-sad-a\/"},"wordCount":472,"commentCount":2,"publisher":{"@id":"https:\/\/sandzakpress.net\/arhiva\/#\/schema\/person\/6e72b67d6e51910a1117b3b483ba20bd"},"image":{"@id":"https:\/\/sandzakpress.net\/arhiva\/bosanka-anesa-kajtazovic-u-utrci-za-kongres-sad-a\/#primaryimage"},"thumbnailUrl":"https:\/\/sandzakpress.net\/arhiva\/wp-content\/uploads\/2013\/12\/675675686-300x2201.jpg","articleSection":["Nacija","Amerika"],"inLanguage":"bs-BA","potentialAction":[{"@type":"CommentAction","name":"Comment","target":["https:\/\/sandzakpress.net\/arhiva\/bosanka-anesa-kajtazovic-u-utrci-za-kongres-sad-a\/#respond"]}]},{"@type":"WebPage","@id":"https:\/\/sandzakpress.net\/arhiva\/bosanka-anesa-kajtazovic-u-utrci-za-kongres-sad-a\/","url":"https:\/\/sandzakpress.net\/arhiva\/bosanka-anesa-kajtazovic-u-utrci-za-kongres-sad-a\/","name":"Bosanka Anesa Kajtazovi\u0107 u utrci za Kongres SAD-a","isPartOf":{"@id":"https:\/\/sandzakpress.net\/arhiva\/#website"},"primaryImageOfPage":{"@id":"https:\/\/sandzakpress.net\/arhiva\/bosanka-anesa-kajtazovic-u-utrci-za-kongres-sad-a\/#primaryimage"},"image":{"@id":"https:\/\/sandzakpress.net\/arhiva\/bosanka-anesa-kajtazovic-u-utrci-za-kongres-sad-a\/#primaryimage"},"thumbnailUrl":"https:\/\/sandzakpress.net\/arhiva\/wp-content\/uploads\/2013\/12\/675675686-300x2201.jpg","datePublished":"2013-12-06T21:14:19+00:00","breadcrumb":{"@id":"https:\/\/sandzakpress.net\/arhiva\/bosanka-anesa-kajtazovic-u-utrci-za-kongres-sad-a\/#breadcrumb"},"inLanguage":"bs-BA","potentialAction":[{"@type":"ReadAction","target":["https:\/\/sandzakpress.net\/arhiva\/bosanka-anesa-kajtazovic-u-utrci-za-kongres-sad-a\/"]}]},{"@type":"ImageObject","inLanguage":"bs-BA","@id":"https:\/\/sandzakpress.net\/arhiva\/bosanka-anesa-kajtazovic-u-utrci-za-kongres-sad-a\/#primaryimage","url":"https:\/\/sandzakpress.net\/arhiva\/wp-content\/uploads\/2013\/12\/675675686-300x2201.jpg","contentUrl":"https:\/\/sandzakpress.net\/arhiva\/wp-content\/uploads\/2013\/12\/675675686-300x2201.jpg","width":300,"height":220},{"@type":"BreadcrumbList","@id":"https:\/\/sandzakpress.net\/arhiva\/bosanka-anesa-kajtazovic-u-utrci-za-kongres-sad-a\/#breadcrumb","itemListElement":[{"@type":"ListItem","position":1,"name":"Home","item":"https:\/\/sandzakpress.net\/arhiva\/"},{"@type":"ListItem","position":2,"name":"Bosanka Anesa Kajtazovi\u0107 u utrci za Kongres SAD-a"}]},{"@type":"WebSite","@id":"https:\/\/sandzakpress.net\/arhiva\/#website","url":"https:\/\/sandzakpress.net\/arhiva\/","name":"Sand\u017eak PRESS","description":"Prve elektronske novine u Sand\u017eaku","publisher":{"@id":"https:\/\/sandzakpress.net\/arhiva\/#\/schema\/person\/6e72b67d6e51910a1117b3b483ba20bd"},"potentialAction":[{"@type":"SearchAction","target":{"@type":"EntryPoint","urlTemplate":"https:\/\/sandzakpress.net\/arhiva\/?s={search_term_string}"},"query-input":{"@type":"PropertyValueSpecification","valueRequired":true,"valueName":"search_term_string"}}],"inLanguage":"bs-BA"},{"@type":["Person","Organization"],"@id":"https:\/\/sandzakpress.net\/arhiva\/#\/schema\/person\/6e72b67d6e51910a1117b3b483ba20bd","name":"Kul","image":{"@type":"ImageObject","inLanguage":"bs-BA","@id":"https:\/\/sandzakpress.net\/arhiva\/#\/schema\/person\/image\/","url":"https:\/\/secure.gravatar.com\/avatar\/42263f39aa27ac04c43cab85c280eb2e?s=96&d=mm&r=pg","contentUrl":"https:\/\/secure.gravatar.com\/avatar\/42263f39aa27ac04c43cab85c280eb2e?s=96&d=mm&r=pg","caption":"Kul"},"logo":{"@id":"https:\/\/sandzakpress.net\/arhiva\/#\/schema\/person\/image\/"}},{"@type":"Person","@id":"https:\/\/sandzakpress.net\/arhiva\/#\/schema\/person\/c8baee722073534b583ea7bdb2e36c02","name":"bosniak","image":{"@type":"ImageObject","inLanguage":"bs-BA","@id":"https:\/\/sandzakpress.net\/arhiva\/#\/schema\/person\/image\/","url":"https:\/\/secure.gravatar.com\/avatar\/a04fd330bfe3a36a72a0ad4a6d89fca7?s=96&d=mm&r=pg","contentUrl":"https:\/\/secure.gravatar.com\/avatar\/a04fd330bfe3a36a72a0ad4a6d89fca7?s=96&d=mm&r=pg","caption":"bosniak"},"url":"https:\/\/sandzakpress.net\/arhiva\/author\/bosniak\/"}]}},"_links":{"self":[{"href":"https:\/\/sandzakpress.net\/arhiva\/wp-json\/wp\/v2\/posts\/97467"}],"collection":[{"href":"https:\/\/sandzakpress.net\/arhiva\/wp-json\/wp\/v2\/posts"}],"about":[{"href":"https:\/\/sandzakpress.net\/arhiva\/wp-json\/wp\/v2\/types\/post"}],"author":[{"embeddable":true,"href":"https:\/\/sandzakpress.net\/arhiva\/wp-json\/wp\/v2\/users\/83"}],"replies":[{"embeddable":true,"href":"https:\/\/sandzakpress.net\/arhiva\/wp-json\/wp\/v2\/comments?post=97467"}],"version-history":[{"count":0,"href":"https:\/\/sandzakpress.net\/arhiva\/wp-json\/wp\/v2\/posts\/97467\/revisions"}],"wp:featuredmedia":[{"embeddable":true,"href":"https:\/\/sandzakpress.net\/arhiva\/wp-json\/wp\/v2\/media\/97469"}],"wp:attachment":[{"href":"https:\/\/sandzakpress.net\/arhiva\/wp-json\/wp\/v2\/media?parent=97467"}],"wp:term":[{"taxonomy":"category","embeddable":true,"href":"https:\/\/sandzakpress.net\/arhiva\/wp-json\/wp\/v2\/categories?post=97467"},{"taxonomy":"post_tag","embeddable":true,"href":"https:\/\/sandzakpress.net\/arhiva\/wp-json\/wp\/v2\/tags?post=97467"}],"curies":[{"name":"wp","href":"https:\/\/api.w.org\/{rel}","templated":true}]}}