{"id":97372,"date":"2013-12-05T17:07:12","date_gmt":"2013-12-05T16:07:12","guid":{"rendered":"https:\/\/sandzakpress.net\/arhiva\/?p=97372"},"modified":"2013-12-05T17:07:12","modified_gmt":"2013-12-05T16:07:12","slug":"libija-osnova-za-nove-zakone-serijat","status":"publish","type":"post","link":"https:\/\/sandzakpress.net\/arhiva\/libija-osnova-za-nove-zakone-serijat\/","title":{"rendered":"Libija: Osnova za nove zakone \u0160erijat"},"content":{"rendered":"<p><strong><img loading=\"lazy\" decoding=\"async\" class=\"alignleft\" alt=\"Libyans watch a protest against Ansar al-Shariah Brigades and other Islamic militias, in Benghazi, September 2012. (AP Photo\/Mohammad Hannon)\" src=\"http:\/\/newssafetyblog.files.wordpress.com\/2013\/01\/ap261552711702.jpg?w=630&amp;h=375\" width=\"378\" height=\"225\" \/>Libija &#8211; \u00a0Libijske vlasti planiraju sveobuhvatnu reviziju nacionalnih zakona i propisa da bi ih uskladili s odredbama \u0161erijata (islamskog zakona), navedeno je u dokumentu ministarstva pravde \u010diju je kopiju dobio AFP.<\/strong><\/p>\n<p>U tekstu je objavljeno formiranje odbora zadu\u017eenog za reviziju postoje\u0107ih zakona i predlaganje amandmana tako da ne budu u suprotnosti sa osnovnim odredbama i pravilima islamskog zakona, prenijeli su francuski mediji.<\/p>\n<p>Sastavljen od 16 \u010dlanova imenovanih od strane ministarstva pravde na predlog Vrhovnog suda i muftije, taj odbor kojim \u0107e predsjedavati odre\u0111eni sudija obuhvata\u0107e i profesore islamskih univerziteta, navedeno je u dokumentu.<\/p>\n<p>Izmenjeni zakoni bi\u0107e potom iznjeti na usvajanje libijskom Generalnom kongresu, najvi\u0161oj zakonodavnoj vlasti u zemlji.<\/p>\n<p>U toku je izrada novog ustava koji treba da obuhvati klju\u010dna pitanja, me\u0111u kojima je uloga islamskog zakona, politi\u010dki sistem, zvani\u010dni jezik zemlje i polo\u017eaj \u017eena i manjina.<\/p>\n","protected":false},"excerpt":{"rendered":"<p>Libija &#8211; \u00a0Libijske vlasti planiraju sveobuhvatnu reviziju nacionalnih zakona i propisa da bi ih uskladili s odredbama \u0161erijata (islamskog zakona), navedeno je u dokumentu ministarstva pravde \u010diju je kopiju dobio AFP. U tekstu je objavljeno formiranje odbora zadu\u017eenog za reviziju postoje\u0107ih zakona i predlaganje amandmana tako da ne budu u suprotnosti sa osnovnim odredbama i [&hellip;]<\/p>\n","protected":false},"author":83,"featured_media":97373,"comment_status":"open","ping_status":"open","sticky":false,"template":"","format":"standard","meta":{"footnotes":""},"categories":[9,8957],"tags":[],"class_list":{"0":"post-97372","1":"post","2":"type-post","3":"status-publish","4":"format-standard","5":"has-post-thumbnail","7":"category-svijet","8":"category-vijesti-dana"},"yoast_head":"<!-- This site is optimized with the Yoast SEO Premium plugin v23.1 (Yoast SEO v24.9) - https:\/\/yoast.com\/wordpress\/plugins\/seo\/ -->\n<title>Libija: Osnova za nove zakone \u0160erijat<\/title>\n<meta name=\"robots\" content=\"index, follow, max-snippet:-1, max-image-preview:large, max-video-preview:-1\" \/>\n<link rel=\"canonical\" href=\"https:\/\/sandzakpress.net\/arhiva\/libija-osnova-za-nove-zakone-serijat\/\" \/>\n<meta property=\"og:locale\" content=\"bs_BA\" \/>\n<meta property=\"og:type\" content=\"article\" \/>\n<meta property=\"og:title\" content=\"Libija: Osnova za nove zakone \u0160erijat\" \/>\n<meta property=\"og:description\" content=\"Libija &#8211; \u00a0Libijske vlasti planiraju sveobuhvatnu reviziju nacionalnih zakona i propisa da bi ih uskladili s odredbama \u0161erijata (islamskog zakona), navedeno je u dokumentu ministarstva pravde \u010diju je kopiju dobio AFP. U tekstu je objavljeno formiranje odbora zadu\u017eenog za reviziju postoje\u0107ih zakona i predlaganje amandmana tako da ne budu u suprotnosti sa osnovnim odredbama i [&hellip;]\" \/>\n<meta property=\"og:url\" content=\"https:\/\/sandzakpress.net\/arhiva\/libija-osnova-za-nove-zakone-serijat\/\" \/>\n<meta property=\"og:site_name\" content=\"Sand\u017eak PRESS\" \/>\n<meta property=\"article:published_time\" content=\"2013-12-05T16:07:12+00:00\" \/>\n<meta property=\"og:image\" content=\"https:\/\/sandzakpress.net\/arhiva\/wp-content\/uploads\/2013\/12\/ap261552711702.jpg\" \/>\n\t<meta property=\"og:image:width\" content=\"616\" \/>\n\t<meta property=\"og:image:height\" content=\"367\" \/>\n\t<meta property=\"og:image:type\" content=\"image\/jpeg\" \/>\n<meta name=\"author\" content=\"bosniak\" \/>\n<meta name=\"twitter:card\" content=\"summary_large_image\" \/>\n<meta name=\"twitter:label1\" content=\"Written by\" \/>\n\t<meta name=\"twitter:data1\" content=\"bosniak\" \/>\n\t<meta name=\"twitter:label2\" content=\"Est. reading time\" \/>\n\t<meta name=\"twitter:data2\" content=\"1 minuta\" \/>\n<script type=\"application\/ld+json\" class=\"yoast-schema-graph\">{\"@context\":\"https:\/\/schema.org\",\"@graph\":[{\"@type\":\"Article\",\"@id\":\"https:\/\/sandzakpress.net\/arhiva\/libija-osnova-za-nove-zakone-serijat\/#article\",\"isPartOf\":{\"@id\":\"https:\/\/sandzakpress.net\/arhiva\/libija-osnova-za-nove-zakone-serijat\/\"},\"author\":{\"name\":\"bosniak\",\"@id\":\"https:\/\/sandzakpress.net\/arhiva\/#\/schema\/person\/c8baee722073534b583ea7bdb2e36c02\"},\"headline\":\"Libija: Osnova za nove zakone \u0160erijat\",\"datePublished\":\"2013-12-05T16:07:12+00:00\",\"mainEntityOfPage\":{\"@id\":\"https:\/\/sandzakpress.net\/arhiva\/libija-osnova-za-nove-zakone-serijat\/\"},\"wordCount\":152,\"commentCount\":0,\"publisher\":{\"@id\":\"https:\/\/sandzakpress.net\/arhiva\/#\/schema\/person\/6e72b67d6e51910a1117b3b483ba20bd\"},\"image\":{\"@id\":\"https:\/\/sandzakpress.net\/arhiva\/libija-osnova-za-nove-zakone-serijat\/#primaryimage\"},\"thumbnailUrl\":\"https:\/\/sandzakpress.net\/arhiva\/wp-content\/uploads\/2013\/12\/ap261552711702.jpg\",\"articleSection\":[\"Svijet\",\"VIJESTI DANA\"],\"inLanguage\":\"bs-BA\",\"potentialAction\":[{\"@type\":\"CommentAction\",\"name\":\"Comment\",\"target\":[\"https:\/\/sandzakpress.net\/arhiva\/libija-osnova-za-nove-zakone-serijat\/#respond\"]}]},{\"@type\":\"WebPage\",\"@id\":\"https:\/\/sandzakpress.net\/arhiva\/libija-osnova-za-nove-zakone-serijat\/\",\"url\":\"https:\/\/sandzakpress.net\/arhiva\/libija-osnova-za-nove-zakone-serijat\/\",\"name\":\"Libija: Osnova za nove zakone \u0160erijat\",\"isPartOf\":{\"@id\":\"https:\/\/sandzakpress.net\/arhiva\/#website\"},\"primaryImageOfPage\":{\"@id\":\"https:\/\/sandzakpress.net\/arhiva\/libija-osnova-za-nove-zakone-serijat\/#primaryimage\"},\"image\":{\"@id\":\"https:\/\/sandzakpress.net\/arhiva\/libija-osnova-za-nove-zakone-serijat\/#primaryimage\"},\"thumbnailUrl\":\"https:\/\/sandzakpress.net\/arhiva\/wp-content\/uploads\/2013\/12\/ap261552711702.jpg\",\"datePublished\":\"2013-12-05T16:07:12+00:00\",\"breadcrumb\":{\"@id\":\"https:\/\/sandzakpress.net\/arhiva\/libija-osnova-za-nove-zakone-serijat\/#breadcrumb\"},\"inLanguage\":\"bs-BA\",\"potentialAction\":[{\"@type\":\"ReadAction\",\"target\":[\"https:\/\/sandzakpress.net\/arhiva\/libija-osnova-za-nove-zakone-serijat\/\"]}]},{\"@type\":\"ImageObject\",\"inLanguage\":\"bs-BA\",\"@id\":\"https:\/\/sandzakpress.net\/arhiva\/libija-osnova-za-nove-zakone-serijat\/#primaryimage\",\"url\":\"https:\/\/sandzakpress.net\/arhiva\/wp-content\/uploads\/2013\/12\/ap261552711702.jpg\",\"contentUrl\":\"https:\/\/sandzakpress.net\/arhiva\/wp-content\/uploads\/2013\/12\/ap261552711702.jpg\",\"width\":616,\"height\":367},{\"@type\":\"BreadcrumbList\",\"@id\":\"https:\/\/sandzakpress.net\/arhiva\/libija-osnova-za-nove-zakone-serijat\/#breadcrumb\",\"itemListElement\":[{\"@type\":\"ListItem\",\"position\":1,\"name\":\"Home\",\"item\":\"https:\/\/sandzakpress.net\/arhiva\/\"},{\"@type\":\"ListItem\",\"position\":2,\"name\":\"Libija: Osnova za nove zakone \u0160erijat\"}]},{\"@type\":\"WebSite\",\"@id\":\"https:\/\/sandzakpress.net\/arhiva\/#website\",\"url\":\"https:\/\/sandzakpress.net\/arhiva\/\",\"name\":\"Sand\u017eak PRESS\",\"description\":\"Prve elektronske novine u Sand\u017eaku\",\"publisher\":{\"@id\":\"https:\/\/sandzakpress.net\/arhiva\/#\/schema\/person\/6e72b67d6e51910a1117b3b483ba20bd\"},\"potentialAction\":[{\"@type\":\"SearchAction\",\"target\":{\"@type\":\"EntryPoint\",\"urlTemplate\":\"https:\/\/sandzakpress.net\/arhiva\/?s={search_term_string}\"},\"query-input\":{\"@type\":\"PropertyValueSpecification\",\"valueRequired\":true,\"valueName\":\"search_term_string\"}}],\"inLanguage\":\"bs-BA\"},{\"@type\":[\"Person\",\"Organization\"],\"@id\":\"https:\/\/sandzakpress.net\/arhiva\/#\/schema\/person\/6e72b67d6e51910a1117b3b483ba20bd\",\"name\":\"Kul\",\"image\":{\"@type\":\"ImageObject\",\"inLanguage\":\"bs-BA\",\"@id\":\"https:\/\/sandzakpress.net\/arhiva\/#\/schema\/person\/image\/\",\"url\":\"https:\/\/secure.gravatar.com\/avatar\/42263f39aa27ac04c43cab85c280eb2e?s=96&d=mm&r=pg\",\"contentUrl\":\"https:\/\/secure.gravatar.com\/avatar\/42263f39aa27ac04c43cab85c280eb2e?s=96&d=mm&r=pg\",\"caption\":\"Kul\"},\"logo\":{\"@id\":\"https:\/\/sandzakpress.net\/arhiva\/#\/schema\/person\/image\/\"}},{\"@type\":\"Person\",\"@id\":\"https:\/\/sandzakpress.net\/arhiva\/#\/schema\/person\/c8baee722073534b583ea7bdb2e36c02\",\"name\":\"bosniak\",\"image\":{\"@type\":\"ImageObject\",\"inLanguage\":\"bs-BA\",\"@id\":\"https:\/\/sandzakpress.net\/arhiva\/#\/schema\/person\/image\/\",\"url\":\"https:\/\/secure.gravatar.com\/avatar\/a04fd330bfe3a36a72a0ad4a6d89fca7?s=96&d=mm&r=pg\",\"contentUrl\":\"https:\/\/secure.gravatar.com\/avatar\/a04fd330bfe3a36a72a0ad4a6d89fca7?s=96&d=mm&r=pg\",\"caption\":\"bosniak\"},\"url\":\"https:\/\/sandzakpress.net\/arhiva\/author\/bosniak\/\"}]}<\/script>\n<!-- \/ Yoast SEO Premium plugin. -->","yoast_head_json":{"title":"Libija: Osnova za nove zakone \u0160erijat","robots":{"index":"index","follow":"follow","max-snippet":"max-snippet:-1","max-image-preview":"max-image-preview:large","max-video-preview":"max-video-preview:-1"},"canonical":"https:\/\/sandzakpress.net\/arhiva\/libija-osnova-za-nove-zakone-serijat\/","og_locale":"bs_BA","og_type":"article","og_title":"Libija: Osnova za nove zakone \u0160erijat","og_description":"Libija &#8211; \u00a0Libijske vlasti planiraju sveobuhvatnu reviziju nacionalnih zakona i propisa da bi ih uskladili s odredbama \u0161erijata (islamskog zakona), navedeno je u dokumentu ministarstva pravde \u010diju je kopiju dobio AFP. U tekstu je objavljeno formiranje odbora zadu\u017eenog za reviziju postoje\u0107ih zakona i predlaganje amandmana tako da ne budu u suprotnosti sa osnovnim odredbama i [&hellip;]","og_url":"https:\/\/sandzakpress.net\/arhiva\/libija-osnova-za-nove-zakone-serijat\/","og_site_name":"Sand\u017eak PRESS","article_published_time":"2013-12-05T16:07:12+00:00","og_image":[{"width":616,"height":367,"url":"https:\/\/sandzakpress.net\/arhiva\/wp-content\/uploads\/2013\/12\/ap261552711702.jpg","type":"image\/jpeg"}],"author":"bosniak","twitter_card":"summary_large_image","twitter_misc":{"Written by":"bosniak","Est. reading time":"1 minuta"},"schema":{"@context":"https:\/\/schema.org","@graph":[{"@type":"Article","@id":"https:\/\/sandzakpress.net\/arhiva\/libija-osnova-za-nove-zakone-serijat\/#article","isPartOf":{"@id":"https:\/\/sandzakpress.net\/arhiva\/libija-osnova-za-nove-zakone-serijat\/"},"author":{"name":"bosniak","@id":"https:\/\/sandzakpress.net\/arhiva\/#\/schema\/person\/c8baee722073534b583ea7bdb2e36c02"},"headline":"Libija: Osnova za nove zakone \u0160erijat","datePublished":"2013-12-05T16:07:12+00:00","mainEntityOfPage":{"@id":"https:\/\/sandzakpress.net\/arhiva\/libija-osnova-za-nove-zakone-serijat\/"},"wordCount":152,"commentCount":0,"publisher":{"@id":"https:\/\/sandzakpress.net\/arhiva\/#\/schema\/person\/6e72b67d6e51910a1117b3b483ba20bd"},"image":{"@id":"https:\/\/sandzakpress.net\/arhiva\/libija-osnova-za-nove-zakone-serijat\/#primaryimage"},"thumbnailUrl":"https:\/\/sandzakpress.net\/arhiva\/wp-content\/uploads\/2013\/12\/ap261552711702.jpg","articleSection":["Svijet","VIJESTI DANA"],"inLanguage":"bs-BA","potentialAction":[{"@type":"CommentAction","name":"Comment","target":["https:\/\/sandzakpress.net\/arhiva\/libija-osnova-za-nove-zakone-serijat\/#respond"]}]},{"@type":"WebPage","@id":"https:\/\/sandzakpress.net\/arhiva\/libija-osnova-za-nove-zakone-serijat\/","url":"https:\/\/sandzakpress.net\/arhiva\/libija-osnova-za-nove-zakone-serijat\/","name":"Libija: Osnova za nove zakone \u0160erijat","isPartOf":{"@id":"https:\/\/sandzakpress.net\/arhiva\/#website"},"primaryImageOfPage":{"@id":"https:\/\/sandzakpress.net\/arhiva\/libija-osnova-za-nove-zakone-serijat\/#primaryimage"},"image":{"@id":"https:\/\/sandzakpress.net\/arhiva\/libija-osnova-za-nove-zakone-serijat\/#primaryimage"},"thumbnailUrl":"https:\/\/sandzakpress.net\/arhiva\/wp-content\/uploads\/2013\/12\/ap261552711702.jpg","datePublished":"2013-12-05T16:07:12+00:00","breadcrumb":{"@id":"https:\/\/sandzakpress.net\/arhiva\/libija-osnova-za-nove-zakone-serijat\/#breadcrumb"},"inLanguage":"bs-BA","potentialAction":[{"@type":"ReadAction","target":["https:\/\/sandzakpress.net\/arhiva\/libija-osnova-za-nove-zakone-serijat\/"]}]},{"@type":"ImageObject","inLanguage":"bs-BA","@id":"https:\/\/sandzakpress.net\/arhiva\/libija-osnova-za-nove-zakone-serijat\/#primaryimage","url":"https:\/\/sandzakpress.net\/arhiva\/wp-content\/uploads\/2013\/12\/ap261552711702.jpg","contentUrl":"https:\/\/sandzakpress.net\/arhiva\/wp-content\/uploads\/2013\/12\/ap261552711702.jpg","width":616,"height":367},{"@type":"BreadcrumbList","@id":"https:\/\/sandzakpress.net\/arhiva\/libija-osnova-za-nove-zakone-serijat\/#breadcrumb","itemListElement":[{"@type":"ListItem","position":1,"name":"Home","item":"https:\/\/sandzakpress.net\/arhiva\/"},{"@type":"ListItem","position":2,"name":"Libija: Osnova za nove zakone \u0160erijat"}]},{"@type":"WebSite","@id":"https:\/\/sandzakpress.net\/arhiva\/#website","url":"https:\/\/sandzakpress.net\/arhiva\/","name":"Sand\u017eak PRESS","description":"Prve elektronske novine u Sand\u017eaku","publisher":{"@id":"https:\/\/sandzakpress.net\/arhiva\/#\/schema\/person\/6e72b67d6e51910a1117b3b483ba20bd"},"potentialAction":[{"@type":"SearchAction","target":{"@type":"EntryPoint","urlTemplate":"https:\/\/sandzakpress.net\/arhiva\/?s={search_term_string}"},"query-input":{"@type":"PropertyValueSpecification","valueRequired":true,"valueName":"search_term_string"}}],"inLanguage":"bs-BA"},{"@type":["Person","Organization"],"@id":"https:\/\/sandzakpress.net\/arhiva\/#\/schema\/person\/6e72b67d6e51910a1117b3b483ba20bd","name":"Kul","image":{"@type":"ImageObject","inLanguage":"bs-BA","@id":"https:\/\/sandzakpress.net\/arhiva\/#\/schema\/person\/image\/","url":"https:\/\/secure.gravatar.com\/avatar\/42263f39aa27ac04c43cab85c280eb2e?s=96&d=mm&r=pg","contentUrl":"https:\/\/secure.gravatar.com\/avatar\/42263f39aa27ac04c43cab85c280eb2e?s=96&d=mm&r=pg","caption":"Kul"},"logo":{"@id":"https:\/\/sandzakpress.net\/arhiva\/#\/schema\/person\/image\/"}},{"@type":"Person","@id":"https:\/\/sandzakpress.net\/arhiva\/#\/schema\/person\/c8baee722073534b583ea7bdb2e36c02","name":"bosniak","image":{"@type":"ImageObject","inLanguage":"bs-BA","@id":"https:\/\/sandzakpress.net\/arhiva\/#\/schema\/person\/image\/","url":"https:\/\/secure.gravatar.com\/avatar\/a04fd330bfe3a36a72a0ad4a6d89fca7?s=96&d=mm&r=pg","contentUrl":"https:\/\/secure.gravatar.com\/avatar\/a04fd330bfe3a36a72a0ad4a6d89fca7?s=96&d=mm&r=pg","caption":"bosniak"},"url":"https:\/\/sandzakpress.net\/arhiva\/author\/bosniak\/"}]}},"_links":{"self":[{"href":"https:\/\/sandzakpress.net\/arhiva\/wp-json\/wp\/v2\/posts\/97372"}],"collection":[{"href":"https:\/\/sandzakpress.net\/arhiva\/wp-json\/wp\/v2\/posts"}],"about":[{"href":"https:\/\/sandzakpress.net\/arhiva\/wp-json\/wp\/v2\/types\/post"}],"author":[{"embeddable":true,"href":"https:\/\/sandzakpress.net\/arhiva\/wp-json\/wp\/v2\/users\/83"}],"replies":[{"embeddable":true,"href":"https:\/\/sandzakpress.net\/arhiva\/wp-json\/wp\/v2\/comments?post=97372"}],"version-history":[{"count":0,"href":"https:\/\/sandzakpress.net\/arhiva\/wp-json\/wp\/v2\/posts\/97372\/revisions"}],"wp:featuredmedia":[{"embeddable":true,"href":"https:\/\/sandzakpress.net\/arhiva\/wp-json\/wp\/v2\/media\/97373"}],"wp:attachment":[{"href":"https:\/\/sandzakpress.net\/arhiva\/wp-json\/wp\/v2\/media?parent=97372"}],"wp:term":[{"taxonomy":"category","embeddable":true,"href":"https:\/\/sandzakpress.net\/arhiva\/wp-json\/wp\/v2\/categories?post=97372"},{"taxonomy":"post_tag","embeddable":true,"href":"https:\/\/sandzakpress.net\/arhiva\/wp-json\/wp\/v2\/tags?post=97372"}],"curies":[{"name":"wp","href":"https:\/\/api.w.org\/{rel}","templated":true}]}}