{"id":97281,"date":"2013-12-04T18:03:13","date_gmt":"2013-12-04T17:03:13","guid":{"rendered":"https:\/\/sandzakpress.net\/arhiva\/?p=97281"},"modified":"2013-12-04T18:03:13","modified_gmt":"2013-12-04T17:03:13","slug":"srpska-zandarmerija-se-stacionirala-na-goliji-da-bi-bolje-motrila-na-ekstremisticke-grupe","status":"publish","type":"post","link":"https:\/\/sandzakpress.net\/arhiva\/srpska-zandarmerija-se-stacionirala-na-goliji-da-bi-bolje-motrila-na-ekstremisticke-grupe\/","title":{"rendered":"Srpska \u017eandarmerija se stacionirala na Goliji, da bi bolje motrila na &#8220;ekstremisti\u010dke grupe&#8221;"},"content":{"rendered":"<p><img loading=\"lazy\" decoding=\"async\" class=\"aligncenter size-full wp-image-97283\" alt=\"zandarmerija-policija-1354495196-236543\" src=\"https:\/\/sandzakpress.net\/arhiva\/wp-content\/uploads\/2013\/12\/zandarmerija-policija-1354495196-2365431.jpg\" width=\"616\" height=\"331\" \/><\/p>\n<p id=\"article_lead\"><strong>Sjenica-\u00a0Nalazimo se na preko 1.600 metara nadmorske visine. Snegovi su i po dva metra, a temperature zimi padaju i do minus 30 stepeni. Pro\u0161log februara izmjerili smo minus 28 stepeni. Snegovi su do vrha krovova, nameti budu po dva i po metra. Nalazimo se na 30 kilometara od Novog Pazara, pa nam je i kad su takvi uslovi snabdijevanje ipak redovno &#8211; obja\u0161njava \u017divkovi\u0107.<\/strong><\/p>\n<p>&nbsp;<\/p>\n<p>Od kako je \u017dandarmerija napravila bazu na Goliji,\u00a0uslovi u kojima rade i spavaju \u017eandarmi na Goliji su relativno dobri, svakako mnogo bolji nego u Kopnenoj zoni bezbjednosti prema Kosovu. Nalaze se u planinskim kolibama Srbija \u0161uma, imaju spavaonice, kuhinju i kupatilo.<\/p>\n<p>Reportere &#8220;Vesti&#8221; koji su im do\u0161li u posjetu ugostili su pravim vojni\u010dkim pasuljem na &#8220;kiseloj vodi&#8221; koji se u de\u017eurnoj slu\u017ebi kr\u010dkao celu no\u0107.<\/p>\n<p>Da postoji opasnost od vehabija i teroristi\u010dkih akcija, kako isti\u010du srpski mediji mogli smo da zaklju\u010dimo iz razgovora i zabrinutosti stanovnika okolnih sela.<\/p>\n<p>&#8211; Zimi smo prime\u0107ivali osobe za koje pretpostavljamo da su vehabije na skijali\u0161tu na Odvra\u0107enici i okolini. Imali su specifi\u010dnu garderobu, brade i kapice. Vidjeli smo ih kada klanjaju. To nam je bilo \u010dudno jer je ovo \u010disto srpski kraj. Kako je do\u0161la \u017dandarmerija, vi\u0161e ih nismo vidjeli. Mnogo smo sigurniji od kad su oni ovdje \u2013 ka\u017eu mje\u0161tani za jedan srpski list.<\/p>\n<p>U \u017dandarmeriji ima oko 60 pripadnika kojima se sudi ili su pod krivi\u010dnim istragama, pretkrivi\u010dnim postupcima i proverama, saznaje \u201eBlic\u201d.<\/p>\n","protected":false},"excerpt":{"rendered":"<p>Sjenica-\u00a0Nalazimo se na preko 1.600 metara nadmorske visine. Snegovi su i po dva metra, a temperature zimi padaju i do minus 30 stepeni. Pro\u0161log februara izmjerili smo minus 28 stepeni. Snegovi su do vrha krovova, nameti budu po dva i po metra. Nalazimo se na 30 kilometara od Novog Pazara, pa nam je i kad [&hellip;]<\/p>\n","protected":false},"author":83,"featured_media":97283,"comment_status":"open","ping_status":"open","sticky":false,"template":"","format":"standard","meta":{"footnotes":""},"categories":[72,1,52,8957],"tags":[10259],"class_list":{"0":"post-97281","1":"post","2":"type-post","3":"status-publish","4":"format-standard","5":"has-post-thumbnail","7":"category-novi-pazar","8":"category-politika","9":"category-sjenica","10":"category-vijesti-dana","11":"tag-srpska-vojska"},"yoast_head":"<!-- This site is optimized with the Yoast SEO Premium plugin v23.1 (Yoast SEO v24.9) - https:\/\/yoast.com\/wordpress\/plugins\/seo\/ -->\n<title>Srpska \u017eandarmerija se stacionirala na Goliji, da bi bolje motrila na &quot;ekstremisti\u010dke grupe&quot;<\/title>\n<meta name=\"robots\" content=\"index, follow, max-snippet:-1, max-image-preview:large, max-video-preview:-1\" \/>\n<link rel=\"canonical\" href=\"https:\/\/sandzakpress.net\/arhiva\/srpska-zandarmerija-se-stacionirala-na-goliji-da-bi-bolje-motrila-na-ekstremisticke-grupe\/\" \/>\n<meta property=\"og:locale\" content=\"bs_BA\" \/>\n<meta property=\"og:type\" content=\"article\" \/>\n<meta property=\"og:title\" content=\"Srpska \u017eandarmerija se stacionirala na Goliji, da bi bolje motrila na &quot;ekstremisti\u010dke grupe&quot;\" \/>\n<meta property=\"og:description\" content=\"Sjenica-\u00a0Nalazimo se na preko 1.600 metara nadmorske visine. Snegovi su i po dva metra, a temperature zimi padaju i do minus 30 stepeni. Pro\u0161log februara izmjerili smo minus 28 stepeni. Snegovi su do vrha krovova, nameti budu po dva i po metra. Nalazimo se na 30 kilometara od Novog Pazara, pa nam je i kad [&hellip;]\" \/>\n<meta property=\"og:url\" content=\"https:\/\/sandzakpress.net\/arhiva\/srpska-zandarmerija-se-stacionirala-na-goliji-da-bi-bolje-motrila-na-ekstremisticke-grupe\/\" \/>\n<meta property=\"og:site_name\" content=\"Sand\u017eak PRESS\" \/>\n<meta property=\"article:published_time\" content=\"2013-12-04T17:03:13+00:00\" \/>\n<meta property=\"og:image\" content=\"https:\/\/sandzakpress.net\/arhiva\/wp-content\/uploads\/2013\/12\/zandarmerija-policija-1354495196-2365431.jpg\" \/>\n\t<meta property=\"og:image:width\" content=\"616\" \/>\n\t<meta property=\"og:image:height\" content=\"331\" \/>\n\t<meta property=\"og:image:type\" content=\"image\/jpeg\" \/>\n<meta name=\"author\" content=\"bosniak\" \/>\n<meta name=\"twitter:card\" content=\"summary_large_image\" \/>\n<meta name=\"twitter:label1\" content=\"Written by\" \/>\n\t<meta name=\"twitter:data1\" content=\"bosniak\" \/>\n\t<meta name=\"twitter:label2\" content=\"Est. reading time\" \/>\n\t<meta name=\"twitter:data2\" content=\"1 minuta\" \/>\n<script type=\"application\/ld+json\" class=\"yoast-schema-graph\">{\"@context\":\"https:\/\/schema.org\",\"@graph\":[{\"@type\":\"Article\",\"@id\":\"https:\/\/sandzakpress.net\/arhiva\/srpska-zandarmerija-se-stacionirala-na-goliji-da-bi-bolje-motrila-na-ekstremisticke-grupe\/#article\",\"isPartOf\":{\"@id\":\"https:\/\/sandzakpress.net\/arhiva\/srpska-zandarmerija-se-stacionirala-na-goliji-da-bi-bolje-motrila-na-ekstremisticke-grupe\/\"},\"author\":{\"name\":\"bosniak\",\"@id\":\"https:\/\/sandzakpress.net\/arhiva\/#\/schema\/person\/c8baee722073534b583ea7bdb2e36c02\"},\"headline\":\"Srpska \u017eandarmerija se stacionirala na Goliji, da bi bolje motrila na &#8220;ekstremisti\u010dke grupe&#8221;\",\"datePublished\":\"2013-12-04T17:03:13+00:00\",\"mainEntityOfPage\":{\"@id\":\"https:\/\/sandzakpress.net\/arhiva\/srpska-zandarmerija-se-stacionirala-na-goliji-da-bi-bolje-motrila-na-ekstremisticke-grupe\/\"},\"wordCount\":266,\"commentCount\":16,\"publisher\":{\"@id\":\"https:\/\/sandzakpress.net\/arhiva\/#\/schema\/person\/6e72b67d6e51910a1117b3b483ba20bd\"},\"image\":{\"@id\":\"https:\/\/sandzakpress.net\/arhiva\/srpska-zandarmerija-se-stacionirala-na-goliji-da-bi-bolje-motrila-na-ekstremisticke-grupe\/#primaryimage\"},\"thumbnailUrl\":\"https:\/\/sandzakpress.net\/arhiva\/wp-content\/uploads\/2013\/12\/zandarmerija-policija-1354495196-2365431.jpg\",\"keywords\":[\"srpska vojska\"],\"articleSection\":[\"Novi Pazar\",\"Politika\",\"Sjenica\",\"VIJESTI DANA\"],\"inLanguage\":\"bs-BA\",\"potentialAction\":[{\"@type\":\"CommentAction\",\"name\":\"Comment\",\"target\":[\"https:\/\/sandzakpress.net\/arhiva\/srpska-zandarmerija-se-stacionirala-na-goliji-da-bi-bolje-motrila-na-ekstremisticke-grupe\/#respond\"]}]},{\"@type\":\"WebPage\",\"@id\":\"https:\/\/sandzakpress.net\/arhiva\/srpska-zandarmerija-se-stacionirala-na-goliji-da-bi-bolje-motrila-na-ekstremisticke-grupe\/\",\"url\":\"https:\/\/sandzakpress.net\/arhiva\/srpska-zandarmerija-se-stacionirala-na-goliji-da-bi-bolje-motrila-na-ekstremisticke-grupe\/\",\"name\":\"Srpska \u017eandarmerija se stacionirala na Goliji, da bi bolje motrila na \\\"ekstremisti\u010dke grupe\\\"\",\"isPartOf\":{\"@id\":\"https:\/\/sandzakpress.net\/arhiva\/#website\"},\"primaryImageOfPage\":{\"@id\":\"https:\/\/sandzakpress.net\/arhiva\/srpska-zandarmerija-se-stacionirala-na-goliji-da-bi-bolje-motrila-na-ekstremisticke-grupe\/#primaryimage\"},\"image\":{\"@id\":\"https:\/\/sandzakpress.net\/arhiva\/srpska-zandarmerija-se-stacionirala-na-goliji-da-bi-bolje-motrila-na-ekstremisticke-grupe\/#primaryimage\"},\"thumbnailUrl\":\"https:\/\/sandzakpress.net\/arhiva\/wp-content\/uploads\/2013\/12\/zandarmerija-policija-1354495196-2365431.jpg\",\"datePublished\":\"2013-12-04T17:03:13+00:00\",\"breadcrumb\":{\"@id\":\"https:\/\/sandzakpress.net\/arhiva\/srpska-zandarmerija-se-stacionirala-na-goliji-da-bi-bolje-motrila-na-ekstremisticke-grupe\/#breadcrumb\"},\"inLanguage\":\"bs-BA\",\"potentialAction\":[{\"@type\":\"ReadAction\",\"target\":[\"https:\/\/sandzakpress.net\/arhiva\/srpska-zandarmerija-se-stacionirala-na-goliji-da-bi-bolje-motrila-na-ekstremisticke-grupe\/\"]}]},{\"@type\":\"ImageObject\",\"inLanguage\":\"bs-BA\",\"@id\":\"https:\/\/sandzakpress.net\/arhiva\/srpska-zandarmerija-se-stacionirala-na-goliji-da-bi-bolje-motrila-na-ekstremisticke-grupe\/#primaryimage\",\"url\":\"https:\/\/sandzakpress.net\/arhiva\/wp-content\/uploads\/2013\/12\/zandarmerija-policija-1354495196-2365431.jpg\",\"contentUrl\":\"https:\/\/sandzakpress.net\/arhiva\/wp-content\/uploads\/2013\/12\/zandarmerija-policija-1354495196-2365431.jpg\",\"width\":616,\"height\":331},{\"@type\":\"BreadcrumbList\",\"@id\":\"https:\/\/sandzakpress.net\/arhiva\/srpska-zandarmerija-se-stacionirala-na-goliji-da-bi-bolje-motrila-na-ekstremisticke-grupe\/#breadcrumb\",\"itemListElement\":[{\"@type\":\"ListItem\",\"position\":1,\"name\":\"Home\",\"item\":\"https:\/\/sandzakpress.net\/arhiva\/\"},{\"@type\":\"ListItem\",\"position\":2,\"name\":\"Srpska \u017eandarmerija se stacionirala na Goliji, da bi bolje motrila na &#8220;ekstremisti\u010dke grupe&#8221;\"}]},{\"@type\":\"WebSite\",\"@id\":\"https:\/\/sandzakpress.net\/arhiva\/#website\",\"url\":\"https:\/\/sandzakpress.net\/arhiva\/\",\"name\":\"Sand\u017eak PRESS\",\"description\":\"Prve elektronske novine u Sand\u017eaku\",\"publisher\":{\"@id\":\"https:\/\/sandzakpress.net\/arhiva\/#\/schema\/person\/6e72b67d6e51910a1117b3b483ba20bd\"},\"potentialAction\":[{\"@type\":\"SearchAction\",\"target\":{\"@type\":\"EntryPoint\",\"urlTemplate\":\"https:\/\/sandzakpress.net\/arhiva\/?s={search_term_string}\"},\"query-input\":{\"@type\":\"PropertyValueSpecification\",\"valueRequired\":true,\"valueName\":\"search_term_string\"}}],\"inLanguage\":\"bs-BA\"},{\"@type\":[\"Person\",\"Organization\"],\"@id\":\"https:\/\/sandzakpress.net\/arhiva\/#\/schema\/person\/6e72b67d6e51910a1117b3b483ba20bd\",\"name\":\"Kul\",\"image\":{\"@type\":\"ImageObject\",\"inLanguage\":\"bs-BA\",\"@id\":\"https:\/\/sandzakpress.net\/arhiva\/#\/schema\/person\/image\/\",\"url\":\"https:\/\/secure.gravatar.com\/avatar\/42263f39aa27ac04c43cab85c280eb2e?s=96&d=mm&r=pg\",\"contentUrl\":\"https:\/\/secure.gravatar.com\/avatar\/42263f39aa27ac04c43cab85c280eb2e?s=96&d=mm&r=pg\",\"caption\":\"Kul\"},\"logo\":{\"@id\":\"https:\/\/sandzakpress.net\/arhiva\/#\/schema\/person\/image\/\"}},{\"@type\":\"Person\",\"@id\":\"https:\/\/sandzakpress.net\/arhiva\/#\/schema\/person\/c8baee722073534b583ea7bdb2e36c02\",\"name\":\"bosniak\",\"image\":{\"@type\":\"ImageObject\",\"inLanguage\":\"bs-BA\",\"@id\":\"https:\/\/sandzakpress.net\/arhiva\/#\/schema\/person\/image\/\",\"url\":\"https:\/\/secure.gravatar.com\/avatar\/a04fd330bfe3a36a72a0ad4a6d89fca7?s=96&d=mm&r=pg\",\"contentUrl\":\"https:\/\/secure.gravatar.com\/avatar\/a04fd330bfe3a36a72a0ad4a6d89fca7?s=96&d=mm&r=pg\",\"caption\":\"bosniak\"},\"url\":\"https:\/\/sandzakpress.net\/arhiva\/author\/bosniak\/\"}]}<\/script>\n<!-- \/ Yoast SEO Premium plugin. -->","yoast_head_json":{"title":"Srpska \u017eandarmerija se stacionirala na Goliji, da bi bolje motrila na \"ekstremisti\u010dke grupe\"","robots":{"index":"index","follow":"follow","max-snippet":"max-snippet:-1","max-image-preview":"max-image-preview:large","max-video-preview":"max-video-preview:-1"},"canonical":"https:\/\/sandzakpress.net\/arhiva\/srpska-zandarmerija-se-stacionirala-na-goliji-da-bi-bolje-motrila-na-ekstremisticke-grupe\/","og_locale":"bs_BA","og_type":"article","og_title":"Srpska \u017eandarmerija se stacionirala na Goliji, da bi bolje motrila na \"ekstremisti\u010dke grupe\"","og_description":"Sjenica-\u00a0Nalazimo se na preko 1.600 metara nadmorske visine. Snegovi su i po dva metra, a temperature zimi padaju i do minus 30 stepeni. Pro\u0161log februara izmjerili smo minus 28 stepeni. Snegovi su do vrha krovova, nameti budu po dva i po metra. Nalazimo se na 30 kilometara od Novog Pazara, pa nam je i kad [&hellip;]","og_url":"https:\/\/sandzakpress.net\/arhiva\/srpska-zandarmerija-se-stacionirala-na-goliji-da-bi-bolje-motrila-na-ekstremisticke-grupe\/","og_site_name":"Sand\u017eak PRESS","article_published_time":"2013-12-04T17:03:13+00:00","og_image":[{"width":616,"height":331,"url":"https:\/\/sandzakpress.net\/arhiva\/wp-content\/uploads\/2013\/12\/zandarmerija-policija-1354495196-2365431.jpg","type":"image\/jpeg"}],"author":"bosniak","twitter_card":"summary_large_image","twitter_misc":{"Written by":"bosniak","Est. reading time":"1 minuta"},"schema":{"@context":"https:\/\/schema.org","@graph":[{"@type":"Article","@id":"https:\/\/sandzakpress.net\/arhiva\/srpska-zandarmerija-se-stacionirala-na-goliji-da-bi-bolje-motrila-na-ekstremisticke-grupe\/#article","isPartOf":{"@id":"https:\/\/sandzakpress.net\/arhiva\/srpska-zandarmerija-se-stacionirala-na-goliji-da-bi-bolje-motrila-na-ekstremisticke-grupe\/"},"author":{"name":"bosniak","@id":"https:\/\/sandzakpress.net\/arhiva\/#\/schema\/person\/c8baee722073534b583ea7bdb2e36c02"},"headline":"Srpska \u017eandarmerija se stacionirala na Goliji, da bi bolje motrila na &#8220;ekstremisti\u010dke grupe&#8221;","datePublished":"2013-12-04T17:03:13+00:00","mainEntityOfPage":{"@id":"https:\/\/sandzakpress.net\/arhiva\/srpska-zandarmerija-se-stacionirala-na-goliji-da-bi-bolje-motrila-na-ekstremisticke-grupe\/"},"wordCount":266,"commentCount":16,"publisher":{"@id":"https:\/\/sandzakpress.net\/arhiva\/#\/schema\/person\/6e72b67d6e51910a1117b3b483ba20bd"},"image":{"@id":"https:\/\/sandzakpress.net\/arhiva\/srpska-zandarmerija-se-stacionirala-na-goliji-da-bi-bolje-motrila-na-ekstremisticke-grupe\/#primaryimage"},"thumbnailUrl":"https:\/\/sandzakpress.net\/arhiva\/wp-content\/uploads\/2013\/12\/zandarmerija-policija-1354495196-2365431.jpg","keywords":["srpska vojska"],"articleSection":["Novi Pazar","Politika","Sjenica","VIJESTI DANA"],"inLanguage":"bs-BA","potentialAction":[{"@type":"CommentAction","name":"Comment","target":["https:\/\/sandzakpress.net\/arhiva\/srpska-zandarmerija-se-stacionirala-na-goliji-da-bi-bolje-motrila-na-ekstremisticke-grupe\/#respond"]}]},{"@type":"WebPage","@id":"https:\/\/sandzakpress.net\/arhiva\/srpska-zandarmerija-se-stacionirala-na-goliji-da-bi-bolje-motrila-na-ekstremisticke-grupe\/","url":"https:\/\/sandzakpress.net\/arhiva\/srpska-zandarmerija-se-stacionirala-na-goliji-da-bi-bolje-motrila-na-ekstremisticke-grupe\/","name":"Srpska \u017eandarmerija se stacionirala na Goliji, da bi bolje motrila na \"ekstremisti\u010dke grupe\"","isPartOf":{"@id":"https:\/\/sandzakpress.net\/arhiva\/#website"},"primaryImageOfPage":{"@id":"https:\/\/sandzakpress.net\/arhiva\/srpska-zandarmerija-se-stacionirala-na-goliji-da-bi-bolje-motrila-na-ekstremisticke-grupe\/#primaryimage"},"image":{"@id":"https:\/\/sandzakpress.net\/arhiva\/srpska-zandarmerija-se-stacionirala-na-goliji-da-bi-bolje-motrila-na-ekstremisticke-grupe\/#primaryimage"},"thumbnailUrl":"https:\/\/sandzakpress.net\/arhiva\/wp-content\/uploads\/2013\/12\/zandarmerija-policija-1354495196-2365431.jpg","datePublished":"2013-12-04T17:03:13+00:00","breadcrumb":{"@id":"https:\/\/sandzakpress.net\/arhiva\/srpska-zandarmerija-se-stacionirala-na-goliji-da-bi-bolje-motrila-na-ekstremisticke-grupe\/#breadcrumb"},"inLanguage":"bs-BA","potentialAction":[{"@type":"ReadAction","target":["https:\/\/sandzakpress.net\/arhiva\/srpska-zandarmerija-se-stacionirala-na-goliji-da-bi-bolje-motrila-na-ekstremisticke-grupe\/"]}]},{"@type":"ImageObject","inLanguage":"bs-BA","@id":"https:\/\/sandzakpress.net\/arhiva\/srpska-zandarmerija-se-stacionirala-na-goliji-da-bi-bolje-motrila-na-ekstremisticke-grupe\/#primaryimage","url":"https:\/\/sandzakpress.net\/arhiva\/wp-content\/uploads\/2013\/12\/zandarmerija-policija-1354495196-2365431.jpg","contentUrl":"https:\/\/sandzakpress.net\/arhiva\/wp-content\/uploads\/2013\/12\/zandarmerija-policija-1354495196-2365431.jpg","width":616,"height":331},{"@type":"BreadcrumbList","@id":"https:\/\/sandzakpress.net\/arhiva\/srpska-zandarmerija-se-stacionirala-na-goliji-da-bi-bolje-motrila-na-ekstremisticke-grupe\/#breadcrumb","itemListElement":[{"@type":"ListItem","position":1,"name":"Home","item":"https:\/\/sandzakpress.net\/arhiva\/"},{"@type":"ListItem","position":2,"name":"Srpska \u017eandarmerija se stacionirala na Goliji, da bi bolje motrila na &#8220;ekstremisti\u010dke grupe&#8221;"}]},{"@type":"WebSite","@id":"https:\/\/sandzakpress.net\/arhiva\/#website","url":"https:\/\/sandzakpress.net\/arhiva\/","name":"Sand\u017eak PRESS","description":"Prve elektronske novine u Sand\u017eaku","publisher":{"@id":"https:\/\/sandzakpress.net\/arhiva\/#\/schema\/person\/6e72b67d6e51910a1117b3b483ba20bd"},"potentialAction":[{"@type":"SearchAction","target":{"@type":"EntryPoint","urlTemplate":"https:\/\/sandzakpress.net\/arhiva\/?s={search_term_string}"},"query-input":{"@type":"PropertyValueSpecification","valueRequired":true,"valueName":"search_term_string"}}],"inLanguage":"bs-BA"},{"@type":["Person","Organization"],"@id":"https:\/\/sandzakpress.net\/arhiva\/#\/schema\/person\/6e72b67d6e51910a1117b3b483ba20bd","name":"Kul","image":{"@type":"ImageObject","inLanguage":"bs-BA","@id":"https:\/\/sandzakpress.net\/arhiva\/#\/schema\/person\/image\/","url":"https:\/\/secure.gravatar.com\/avatar\/42263f39aa27ac04c43cab85c280eb2e?s=96&d=mm&r=pg","contentUrl":"https:\/\/secure.gravatar.com\/avatar\/42263f39aa27ac04c43cab85c280eb2e?s=96&d=mm&r=pg","caption":"Kul"},"logo":{"@id":"https:\/\/sandzakpress.net\/arhiva\/#\/schema\/person\/image\/"}},{"@type":"Person","@id":"https:\/\/sandzakpress.net\/arhiva\/#\/schema\/person\/c8baee722073534b583ea7bdb2e36c02","name":"bosniak","image":{"@type":"ImageObject","inLanguage":"bs-BA","@id":"https:\/\/sandzakpress.net\/arhiva\/#\/schema\/person\/image\/","url":"https:\/\/secure.gravatar.com\/avatar\/a04fd330bfe3a36a72a0ad4a6d89fca7?s=96&d=mm&r=pg","contentUrl":"https:\/\/secure.gravatar.com\/avatar\/a04fd330bfe3a36a72a0ad4a6d89fca7?s=96&d=mm&r=pg","caption":"bosniak"},"url":"https:\/\/sandzakpress.net\/arhiva\/author\/bosniak\/"}]}},"_links":{"self":[{"href":"https:\/\/sandzakpress.net\/arhiva\/wp-json\/wp\/v2\/posts\/97281"}],"collection":[{"href":"https:\/\/sandzakpress.net\/arhiva\/wp-json\/wp\/v2\/posts"}],"about":[{"href":"https:\/\/sandzakpress.net\/arhiva\/wp-json\/wp\/v2\/types\/post"}],"author":[{"embeddable":true,"href":"https:\/\/sandzakpress.net\/arhiva\/wp-json\/wp\/v2\/users\/83"}],"replies":[{"embeddable":true,"href":"https:\/\/sandzakpress.net\/arhiva\/wp-json\/wp\/v2\/comments?post=97281"}],"version-history":[{"count":0,"href":"https:\/\/sandzakpress.net\/arhiva\/wp-json\/wp\/v2\/posts\/97281\/revisions"}],"wp:featuredmedia":[{"embeddable":true,"href":"https:\/\/sandzakpress.net\/arhiva\/wp-json\/wp\/v2\/media\/97283"}],"wp:attachment":[{"href":"https:\/\/sandzakpress.net\/arhiva\/wp-json\/wp\/v2\/media?parent=97281"}],"wp:term":[{"taxonomy":"category","embeddable":true,"href":"https:\/\/sandzakpress.net\/arhiva\/wp-json\/wp\/v2\/categories?post=97281"},{"taxonomy":"post_tag","embeddable":true,"href":"https:\/\/sandzakpress.net\/arhiva\/wp-json\/wp\/v2\/tags?post=97281"}],"curies":[{"name":"wp","href":"https:\/\/api.w.org\/{rel}","templated":true}]}}