{"id":97241,"date":"2013-12-04T16:38:44","date_gmt":"2013-12-04T15:38:44","guid":{"rendered":"https:\/\/sandzakpress.net\/arhiva\/?p=97241"},"modified":"2013-12-04T16:38:44","modified_gmt":"2013-12-04T15:38:44","slug":"sjenica-dobra-saradnja-sa-un","status":"publish","type":"post","link":"https:\/\/sandzakpress.net\/arhiva\/sjenica-dobra-saradnja-sa-un\/","title":{"rendered":"Sjenica: Dobra saradnja sa UN"},"content":{"rendered":"<p><img loading=\"lazy\" decoding=\"async\" alt=\"\" src=\"http:\/\/rtvnp.rs\/images\/stories\/drustvo\/dobra%20saradnja%20sa%20un.jpg\" width=\"299\" height=\"200\" align=\"left\" border=\"0\" \/><\/p>\n<p><strong>Sjenica &#8211; U Sjenici je odr\u017ean sastanak \u010dlanova upravnog odbora projekta po nazivom &#8220;Unapre\u0111enje ljudske sigurnosti u jugozapadnoj Srbiji&#8221;.<\/strong><\/p>\n<p>Tom prilikom, gradona\u010delnik Novog Pazara, dr Meho Mahmutovi\u0107 istakao je da Novi Pazar\u00a0 u 2013. godini zahvaljuju\u0107i sredstvima ovakvog projekta sprovodio brojne aktvivnosti. Za narednu godinu se o\u010dekuje izgradnja recikla\u017enog centra i puno projekata koje \u0107e realizovati brojne institucije koje te\u017ee promovisanju Novog Pazara, a kako bi se na pravi na\u010din taj grad prezentovao.<\/p>\n<p>\u2018\u2019 Protekle godine realizovan je projekat prezentacije festivala \u2018\u2019Stari grad\u2019\u2019, potom je odr\u017ean Omladinski festival pozori\u0161ta. Zahvaljuju\u0107i\u00a0 novopazarskoj Kancelariji za mlade cela Republika Srbija je imala priliku da se upozna sa gradom Novim Pazarom kroz razne projekte. Ura\u0111en je i kratak film na temu razbijanja predrasuda o Novom Pazaru,\u00a0 ali i regionu. Nadamo se da \u0107e u narednom periodu postojati ve\u0107a saradnja sa op\u0161tinama Sjenica i Tutin i da \u0107emo uz uklju\u010divanje op\u0161tine Ra\u0161ka raditi zajedno na nekoliko projekata, kao ozbiljne lokalne zajednice\u2019\u2019,rekao je gradona\u010delnik Novog Pazara, dr Meho Mahmutovi\u0107.<\/p>\n<p>Prema rije\u010dima predsjednika op\u0161tine Sjenica, Hazba Mujovi\u0107a, ta samouprava je u proteklom periodu aplicirala za razne projekte koje podr\u017eavaju me\u0111unarodne zajednice i dosta je uspe\u0161na u tome. UNDP, UNHCR su samo neke od organizacija koje su prisutne u Sjenici. Na sjednici upravnog odbora dogovorene su\u00a0 mjere, koje \u0107e biti preduzete u realizaciji projekta \u2018\u2019Unapre\u0111enje ljudske sigurnosti jugozapadne Srbije\u2019\u2019 na teritoriji Sand\u017eaka, istakao je Mujovi\u0107.<\/p>\n<p>Koordinatorka UN u Srbiji, Irena Voja\u010dkov Solorano, naglasila je da \u0107e zapo\u010deti projekti pomo\u0107i ovim op\u0161tinama. Ona je izrazila i veliko zadovoljstvo jer je prisustvovala obele\u017eavanju me\u0111unarodnog Dana invalida u udru\u017eenju \u2018\u2019Poletarac\u2019\u2019 u Sjenici.<\/p>\n<p>(Rtv NP)<\/p>\n","protected":false},"excerpt":{"rendered":"<p>Sjenica &#8211; U Sjenici je odr\u017ean sastanak \u010dlanova upravnog odbora projekta po nazivom &#8220;Unapre\u0111enje ljudske sigurnosti u jugozapadnoj Srbiji&#8221;. Tom prilikom, gradona\u010delnik Novog Pazara, dr Meho Mahmutovi\u0107 istakao je da Novi Pazar\u00a0 u 2013. godini zahvaljuju\u0107i sredstvima ovakvog projekta sprovodio brojne aktvivnosti. Za narednu godinu se o\u010dekuje izgradnja recikla\u017enog centra i puno projekata koje \u0107e [&hellip;]<\/p>\n","protected":false},"author":83,"featured_media":97242,"comment_status":"open","ping_status":"open","sticky":false,"template":"","format":"standard","meta":{"footnotes":""},"categories":[1,52],"tags":[],"class_list":{"0":"post-97241","1":"post","2":"type-post","3":"status-publish","4":"format-standard","5":"has-post-thumbnail","7":"category-politika","8":"category-sjenica"},"yoast_head":"<!-- This site is optimized with the Yoast SEO Premium plugin v23.1 (Yoast SEO v24.9) - https:\/\/yoast.com\/wordpress\/plugins\/seo\/ -->\n<title>Sjenica: Dobra saradnja sa UN<\/title>\n<meta name=\"robots\" content=\"index, follow, max-snippet:-1, max-image-preview:large, max-video-preview:-1\" \/>\n<link rel=\"canonical\" href=\"https:\/\/sandzakpress.net\/arhiva\/sjenica-dobra-saradnja-sa-un\/\" \/>\n<meta property=\"og:locale\" content=\"bs_BA\" \/>\n<meta property=\"og:type\" content=\"article\" \/>\n<meta property=\"og:title\" content=\"Sjenica: Dobra saradnja sa UN\" \/>\n<meta property=\"og:description\" content=\"Sjenica &#8211; U Sjenici je odr\u017ean sastanak \u010dlanova upravnog odbora projekta po nazivom &#8220;Unapre\u0111enje ljudske sigurnosti u jugozapadnoj Srbiji&#8221;. Tom prilikom, gradona\u010delnik Novog Pazara, dr Meho Mahmutovi\u0107 istakao je da Novi Pazar\u00a0 u 2013. godini zahvaljuju\u0107i sredstvima ovakvog projekta sprovodio brojne aktvivnosti. Za narednu godinu se o\u010dekuje izgradnja recikla\u017enog centra i puno projekata koje \u0107e [&hellip;]\" \/>\n<meta property=\"og:url\" content=\"https:\/\/sandzakpress.net\/arhiva\/sjenica-dobra-saradnja-sa-un\/\" \/>\n<meta property=\"og:site_name\" content=\"Sand\u017eak PRESS\" \/>\n<meta property=\"article:published_time\" content=\"2013-12-04T15:38:44+00:00\" \/>\n<meta property=\"og:image\" content=\"https:\/\/sandzakpress.net\/arhiva\/wp-content\/uploads\/2013\/12\/dobra-saradnja-sa-un.jpg\" \/>\n\t<meta property=\"og:image:width\" content=\"450\" \/>\n\t<meta property=\"og:image:height\" content=\"302\" \/>\n\t<meta property=\"og:image:type\" content=\"image\/jpeg\" \/>\n<meta name=\"author\" content=\"bosniak\" \/>\n<meta name=\"twitter:card\" content=\"summary_large_image\" \/>\n<meta name=\"twitter:label1\" content=\"Written by\" \/>\n\t<meta name=\"twitter:data1\" content=\"bosniak\" \/>\n\t<meta name=\"twitter:label2\" content=\"Est. reading time\" \/>\n\t<meta name=\"twitter:data2\" content=\"1 minuta\" \/>\n<script type=\"application\/ld+json\" class=\"yoast-schema-graph\">{\"@context\":\"https:\/\/schema.org\",\"@graph\":[{\"@type\":\"Article\",\"@id\":\"https:\/\/sandzakpress.net\/arhiva\/sjenica-dobra-saradnja-sa-un\/#article\",\"isPartOf\":{\"@id\":\"https:\/\/sandzakpress.net\/arhiva\/sjenica-dobra-saradnja-sa-un\/\"},\"author\":{\"name\":\"bosniak\",\"@id\":\"https:\/\/sandzakpress.net\/arhiva\/#\/schema\/person\/c8baee722073534b583ea7bdb2e36c02\"},\"headline\":\"Sjenica: Dobra saradnja sa UN\",\"datePublished\":\"2013-12-04T15:38:44+00:00\",\"mainEntityOfPage\":{\"@id\":\"https:\/\/sandzakpress.net\/arhiva\/sjenica-dobra-saradnja-sa-un\/\"},\"wordCount\":300,\"commentCount\":0,\"publisher\":{\"@id\":\"https:\/\/sandzakpress.net\/arhiva\/#\/schema\/person\/6e72b67d6e51910a1117b3b483ba20bd\"},\"image\":{\"@id\":\"https:\/\/sandzakpress.net\/arhiva\/sjenica-dobra-saradnja-sa-un\/#primaryimage\"},\"thumbnailUrl\":\"https:\/\/sandzakpress.net\/arhiva\/wp-content\/uploads\/2013\/12\/dobra-saradnja-sa-un.jpg\",\"articleSection\":[\"Politika\",\"Sjenica\"],\"inLanguage\":\"bs-BA\",\"potentialAction\":[{\"@type\":\"CommentAction\",\"name\":\"Comment\",\"target\":[\"https:\/\/sandzakpress.net\/arhiva\/sjenica-dobra-saradnja-sa-un\/#respond\"]}]},{\"@type\":\"WebPage\",\"@id\":\"https:\/\/sandzakpress.net\/arhiva\/sjenica-dobra-saradnja-sa-un\/\",\"url\":\"https:\/\/sandzakpress.net\/arhiva\/sjenica-dobra-saradnja-sa-un\/\",\"name\":\"Sjenica: Dobra saradnja sa UN\",\"isPartOf\":{\"@id\":\"https:\/\/sandzakpress.net\/arhiva\/#website\"},\"primaryImageOfPage\":{\"@id\":\"https:\/\/sandzakpress.net\/arhiva\/sjenica-dobra-saradnja-sa-un\/#primaryimage\"},\"image\":{\"@id\":\"https:\/\/sandzakpress.net\/arhiva\/sjenica-dobra-saradnja-sa-un\/#primaryimage\"},\"thumbnailUrl\":\"https:\/\/sandzakpress.net\/arhiva\/wp-content\/uploads\/2013\/12\/dobra-saradnja-sa-un.jpg\",\"datePublished\":\"2013-12-04T15:38:44+00:00\",\"breadcrumb\":{\"@id\":\"https:\/\/sandzakpress.net\/arhiva\/sjenica-dobra-saradnja-sa-un\/#breadcrumb\"},\"inLanguage\":\"bs-BA\",\"potentialAction\":[{\"@type\":\"ReadAction\",\"target\":[\"https:\/\/sandzakpress.net\/arhiva\/sjenica-dobra-saradnja-sa-un\/\"]}]},{\"@type\":\"ImageObject\",\"inLanguage\":\"bs-BA\",\"@id\":\"https:\/\/sandzakpress.net\/arhiva\/sjenica-dobra-saradnja-sa-un\/#primaryimage\",\"url\":\"https:\/\/sandzakpress.net\/arhiva\/wp-content\/uploads\/2013\/12\/dobra-saradnja-sa-un.jpg\",\"contentUrl\":\"https:\/\/sandzakpress.net\/arhiva\/wp-content\/uploads\/2013\/12\/dobra-saradnja-sa-un.jpg\",\"width\":450,\"height\":302},{\"@type\":\"BreadcrumbList\",\"@id\":\"https:\/\/sandzakpress.net\/arhiva\/sjenica-dobra-saradnja-sa-un\/#breadcrumb\",\"itemListElement\":[{\"@type\":\"ListItem\",\"position\":1,\"name\":\"Home\",\"item\":\"https:\/\/sandzakpress.net\/arhiva\/\"},{\"@type\":\"ListItem\",\"position\":2,\"name\":\"Sjenica: Dobra saradnja sa UN\"}]},{\"@type\":\"WebSite\",\"@id\":\"https:\/\/sandzakpress.net\/arhiva\/#website\",\"url\":\"https:\/\/sandzakpress.net\/arhiva\/\",\"name\":\"Sand\u017eak PRESS\",\"description\":\"Prve elektronske novine u Sand\u017eaku\",\"publisher\":{\"@id\":\"https:\/\/sandzakpress.net\/arhiva\/#\/schema\/person\/6e72b67d6e51910a1117b3b483ba20bd\"},\"potentialAction\":[{\"@type\":\"SearchAction\",\"target\":{\"@type\":\"EntryPoint\",\"urlTemplate\":\"https:\/\/sandzakpress.net\/arhiva\/?s={search_term_string}\"},\"query-input\":{\"@type\":\"PropertyValueSpecification\",\"valueRequired\":true,\"valueName\":\"search_term_string\"}}],\"inLanguage\":\"bs-BA\"},{\"@type\":[\"Person\",\"Organization\"],\"@id\":\"https:\/\/sandzakpress.net\/arhiva\/#\/schema\/person\/6e72b67d6e51910a1117b3b483ba20bd\",\"name\":\"Kul\",\"image\":{\"@type\":\"ImageObject\",\"inLanguage\":\"bs-BA\",\"@id\":\"https:\/\/sandzakpress.net\/arhiva\/#\/schema\/person\/image\/\",\"url\":\"https:\/\/secure.gravatar.com\/avatar\/42263f39aa27ac04c43cab85c280eb2e?s=96&d=mm&r=pg\",\"contentUrl\":\"https:\/\/secure.gravatar.com\/avatar\/42263f39aa27ac04c43cab85c280eb2e?s=96&d=mm&r=pg\",\"caption\":\"Kul\"},\"logo\":{\"@id\":\"https:\/\/sandzakpress.net\/arhiva\/#\/schema\/person\/image\/\"}},{\"@type\":\"Person\",\"@id\":\"https:\/\/sandzakpress.net\/arhiva\/#\/schema\/person\/c8baee722073534b583ea7bdb2e36c02\",\"name\":\"bosniak\",\"image\":{\"@type\":\"ImageObject\",\"inLanguage\":\"bs-BA\",\"@id\":\"https:\/\/sandzakpress.net\/arhiva\/#\/schema\/person\/image\/\",\"url\":\"https:\/\/secure.gravatar.com\/avatar\/a04fd330bfe3a36a72a0ad4a6d89fca7?s=96&d=mm&r=pg\",\"contentUrl\":\"https:\/\/secure.gravatar.com\/avatar\/a04fd330bfe3a36a72a0ad4a6d89fca7?s=96&d=mm&r=pg\",\"caption\":\"bosniak\"},\"url\":\"https:\/\/sandzakpress.net\/arhiva\/author\/bosniak\/\"}]}<\/script>\n<!-- \/ Yoast SEO Premium plugin. -->","yoast_head_json":{"title":"Sjenica: Dobra saradnja sa UN","robots":{"index":"index","follow":"follow","max-snippet":"max-snippet:-1","max-image-preview":"max-image-preview:large","max-video-preview":"max-video-preview:-1"},"canonical":"https:\/\/sandzakpress.net\/arhiva\/sjenica-dobra-saradnja-sa-un\/","og_locale":"bs_BA","og_type":"article","og_title":"Sjenica: Dobra saradnja sa UN","og_description":"Sjenica &#8211; U Sjenici je odr\u017ean sastanak \u010dlanova upravnog odbora projekta po nazivom &#8220;Unapre\u0111enje ljudske sigurnosti u jugozapadnoj Srbiji&#8221;. Tom prilikom, gradona\u010delnik Novog Pazara, dr Meho Mahmutovi\u0107 istakao je da Novi Pazar\u00a0 u 2013. godini zahvaljuju\u0107i sredstvima ovakvog projekta sprovodio brojne aktvivnosti. Za narednu godinu se o\u010dekuje izgradnja recikla\u017enog centra i puno projekata koje \u0107e [&hellip;]","og_url":"https:\/\/sandzakpress.net\/arhiva\/sjenica-dobra-saradnja-sa-un\/","og_site_name":"Sand\u017eak PRESS","article_published_time":"2013-12-04T15:38:44+00:00","og_image":[{"width":450,"height":302,"url":"https:\/\/sandzakpress.net\/arhiva\/wp-content\/uploads\/2013\/12\/dobra-saradnja-sa-un.jpg","type":"image\/jpeg"}],"author":"bosniak","twitter_card":"summary_large_image","twitter_misc":{"Written by":"bosniak","Est. reading time":"1 minuta"},"schema":{"@context":"https:\/\/schema.org","@graph":[{"@type":"Article","@id":"https:\/\/sandzakpress.net\/arhiva\/sjenica-dobra-saradnja-sa-un\/#article","isPartOf":{"@id":"https:\/\/sandzakpress.net\/arhiva\/sjenica-dobra-saradnja-sa-un\/"},"author":{"name":"bosniak","@id":"https:\/\/sandzakpress.net\/arhiva\/#\/schema\/person\/c8baee722073534b583ea7bdb2e36c02"},"headline":"Sjenica: Dobra saradnja sa UN","datePublished":"2013-12-04T15:38:44+00:00","mainEntityOfPage":{"@id":"https:\/\/sandzakpress.net\/arhiva\/sjenica-dobra-saradnja-sa-un\/"},"wordCount":300,"commentCount":0,"publisher":{"@id":"https:\/\/sandzakpress.net\/arhiva\/#\/schema\/person\/6e72b67d6e51910a1117b3b483ba20bd"},"image":{"@id":"https:\/\/sandzakpress.net\/arhiva\/sjenica-dobra-saradnja-sa-un\/#primaryimage"},"thumbnailUrl":"https:\/\/sandzakpress.net\/arhiva\/wp-content\/uploads\/2013\/12\/dobra-saradnja-sa-un.jpg","articleSection":["Politika","Sjenica"],"inLanguage":"bs-BA","potentialAction":[{"@type":"CommentAction","name":"Comment","target":["https:\/\/sandzakpress.net\/arhiva\/sjenica-dobra-saradnja-sa-un\/#respond"]}]},{"@type":"WebPage","@id":"https:\/\/sandzakpress.net\/arhiva\/sjenica-dobra-saradnja-sa-un\/","url":"https:\/\/sandzakpress.net\/arhiva\/sjenica-dobra-saradnja-sa-un\/","name":"Sjenica: Dobra saradnja sa UN","isPartOf":{"@id":"https:\/\/sandzakpress.net\/arhiva\/#website"},"primaryImageOfPage":{"@id":"https:\/\/sandzakpress.net\/arhiva\/sjenica-dobra-saradnja-sa-un\/#primaryimage"},"image":{"@id":"https:\/\/sandzakpress.net\/arhiva\/sjenica-dobra-saradnja-sa-un\/#primaryimage"},"thumbnailUrl":"https:\/\/sandzakpress.net\/arhiva\/wp-content\/uploads\/2013\/12\/dobra-saradnja-sa-un.jpg","datePublished":"2013-12-04T15:38:44+00:00","breadcrumb":{"@id":"https:\/\/sandzakpress.net\/arhiva\/sjenica-dobra-saradnja-sa-un\/#breadcrumb"},"inLanguage":"bs-BA","potentialAction":[{"@type":"ReadAction","target":["https:\/\/sandzakpress.net\/arhiva\/sjenica-dobra-saradnja-sa-un\/"]}]},{"@type":"ImageObject","inLanguage":"bs-BA","@id":"https:\/\/sandzakpress.net\/arhiva\/sjenica-dobra-saradnja-sa-un\/#primaryimage","url":"https:\/\/sandzakpress.net\/arhiva\/wp-content\/uploads\/2013\/12\/dobra-saradnja-sa-un.jpg","contentUrl":"https:\/\/sandzakpress.net\/arhiva\/wp-content\/uploads\/2013\/12\/dobra-saradnja-sa-un.jpg","width":450,"height":302},{"@type":"BreadcrumbList","@id":"https:\/\/sandzakpress.net\/arhiva\/sjenica-dobra-saradnja-sa-un\/#breadcrumb","itemListElement":[{"@type":"ListItem","position":1,"name":"Home","item":"https:\/\/sandzakpress.net\/arhiva\/"},{"@type":"ListItem","position":2,"name":"Sjenica: Dobra saradnja sa UN"}]},{"@type":"WebSite","@id":"https:\/\/sandzakpress.net\/arhiva\/#website","url":"https:\/\/sandzakpress.net\/arhiva\/","name":"Sand\u017eak PRESS","description":"Prve elektronske novine u Sand\u017eaku","publisher":{"@id":"https:\/\/sandzakpress.net\/arhiva\/#\/schema\/person\/6e72b67d6e51910a1117b3b483ba20bd"},"potentialAction":[{"@type":"SearchAction","target":{"@type":"EntryPoint","urlTemplate":"https:\/\/sandzakpress.net\/arhiva\/?s={search_term_string}"},"query-input":{"@type":"PropertyValueSpecification","valueRequired":true,"valueName":"search_term_string"}}],"inLanguage":"bs-BA"},{"@type":["Person","Organization"],"@id":"https:\/\/sandzakpress.net\/arhiva\/#\/schema\/person\/6e72b67d6e51910a1117b3b483ba20bd","name":"Kul","image":{"@type":"ImageObject","inLanguage":"bs-BA","@id":"https:\/\/sandzakpress.net\/arhiva\/#\/schema\/person\/image\/","url":"https:\/\/secure.gravatar.com\/avatar\/42263f39aa27ac04c43cab85c280eb2e?s=96&d=mm&r=pg","contentUrl":"https:\/\/secure.gravatar.com\/avatar\/42263f39aa27ac04c43cab85c280eb2e?s=96&d=mm&r=pg","caption":"Kul"},"logo":{"@id":"https:\/\/sandzakpress.net\/arhiva\/#\/schema\/person\/image\/"}},{"@type":"Person","@id":"https:\/\/sandzakpress.net\/arhiva\/#\/schema\/person\/c8baee722073534b583ea7bdb2e36c02","name":"bosniak","image":{"@type":"ImageObject","inLanguage":"bs-BA","@id":"https:\/\/sandzakpress.net\/arhiva\/#\/schema\/person\/image\/","url":"https:\/\/secure.gravatar.com\/avatar\/a04fd330bfe3a36a72a0ad4a6d89fca7?s=96&d=mm&r=pg","contentUrl":"https:\/\/secure.gravatar.com\/avatar\/a04fd330bfe3a36a72a0ad4a6d89fca7?s=96&d=mm&r=pg","caption":"bosniak"},"url":"https:\/\/sandzakpress.net\/arhiva\/author\/bosniak\/"}]}},"_links":{"self":[{"href":"https:\/\/sandzakpress.net\/arhiva\/wp-json\/wp\/v2\/posts\/97241"}],"collection":[{"href":"https:\/\/sandzakpress.net\/arhiva\/wp-json\/wp\/v2\/posts"}],"about":[{"href":"https:\/\/sandzakpress.net\/arhiva\/wp-json\/wp\/v2\/types\/post"}],"author":[{"embeddable":true,"href":"https:\/\/sandzakpress.net\/arhiva\/wp-json\/wp\/v2\/users\/83"}],"replies":[{"embeddable":true,"href":"https:\/\/sandzakpress.net\/arhiva\/wp-json\/wp\/v2\/comments?post=97241"}],"version-history":[{"count":0,"href":"https:\/\/sandzakpress.net\/arhiva\/wp-json\/wp\/v2\/posts\/97241\/revisions"}],"wp:featuredmedia":[{"embeddable":true,"href":"https:\/\/sandzakpress.net\/arhiva\/wp-json\/wp\/v2\/media\/97242"}],"wp:attachment":[{"href":"https:\/\/sandzakpress.net\/arhiva\/wp-json\/wp\/v2\/media?parent=97241"}],"wp:term":[{"taxonomy":"category","embeddable":true,"href":"https:\/\/sandzakpress.net\/arhiva\/wp-json\/wp\/v2\/categories?post=97241"},{"taxonomy":"post_tag","embeddable":true,"href":"https:\/\/sandzakpress.net\/arhiva\/wp-json\/wp\/v2\/tags?post=97241"}],"curies":[{"name":"wp","href":"https:\/\/api.w.org\/{rel}","templated":true}]}}