{"id":97123,"date":"2013-12-03T18:05:22","date_gmt":"2013-12-03T17:05:22","guid":{"rendered":"https:\/\/sandzakpress.net\/arhiva\/?p=97123"},"modified":"2013-12-03T18:05:22","modified_gmt":"2013-12-03T17:05:22","slug":"gradani-ogorceni-gusinje-i-dalje-bez-opstine","status":"publish","type":"post","link":"https:\/\/sandzakpress.net\/arhiva\/gradani-ogorceni-gusinje-i-dalje-bez-opstine\/","title":{"rendered":"Gra\u0111ani ogor\u010deni: Gusinje i dalje bez op\u0161tine"},"content":{"rendered":"<div><strong><a href=\"https:\/\/sandzakpress.net\/arhiva\/wp-content\/uploads\/2013\/12\/gusinje.jpg\"><img loading=\"lazy\" decoding=\"async\" class=\"alignleft size-medium wp-image-97124\" alt=\"gusinje\" src=\"https:\/\/sandzakpress.net\/arhiva\/wp-content\/uploads\/2013\/12\/gusinje-300x220.jpg\" width=\"300\" height=\"220\" \/><\/a>Gusinje &#8211; Nakon \u0161to su uspje\u0161no sproveli referendum za povra\u0107aj statusa op\u0161tine, \u017eitelji Gusinja su vjerovali da \u0107e brzo, kako zakon i precizira, postati punopravna op\u0161tina. Me\u0111utim, to se nije desilo.\u00a0<\/strong><\/div>\n<div><\/div>\n<div>\n<div>\n<div>Regerendum odr\u017ean 8. januara<\/div>\n<\/div>\n<div>\n<p>&#8220;Gra\u0111ani Gusinja, Plava i Murine koji su glasali da Gusinje bude Op\u0161tina jednoglasno tra\u017ee od dr\u017eave,Vlade Crne Gore, premijera Mila \u0110ukanovi\u0107a da ispo\u0161tuje volju gra\u0111ana koja je iskazana na referendumu koji je odr\u017ean 8. januara 2013. i sa ukupnom izlaznosti od 33 odsto \u0161to je vi\u0161e nego dovoljno, proglase Gusinje Op\u0161tinom\u201c, poru\u010dili su iz Organizacionog odbora za povra\u0107aj statusa op\u0161tine Gusinje.<\/p>\n<p>U saop\u0161tenju Organizacionog odbora za povra\u0107aj statusa op\u0161tine Gusinje dostavljenom CdM-u isti\u010du da su sve uradili u roku i predali u zakonskom roku i ispo\u0161tovali proceduru koja je bila neophodna.<\/p>\n<p>\u201eStoga graani Gusinja o\u010dekuju da do 15. decembra Vlada donese odluku i preda Skup\u0161tini na glasanje prijedlog da Gusinje bude Op\u0161tina. Gra\u0111ani Gusinja su ogor\u010deni jer je sve ura\u0111eno po zakonu dr\u017eave Crne Gore, a jo\u0161 nema odgovora koji \u010dekaju 60 godina\u201c, naglasili su iz Organizacionog odbora.<\/p>\n<p>Oni su najavili da ukoliko Vlada ne donese odluku gra\u0111ani Gusinja \u0107e se okupiti 14. decembra u Domu lulture i izkazati svoje nezadovoljstvo i tra\u017eiti da neko snosi odgovornost \u0161to Gusinje postaje presedan u svim pravilima jedne samostalne dr\u017eave.<\/p>\n<p>(CDM)<\/p>\n<\/div>\n<\/div>\n","protected":false},"excerpt":{"rendered":"<p>Gusinje &#8211; Nakon \u0161to su uspje\u0161no sproveli referendum za povra\u0107aj statusa op\u0161tine, \u017eitelji Gusinja su vjerovali da \u0107e brzo, kako zakon i precizira, postati punopravna op\u0161tina. Me\u0111utim, to se nije desilo.\u00a0 Regerendum odr\u017ean 8. januara &#8220;Gra\u0111ani Gusinja, Plava i Murine koji su glasali da Gusinje bude Op\u0161tina jednoglasno tra\u017ee od dr\u017eave,Vlade Crne Gore, premijera Mila [&hellip;]<\/p>\n","protected":false},"author":83,"featured_media":97125,"comment_status":"open","ping_status":"open","sticky":false,"template":"","format":"standard","meta":{"footnotes":""},"categories":[1,10173],"tags":[],"class_list":{"0":"post-97123","1":"post","2":"type-post","3":"status-publish","4":"format-standard","5":"has-post-thumbnail","7":"category-politika","8":"category-gusinje-vase-vijesti"},"yoast_head":"<!-- This site is optimized with the Yoast SEO Premium plugin v23.1 (Yoast SEO v24.9) - https:\/\/yoast.com\/wordpress\/plugins\/seo\/ -->\n<title>Gra\u0111ani ogor\u010deni: Gusinje i dalje bez op\u0161tine<\/title>\n<meta name=\"robots\" content=\"index, follow, max-snippet:-1, max-image-preview:large, max-video-preview:-1\" \/>\n<link rel=\"canonical\" href=\"https:\/\/sandzakpress.net\/arhiva\/gradani-ogorceni-gusinje-i-dalje-bez-opstine\/\" \/>\n<meta property=\"og:locale\" content=\"bs_BA\" \/>\n<meta property=\"og:type\" content=\"article\" \/>\n<meta property=\"og:title\" content=\"Gra\u0111ani ogor\u010deni: Gusinje i dalje bez op\u0161tine\" \/>\n<meta property=\"og:description\" content=\"Gusinje &#8211; Nakon \u0161to su uspje\u0161no sproveli referendum za povra\u0107aj statusa op\u0161tine, \u017eitelji Gusinja su vjerovali da \u0107e brzo, kako zakon i precizira, postati punopravna op\u0161tina. Me\u0111utim, to se nije desilo.\u00a0 Regerendum odr\u017ean 8. januara &#8220;Gra\u0111ani Gusinja, Plava i Murine koji su glasali da Gusinje bude Op\u0161tina jednoglasno tra\u017ee od dr\u017eave,Vlade Crne Gore, premijera Mila [&hellip;]\" \/>\n<meta property=\"og:url\" content=\"https:\/\/sandzakpress.net\/arhiva\/gradani-ogorceni-gusinje-i-dalje-bez-opstine\/\" \/>\n<meta property=\"og:site_name\" content=\"Sand\u017eak PRESS\" \/>\n<meta property=\"article:published_time\" content=\"2013-12-03T17:05:22+00:00\" \/>\n<meta property=\"og:image\" content=\"https:\/\/sandzakpress.net\/arhiva\/wp-content\/uploads\/2013\/12\/gusinje-300x2201.jpg\" \/>\n\t<meta property=\"og:image:width\" content=\"300\" \/>\n\t<meta property=\"og:image:height\" content=\"220\" \/>\n\t<meta property=\"og:image:type\" content=\"image\/jpeg\" \/>\n<meta name=\"author\" content=\"bosniak\" \/>\n<meta name=\"twitter:card\" content=\"summary_large_image\" \/>\n<meta name=\"twitter:label1\" content=\"Written by\" \/>\n\t<meta name=\"twitter:data1\" content=\"bosniak\" \/>\n\t<meta name=\"twitter:label2\" content=\"Est. reading time\" \/>\n\t<meta name=\"twitter:data2\" content=\"1 minuta\" \/>\n<script type=\"application\/ld+json\" class=\"yoast-schema-graph\">{\"@context\":\"https:\/\/schema.org\",\"@graph\":[{\"@type\":\"Article\",\"@id\":\"https:\/\/sandzakpress.net\/arhiva\/gradani-ogorceni-gusinje-i-dalje-bez-opstine\/#article\",\"isPartOf\":{\"@id\":\"https:\/\/sandzakpress.net\/arhiva\/gradani-ogorceni-gusinje-i-dalje-bez-opstine\/\"},\"author\":{\"name\":\"bosniak\",\"@id\":\"https:\/\/sandzakpress.net\/arhiva\/#\/schema\/person\/c8baee722073534b583ea7bdb2e36c02\"},\"headline\":\"Gra\u0111ani ogor\u010deni: Gusinje i dalje bez op\u0161tine\",\"datePublished\":\"2013-12-03T17:05:22+00:00\",\"mainEntityOfPage\":{\"@id\":\"https:\/\/sandzakpress.net\/arhiva\/gradani-ogorceni-gusinje-i-dalje-bez-opstine\/\"},\"wordCount\":251,\"commentCount\":0,\"publisher\":{\"@id\":\"https:\/\/sandzakpress.net\/arhiva\/#\/schema\/person\/6e72b67d6e51910a1117b3b483ba20bd\"},\"image\":{\"@id\":\"https:\/\/sandzakpress.net\/arhiva\/gradani-ogorceni-gusinje-i-dalje-bez-opstine\/#primaryimage\"},\"thumbnailUrl\":\"https:\/\/sandzakpress.net\/arhiva\/wp-content\/uploads\/2013\/12\/gusinje-300x2201.jpg\",\"articleSection\":[\"Politika\",\"Gusinje\"],\"inLanguage\":\"bs-BA\",\"potentialAction\":[{\"@type\":\"CommentAction\",\"name\":\"Comment\",\"target\":[\"https:\/\/sandzakpress.net\/arhiva\/gradani-ogorceni-gusinje-i-dalje-bez-opstine\/#respond\"]}]},{\"@type\":\"WebPage\",\"@id\":\"https:\/\/sandzakpress.net\/arhiva\/gradani-ogorceni-gusinje-i-dalje-bez-opstine\/\",\"url\":\"https:\/\/sandzakpress.net\/arhiva\/gradani-ogorceni-gusinje-i-dalje-bez-opstine\/\",\"name\":\"Gra\u0111ani ogor\u010deni: Gusinje i dalje bez op\u0161tine\",\"isPartOf\":{\"@id\":\"https:\/\/sandzakpress.net\/arhiva\/#website\"},\"primaryImageOfPage\":{\"@id\":\"https:\/\/sandzakpress.net\/arhiva\/gradani-ogorceni-gusinje-i-dalje-bez-opstine\/#primaryimage\"},\"image\":{\"@id\":\"https:\/\/sandzakpress.net\/arhiva\/gradani-ogorceni-gusinje-i-dalje-bez-opstine\/#primaryimage\"},\"thumbnailUrl\":\"https:\/\/sandzakpress.net\/arhiva\/wp-content\/uploads\/2013\/12\/gusinje-300x2201.jpg\",\"datePublished\":\"2013-12-03T17:05:22+00:00\",\"breadcrumb\":{\"@id\":\"https:\/\/sandzakpress.net\/arhiva\/gradani-ogorceni-gusinje-i-dalje-bez-opstine\/#breadcrumb\"},\"inLanguage\":\"bs-BA\",\"potentialAction\":[{\"@type\":\"ReadAction\",\"target\":[\"https:\/\/sandzakpress.net\/arhiva\/gradani-ogorceni-gusinje-i-dalje-bez-opstine\/\"]}]},{\"@type\":\"ImageObject\",\"inLanguage\":\"bs-BA\",\"@id\":\"https:\/\/sandzakpress.net\/arhiva\/gradani-ogorceni-gusinje-i-dalje-bez-opstine\/#primaryimage\",\"url\":\"https:\/\/sandzakpress.net\/arhiva\/wp-content\/uploads\/2013\/12\/gusinje-300x2201.jpg\",\"contentUrl\":\"https:\/\/sandzakpress.net\/arhiva\/wp-content\/uploads\/2013\/12\/gusinje-300x2201.jpg\",\"width\":300,\"height\":220},{\"@type\":\"BreadcrumbList\",\"@id\":\"https:\/\/sandzakpress.net\/arhiva\/gradani-ogorceni-gusinje-i-dalje-bez-opstine\/#breadcrumb\",\"itemListElement\":[{\"@type\":\"ListItem\",\"position\":1,\"name\":\"Home\",\"item\":\"https:\/\/sandzakpress.net\/arhiva\/\"},{\"@type\":\"ListItem\",\"position\":2,\"name\":\"Gra\u0111ani ogor\u010deni: Gusinje i dalje bez op\u0161tine\"}]},{\"@type\":\"WebSite\",\"@id\":\"https:\/\/sandzakpress.net\/arhiva\/#website\",\"url\":\"https:\/\/sandzakpress.net\/arhiva\/\",\"name\":\"Sand\u017eak PRESS\",\"description\":\"Prve elektronske novine u Sand\u017eaku\",\"publisher\":{\"@id\":\"https:\/\/sandzakpress.net\/arhiva\/#\/schema\/person\/6e72b67d6e51910a1117b3b483ba20bd\"},\"potentialAction\":[{\"@type\":\"SearchAction\",\"target\":{\"@type\":\"EntryPoint\",\"urlTemplate\":\"https:\/\/sandzakpress.net\/arhiva\/?s={search_term_string}\"},\"query-input\":{\"@type\":\"PropertyValueSpecification\",\"valueRequired\":true,\"valueName\":\"search_term_string\"}}],\"inLanguage\":\"bs-BA\"},{\"@type\":[\"Person\",\"Organization\"],\"@id\":\"https:\/\/sandzakpress.net\/arhiva\/#\/schema\/person\/6e72b67d6e51910a1117b3b483ba20bd\",\"name\":\"Kul\",\"image\":{\"@type\":\"ImageObject\",\"inLanguage\":\"bs-BA\",\"@id\":\"https:\/\/sandzakpress.net\/arhiva\/#\/schema\/person\/image\/\",\"url\":\"https:\/\/secure.gravatar.com\/avatar\/42263f39aa27ac04c43cab85c280eb2e?s=96&d=mm&r=pg\",\"contentUrl\":\"https:\/\/secure.gravatar.com\/avatar\/42263f39aa27ac04c43cab85c280eb2e?s=96&d=mm&r=pg\",\"caption\":\"Kul\"},\"logo\":{\"@id\":\"https:\/\/sandzakpress.net\/arhiva\/#\/schema\/person\/image\/\"}},{\"@type\":\"Person\",\"@id\":\"https:\/\/sandzakpress.net\/arhiva\/#\/schema\/person\/c8baee722073534b583ea7bdb2e36c02\",\"name\":\"bosniak\",\"image\":{\"@type\":\"ImageObject\",\"inLanguage\":\"bs-BA\",\"@id\":\"https:\/\/sandzakpress.net\/arhiva\/#\/schema\/person\/image\/\",\"url\":\"https:\/\/secure.gravatar.com\/avatar\/a04fd330bfe3a36a72a0ad4a6d89fca7?s=96&d=mm&r=pg\",\"contentUrl\":\"https:\/\/secure.gravatar.com\/avatar\/a04fd330bfe3a36a72a0ad4a6d89fca7?s=96&d=mm&r=pg\",\"caption\":\"bosniak\"},\"url\":\"https:\/\/sandzakpress.net\/arhiva\/author\/bosniak\/\"}]}<\/script>\n<!-- \/ Yoast SEO Premium plugin. -->","yoast_head_json":{"title":"Gra\u0111ani ogor\u010deni: Gusinje i dalje bez op\u0161tine","robots":{"index":"index","follow":"follow","max-snippet":"max-snippet:-1","max-image-preview":"max-image-preview:large","max-video-preview":"max-video-preview:-1"},"canonical":"https:\/\/sandzakpress.net\/arhiva\/gradani-ogorceni-gusinje-i-dalje-bez-opstine\/","og_locale":"bs_BA","og_type":"article","og_title":"Gra\u0111ani ogor\u010deni: Gusinje i dalje bez op\u0161tine","og_description":"Gusinje &#8211; Nakon \u0161to su uspje\u0161no sproveli referendum za povra\u0107aj statusa op\u0161tine, \u017eitelji Gusinja su vjerovali da \u0107e brzo, kako zakon i precizira, postati punopravna op\u0161tina. Me\u0111utim, to se nije desilo.\u00a0 Regerendum odr\u017ean 8. januara &#8220;Gra\u0111ani Gusinja, Plava i Murine koji su glasali da Gusinje bude Op\u0161tina jednoglasno tra\u017ee od dr\u017eave,Vlade Crne Gore, premijera Mila [&hellip;]","og_url":"https:\/\/sandzakpress.net\/arhiva\/gradani-ogorceni-gusinje-i-dalje-bez-opstine\/","og_site_name":"Sand\u017eak PRESS","article_published_time":"2013-12-03T17:05:22+00:00","og_image":[{"width":300,"height":220,"url":"https:\/\/sandzakpress.net\/arhiva\/wp-content\/uploads\/2013\/12\/gusinje-300x2201.jpg","type":"image\/jpeg"}],"author":"bosniak","twitter_card":"summary_large_image","twitter_misc":{"Written by":"bosniak","Est. reading time":"1 minuta"},"schema":{"@context":"https:\/\/schema.org","@graph":[{"@type":"Article","@id":"https:\/\/sandzakpress.net\/arhiva\/gradani-ogorceni-gusinje-i-dalje-bez-opstine\/#article","isPartOf":{"@id":"https:\/\/sandzakpress.net\/arhiva\/gradani-ogorceni-gusinje-i-dalje-bez-opstine\/"},"author":{"name":"bosniak","@id":"https:\/\/sandzakpress.net\/arhiva\/#\/schema\/person\/c8baee722073534b583ea7bdb2e36c02"},"headline":"Gra\u0111ani ogor\u010deni: Gusinje i dalje bez op\u0161tine","datePublished":"2013-12-03T17:05:22+00:00","mainEntityOfPage":{"@id":"https:\/\/sandzakpress.net\/arhiva\/gradani-ogorceni-gusinje-i-dalje-bez-opstine\/"},"wordCount":251,"commentCount":0,"publisher":{"@id":"https:\/\/sandzakpress.net\/arhiva\/#\/schema\/person\/6e72b67d6e51910a1117b3b483ba20bd"},"image":{"@id":"https:\/\/sandzakpress.net\/arhiva\/gradani-ogorceni-gusinje-i-dalje-bez-opstine\/#primaryimage"},"thumbnailUrl":"https:\/\/sandzakpress.net\/arhiva\/wp-content\/uploads\/2013\/12\/gusinje-300x2201.jpg","articleSection":["Politika","Gusinje"],"inLanguage":"bs-BA","potentialAction":[{"@type":"CommentAction","name":"Comment","target":["https:\/\/sandzakpress.net\/arhiva\/gradani-ogorceni-gusinje-i-dalje-bez-opstine\/#respond"]}]},{"@type":"WebPage","@id":"https:\/\/sandzakpress.net\/arhiva\/gradani-ogorceni-gusinje-i-dalje-bez-opstine\/","url":"https:\/\/sandzakpress.net\/arhiva\/gradani-ogorceni-gusinje-i-dalje-bez-opstine\/","name":"Gra\u0111ani ogor\u010deni: Gusinje i dalje bez op\u0161tine","isPartOf":{"@id":"https:\/\/sandzakpress.net\/arhiva\/#website"},"primaryImageOfPage":{"@id":"https:\/\/sandzakpress.net\/arhiva\/gradani-ogorceni-gusinje-i-dalje-bez-opstine\/#primaryimage"},"image":{"@id":"https:\/\/sandzakpress.net\/arhiva\/gradani-ogorceni-gusinje-i-dalje-bez-opstine\/#primaryimage"},"thumbnailUrl":"https:\/\/sandzakpress.net\/arhiva\/wp-content\/uploads\/2013\/12\/gusinje-300x2201.jpg","datePublished":"2013-12-03T17:05:22+00:00","breadcrumb":{"@id":"https:\/\/sandzakpress.net\/arhiva\/gradani-ogorceni-gusinje-i-dalje-bez-opstine\/#breadcrumb"},"inLanguage":"bs-BA","potentialAction":[{"@type":"ReadAction","target":["https:\/\/sandzakpress.net\/arhiva\/gradani-ogorceni-gusinje-i-dalje-bez-opstine\/"]}]},{"@type":"ImageObject","inLanguage":"bs-BA","@id":"https:\/\/sandzakpress.net\/arhiva\/gradani-ogorceni-gusinje-i-dalje-bez-opstine\/#primaryimage","url":"https:\/\/sandzakpress.net\/arhiva\/wp-content\/uploads\/2013\/12\/gusinje-300x2201.jpg","contentUrl":"https:\/\/sandzakpress.net\/arhiva\/wp-content\/uploads\/2013\/12\/gusinje-300x2201.jpg","width":300,"height":220},{"@type":"BreadcrumbList","@id":"https:\/\/sandzakpress.net\/arhiva\/gradani-ogorceni-gusinje-i-dalje-bez-opstine\/#breadcrumb","itemListElement":[{"@type":"ListItem","position":1,"name":"Home","item":"https:\/\/sandzakpress.net\/arhiva\/"},{"@type":"ListItem","position":2,"name":"Gra\u0111ani ogor\u010deni: Gusinje i dalje bez op\u0161tine"}]},{"@type":"WebSite","@id":"https:\/\/sandzakpress.net\/arhiva\/#website","url":"https:\/\/sandzakpress.net\/arhiva\/","name":"Sand\u017eak PRESS","description":"Prve elektronske novine u Sand\u017eaku","publisher":{"@id":"https:\/\/sandzakpress.net\/arhiva\/#\/schema\/person\/6e72b67d6e51910a1117b3b483ba20bd"},"potentialAction":[{"@type":"SearchAction","target":{"@type":"EntryPoint","urlTemplate":"https:\/\/sandzakpress.net\/arhiva\/?s={search_term_string}"},"query-input":{"@type":"PropertyValueSpecification","valueRequired":true,"valueName":"search_term_string"}}],"inLanguage":"bs-BA"},{"@type":["Person","Organization"],"@id":"https:\/\/sandzakpress.net\/arhiva\/#\/schema\/person\/6e72b67d6e51910a1117b3b483ba20bd","name":"Kul","image":{"@type":"ImageObject","inLanguage":"bs-BA","@id":"https:\/\/sandzakpress.net\/arhiva\/#\/schema\/person\/image\/","url":"https:\/\/secure.gravatar.com\/avatar\/42263f39aa27ac04c43cab85c280eb2e?s=96&d=mm&r=pg","contentUrl":"https:\/\/secure.gravatar.com\/avatar\/42263f39aa27ac04c43cab85c280eb2e?s=96&d=mm&r=pg","caption":"Kul"},"logo":{"@id":"https:\/\/sandzakpress.net\/arhiva\/#\/schema\/person\/image\/"}},{"@type":"Person","@id":"https:\/\/sandzakpress.net\/arhiva\/#\/schema\/person\/c8baee722073534b583ea7bdb2e36c02","name":"bosniak","image":{"@type":"ImageObject","inLanguage":"bs-BA","@id":"https:\/\/sandzakpress.net\/arhiva\/#\/schema\/person\/image\/","url":"https:\/\/secure.gravatar.com\/avatar\/a04fd330bfe3a36a72a0ad4a6d89fca7?s=96&d=mm&r=pg","contentUrl":"https:\/\/secure.gravatar.com\/avatar\/a04fd330bfe3a36a72a0ad4a6d89fca7?s=96&d=mm&r=pg","caption":"bosniak"},"url":"https:\/\/sandzakpress.net\/arhiva\/author\/bosniak\/"}]}},"_links":{"self":[{"href":"https:\/\/sandzakpress.net\/arhiva\/wp-json\/wp\/v2\/posts\/97123"}],"collection":[{"href":"https:\/\/sandzakpress.net\/arhiva\/wp-json\/wp\/v2\/posts"}],"about":[{"href":"https:\/\/sandzakpress.net\/arhiva\/wp-json\/wp\/v2\/types\/post"}],"author":[{"embeddable":true,"href":"https:\/\/sandzakpress.net\/arhiva\/wp-json\/wp\/v2\/users\/83"}],"replies":[{"embeddable":true,"href":"https:\/\/sandzakpress.net\/arhiva\/wp-json\/wp\/v2\/comments?post=97123"}],"version-history":[{"count":0,"href":"https:\/\/sandzakpress.net\/arhiva\/wp-json\/wp\/v2\/posts\/97123\/revisions"}],"wp:featuredmedia":[{"embeddable":true,"href":"https:\/\/sandzakpress.net\/arhiva\/wp-json\/wp\/v2\/media\/97125"}],"wp:attachment":[{"href":"https:\/\/sandzakpress.net\/arhiva\/wp-json\/wp\/v2\/media?parent=97123"}],"wp:term":[{"taxonomy":"category","embeddable":true,"href":"https:\/\/sandzakpress.net\/arhiva\/wp-json\/wp\/v2\/categories?post=97123"},{"taxonomy":"post_tag","embeddable":true,"href":"https:\/\/sandzakpress.net\/arhiva\/wp-json\/wp\/v2\/tags?post=97123"}],"curies":[{"name":"wp","href":"https:\/\/api.w.org\/{rel}","templated":true}]}}