{"id":9706,"date":"2010-11-10T22:42:50","date_gmt":"2010-11-10T21:42:50","guid":{"rendered":"https:\/\/sandzakpress.net\/arhiva\/?p=9706"},"modified":"2010-11-10T22:42:50","modified_gmt":"2010-11-10T21:42:50","slug":"eu-treba-tursku-mnogo-vise-nego-sto-turska-treba-eu","status":"publish","type":"post","link":"https:\/\/sandzakpress.net\/arhiva\/eu-treba-tursku-mnogo-vise-nego-sto-turska-treba-eu\/","title":{"rendered":"EU treba Tursku mnogo vi\u0161e nego \u0161to Turska treba EU"},"content":{"rendered":"<p><strong><a href=\"https:\/\/sandzakpress.net\/arhiva\/wp-content\/uploads\/2010\/11\/turkey.jpg\"><img loading=\"lazy\" decoding=\"async\" class=\"alignleft size-full wp-image-9707\" title=\"turkey\" src=\"https:\/\/sandzakpress.net\/arhiva\/wp-content\/uploads\/2010\/11\/turkey.jpg\" alt=\"\" width=\"181\" height=\"93\" \/><\/a>London &#8211;<\/strong> Biv\u0161i britanski ministar vanjskih poslova Jack Straw u komentaru za  londonski Times u ponedjeljak pi\u0161e da Turska bez ikakvih uslovljavanja  mora postati \u010dlanica Evropske unije.     Tekst prenosimo u cjelini. Kipar je samo izgovor onima koji ne mogu  svariti \u010dinjenicu da bi muslimanska zemlja mogla biti primljena u  Evropsku uniju. Najva\u017enija strate\u0161ka odluka s kojom se suo\u010dava Evropska  unija je njen budu\u0107i odnos sa Turskom. Stav Velike Britanije je odavno  jasan- punopravno \u010dlanstvo Turske u EU \u0161to je br\u017ee mogu\u0107e. David Cameron  je u junu izjavio da je nu\u017eno \u201esvesrdno nastaviti razmatrati \u010dlanstvo  Turske u Evropskoj uniji\u201c. Nedvosmislena podr\u0161ka Velike Britanije  Turskoj \u0107e biti podcrtana ovosedmi\u010dnom posjetom turskog predsjednika  Abdullaha G\u00fcla britanskoj Kraljici koja \u0107e mu dodijeliti nagradu  \u201eChatham House\u201c.<\/p>\n<p>Prije \u010detrdeset i \u0161est godina Turska je prvi put  dala znak da se \u017eeli priklju\u010diti Evropskoj uniji, ali tek 2005.godine  su se po\u010deli doga\u0111ati pomaci prema tom cilju. Pregovori su zapo\u010deli jo\u0161  za vrijeme britanskog predsjedavanja Evropskom unijom &#8211; svih 27 \u010dlanica  se 3. oktobra 2005.godine slo\u017eilo da \u0107e aktivno po\u010deti pristupne  pregovore s Turskom.<\/p>\n<p>Ali entuzijazam je splasnuo i to sa katastrofalnim posljedicama.<\/p>\n<p>Robert  Gates, ameri\u010dki sekretar odbrane je izjavio da bi Turska mogla biti  udaljena od evropskih integracija zbog odbijanja da prihvati stro\u017eije  sankcije Iranu. Ali odluka iz 2005. da se prihvati Turska se nije  promijenila. To \u201eudaljavanje\u201c je uslijedilo zbog toga \u0161to je budu\u0107nost  Turske u Evropi (s populacijom od 74 miliona stanovnika) taoc pregovora  sa Kiprom (s populacijom koju sa\u010dinjava 750.000 Grka i 250.000 Turaka).<\/p>\n<p>Kipar  je me\u0111unarodno priznata suverena dr\u017eava. Ali odluke vlade Kipra se  odnose samo na ju\u017eni dio otoka, jo\u0161 od 1974.godine kada je turska vojska  zauzela ve\u0107inski turski sjever. \u201eZelena linija\u201c UN-a ide kroz sredi\u0161te  glavnog grada Nikozije, pri \u010demu sjevernim dijelom upravlja vlada  me\u0111unarodno nepriznate \u201eTurske Republike Sjeverni Kipar\u201c (TRNC), sa  hiljadama turskih trupa koje su tamo locirane.<\/p>\n<p>Postoje dvije  pri\u010de: jedna o \u201eneopravdanoj\u201c turskoj invaziji, a druga o \u201enasilnom  progonu\u201c turske manjine od strane gr\u010dke ve\u0107ine. Obje pri\u010de su djelimi\u010dno  istinite, ali iz razloga \u0161to je gr\u010dki Kipar primljen u Evropsku uniju,  njihova pri\u010da dominira prilikom odlu\u010divanja o sudbini Turske.<\/p>\n<p>Od  trideset i pet poglavlja Sporazuma o stabilizaciji i pridru\u017eivanju,  klju\u010dnih osamnaest je blokirano ili zamrznuto- osam je blokirala EU  svojim formalnim odlukama, \u010detiri je blokirala Francuska, a \u0161est Kipar.  Francuzi se protive turskom \u010dlanstvu u EU, ali njihov glavni prigovor  (da je Turska 98 posto muslimanaska zemlja) bi bilo vrlo lako odbaciti  da nema ovog prigodnog izgovora koji nudi Kipar.<br \/>\n<strong><br \/>\nEU treba Tursku<\/strong><\/p>\n<p>Sve  navedene blokade se uvjerljivo obrazla\u017eu turskim neuspjesima ili  neuspjesima \u201eTurske republike Sjeverni Kipar\u201c dok su neuspjesi Evropske  unije ili Kipra ostavljeni sa strane.<br \/>\nPredsjednik Kipra Tassos  Papadopulos je 2004.godine potpisao Sporazum o referendumu kojim se  odlu\u010divalo o dono\u0161enju novog ustava prihva\u0107enog s obje strane. Nakon  toga je lobirao da se ustav ne izglasa i za to je paradoksalno bio  nagra\u0111en \u010dlanstvom u EU dok turskim Kipranima koji su glasali za novi  ustav sve\u010dana obe\u0107anja Evropske unije nisu ispunjena.<\/p>\n<p>Turska je  priznala da bi zbog svoje veli\u010dine i razlika u naknadama i tro\u0161kovima  trebala decenijama biti zemlja u tranziciji, posebno u oblasti slobodnog  tr\u017ei\u0161ta rada, \u0161to je Evropska unija tretirala mnogo stro\u017eije u slu\u010daju  Turske u odnosu na ostale zemlje \u010dlanice.<\/p>\n<p>Uzmimo u obzir Bugarsku  i Rumuniju. Te dvije zemlje su primljene u Evropsku uniju 2007.godine  nakon \u0161to su \u010dekale samo deset godina. Njihova prosje\u010dna primanja po  glavi stanovnika su sli\u010dna prosje\u010dnim primanjima u Turskoj. Jo\u0161 uvijek  postoji ozbiljna zabrinutost zbog korupcije i neadekvatnih pravnih  sistema ove dvije zemlje. Ipak, Evropska unija je odlu\u010dila da zanemari  neke od ovih problema zbog \u201evi\u0161ih ciljeva\u201c. Drugim rije\u010dima, EU je  pokazala da ima prakti\u010dnu viziju koja je u slu\u010daju Turske na\u017ealost  izostala.<\/p>\n<p>Specijalni predstavnici UN-a su u\u010dinili velike napore  da izna\u0111u rje\u0161enje za Kipar koji vide kao \u201edvozonsku, dvokomunalnu  federaciju s politi\u010dkom jednako\u0161\u0107u\u201c. Ovaj zadatak je sad u rukama  Alexandra Downera, biv\u0161eg australijskog ministra vanjskih poslova. On je  talentovan i iskusan i mogao bi posti\u0107i uspjeh.<\/p>\n<p>Predsjednik  gr\u010dkog dijela Kipra Demetris Christofias i Predsjednik Turske republike  Sjeverni Kipar Dervis Eroglu su sljede\u0107e sedmice najavili razgovore za  generalnim sekretarom UN-a. Trebamo se moliti za uspjeh. Ali \u0161anse za  postizanje dogovora bi bile ve\u0107e kad bi me\u0111unarodna zajednica razbila  tabu i javno priznala da, ukoliko nije mogu\u0107a politi\u010dka jednakost unutar  jedne zemlje, Kipar treba biti podijeljen na dva dijela- sjeverni i  ju\u017eni.<\/p>\n<p>Vrijeme je da Vlada Velike Britanije formalno razmotri  podjelu Kipra ukoliko razgovori ne budu uspje\u0161ni. Ovo \u0107e biti vrlo  kontroverzno i u UN-u i u Evropskoj uniji. Rusija \u0107e se kao i u slu\u010daju  Kosova \u017eestoko protiviti. Ali koliko dugo UN i EU mogu tolerisati ovakav  pristup \u010dija je jedna posljedica do sad bilo paraliziranje razvoja  odnosa sa Turskom.<\/p>\n<p>Vjerovao sam da \u0107e gr\u010dki dio Kipra koji je u  Evropskoj uniji pomo\u0107i procesu pomirenja. Ali to se u stvarnosti nije  pokazalo. Kada su nas odluke Kipra iz 2004.godine navele da promijenimo  mi\u0161ljenje, morali smo se suo\u010diti sa eksplicitnim prijetnjama Gr\u010dke da \u0107e  staviti veto na prijem svih ostalih zemalja (kao npr. Poljsku i  Ma\u0111arsku) ukoliko Kipar ne postane \u010dlanica.<\/p>\n<p>Ne mo\u017eemo vratiti  vrijeme, ali mo\u017eemo utjecati na budu\u0107nost. Evropska unija treba Tursku  mnogo vi\u0161e nego \u0161to Turska treba Evropsku uniju.<\/p>\n<p><strong>Izvor: islambosna.ba<\/strong><\/p>\n","protected":false},"excerpt":{"rendered":"<p>London &#8211; Biv\u0161i britanski ministar vanjskih poslova Jack Straw u komentaru za londonski Times u ponedjeljak pi\u0161e da Turska bez ikakvih uslovljavanja mora postati \u010dlanica Evropske unije. Tekst prenosimo u cjelini. Kipar je samo izgovor onima koji ne mogu svariti \u010dinjenicu da bi muslimanska zemlja mogla biti primljena u Evropsku uniju. Najva\u017enija strate\u0161ka odluka s [&hellip;]<\/p>\n","protected":false},"author":5,"featured_media":9707,"comment_status":"open","ping_status":"open","sticky":false,"template":"","format":"standard","meta":{"footnotes":""},"categories":[9],"tags":[],"class_list":{"0":"post-9706","1":"post","2":"type-post","3":"status-publish","4":"format-standard","5":"has-post-thumbnail","7":"category-svijet"},"yoast_head":"<!-- This site is optimized with the Yoast SEO Premium plugin v23.1 (Yoast SEO v24.9) - https:\/\/yoast.com\/wordpress\/plugins\/seo\/ -->\n<title>EU treba Tursku mnogo vi\u0161e nego \u0161to Turska treba EU<\/title>\n<meta name=\"robots\" content=\"index, follow, max-snippet:-1, max-image-preview:large, max-video-preview:-1\" \/>\n<link rel=\"canonical\" href=\"https:\/\/sandzakpress.net\/arhiva\/eu-treba-tursku-mnogo-vise-nego-sto-turska-treba-eu\/\" \/>\n<meta property=\"og:locale\" content=\"bs_BA\" \/>\n<meta property=\"og:type\" content=\"article\" \/>\n<meta property=\"og:title\" content=\"EU treba Tursku mnogo vi\u0161e nego \u0161to Turska treba EU\" \/>\n<meta property=\"og:description\" content=\"London &#8211; Biv\u0161i britanski ministar vanjskih poslova Jack Straw u komentaru za londonski Times u ponedjeljak pi\u0161e da Turska bez ikakvih uslovljavanja mora postati \u010dlanica Evropske unije. Tekst prenosimo u cjelini. Kipar je samo izgovor onima koji ne mogu svariti \u010dinjenicu da bi muslimanska zemlja mogla biti primljena u Evropsku uniju. Najva\u017enija strate\u0161ka odluka s [&hellip;]\" \/>\n<meta property=\"og:url\" content=\"https:\/\/sandzakpress.net\/arhiva\/eu-treba-tursku-mnogo-vise-nego-sto-turska-treba-eu\/\" \/>\n<meta property=\"og:site_name\" content=\"Sand\u017eak PRESS\" \/>\n<meta property=\"article:published_time\" content=\"2010-11-10T21:42:50+00:00\" \/>\n<meta property=\"og:image\" content=\"https:\/\/sandzakpress.net\/arhiva\/wp-content\/uploads\/2010\/11\/turkey.jpg\" \/>\n\t<meta property=\"og:image:width\" content=\"268\" \/>\n\t<meta property=\"og:image:height\" content=\"138\" \/>\n\t<meta property=\"og:image:type\" content=\"image\/jpeg\" \/>\n<meta name=\"twitter:card\" content=\"summary_large_image\" \/>\n<meta name=\"twitter:label1\" content=\"Written by\" \/>\n\t<meta name=\"twitter:data1\" content=\"\" \/>\n\t<meta name=\"twitter:label2\" content=\"Est. reading time\" \/>\n\t<meta name=\"twitter:data2\" content=\"5 minuta\" \/>\n<script type=\"application\/ld+json\" class=\"yoast-schema-graph\">{\"@context\":\"https:\/\/schema.org\",\"@graph\":[{\"@type\":\"Article\",\"@id\":\"https:\/\/sandzakpress.net\/arhiva\/eu-treba-tursku-mnogo-vise-nego-sto-turska-treba-eu\/#article\",\"isPartOf\":{\"@id\":\"https:\/\/sandzakpress.net\/arhiva\/eu-treba-tursku-mnogo-vise-nego-sto-turska-treba-eu\/\"},\"author\":{\"name\":\"\",\"@id\":\"\"},\"headline\":\"EU treba Tursku mnogo vi\u0161e nego \u0161to Turska treba EU\",\"datePublished\":\"2010-11-10T21:42:50+00:00\",\"mainEntityOfPage\":{\"@id\":\"https:\/\/sandzakpress.net\/arhiva\/eu-treba-tursku-mnogo-vise-nego-sto-turska-treba-eu\/\"},\"wordCount\":955,\"commentCount\":0,\"publisher\":{\"@id\":\"https:\/\/sandzakpress.net\/arhiva\/#\/schema\/person\/6e72b67d6e51910a1117b3b483ba20bd\"},\"image\":{\"@id\":\"https:\/\/sandzakpress.net\/arhiva\/eu-treba-tursku-mnogo-vise-nego-sto-turska-treba-eu\/#primaryimage\"},\"thumbnailUrl\":\"https:\/\/sandzakpress.net\/arhiva\/wp-content\/uploads\/2010\/11\/turkey.jpg\",\"articleSection\":[\"Svijet\"],\"inLanguage\":\"bs-BA\",\"potentialAction\":[{\"@type\":\"CommentAction\",\"name\":\"Comment\",\"target\":[\"https:\/\/sandzakpress.net\/arhiva\/eu-treba-tursku-mnogo-vise-nego-sto-turska-treba-eu\/#respond\"]}]},{\"@type\":\"WebPage\",\"@id\":\"https:\/\/sandzakpress.net\/arhiva\/eu-treba-tursku-mnogo-vise-nego-sto-turska-treba-eu\/\",\"url\":\"https:\/\/sandzakpress.net\/arhiva\/eu-treba-tursku-mnogo-vise-nego-sto-turska-treba-eu\/\",\"name\":\"EU treba Tursku mnogo vi\u0161e nego \u0161to Turska treba EU\",\"isPartOf\":{\"@id\":\"https:\/\/sandzakpress.net\/arhiva\/#website\"},\"primaryImageOfPage\":{\"@id\":\"https:\/\/sandzakpress.net\/arhiva\/eu-treba-tursku-mnogo-vise-nego-sto-turska-treba-eu\/#primaryimage\"},\"image\":{\"@id\":\"https:\/\/sandzakpress.net\/arhiva\/eu-treba-tursku-mnogo-vise-nego-sto-turska-treba-eu\/#primaryimage\"},\"thumbnailUrl\":\"https:\/\/sandzakpress.net\/arhiva\/wp-content\/uploads\/2010\/11\/turkey.jpg\",\"datePublished\":\"2010-11-10T21:42:50+00:00\",\"breadcrumb\":{\"@id\":\"https:\/\/sandzakpress.net\/arhiva\/eu-treba-tursku-mnogo-vise-nego-sto-turska-treba-eu\/#breadcrumb\"},\"inLanguage\":\"bs-BA\",\"potentialAction\":[{\"@type\":\"ReadAction\",\"target\":[\"https:\/\/sandzakpress.net\/arhiva\/eu-treba-tursku-mnogo-vise-nego-sto-turska-treba-eu\/\"]}]},{\"@type\":\"ImageObject\",\"inLanguage\":\"bs-BA\",\"@id\":\"https:\/\/sandzakpress.net\/arhiva\/eu-treba-tursku-mnogo-vise-nego-sto-turska-treba-eu\/#primaryimage\",\"url\":\"https:\/\/sandzakpress.net\/arhiva\/wp-content\/uploads\/2010\/11\/turkey.jpg\",\"contentUrl\":\"https:\/\/sandzakpress.net\/arhiva\/wp-content\/uploads\/2010\/11\/turkey.jpg\",\"width\":268,\"height\":138},{\"@type\":\"BreadcrumbList\",\"@id\":\"https:\/\/sandzakpress.net\/arhiva\/eu-treba-tursku-mnogo-vise-nego-sto-turska-treba-eu\/#breadcrumb\",\"itemListElement\":[{\"@type\":\"ListItem\",\"position\":1,\"name\":\"Home\",\"item\":\"https:\/\/sandzakpress.net\/arhiva\/\"},{\"@type\":\"ListItem\",\"position\":2,\"name\":\"EU treba Tursku mnogo vi\u0161e nego \u0161to Turska treba EU\"}]},{\"@type\":\"WebSite\",\"@id\":\"https:\/\/sandzakpress.net\/arhiva\/#website\",\"url\":\"https:\/\/sandzakpress.net\/arhiva\/\",\"name\":\"Sand\u017eak PRESS\",\"description\":\"Prve elektronske novine u Sand\u017eaku\",\"publisher\":{\"@id\":\"https:\/\/sandzakpress.net\/arhiva\/#\/schema\/person\/6e72b67d6e51910a1117b3b483ba20bd\"},\"potentialAction\":[{\"@type\":\"SearchAction\",\"target\":{\"@type\":\"EntryPoint\",\"urlTemplate\":\"https:\/\/sandzakpress.net\/arhiva\/?s={search_term_string}\"},\"query-input\":{\"@type\":\"PropertyValueSpecification\",\"valueRequired\":true,\"valueName\":\"search_term_string\"}}],\"inLanguage\":\"bs-BA\"},{\"@type\":[\"Person\",\"Organization\"],\"@id\":\"https:\/\/sandzakpress.net\/arhiva\/#\/schema\/person\/6e72b67d6e51910a1117b3b483ba20bd\",\"name\":\"Kul\",\"image\":{\"@type\":\"ImageObject\",\"inLanguage\":\"bs-BA\",\"@id\":\"https:\/\/sandzakpress.net\/arhiva\/#\/schema\/person\/image\/\",\"url\":\"https:\/\/secure.gravatar.com\/avatar\/42263f39aa27ac04c43cab85c280eb2e?s=96&d=mm&r=pg\",\"contentUrl\":\"https:\/\/secure.gravatar.com\/avatar\/42263f39aa27ac04c43cab85c280eb2e?s=96&d=mm&r=pg\",\"caption\":\"Kul\"},\"logo\":{\"@id\":\"https:\/\/sandzakpress.net\/arhiva\/#\/schema\/person\/image\/\"}},{\"@type\":\"Person\",\"@id\":\"\",\"url\":\"https:\/\/sandzakpress.net\/arhiva\/author\/\"}]}<\/script>\n<!-- \/ Yoast SEO Premium plugin. -->","yoast_head_json":{"title":"EU treba Tursku mnogo vi\u0161e nego \u0161to Turska treba EU","robots":{"index":"index","follow":"follow","max-snippet":"max-snippet:-1","max-image-preview":"max-image-preview:large","max-video-preview":"max-video-preview:-1"},"canonical":"https:\/\/sandzakpress.net\/arhiva\/eu-treba-tursku-mnogo-vise-nego-sto-turska-treba-eu\/","og_locale":"bs_BA","og_type":"article","og_title":"EU treba Tursku mnogo vi\u0161e nego \u0161to Turska treba EU","og_description":"London &#8211; Biv\u0161i britanski ministar vanjskih poslova Jack Straw u komentaru za londonski Times u ponedjeljak pi\u0161e da Turska bez ikakvih uslovljavanja mora postati \u010dlanica Evropske unije. Tekst prenosimo u cjelini. Kipar je samo izgovor onima koji ne mogu svariti \u010dinjenicu da bi muslimanska zemlja mogla biti primljena u Evropsku uniju. Najva\u017enija strate\u0161ka odluka s [&hellip;]","og_url":"https:\/\/sandzakpress.net\/arhiva\/eu-treba-tursku-mnogo-vise-nego-sto-turska-treba-eu\/","og_site_name":"Sand\u017eak PRESS","article_published_time":"2010-11-10T21:42:50+00:00","og_image":[{"width":268,"height":138,"url":"https:\/\/sandzakpress.net\/arhiva\/wp-content\/uploads\/2010\/11\/turkey.jpg","type":"image\/jpeg"}],"twitter_card":"summary_large_image","twitter_misc":{"Written by":"","Est. reading time":"5 minuta"},"schema":{"@context":"https:\/\/schema.org","@graph":[{"@type":"Article","@id":"https:\/\/sandzakpress.net\/arhiva\/eu-treba-tursku-mnogo-vise-nego-sto-turska-treba-eu\/#article","isPartOf":{"@id":"https:\/\/sandzakpress.net\/arhiva\/eu-treba-tursku-mnogo-vise-nego-sto-turska-treba-eu\/"},"author":{"name":"","@id":""},"headline":"EU treba Tursku mnogo vi\u0161e nego \u0161to Turska treba EU","datePublished":"2010-11-10T21:42:50+00:00","mainEntityOfPage":{"@id":"https:\/\/sandzakpress.net\/arhiva\/eu-treba-tursku-mnogo-vise-nego-sto-turska-treba-eu\/"},"wordCount":955,"commentCount":0,"publisher":{"@id":"https:\/\/sandzakpress.net\/arhiva\/#\/schema\/person\/6e72b67d6e51910a1117b3b483ba20bd"},"image":{"@id":"https:\/\/sandzakpress.net\/arhiva\/eu-treba-tursku-mnogo-vise-nego-sto-turska-treba-eu\/#primaryimage"},"thumbnailUrl":"https:\/\/sandzakpress.net\/arhiva\/wp-content\/uploads\/2010\/11\/turkey.jpg","articleSection":["Svijet"],"inLanguage":"bs-BA","potentialAction":[{"@type":"CommentAction","name":"Comment","target":["https:\/\/sandzakpress.net\/arhiva\/eu-treba-tursku-mnogo-vise-nego-sto-turska-treba-eu\/#respond"]}]},{"@type":"WebPage","@id":"https:\/\/sandzakpress.net\/arhiva\/eu-treba-tursku-mnogo-vise-nego-sto-turska-treba-eu\/","url":"https:\/\/sandzakpress.net\/arhiva\/eu-treba-tursku-mnogo-vise-nego-sto-turska-treba-eu\/","name":"EU treba Tursku mnogo vi\u0161e nego \u0161to Turska treba EU","isPartOf":{"@id":"https:\/\/sandzakpress.net\/arhiva\/#website"},"primaryImageOfPage":{"@id":"https:\/\/sandzakpress.net\/arhiva\/eu-treba-tursku-mnogo-vise-nego-sto-turska-treba-eu\/#primaryimage"},"image":{"@id":"https:\/\/sandzakpress.net\/arhiva\/eu-treba-tursku-mnogo-vise-nego-sto-turska-treba-eu\/#primaryimage"},"thumbnailUrl":"https:\/\/sandzakpress.net\/arhiva\/wp-content\/uploads\/2010\/11\/turkey.jpg","datePublished":"2010-11-10T21:42:50+00:00","breadcrumb":{"@id":"https:\/\/sandzakpress.net\/arhiva\/eu-treba-tursku-mnogo-vise-nego-sto-turska-treba-eu\/#breadcrumb"},"inLanguage":"bs-BA","potentialAction":[{"@type":"ReadAction","target":["https:\/\/sandzakpress.net\/arhiva\/eu-treba-tursku-mnogo-vise-nego-sto-turska-treba-eu\/"]}]},{"@type":"ImageObject","inLanguage":"bs-BA","@id":"https:\/\/sandzakpress.net\/arhiva\/eu-treba-tursku-mnogo-vise-nego-sto-turska-treba-eu\/#primaryimage","url":"https:\/\/sandzakpress.net\/arhiva\/wp-content\/uploads\/2010\/11\/turkey.jpg","contentUrl":"https:\/\/sandzakpress.net\/arhiva\/wp-content\/uploads\/2010\/11\/turkey.jpg","width":268,"height":138},{"@type":"BreadcrumbList","@id":"https:\/\/sandzakpress.net\/arhiva\/eu-treba-tursku-mnogo-vise-nego-sto-turska-treba-eu\/#breadcrumb","itemListElement":[{"@type":"ListItem","position":1,"name":"Home","item":"https:\/\/sandzakpress.net\/arhiva\/"},{"@type":"ListItem","position":2,"name":"EU treba Tursku mnogo vi\u0161e nego \u0161to Turska treba EU"}]},{"@type":"WebSite","@id":"https:\/\/sandzakpress.net\/arhiva\/#website","url":"https:\/\/sandzakpress.net\/arhiva\/","name":"Sand\u017eak PRESS","description":"Prve elektronske novine u Sand\u017eaku","publisher":{"@id":"https:\/\/sandzakpress.net\/arhiva\/#\/schema\/person\/6e72b67d6e51910a1117b3b483ba20bd"},"potentialAction":[{"@type":"SearchAction","target":{"@type":"EntryPoint","urlTemplate":"https:\/\/sandzakpress.net\/arhiva\/?s={search_term_string}"},"query-input":{"@type":"PropertyValueSpecification","valueRequired":true,"valueName":"search_term_string"}}],"inLanguage":"bs-BA"},{"@type":["Person","Organization"],"@id":"https:\/\/sandzakpress.net\/arhiva\/#\/schema\/person\/6e72b67d6e51910a1117b3b483ba20bd","name":"Kul","image":{"@type":"ImageObject","inLanguage":"bs-BA","@id":"https:\/\/sandzakpress.net\/arhiva\/#\/schema\/person\/image\/","url":"https:\/\/secure.gravatar.com\/avatar\/42263f39aa27ac04c43cab85c280eb2e?s=96&d=mm&r=pg","contentUrl":"https:\/\/secure.gravatar.com\/avatar\/42263f39aa27ac04c43cab85c280eb2e?s=96&d=mm&r=pg","caption":"Kul"},"logo":{"@id":"https:\/\/sandzakpress.net\/arhiva\/#\/schema\/person\/image\/"}},{"@type":"Person","@id":"","url":"https:\/\/sandzakpress.net\/arhiva\/author\/"}]}},"_links":{"self":[{"href":"https:\/\/sandzakpress.net\/arhiva\/wp-json\/wp\/v2\/posts\/9706"}],"collection":[{"href":"https:\/\/sandzakpress.net\/arhiva\/wp-json\/wp\/v2\/posts"}],"about":[{"href":"https:\/\/sandzakpress.net\/arhiva\/wp-json\/wp\/v2\/types\/post"}],"author":[{"embeddable":true,"href":"https:\/\/sandzakpress.net\/arhiva\/wp-json\/wp\/v2\/users\/5"}],"replies":[{"embeddable":true,"href":"https:\/\/sandzakpress.net\/arhiva\/wp-json\/wp\/v2\/comments?post=9706"}],"version-history":[{"count":0,"href":"https:\/\/sandzakpress.net\/arhiva\/wp-json\/wp\/v2\/posts\/9706\/revisions"}],"wp:featuredmedia":[{"embeddable":true,"href":"https:\/\/sandzakpress.net\/arhiva\/wp-json\/wp\/v2\/media\/9707"}],"wp:attachment":[{"href":"https:\/\/sandzakpress.net\/arhiva\/wp-json\/wp\/v2\/media?parent=9706"}],"wp:term":[{"taxonomy":"category","embeddable":true,"href":"https:\/\/sandzakpress.net\/arhiva\/wp-json\/wp\/v2\/categories?post=9706"},{"taxonomy":"post_tag","embeddable":true,"href":"https:\/\/sandzakpress.net\/arhiva\/wp-json\/wp\/v2\/tags?post=9706"}],"curies":[{"name":"wp","href":"https:\/\/api.w.org\/{rel}","templated":true}]}}