{"id":97024,"date":"2013-12-01T14:00:14","date_gmt":"2013-12-01T13:00:14","guid":{"rendered":"https:\/\/sandzakpress.net\/arhiva\/?p=97024"},"modified":"2013-12-01T14:00:14","modified_gmt":"2013-12-01T13:00:14","slug":"tesko-stanje-azilanata-u-ovoj-zemlji","status":"publish","type":"post","link":"https:\/\/sandzakpress.net\/arhiva\/tesko-stanje-azilanata-u-ovoj-zemlji\/","title":{"rendered":"Te\u0161ko stanje azilanata u ovoj zemlji"},"content":{"rendered":"<p><img loading=\"lazy\" decoding=\"async\" alt=\"\" src=\"https:\/\/sandzakpress.net\/arhiva\/wp-includes\/js\/tinymce\/themes\/advanced\/img\/trans.gif\" width=\"600\" height=\"338\" data-mce-json=\"{'video':{},'params':{'src':'http:\/\/www.youtube.com\/embed\/bx1Wb-TEoWs','allowfullscreen':'','frameborder':'0'},'hspace':null,'vspace':null,'align':null,'bgcolor':null}\" \/><\/p>\n<p>Predsjednik op\u0107ine Tutin \u0160emsudin Ku\u010devi\u0107 saop\u0107io je da kako \u0107e azilanti biti privremeno smje\u0161teni u objekte firme Jelak i novoizgra\u0111ene \u0161kole u naselju Velje Polje.<\/p>\n<p>Kazao je kako je Komisiji za izbjeglice predlo\u017eio rje\u0161enje za smje\u0161taj azilanata, te da u subotu o\u010dekuje njihove predstavnike koji \u0107e se upoznati sa uslovima u tim objektima.<\/p>\n<p>Ku\u010devi\u0107 je dodao da je lokalnoj samoupravi potrebno nekoliko dana da taj prostor prilagodi adekvatnim uslovima \u017eivota.<\/p>\n<h4>Stabilizacija stanja<\/h4>\n<p>Mje\u0161tani lajkova\u010dkog sela Vra\u010devi\u0107 prekinuli su blokadu lokalnog puta ka Lajkovcu, kazao je Vladimir Bo\u017eovi\u0107, dr\u017eavni tajnik u Ministarstvu unutarnjih poslova Srbije, tokom gostovanja u programu Al Jazeere.<\/p>\n<p>Mje\u0161tani su u petak protestirali \u0161to jer je vi\u0161e od 100 azilanata smje\u0161teno u dvije ku\u0107e u njihovom selu, s obzirom na to da u Centru za azilante u Bogova\u0111i vi\u0161e nema mjesta.<\/p>\n<p>Direktor Komesarijata za izbjeglice Vladimir Cuci\u0107 ranije je kazao za beogradski Radio B92 da je u \u010detvrtak nave\u010der azilantima u Vra\u010devi\u0107ima, uz pomo\u0107 policije, dopremljena najprije hrana, a ne\u0161to kasnije i cisterna s vodom, tako da se stanje u tim objektima stabiliziralo.<\/p>\n<p>\u201cMi se nadamo da \u0107e ovaj potpuno neopravdan protest, kome ne vidim svrhu, biti okon\u010dan. Mi smo ju\u010de razgovarali sa predstavnicima sva tri mesta, jer tu nisu bili samo me\u0161tani Vra\u010devi\u0107a, tu je bilo i ljudi iz Bogova\u0111e i ljudi iz meni nepoznatih razloga, iz Lazarevca i drugih mesta, koji ne vidim kako su pogo\u0111eni time \u0161to su azilanti u Vra\u010devi\u0107ima. Nakon razgovora sa njima ispalo je da smo prakti\u010dno uzalud do\u0161li, jer oni su imali jasan stav da ne \u017eele da ne\u0161to \u0161to je najnormalnije organizovano da se de\u0161ava\u201d, kazao je Cuci\u0107.<\/p>\n<p>On je najavio da \u0107e Vlada Srbije intenzivno raditi na tome da se smanji broj azilanata, kojih je blizu 100 u selu Vra\u010devi\u0107i, imaju\u0107i u vidu kako je cilj da niko od azilanata ne ostane nezbrinut, u \u0161umi.<\/p>\n<p>\u201cNiko nije bio sino\u0107 u \u0161umi, sve \u0107emo smestiti do ve\u010deras u krevete. Zatim nam je cilj da rasteretimo postoje\u0107e centre. To \u0107emo posti\u0107i tako \u0161to \u0107e najverovatnije sutra jedna ekipa iz Komeserijata oti\u0107i u Sjenicu i Tutin da se raspodele azilanti\u201d, kazao je Cuci\u0107 i dodao da \u0107e tim povodom u ponedjeljak biti organiziran sastanak svih u\u010desnika u rje\u0161avanju pitanja zbrinjavanja azilanata.<\/p>\n<h4>\u2018Druga Srbija\u2019<\/h4>\n<p>Bo\u017eovi\u0107 je rekao da je od \u010detvrtka nave\u010der sve mirno i da demantira saop\u0107enja Centra za azilante iz Bogova\u0111e kako je blokada koju su gra\u0111ani organizirali uspjela, jer ona, kako je naglasio, nije uspjela.<\/p>\n<p>\u201cUspeli smo da dopremimo i hranu i vodu Centru za tra\u017eioce azila i regularne migrante i obezbe\u0111eno je sve\u201d, kazao je Bo\u017eovi\u0107 i najavio da \u0107e se ljudi koji trebaju biti premje\u0161teni iz tog centra u Sjenicu i Tutin ve\u0107 od subote prevoziti, tako da \u0107e njihovi zahtjevi biti ispunjeni.<\/p>\n<p>Dr\u017eavni sekretar MUP-a je istakao da se \u201cod ju\u010de javila ona druga Srbija, po\u0161tena, skromna gostoprimstvena Srbija\u201d, jer je mnogo ljudi tra\u017eilo od njega da u svojim mjestima i kapacitetima zbrinu te ljude.<\/p>\n<p>Bo\u017eovi\u0107 je zahvalio ministru bez portfelja Sulejmanu Ugljaninu, Kancelariji za odr\u017eivi razvoj i rukovodstvima op\u0161tina Sjenica i Tutin \u0161to su prihvatili te ljude, a za one koji stoje na barikadama je rekao da obi\u010dno imaju neke politi\u010dke razloge.<\/p>\n<h4>\u2018Bilo je gre\u0161aka\u2019<\/h4>\n<p>On je kazao da je bilo i gre\u0161aka ljudi iz Komesarijata za migracije i izbjeglice, jer je moralo s lokalnom zajednicom, kao \u0161to je na to ukazao Za\u0161titnik gra\u0111ana Sa\u0161a Jankovi\u0107, da se objasni da nije rije\u010d ni o kakvim kriminalcima, nego o ljudima koji su u muci i nevolji.<\/p>\n<p>Dr\u017eavni sekretar MUP-a je naglasio da ne\u0107e biti dozvoljena blokada Ibarske magistrale, podsjetiv\u0161i gra\u0111ane na to da blokada saobra\u0107ajnica i puteva zakonom nije dozvoljena.<\/p>\n<p>Bo\u017eovi\u0107 je najavio da \u0107e u MUP-u biti hitno pokrenuta procedura za izmjenu zakona o azilu, jer je postoje\u0107i iz 2007. godine neadekvatan zbog velikog priliva azilanata, naro\u010dito iz Sirije, Pakistana i Somaliije.<\/p>\n<p>Bo\u017eovi\u0107 je najavio da je u ponedjeljak u MUP-u zakazan multisektorski sastanak, na koji je pozvan i \u0161ef Delegacije Evropske unije u Srbiji Michael Davenport.<\/p>\n<p>(Al Jazeera)<\/p>\n","protected":false},"excerpt":{"rendered":"<p>Predsjednik op\u0107ine Tutin \u0160emsudin Ku\u010devi\u0107 saop\u0107io je da kako \u0107e azilanti biti privremeno smje\u0161teni u objekte firme Jelak i novoizgra\u0111ene \u0161kole u naselju Velje Polje. Kazao je kako je Komisiji za izbjeglice predlo\u017eio rje\u0161enje za smje\u0161taj azilanata, te da u subotu o\u010dekuje njihove predstavnike koji \u0107e se upoznati sa uslovima u tim objektima. Ku\u010devi\u0107 je [&hellip;]<\/p>\n","protected":false},"author":83,"featured_media":97025,"comment_status":"open","ping_status":"open","sticky":false,"template":"","format":"standard","meta":{"footnotes":""},"categories":[72,52,327,5,8957],"tags":[10225],"class_list":{"0":"post-97024","1":"post","2":"type-post","3":"status-publish","4":"format-standard","5":"has-post-thumbnail","7":"category-novi-pazar","8":"category-sjenica","9":"category-tutin","10":"category-drustvo","11":"category-vijesti-dana","12":"tag-sirija"},"yoast_head":"<!-- This site is optimized with the Yoast SEO Premium plugin v23.1 (Yoast SEO v24.9) - https:\/\/yoast.com\/wordpress\/plugins\/seo\/ -->\n<title>Te\u0161ko stanje azilanata u ovoj zemlji<\/title>\n<meta name=\"robots\" content=\"index, follow, max-snippet:-1, max-image-preview:large, max-video-preview:-1\" \/>\n<link rel=\"canonical\" href=\"https:\/\/sandzakpress.net\/arhiva\/tesko-stanje-azilanata-u-ovoj-zemlji\/\" \/>\n<meta property=\"og:locale\" content=\"bs_BA\" \/>\n<meta property=\"og:type\" content=\"article\" \/>\n<meta property=\"og:title\" content=\"Te\u0161ko stanje azilanata u ovoj zemlji\" \/>\n<meta property=\"og:description\" content=\"Predsjednik op\u0107ine Tutin \u0160emsudin Ku\u010devi\u0107 saop\u0107io je da kako \u0107e azilanti biti privremeno smje\u0161teni u objekte firme Jelak i novoizgra\u0111ene \u0161kole u naselju Velje Polje. Kazao je kako je Komisiji za izbjeglice predlo\u017eio rje\u0161enje za smje\u0161taj azilanata, te da u subotu o\u010dekuje njihove predstavnike koji \u0107e se upoznati sa uslovima u tim objektima. Ku\u010devi\u0107 je [&hellip;]\" \/>\n<meta property=\"og:url\" content=\"https:\/\/sandzakpress.net\/arhiva\/tesko-stanje-azilanata-u-ovoj-zemlji\/\" \/>\n<meta property=\"og:site_name\" content=\"Sand\u017eak PRESS\" \/>\n<meta property=\"article:published_time\" content=\"2013-12-01T13:00:14+00:00\" \/>\n<meta property=\"og:image\" content=\"https:\/\/sandzakpress.net\/arhiva\/wp-content\/uploads\/2013\/12\/0.jpg\" \/>\n\t<meta property=\"og:image:width\" content=\"480\" \/>\n\t<meta property=\"og:image:height\" content=\"360\" \/>\n\t<meta property=\"og:image:type\" content=\"image\/jpeg\" \/>\n<meta name=\"author\" content=\"bosniak\" \/>\n<meta name=\"twitter:card\" content=\"summary_large_image\" \/>\n<meta name=\"twitter:label1\" content=\"Written by\" \/>\n\t<meta name=\"twitter:data1\" content=\"bosniak\" \/>\n\t<meta name=\"twitter:label2\" content=\"Est. reading time\" \/>\n\t<meta name=\"twitter:data2\" content=\"4 minute\" \/>\n<script type=\"application\/ld+json\" class=\"yoast-schema-graph\">{\"@context\":\"https:\/\/schema.org\",\"@graph\":[{\"@type\":\"Article\",\"@id\":\"https:\/\/sandzakpress.net\/arhiva\/tesko-stanje-azilanata-u-ovoj-zemlji\/#article\",\"isPartOf\":{\"@id\":\"https:\/\/sandzakpress.net\/arhiva\/tesko-stanje-azilanata-u-ovoj-zemlji\/\"},\"author\":{\"name\":\"bosniak\",\"@id\":\"https:\/\/sandzakpress.net\/arhiva\/#\/schema\/person\/c8baee722073534b583ea7bdb2e36c02\"},\"headline\":\"Te\u0161ko stanje azilanata u ovoj zemlji\",\"datePublished\":\"2013-12-01T13:00:14+00:00\",\"mainEntityOfPage\":{\"@id\":\"https:\/\/sandzakpress.net\/arhiva\/tesko-stanje-azilanata-u-ovoj-zemlji\/\"},\"wordCount\":746,\"commentCount\":4,\"publisher\":{\"@id\":\"https:\/\/sandzakpress.net\/arhiva\/#\/schema\/person\/6e72b67d6e51910a1117b3b483ba20bd\"},\"image\":{\"@id\":\"https:\/\/sandzakpress.net\/arhiva\/tesko-stanje-azilanata-u-ovoj-zemlji\/#primaryimage\"},\"thumbnailUrl\":\"https:\/\/sandzakpress.net\/arhiva\/wp-content\/uploads\/2013\/12\/0.jpg\",\"keywords\":[\"Sirija\"],\"articleSection\":[\"Novi Pazar\",\"Sjenica\",\"Tutin\",\"Dru\u0161tvo\",\"VIJESTI DANA\"],\"inLanguage\":\"bs-BA\",\"potentialAction\":[{\"@type\":\"CommentAction\",\"name\":\"Comment\",\"target\":[\"https:\/\/sandzakpress.net\/arhiva\/tesko-stanje-azilanata-u-ovoj-zemlji\/#respond\"]}]},{\"@type\":\"WebPage\",\"@id\":\"https:\/\/sandzakpress.net\/arhiva\/tesko-stanje-azilanata-u-ovoj-zemlji\/\",\"url\":\"https:\/\/sandzakpress.net\/arhiva\/tesko-stanje-azilanata-u-ovoj-zemlji\/\",\"name\":\"Te\u0161ko stanje azilanata u ovoj zemlji\",\"isPartOf\":{\"@id\":\"https:\/\/sandzakpress.net\/arhiva\/#website\"},\"primaryImageOfPage\":{\"@id\":\"https:\/\/sandzakpress.net\/arhiva\/tesko-stanje-azilanata-u-ovoj-zemlji\/#primaryimage\"},\"image\":{\"@id\":\"https:\/\/sandzakpress.net\/arhiva\/tesko-stanje-azilanata-u-ovoj-zemlji\/#primaryimage\"},\"thumbnailUrl\":\"https:\/\/sandzakpress.net\/arhiva\/wp-content\/uploads\/2013\/12\/0.jpg\",\"datePublished\":\"2013-12-01T13:00:14+00:00\",\"breadcrumb\":{\"@id\":\"https:\/\/sandzakpress.net\/arhiva\/tesko-stanje-azilanata-u-ovoj-zemlji\/#breadcrumb\"},\"inLanguage\":\"bs-BA\",\"potentialAction\":[{\"@type\":\"ReadAction\",\"target\":[\"https:\/\/sandzakpress.net\/arhiva\/tesko-stanje-azilanata-u-ovoj-zemlji\/\"]}]},{\"@type\":\"ImageObject\",\"inLanguage\":\"bs-BA\",\"@id\":\"https:\/\/sandzakpress.net\/arhiva\/tesko-stanje-azilanata-u-ovoj-zemlji\/#primaryimage\",\"url\":\"https:\/\/sandzakpress.net\/arhiva\/wp-content\/uploads\/2013\/12\/0.jpg\",\"contentUrl\":\"https:\/\/sandzakpress.net\/arhiva\/wp-content\/uploads\/2013\/12\/0.jpg\",\"width\":480,\"height\":360},{\"@type\":\"BreadcrumbList\",\"@id\":\"https:\/\/sandzakpress.net\/arhiva\/tesko-stanje-azilanata-u-ovoj-zemlji\/#breadcrumb\",\"itemListElement\":[{\"@type\":\"ListItem\",\"position\":1,\"name\":\"Home\",\"item\":\"https:\/\/sandzakpress.net\/arhiva\/\"},{\"@type\":\"ListItem\",\"position\":2,\"name\":\"Te\u0161ko stanje azilanata u ovoj zemlji\"}]},{\"@type\":\"WebSite\",\"@id\":\"https:\/\/sandzakpress.net\/arhiva\/#website\",\"url\":\"https:\/\/sandzakpress.net\/arhiva\/\",\"name\":\"Sand\u017eak PRESS\",\"description\":\"Prve elektronske novine u Sand\u017eaku\",\"publisher\":{\"@id\":\"https:\/\/sandzakpress.net\/arhiva\/#\/schema\/person\/6e72b67d6e51910a1117b3b483ba20bd\"},\"potentialAction\":[{\"@type\":\"SearchAction\",\"target\":{\"@type\":\"EntryPoint\",\"urlTemplate\":\"https:\/\/sandzakpress.net\/arhiva\/?s={search_term_string}\"},\"query-input\":{\"@type\":\"PropertyValueSpecification\",\"valueRequired\":true,\"valueName\":\"search_term_string\"}}],\"inLanguage\":\"bs-BA\"},{\"@type\":[\"Person\",\"Organization\"],\"@id\":\"https:\/\/sandzakpress.net\/arhiva\/#\/schema\/person\/6e72b67d6e51910a1117b3b483ba20bd\",\"name\":\"Kul\",\"image\":{\"@type\":\"ImageObject\",\"inLanguage\":\"bs-BA\",\"@id\":\"https:\/\/sandzakpress.net\/arhiva\/#\/schema\/person\/image\/\",\"url\":\"https:\/\/secure.gravatar.com\/avatar\/42263f39aa27ac04c43cab85c280eb2e?s=96&d=mm&r=pg\",\"contentUrl\":\"https:\/\/secure.gravatar.com\/avatar\/42263f39aa27ac04c43cab85c280eb2e?s=96&d=mm&r=pg\",\"caption\":\"Kul\"},\"logo\":{\"@id\":\"https:\/\/sandzakpress.net\/arhiva\/#\/schema\/person\/image\/\"}},{\"@type\":\"Person\",\"@id\":\"https:\/\/sandzakpress.net\/arhiva\/#\/schema\/person\/c8baee722073534b583ea7bdb2e36c02\",\"name\":\"bosniak\",\"image\":{\"@type\":\"ImageObject\",\"inLanguage\":\"bs-BA\",\"@id\":\"https:\/\/sandzakpress.net\/arhiva\/#\/schema\/person\/image\/\",\"url\":\"https:\/\/secure.gravatar.com\/avatar\/a04fd330bfe3a36a72a0ad4a6d89fca7?s=96&d=mm&r=pg\",\"contentUrl\":\"https:\/\/secure.gravatar.com\/avatar\/a04fd330bfe3a36a72a0ad4a6d89fca7?s=96&d=mm&r=pg\",\"caption\":\"bosniak\"},\"url\":\"https:\/\/sandzakpress.net\/arhiva\/author\/bosniak\/\"}]}<\/script>\n<!-- \/ Yoast SEO Premium plugin. -->","yoast_head_json":{"title":"Te\u0161ko stanje azilanata u ovoj zemlji","robots":{"index":"index","follow":"follow","max-snippet":"max-snippet:-1","max-image-preview":"max-image-preview:large","max-video-preview":"max-video-preview:-1"},"canonical":"https:\/\/sandzakpress.net\/arhiva\/tesko-stanje-azilanata-u-ovoj-zemlji\/","og_locale":"bs_BA","og_type":"article","og_title":"Te\u0161ko stanje azilanata u ovoj zemlji","og_description":"Predsjednik op\u0107ine Tutin \u0160emsudin Ku\u010devi\u0107 saop\u0107io je da kako \u0107e azilanti biti privremeno smje\u0161teni u objekte firme Jelak i novoizgra\u0111ene \u0161kole u naselju Velje Polje. Kazao je kako je Komisiji za izbjeglice predlo\u017eio rje\u0161enje za smje\u0161taj azilanata, te da u subotu o\u010dekuje njihove predstavnike koji \u0107e se upoznati sa uslovima u tim objektima. Ku\u010devi\u0107 je [&hellip;]","og_url":"https:\/\/sandzakpress.net\/arhiva\/tesko-stanje-azilanata-u-ovoj-zemlji\/","og_site_name":"Sand\u017eak PRESS","article_published_time":"2013-12-01T13:00:14+00:00","og_image":[{"width":480,"height":360,"url":"https:\/\/sandzakpress.net\/arhiva\/wp-content\/uploads\/2013\/12\/0.jpg","type":"image\/jpeg"}],"author":"bosniak","twitter_card":"summary_large_image","twitter_misc":{"Written by":"bosniak","Est. reading time":"4 minute"},"schema":{"@context":"https:\/\/schema.org","@graph":[{"@type":"Article","@id":"https:\/\/sandzakpress.net\/arhiva\/tesko-stanje-azilanata-u-ovoj-zemlji\/#article","isPartOf":{"@id":"https:\/\/sandzakpress.net\/arhiva\/tesko-stanje-azilanata-u-ovoj-zemlji\/"},"author":{"name":"bosniak","@id":"https:\/\/sandzakpress.net\/arhiva\/#\/schema\/person\/c8baee722073534b583ea7bdb2e36c02"},"headline":"Te\u0161ko stanje azilanata u ovoj zemlji","datePublished":"2013-12-01T13:00:14+00:00","mainEntityOfPage":{"@id":"https:\/\/sandzakpress.net\/arhiva\/tesko-stanje-azilanata-u-ovoj-zemlji\/"},"wordCount":746,"commentCount":4,"publisher":{"@id":"https:\/\/sandzakpress.net\/arhiva\/#\/schema\/person\/6e72b67d6e51910a1117b3b483ba20bd"},"image":{"@id":"https:\/\/sandzakpress.net\/arhiva\/tesko-stanje-azilanata-u-ovoj-zemlji\/#primaryimage"},"thumbnailUrl":"https:\/\/sandzakpress.net\/arhiva\/wp-content\/uploads\/2013\/12\/0.jpg","keywords":["Sirija"],"articleSection":["Novi Pazar","Sjenica","Tutin","Dru\u0161tvo","VIJESTI DANA"],"inLanguage":"bs-BA","potentialAction":[{"@type":"CommentAction","name":"Comment","target":["https:\/\/sandzakpress.net\/arhiva\/tesko-stanje-azilanata-u-ovoj-zemlji\/#respond"]}]},{"@type":"WebPage","@id":"https:\/\/sandzakpress.net\/arhiva\/tesko-stanje-azilanata-u-ovoj-zemlji\/","url":"https:\/\/sandzakpress.net\/arhiva\/tesko-stanje-azilanata-u-ovoj-zemlji\/","name":"Te\u0161ko stanje azilanata u ovoj zemlji","isPartOf":{"@id":"https:\/\/sandzakpress.net\/arhiva\/#website"},"primaryImageOfPage":{"@id":"https:\/\/sandzakpress.net\/arhiva\/tesko-stanje-azilanata-u-ovoj-zemlji\/#primaryimage"},"image":{"@id":"https:\/\/sandzakpress.net\/arhiva\/tesko-stanje-azilanata-u-ovoj-zemlji\/#primaryimage"},"thumbnailUrl":"https:\/\/sandzakpress.net\/arhiva\/wp-content\/uploads\/2013\/12\/0.jpg","datePublished":"2013-12-01T13:00:14+00:00","breadcrumb":{"@id":"https:\/\/sandzakpress.net\/arhiva\/tesko-stanje-azilanata-u-ovoj-zemlji\/#breadcrumb"},"inLanguage":"bs-BA","potentialAction":[{"@type":"ReadAction","target":["https:\/\/sandzakpress.net\/arhiva\/tesko-stanje-azilanata-u-ovoj-zemlji\/"]}]},{"@type":"ImageObject","inLanguage":"bs-BA","@id":"https:\/\/sandzakpress.net\/arhiva\/tesko-stanje-azilanata-u-ovoj-zemlji\/#primaryimage","url":"https:\/\/sandzakpress.net\/arhiva\/wp-content\/uploads\/2013\/12\/0.jpg","contentUrl":"https:\/\/sandzakpress.net\/arhiva\/wp-content\/uploads\/2013\/12\/0.jpg","width":480,"height":360},{"@type":"BreadcrumbList","@id":"https:\/\/sandzakpress.net\/arhiva\/tesko-stanje-azilanata-u-ovoj-zemlji\/#breadcrumb","itemListElement":[{"@type":"ListItem","position":1,"name":"Home","item":"https:\/\/sandzakpress.net\/arhiva\/"},{"@type":"ListItem","position":2,"name":"Te\u0161ko stanje azilanata u ovoj zemlji"}]},{"@type":"WebSite","@id":"https:\/\/sandzakpress.net\/arhiva\/#website","url":"https:\/\/sandzakpress.net\/arhiva\/","name":"Sand\u017eak PRESS","description":"Prve elektronske novine u Sand\u017eaku","publisher":{"@id":"https:\/\/sandzakpress.net\/arhiva\/#\/schema\/person\/6e72b67d6e51910a1117b3b483ba20bd"},"potentialAction":[{"@type":"SearchAction","target":{"@type":"EntryPoint","urlTemplate":"https:\/\/sandzakpress.net\/arhiva\/?s={search_term_string}"},"query-input":{"@type":"PropertyValueSpecification","valueRequired":true,"valueName":"search_term_string"}}],"inLanguage":"bs-BA"},{"@type":["Person","Organization"],"@id":"https:\/\/sandzakpress.net\/arhiva\/#\/schema\/person\/6e72b67d6e51910a1117b3b483ba20bd","name":"Kul","image":{"@type":"ImageObject","inLanguage":"bs-BA","@id":"https:\/\/sandzakpress.net\/arhiva\/#\/schema\/person\/image\/","url":"https:\/\/secure.gravatar.com\/avatar\/42263f39aa27ac04c43cab85c280eb2e?s=96&d=mm&r=pg","contentUrl":"https:\/\/secure.gravatar.com\/avatar\/42263f39aa27ac04c43cab85c280eb2e?s=96&d=mm&r=pg","caption":"Kul"},"logo":{"@id":"https:\/\/sandzakpress.net\/arhiva\/#\/schema\/person\/image\/"}},{"@type":"Person","@id":"https:\/\/sandzakpress.net\/arhiva\/#\/schema\/person\/c8baee722073534b583ea7bdb2e36c02","name":"bosniak","image":{"@type":"ImageObject","inLanguage":"bs-BA","@id":"https:\/\/sandzakpress.net\/arhiva\/#\/schema\/person\/image\/","url":"https:\/\/secure.gravatar.com\/avatar\/a04fd330bfe3a36a72a0ad4a6d89fca7?s=96&d=mm&r=pg","contentUrl":"https:\/\/secure.gravatar.com\/avatar\/a04fd330bfe3a36a72a0ad4a6d89fca7?s=96&d=mm&r=pg","caption":"bosniak"},"url":"https:\/\/sandzakpress.net\/arhiva\/author\/bosniak\/"}]}},"_links":{"self":[{"href":"https:\/\/sandzakpress.net\/arhiva\/wp-json\/wp\/v2\/posts\/97024"}],"collection":[{"href":"https:\/\/sandzakpress.net\/arhiva\/wp-json\/wp\/v2\/posts"}],"about":[{"href":"https:\/\/sandzakpress.net\/arhiva\/wp-json\/wp\/v2\/types\/post"}],"author":[{"embeddable":true,"href":"https:\/\/sandzakpress.net\/arhiva\/wp-json\/wp\/v2\/users\/83"}],"replies":[{"embeddable":true,"href":"https:\/\/sandzakpress.net\/arhiva\/wp-json\/wp\/v2\/comments?post=97024"}],"version-history":[{"count":0,"href":"https:\/\/sandzakpress.net\/arhiva\/wp-json\/wp\/v2\/posts\/97024\/revisions"}],"wp:featuredmedia":[{"embeddable":true,"href":"https:\/\/sandzakpress.net\/arhiva\/wp-json\/wp\/v2\/media\/97025"}],"wp:attachment":[{"href":"https:\/\/sandzakpress.net\/arhiva\/wp-json\/wp\/v2\/media?parent=97024"}],"wp:term":[{"taxonomy":"category","embeddable":true,"href":"https:\/\/sandzakpress.net\/arhiva\/wp-json\/wp\/v2\/categories?post=97024"},{"taxonomy":"post_tag","embeddable":true,"href":"https:\/\/sandzakpress.net\/arhiva\/wp-json\/wp\/v2\/tags?post=97024"}],"curies":[{"name":"wp","href":"https:\/\/api.w.org\/{rel}","templated":true}]}}