{"id":96999,"date":"2013-12-01T14:20:25","date_gmt":"2013-12-01T13:20:25","guid":{"rendered":"https:\/\/sandzakpress.net\/arhiva\/?p=96999"},"modified":"2013-12-01T17:43:51","modified_gmt":"2013-12-01T16:43:51","slug":"historijski-dan-za-juzni-sandzak-osnivanje-bdz-a-u-crnoj-gori","status":"publish","type":"post","link":"https:\/\/sandzakpress.net\/arhiva\/historijski-dan-za-juzni-sandzak-osniva-bdz-a-u-crnoj-gori","title":{"rendered":"Historijski dan za ju\u017eni Sand\u017eak: Osnovana BDZ u Crnoj Gori"},"content":{"rendered":"<p><img loading=\"lazy\" decoding=\"async\" class=\"aligncenter size-full wp-image-97015\" alt=\"060916e10d392958e91b331db28d14c02e25428ab973e04b14e2c6584ac85ff8\" src=\"https:\/\/sandzakpress.net\/arhiva\/wp-content\/uploads\/2013\/12\/060916e10d392958e91b331db28d14c02e25428ab973e04b14e2c6584ac85ff8.jpg\" width=\"616\" height=\"409\" \/><\/p>\n<p><strong>Ro\u017eaje &#8211; Najmla\u0111a politi\u010dka stranka u Crnoj Gori, Bo\u0161nja\u010dka demokratska zajednica, izabrala rukovodstvo stranke na Skup\u0161tini u Ro\u017eajama.\u00a0<\/strong><strong>Za predsjednika stranke, jednoglasno je izabran Hazbija Kala\u010d, a za potpredsjednike Adnan Ademovi\u0107 iz Ro\u017eaja, Demir Hod\u017ei\u0107 iz Podgorice i mr Damir Softi\u0107 iz Pljevalja. Generalni sekretar stranke je Amer Hod\u017ei\u0107, a predsjednik Izvr\u0161nog odbora stranke Almir Muratovi\u0107.<\/strong><\/p>\n<p><span style=\"font-size: 13px;\">U svom prvom obra\u0107anju kao predsjednik stranke, Kala\u010d je kazao da je Crna Gora dr\u017eava i bo\u0161nja\u010dkog naroda, da BDZ \u010dvrsto podr\u017eava ulazak Crne Gore u EU i da \u010de se njegova stranka zalagati da bo\u0161nja\u010dki narod u tom procesu ne bude na repu de\u0161avanja. Kazao je da \u0107e se stranka boriti za prava Bo\u0161njaka, posebno u Crnoj Gori ali i u Sand\u017eaku, prostoru kojeg u budu\u0107nosti vide kao evropsku prekograni\u010dnu regiju.<\/span><\/p>\n<p><img loading=\"lazy\" decoding=\"async\" class=\"aligncenter size-full wp-image-97000\" alt=\"SONY DSC\" src=\"https:\/\/sandzakpress.net\/arhiva\/wp-content\/uploads\/2013\/12\/unnamed-1_resize.jpg\" width=\"616\" height=\"413\" \/><\/p>\n<p>Skupu su prisustvovali brojni gosti, me\u0111u kojima su:\u00a0Hafiz Abdurahman Kujevi\u0107 \u2013 pomo\u0107nik muftije sand\u017ea\u010dkog za Ju\u017eni Sand\u017eak i da'vu, dr. Mevlud Dudi\u0107 \u2013 rektor IUNP-a, Hako Duljevi\u0107 \u2013 predsjednik Bo\u0161nja\u010dke nacionalne fondacije, dr. Admir Muratovi\u0107 \u2013 direktor Instituta za istra\u017eivanje zlo\u010dina i genocida, dr. Jahja Fehratovi\u0107 \u2013 preddsjednik BDZ Sand\u017eaka, Sead \u0160a\u0107irovi\u0107 \u2013 predsjednik Izvr\u0161nog vije\u0107a Sand\u017eaka, dr. Izet Brali\u0107 i \u0160efkija Muri\u0107 \u2013 narodni poslanici u Parlamentu Crne Gore, Kemal Puri\u0161i\u0107 \u2013 potpredsjednik Bo\u0161nja\u010dke stranke, Sabro Kala\u010d \u2013 generalni sekretar BS-a, Ali Daca \u2013 predstavnik Demokratskog saveza Albanaca u CG, Gozde Kili\u0107 Ja\u0161in \u2013 novinarka iz Turske, Ahmet Ahmatovi\u0107 \u2013 potpredsjednik ZSD-a, Zejto Rastoder \u2013 predsjednik NVU \u201eSand\u017eak EU Regija\u201c, Admin \u010celebi\u0107 \u2013 predsjednik kluba d\u017eematlija \u201eTaslid\u017ea\u201c iz Pljevalja, Nurudina Agovi\u0107 \u2013 publicista iz Tuzle, Ljutvo Balkan \u2013 privrednik iz Njema\u010dke i brojni drugi.<\/p>\n<p>\u010cestitke povodom osnivanja partije uputili su Bo\u0161njaci iz dijaspore koji zbog obaveza i udaljenosti nisu mogli prisustvovati sve\u010danosti, me\u0111u kojima su Esad Krci\u0107 i Nevzad Kurtagi\u0107 iz Nju Jorka, \u0160efadil Li\u010dina iz Pariza, Ibrahim \u010ciki\u0107 iz Sarajeva i dr.<\/p>\n<p><img loading=\"lazy\" decoding=\"async\" class=\"aligncenter size-full wp-image-97013\" alt=\"SONY DSC\" src=\"https:\/\/sandzakpress.net\/arhiva\/wp-content\/uploads\/2013\/12\/unnamed-14_resize.jpg\" width=\"616\" height=\"413\" \/><\/p>\n<p>Program su obogatile u\u010denice ro\u017eajske gimnazije \u201e30. septembar\u201c koje su recitirale stihove pjesama \u201eTeube i Nesih\u201c od Muse \u0106azima \u0106ati\u0107a i \u201e\u0160ta je Bo\u0161njak\u201c od Safet bega Ba\u0161agi\u0107a.<\/p>\n<p><img loading=\"lazy\" decoding=\"async\" class=\"aligncenter size-full wp-image-97012\" alt=\"SONY DSC\" src=\"https:\/\/sandzakpress.net\/arhiva\/wp-content\/uploads\/2013\/12\/unnamed-13_resize.jpg\" width=\"616\" height=\"413\" \/><\/p>\n<p><img loading=\"lazy\" decoding=\"async\" class=\"aligncenter size-full wp-image-97011\" alt=\"SONY DSC\" src=\"https:\/\/sandzakpress.net\/arhiva\/wp-content\/uploads\/2013\/12\/unnamed-12_resize.jpg\" width=\"616\" height=\"413\" \/><\/p>\n<p><img loading=\"lazy\" decoding=\"async\" class=\"aligncenter size-full wp-image-97009\" alt=\"SONY DSC\" src=\"https:\/\/sandzakpress.net\/arhiva\/wp-content\/uploads\/2013\/12\/unnamed-10_resize.jpg\" width=\"616\" height=\"413\" \/><\/p>\n<p><img loading=\"lazy\" decoding=\"async\" class=\"aligncenter size-full wp-image-97008\" alt=\"SONY DSC\" src=\"https:\/\/sandzakpress.net\/arhiva\/wp-content\/uploads\/2013\/12\/unnamed-9_resize.jpg\" width=\"616\" height=\"413\" \/><\/p>\n<p><img loading=\"lazy\" decoding=\"async\" class=\"aligncenter size-full wp-image-97007\" alt=\"SONY DSC\" src=\"https:\/\/sandzakpress.net\/arhiva\/wp-content\/uploads\/2013\/12\/unnamed-8_resize.jpg\" width=\"616\" height=\"413\" \/><\/p>\n<p><img loading=\"lazy\" decoding=\"async\" class=\"aligncenter size-full wp-image-97006\" alt=\"SONY DSC\" src=\"https:\/\/sandzakpress.net\/arhiva\/wp-content\/uploads\/2013\/12\/unnamed-7_resize.jpg\" width=\"616\" height=\"413\" \/><\/p>\n<p><img loading=\"lazy\" decoding=\"async\" class=\"aligncenter size-full wp-image-97005\" alt=\"SONY DSC\" src=\"https:\/\/sandzakpress.net\/arhiva\/wp-content\/uploads\/2013\/12\/unnamed-6_resize.jpg\" width=\"616\" height=\"413\" \/><\/p>\n<p><img loading=\"lazy\" decoding=\"async\" alt=\"SONY DSC\" src=\"https:\/\/sandzakpress.net\/arhiva\/wp-content\/uploads\/2013\/12\/unnamed-2_resize.jpg\" width=\"616\" height=\"413\" \/><\/p>\n<p><img loading=\"lazy\" decoding=\"async\" alt=\"SONY DSC\" src=\"https:\/\/sandzakpress.net\/arhiva\/wp-content\/uploads\/2013\/12\/unnamed_resize.jpg\" width=\"616\" height=\"413\" \/><\/p>\n<p><img loading=\"lazy\" decoding=\"async\" class=\"alignnone size-large wp-image-97043\" alt=\"SONY DSC\" src=\"https:\/\/sandzakpress.net\/arhiva\/wp-content\/uploads\/2013\/12\/DSC01075-616x412.jpg\" width=\"615\" height=\"411\" \/><\/p>\n<p><img loading=\"lazy\" decoding=\"async\" class=\"aligncenter size-full wp-image-97004\" alt=\"SONY DSC\" src=\"https:\/\/sandzakpress.net\/arhiva\/wp-content\/uploads\/2013\/12\/unnamed-5_resize.jpg\" width=\"616\" height=\"413\" \/> <img loading=\"lazy\" decoding=\"async\" class=\"aligncenter size-full wp-image-97003\" alt=\"SONY DSC\" src=\"https:\/\/sandzakpress.net\/arhiva\/wp-content\/uploads\/2013\/12\/unnamed-4_resize.jpg\" width=\"616\" height=\"413\" \/><\/p>\n<p><img loading=\"lazy\" decoding=\"async\" class=\"aligncenter size-full wp-image-97002\" alt=\"SONY DSC\" src=\"https:\/\/sandzakpress.net\/arhiva\/wp-content\/uploads\/2013\/12\/unnamed-3_resize.jpg\" width=\"616\" height=\"413\" \/><\/p>\n<h2><\/h2>\n<h2>Izborna skup\u0161tina<\/h2>\n<p>U Ro\u017eajama, 30. septembra 2013. godine u 14:30 \u010dasova, u Maloj Sali Doma kulture, odr\u017eana je Izborna skup\u0161tina Bo\u0161nja\u010dke demokratske zajednice u Crnoj Gori.<\/p>\n<p>Skup\u0161tini je prisustvovalo 60 delegata koji su izabrali rukovodstvo u sljede\u0107em sastavu.<\/p>\n<ol>\n<li>Hazbija Kala\u010d \u2013 predsjednik<\/li>\n<li>Adnan Ademovi\u0107 \u2013 potpredsjednik<\/li>\n<li>Demir Hod\u017ei\u0107 \u2013 potpredsjednik<\/li>\n<li>Damir Softi\u0107 \u2013 potpredsjednik<\/li>\n<li>Amer Hod\u017ei\u0107 \u2013 generalni sekretar<\/li>\n<li>Stalni sastav glavnog odbora \u010dine:\n<ol>\n<li>Erd\u017ean Fetahovi\u0107<\/li>\n<li>Seid Had\u017ei\u0107<\/li>\n<li>Arben Jakupi<\/li>\n<li>Izet Daci\u0107<\/li>\n<li>Salahudin Feti\u0107<\/li>\n<li>Emir Ferizovi\u0107<\/li>\n<li>Musa Kurbardovi\u0107<\/li>\n<li>Sadik Klimenta<\/li>\n<li>Rejhan Mujkovi\u0107<\/li>\n<li>Mumin Halilovi\u0107<\/li>\n<li>Refad Koli\u0107<\/li>\n<li>Almir Muratovi\u0107<\/li>\n<li>Sead Muratovi\u0107<\/li>\n<li>Samir Red\u017ei\u0107<\/li>\n<li>Aida Zoronji\u0107 i<\/li>\n<li>Nusret Bali\u0107<\/li>\n<\/ol>\n<\/li>\n<li>Almir Muratovi\u0107 je izabran za predsjednika Izvr\u0161nog odbora kojeg \u010dine\n<ol>\n<li>Arben Jakupi \u2013 zadu\u017een za resor ekonomije<\/li>\n<li>Edib \u0160alji\u0107 \u2013 zau\u017een za resor me\u0111unarodne saradnje<\/li>\n<li>Nusret Bali\u0107 \u2013 zadu\u017een za resor nauke<\/li>\n<li>Fikret Zoronji\u0107 \u2013 na \u010delu resora za kulturu<\/li>\n<li><span style=\"font-size: 13px;\"><span style=\"font-size: 13px;\">Semir Red\u017ei\u0107 \u2013 zadu\u017een za resor Informisanja<\/span><\/span><\/li>\n<\/ol>\n<\/li>\n<li>Zejto Rastoder je predsjednik Nadzornog odbora u \u010diji sastav su izabrani \u010dlanovi:\n<ol>\n<li>Senad Kozica<\/li>\n<li>Senad Kurbardovi\u0107<\/li>\n<li>Enes Me\u0111edovi\u0107<\/li>\n<li>Enko Kora\u0107<\/li>\n<\/ol>\n<\/li>\n<li>Ahmed Ahmatovi\u0107 je izabran za predsjednika Suda \u010dasti kojeg \u010dine:\n<ol>\n<li>\u0160efadil Li\u010dina<\/li>\n<li>Erd\u017ean Fetahovi\u0107<\/li>\n<li>Mujo Muri\u0107<\/li>\n<li>Avdija Muratovi\u0107<\/li>\n<li>Emir Tahirovi\u0107<\/li>\n<li>Enes Falja<\/li>\n<li>Edin Tali\u0107<\/li>\n<li>\u0110ulbo Babi\u0107<\/li>\n<\/ol>\n<\/li>\n<li>Politi\u010dkim savjetom predsjedava Erd\u017ean Fetahovi\u0107 a \u010dine ga sljede\u0107i \u010dlanovi:\n<ol>\n<li>Dr \u0160efket Krci\u0107<\/li>\n<li>Ahmet Ahmatovi\u0107<\/li>\n<li>Smajo Avdi\u0107<\/li>\n<li>Avdo Fetahovi\u0107<\/li>\n<li>Zejto Rastoder<\/li>\n<\/ol>\n<\/li>\n<\/ol>\n<p><img loading=\"lazy\" decoding=\"async\" class=\"alignnone size-full wp-image-97038\" alt=\"fotografija 1\" src=\"https:\/\/sandzakpress.net\/arhiva\/wp-content\/uploads\/2013\/12\/fotografija-1.jpg\" width=\"616\" height=\"462\" \/> <img loading=\"lazy\" decoding=\"async\" class=\"alignnone size-full wp-image-97039\" alt=\"fotografija 2\" src=\"https:\/\/sandzakpress.net\/arhiva\/wp-content\/uploads\/2013\/12\/fotografija-2.jpg\" width=\"616\" height=\"462\" \/> <img loading=\"lazy\" decoding=\"async\" class=\"alignnone size-full wp-image-97040\" alt=\"fotografija 3\" src=\"https:\/\/sandzakpress.net\/arhiva\/wp-content\/uploads\/2013\/12\/fotografija-3.jpg\" width=\"616\" height=\"462\" \/> <img loading=\"lazy\" decoding=\"async\" class=\"alignnone size-full wp-image-97041\" alt=\"fotografija 4\" src=\"https:\/\/sandzakpress.net\/arhiva\/wp-content\/uploads\/2013\/12\/fotografija-4.jpg\" width=\"616\" height=\"462\" \/><\/p>\n","protected":false},"excerpt":{"rendered":"<p>Ro\u017eaje &#8211; Najmla\u0111a politi\u010dka stranka u Crnoj Gori, Bo\u0161nja\u010dka demokratska zajednica, izabrala rukovodstvo stranke na Skup\u0161tini u Ro\u017eajama.\u00a0Za predsjednika stranke, jednoglasno je izabran Hazbija Kala\u010d, a za potpredsjednike Adnan Ademovi\u0107 iz Ro\u017eaja, Demir Hod\u017ei\u0107 iz Podgorice i mr Damir Softi\u0107 iz Pljevalja. Generalni sekretar stranke je Amer Hod\u017ei\u0107, a predsjednik Izvr\u0161nog odbora stranke Almir Muratovi\u0107. [&hellip;]<\/p>\n","protected":false},"author":83,"featured_media":97015,"comment_status":"open","ping_status":"open","sticky":false,"template":"","format":"standard","meta":{"footnotes":""},"categories":[398,9538,1,397,9539,9550,10174,396,9544,395,9543,399,10173,8957],"tags":[10223,10251,10288],"class_list":{"0":"post-96999","1":"post","2":"type-post","3":"status-publish","4":"format-standard","5":"has-post-thumbnail","7":"category-rozaje","8":"category-njemacka-dijaspora-gradovi-vase-vijesti","9":"category-politika","10":"category-berane","11":"category-austrija-dijaspora-gradovi-vase-vijesti","12":"category-francuska-dijaspora-gradovi-vase-vijesti","13":"category-petnjica-vase-vijesti","14":"category-bijelo_polje","15":"category-svicarska-dijaspora-gradovi-vase-vijesti","16":"category-pljevlja_","17":"category-svedska-dijaspora-gradovi-vase-vijesti","18":"category-plav_","19":"category-gusinje-vase-vijesti","20":"category-vijesti-dana","21":"tag-bdz","22":"tag-hazbija-kalac","23":"tag-autonomija-sandzaka"},"yoast_head":"<!-- This site is optimized with the Yoast SEO Premium plugin v23.1 (Yoast SEO v24.9) - https:\/\/yoast.com\/wordpress\/plugins\/seo\/ -->\n<title>Historijski dan za ju\u017eni Sand\u017eak: Osnovana BDZ u Crnoj Gori<\/title>\n<meta name=\"robots\" content=\"index, follow, max-snippet:-1, max-image-preview:large, max-video-preview:-1\" \/>\n<link rel=\"canonical\" href=\"https:\/\/sandzakpress.net\/arhiva\/historijski-dan-za-juzni-sandzak-osniva-bdz-a-u-crnoj-gori\/\" \/>\n<meta property=\"og:locale\" content=\"bs_BA\" \/>\n<meta property=\"og:type\" content=\"article\" \/>\n<meta property=\"og:title\" content=\"Historijski dan za ju\u017eni Sand\u017eak: Osnovana BDZ u Crnoj Gori\" \/>\n<meta property=\"og:description\" content=\"Ro\u017eaje &#8211; Najmla\u0111a politi\u010dka stranka u Crnoj Gori, Bo\u0161nja\u010dka demokratska zajednica, izabrala rukovodstvo stranke na Skup\u0161tini u Ro\u017eajama.\u00a0Za predsjednika stranke, jednoglasno je izabran Hazbija Kala\u010d, a za potpredsjednike Adnan Ademovi\u0107 iz Ro\u017eaja, Demir Hod\u017ei\u0107 iz Podgorice i mr Damir Softi\u0107 iz Pljevalja. Generalni sekretar stranke je Amer Hod\u017ei\u0107, a predsjednik Izvr\u0161nog odbora stranke Almir Muratovi\u0107. [&hellip;]\" \/>\n<meta property=\"og:url\" content=\"https:\/\/sandzakpress.net\/arhiva\/historijski-dan-za-juzni-sandzak-osniva-bdz-a-u-crnoj-gori\/\" \/>\n<meta property=\"og:site_name\" content=\"Sand\u017eak PRESS\" \/>\n<meta property=\"article:published_time\" content=\"2013-12-01T13:20:25+00:00\" \/>\n<meta property=\"article:modified_time\" content=\"2013-12-01T16:43:51+00:00\" \/>\n<meta property=\"og:image\" content=\"https:\/\/sandzakpress.net\/arhiva\/wp-content\/uploads\/2013\/12\/060916e10d392958e91b331db28d14c02e25428ab973e04b14e2c6584ac85ff8.jpg\" \/>\n\t<meta property=\"og:image:width\" content=\"616\" \/>\n\t<meta property=\"og:image:height\" content=\"409\" \/>\n\t<meta property=\"og:image:type\" content=\"image\/jpeg\" \/>\n<meta name=\"author\" content=\"bosniak\" \/>\n<meta name=\"twitter:card\" content=\"summary_large_image\" \/>\n<meta name=\"twitter:label1\" content=\"Written by\" \/>\n\t<meta name=\"twitter:data1\" content=\"bosniak\" \/>\n\t<meta name=\"twitter:label2\" content=\"Est. reading time\" \/>\n\t<meta name=\"twitter:data2\" content=\"3 minute\" \/>\n<script type=\"application\/ld+json\" class=\"yoast-schema-graph\">{\"@context\":\"https:\/\/schema.org\",\"@graph\":[{\"@type\":\"Article\",\"@id\":\"https:\/\/sandzakpress.net\/arhiva\/historijski-dan-za-juzni-sandzak-osniva-bdz-a-u-crnoj-gori\/#article\",\"isPartOf\":{\"@id\":\"https:\/\/sandzakpress.net\/arhiva\/historijski-dan-za-juzni-sandzak-osniva-bdz-a-u-crnoj-gori\/\"},\"author\":{\"name\":\"bosniak\",\"@id\":\"https:\/\/sandzakpress.net\/arhiva\/#\/schema\/person\/c8baee722073534b583ea7bdb2e36c02\"},\"headline\":\"Historijski dan za ju\u017eni Sand\u017eak: Osnovana BDZ u Crnoj Gori\",\"datePublished\":\"2013-12-01T13:20:25+00:00\",\"dateModified\":\"2013-12-01T16:43:51+00:00\",\"mainEntityOfPage\":{\"@id\":\"https:\/\/sandzakpress.net\/arhiva\/historijski-dan-za-juzni-sandzak-osniva-bdz-a-u-crnoj-gori\/\"},\"wordCount\":606,\"commentCount\":50,\"publisher\":{\"@id\":\"https:\/\/sandzakpress.net\/arhiva\/#\/schema\/person\/6e72b67d6e51910a1117b3b483ba20bd\"},\"image\":{\"@id\":\"https:\/\/sandzakpress.net\/arhiva\/historijski-dan-za-juzni-sandzak-osniva-bdz-a-u-crnoj-gori\/#primaryimage\"},\"thumbnailUrl\":\"https:\/\/sandzakpress.net\/arhiva\/wp-content\/uploads\/2013\/12\/060916e10d392958e91b331db28d14c02e25428ab973e04b14e2c6584ac85ff8.jpg\",\"keywords\":[\"BDZ\",\"Hazbija Kala\u010d\",\"Autonomija Sand\u017eaka\"],\"articleSection\":[\"Ro\u017eaje\",\"Njema\u010dka\",\"Politika\",\"Berane\",\"Austrija\",\"Francuska\",\"Petnjica\",\"Bijelo Polje\",\"\u0160vicarska\",\"Pljevlja\",\"\u0160vedska\",\"Plav\",\"Gusinje\",\"VIJESTI DANA\"],\"inLanguage\":\"bs-BA\",\"potentialAction\":[{\"@type\":\"CommentAction\",\"name\":\"Comment\",\"target\":[\"https:\/\/sandzakpress.net\/arhiva\/historijski-dan-za-juzni-sandzak-osniva-bdz-a-u-crnoj-gori\/#respond\"]}]},{\"@type\":\"WebPage\",\"@id\":\"https:\/\/sandzakpress.net\/arhiva\/historijski-dan-za-juzni-sandzak-osniva-bdz-a-u-crnoj-gori\/\",\"url\":\"https:\/\/sandzakpress.net\/arhiva\/historijski-dan-za-juzni-sandzak-osniva-bdz-a-u-crnoj-gori\/\",\"name\":\"Historijski dan za ju\u017eni Sand\u017eak: Osnovana BDZ u Crnoj Gori\",\"isPartOf\":{\"@id\":\"https:\/\/sandzakpress.net\/arhiva\/#website\"},\"primaryImageOfPage\":{\"@id\":\"https:\/\/sandzakpress.net\/arhiva\/historijski-dan-za-juzni-sandzak-osniva-bdz-a-u-crnoj-gori\/#primaryimage\"},\"image\":{\"@id\":\"https:\/\/sandzakpress.net\/arhiva\/historijski-dan-za-juzni-sandzak-osniva-bdz-a-u-crnoj-gori\/#primaryimage\"},\"thumbnailUrl\":\"https:\/\/sandzakpress.net\/arhiva\/wp-content\/uploads\/2013\/12\/060916e10d392958e91b331db28d14c02e25428ab973e04b14e2c6584ac85ff8.jpg\",\"datePublished\":\"2013-12-01T13:20:25+00:00\",\"dateModified\":\"2013-12-01T16:43:51+00:00\",\"breadcrumb\":{\"@id\":\"https:\/\/sandzakpress.net\/arhiva\/historijski-dan-za-juzni-sandzak-osniva-bdz-a-u-crnoj-gori\/#breadcrumb\"},\"inLanguage\":\"bs-BA\",\"potentialAction\":[{\"@type\":\"ReadAction\",\"target\":[\"https:\/\/sandzakpress.net\/arhiva\/historijski-dan-za-juzni-sandzak-osniva-bdz-a-u-crnoj-gori\/\"]}]},{\"@type\":\"ImageObject\",\"inLanguage\":\"bs-BA\",\"@id\":\"https:\/\/sandzakpress.net\/arhiva\/historijski-dan-za-juzni-sandzak-osniva-bdz-a-u-crnoj-gori\/#primaryimage\",\"url\":\"https:\/\/sandzakpress.net\/arhiva\/wp-content\/uploads\/2013\/12\/060916e10d392958e91b331db28d14c02e25428ab973e04b14e2c6584ac85ff8.jpg\",\"contentUrl\":\"https:\/\/sandzakpress.net\/arhiva\/wp-content\/uploads\/2013\/12\/060916e10d392958e91b331db28d14c02e25428ab973e04b14e2c6584ac85ff8.jpg\",\"width\":616,\"height\":409},{\"@type\":\"BreadcrumbList\",\"@id\":\"https:\/\/sandzakpress.net\/arhiva\/historijski-dan-za-juzni-sandzak-osniva-bdz-a-u-crnoj-gori\/#breadcrumb\",\"itemListElement\":[{\"@type\":\"ListItem\",\"position\":1,\"name\":\"Home\",\"item\":\"https:\/\/sandzakpress.net\/arhiva\/\"},{\"@type\":\"ListItem\",\"position\":2,\"name\":\"Historijski dan za ju\u017eni Sand\u017eak: Osnovana BDZ u Crnoj Gori\"}]},{\"@type\":\"WebSite\",\"@id\":\"https:\/\/sandzakpress.net\/arhiva\/#website\",\"url\":\"https:\/\/sandzakpress.net\/arhiva\/\",\"name\":\"Sand\u017eak PRESS\",\"description\":\"Prve elektronske novine u Sand\u017eaku\",\"publisher\":{\"@id\":\"https:\/\/sandzakpress.net\/arhiva\/#\/schema\/person\/6e72b67d6e51910a1117b3b483ba20bd\"},\"potentialAction\":[{\"@type\":\"SearchAction\",\"target\":{\"@type\":\"EntryPoint\",\"urlTemplate\":\"https:\/\/sandzakpress.net\/arhiva\/?s={search_term_string}\"},\"query-input\":{\"@type\":\"PropertyValueSpecification\",\"valueRequired\":true,\"valueName\":\"search_term_string\"}}],\"inLanguage\":\"bs-BA\"},{\"@type\":[\"Person\",\"Organization\"],\"@id\":\"https:\/\/sandzakpress.net\/arhiva\/#\/schema\/person\/6e72b67d6e51910a1117b3b483ba20bd\",\"name\":\"Kul\",\"image\":{\"@type\":\"ImageObject\",\"inLanguage\":\"bs-BA\",\"@id\":\"https:\/\/sandzakpress.net\/arhiva\/#\/schema\/person\/image\/\",\"url\":\"https:\/\/secure.gravatar.com\/avatar\/42263f39aa27ac04c43cab85c280eb2e?s=96&d=mm&r=pg\",\"contentUrl\":\"https:\/\/secure.gravatar.com\/avatar\/42263f39aa27ac04c43cab85c280eb2e?s=96&d=mm&r=pg\",\"caption\":\"Kul\"},\"logo\":{\"@id\":\"https:\/\/sandzakpress.net\/arhiva\/#\/schema\/person\/image\/\"}},{\"@type\":\"Person\",\"@id\":\"https:\/\/sandzakpress.net\/arhiva\/#\/schema\/person\/c8baee722073534b583ea7bdb2e36c02\",\"name\":\"bosniak\",\"image\":{\"@type\":\"ImageObject\",\"inLanguage\":\"bs-BA\",\"@id\":\"https:\/\/sandzakpress.net\/arhiva\/#\/schema\/person\/image\/\",\"url\":\"https:\/\/secure.gravatar.com\/avatar\/a04fd330bfe3a36a72a0ad4a6d89fca7?s=96&d=mm&r=pg\",\"contentUrl\":\"https:\/\/secure.gravatar.com\/avatar\/a04fd330bfe3a36a72a0ad4a6d89fca7?s=96&d=mm&r=pg\",\"caption\":\"bosniak\"},\"url\":\"https:\/\/sandzakpress.net\/arhiva\/author\/bosniak\/\"}]}<\/script>\n<!-- \/ Yoast SEO Premium plugin. -->","yoast_head_json":{"title":"Historijski dan za ju\u017eni Sand\u017eak: Osnovana BDZ u Crnoj Gori","robots":{"index":"index","follow":"follow","max-snippet":"max-snippet:-1","max-image-preview":"max-image-preview:large","max-video-preview":"max-video-preview:-1"},"canonical":"https:\/\/sandzakpress.net\/arhiva\/historijski-dan-za-juzni-sandzak-osniva-bdz-a-u-crnoj-gori\/","og_locale":"bs_BA","og_type":"article","og_title":"Historijski dan za ju\u017eni Sand\u017eak: Osnovana BDZ u Crnoj Gori","og_description":"Ro\u017eaje &#8211; Najmla\u0111a politi\u010dka stranka u Crnoj Gori, Bo\u0161nja\u010dka demokratska zajednica, izabrala rukovodstvo stranke na Skup\u0161tini u Ro\u017eajama.\u00a0Za predsjednika stranke, jednoglasno je izabran Hazbija Kala\u010d, a za potpredsjednike Adnan Ademovi\u0107 iz Ro\u017eaja, Demir Hod\u017ei\u0107 iz Podgorice i mr Damir Softi\u0107 iz Pljevalja. Generalni sekretar stranke je Amer Hod\u017ei\u0107, a predsjednik Izvr\u0161nog odbora stranke Almir Muratovi\u0107. [&hellip;]","og_url":"https:\/\/sandzakpress.net\/arhiva\/historijski-dan-za-juzni-sandzak-osniva-bdz-a-u-crnoj-gori\/","og_site_name":"Sand\u017eak PRESS","article_published_time":"2013-12-01T13:20:25+00:00","article_modified_time":"2013-12-01T16:43:51+00:00","og_image":[{"width":616,"height":409,"url":"https:\/\/sandzakpress.net\/arhiva\/wp-content\/uploads\/2013\/12\/060916e10d392958e91b331db28d14c02e25428ab973e04b14e2c6584ac85ff8.jpg","type":"image\/jpeg"}],"author":"bosniak","twitter_card":"summary_large_image","twitter_misc":{"Written by":"bosniak","Est. reading time":"3 minute"},"schema":{"@context":"https:\/\/schema.org","@graph":[{"@type":"Article","@id":"https:\/\/sandzakpress.net\/arhiva\/historijski-dan-za-juzni-sandzak-osniva-bdz-a-u-crnoj-gori\/#article","isPartOf":{"@id":"https:\/\/sandzakpress.net\/arhiva\/historijski-dan-za-juzni-sandzak-osniva-bdz-a-u-crnoj-gori\/"},"author":{"name":"bosniak","@id":"https:\/\/sandzakpress.net\/arhiva\/#\/schema\/person\/c8baee722073534b583ea7bdb2e36c02"},"headline":"Historijski dan za ju\u017eni Sand\u017eak: Osnovana BDZ u Crnoj Gori","datePublished":"2013-12-01T13:20:25+00:00","dateModified":"2013-12-01T16:43:51+00:00","mainEntityOfPage":{"@id":"https:\/\/sandzakpress.net\/arhiva\/historijski-dan-za-juzni-sandzak-osniva-bdz-a-u-crnoj-gori\/"},"wordCount":606,"commentCount":50,"publisher":{"@id":"https:\/\/sandzakpress.net\/arhiva\/#\/schema\/person\/6e72b67d6e51910a1117b3b483ba20bd"},"image":{"@id":"https:\/\/sandzakpress.net\/arhiva\/historijski-dan-za-juzni-sandzak-osniva-bdz-a-u-crnoj-gori\/#primaryimage"},"thumbnailUrl":"https:\/\/sandzakpress.net\/arhiva\/wp-content\/uploads\/2013\/12\/060916e10d392958e91b331db28d14c02e25428ab973e04b14e2c6584ac85ff8.jpg","keywords":["BDZ","Hazbija Kala\u010d","Autonomija Sand\u017eaka"],"articleSection":["Ro\u017eaje","Njema\u010dka","Politika","Berane","Austrija","Francuska","Petnjica","Bijelo Polje","\u0160vicarska","Pljevlja","\u0160vedska","Plav","Gusinje","VIJESTI DANA"],"inLanguage":"bs-BA","potentialAction":[{"@type":"CommentAction","name":"Comment","target":["https:\/\/sandzakpress.net\/arhiva\/historijski-dan-za-juzni-sandzak-osniva-bdz-a-u-crnoj-gori\/#respond"]}]},{"@type":"WebPage","@id":"https:\/\/sandzakpress.net\/arhiva\/historijski-dan-za-juzni-sandzak-osniva-bdz-a-u-crnoj-gori\/","url":"https:\/\/sandzakpress.net\/arhiva\/historijski-dan-za-juzni-sandzak-osniva-bdz-a-u-crnoj-gori\/","name":"Historijski dan za ju\u017eni Sand\u017eak: Osnovana BDZ u Crnoj Gori","isPartOf":{"@id":"https:\/\/sandzakpress.net\/arhiva\/#website"},"primaryImageOfPage":{"@id":"https:\/\/sandzakpress.net\/arhiva\/historijski-dan-za-juzni-sandzak-osniva-bdz-a-u-crnoj-gori\/#primaryimage"},"image":{"@id":"https:\/\/sandzakpress.net\/arhiva\/historijski-dan-za-juzni-sandzak-osniva-bdz-a-u-crnoj-gori\/#primaryimage"},"thumbnailUrl":"https:\/\/sandzakpress.net\/arhiva\/wp-content\/uploads\/2013\/12\/060916e10d392958e91b331db28d14c02e25428ab973e04b14e2c6584ac85ff8.jpg","datePublished":"2013-12-01T13:20:25+00:00","dateModified":"2013-12-01T16:43:51+00:00","breadcrumb":{"@id":"https:\/\/sandzakpress.net\/arhiva\/historijski-dan-za-juzni-sandzak-osniva-bdz-a-u-crnoj-gori\/#breadcrumb"},"inLanguage":"bs-BA","potentialAction":[{"@type":"ReadAction","target":["https:\/\/sandzakpress.net\/arhiva\/historijski-dan-za-juzni-sandzak-osniva-bdz-a-u-crnoj-gori\/"]}]},{"@type":"ImageObject","inLanguage":"bs-BA","@id":"https:\/\/sandzakpress.net\/arhiva\/historijski-dan-za-juzni-sandzak-osniva-bdz-a-u-crnoj-gori\/#primaryimage","url":"https:\/\/sandzakpress.net\/arhiva\/wp-content\/uploads\/2013\/12\/060916e10d392958e91b331db28d14c02e25428ab973e04b14e2c6584ac85ff8.jpg","contentUrl":"https:\/\/sandzakpress.net\/arhiva\/wp-content\/uploads\/2013\/12\/060916e10d392958e91b331db28d14c02e25428ab973e04b14e2c6584ac85ff8.jpg","width":616,"height":409},{"@type":"BreadcrumbList","@id":"https:\/\/sandzakpress.net\/arhiva\/historijski-dan-za-juzni-sandzak-osniva-bdz-a-u-crnoj-gori\/#breadcrumb","itemListElement":[{"@type":"ListItem","position":1,"name":"Home","item":"https:\/\/sandzakpress.net\/arhiva\/"},{"@type":"ListItem","position":2,"name":"Historijski dan za ju\u017eni Sand\u017eak: Osnovana BDZ u Crnoj Gori"}]},{"@type":"WebSite","@id":"https:\/\/sandzakpress.net\/arhiva\/#website","url":"https:\/\/sandzakpress.net\/arhiva\/","name":"Sand\u017eak PRESS","description":"Prve elektronske novine u Sand\u017eaku","publisher":{"@id":"https:\/\/sandzakpress.net\/arhiva\/#\/schema\/person\/6e72b67d6e51910a1117b3b483ba20bd"},"potentialAction":[{"@type":"SearchAction","target":{"@type":"EntryPoint","urlTemplate":"https:\/\/sandzakpress.net\/arhiva\/?s={search_term_string}"},"query-input":{"@type":"PropertyValueSpecification","valueRequired":true,"valueName":"search_term_string"}}],"inLanguage":"bs-BA"},{"@type":["Person","Organization"],"@id":"https:\/\/sandzakpress.net\/arhiva\/#\/schema\/person\/6e72b67d6e51910a1117b3b483ba20bd","name":"Kul","image":{"@type":"ImageObject","inLanguage":"bs-BA","@id":"https:\/\/sandzakpress.net\/arhiva\/#\/schema\/person\/image\/","url":"https:\/\/secure.gravatar.com\/avatar\/42263f39aa27ac04c43cab85c280eb2e?s=96&d=mm&r=pg","contentUrl":"https:\/\/secure.gravatar.com\/avatar\/42263f39aa27ac04c43cab85c280eb2e?s=96&d=mm&r=pg","caption":"Kul"},"logo":{"@id":"https:\/\/sandzakpress.net\/arhiva\/#\/schema\/person\/image\/"}},{"@type":"Person","@id":"https:\/\/sandzakpress.net\/arhiva\/#\/schema\/person\/c8baee722073534b583ea7bdb2e36c02","name":"bosniak","image":{"@type":"ImageObject","inLanguage":"bs-BA","@id":"https:\/\/sandzakpress.net\/arhiva\/#\/schema\/person\/image\/","url":"https:\/\/secure.gravatar.com\/avatar\/a04fd330bfe3a36a72a0ad4a6d89fca7?s=96&d=mm&r=pg","contentUrl":"https:\/\/secure.gravatar.com\/avatar\/a04fd330bfe3a36a72a0ad4a6d89fca7?s=96&d=mm&r=pg","caption":"bosniak"},"url":"https:\/\/sandzakpress.net\/arhiva\/author\/bosniak\/"}]}},"_links":{"self":[{"href":"https:\/\/sandzakpress.net\/arhiva\/wp-json\/wp\/v2\/posts\/96999"}],"collection":[{"href":"https:\/\/sandzakpress.net\/arhiva\/wp-json\/wp\/v2\/posts"}],"about":[{"href":"https:\/\/sandzakpress.net\/arhiva\/wp-json\/wp\/v2\/types\/post"}],"author":[{"embeddable":true,"href":"https:\/\/sandzakpress.net\/arhiva\/wp-json\/wp\/v2\/users\/83"}],"replies":[{"embeddable":true,"href":"https:\/\/sandzakpress.net\/arhiva\/wp-json\/wp\/v2\/comments?post=96999"}],"version-history":[{"count":0,"href":"https:\/\/sandzakpress.net\/arhiva\/wp-json\/wp\/v2\/posts\/96999\/revisions"}],"wp:featuredmedia":[{"embeddable":true,"href":"https:\/\/sandzakpress.net\/arhiva\/wp-json\/wp\/v2\/media\/97015"}],"wp:attachment":[{"href":"https:\/\/sandzakpress.net\/arhiva\/wp-json\/wp\/v2\/media?parent=96999"}],"wp:term":[{"taxonomy":"category","embeddable":true,"href":"https:\/\/sandzakpress.net\/arhiva\/wp-json\/wp\/v2\/categories?post=96999"},{"taxonomy":"post_tag","embeddable":true,"href":"https:\/\/sandzakpress.net\/arhiva\/wp-json\/wp\/v2\/tags?post=96999"}],"curies":[{"name":"wp","href":"https:\/\/api.w.org\/{rel}","templated":true}]}}