{"id":96969,"date":"2013-11-30T19:01:37","date_gmt":"2013-11-30T18:01:37","guid":{"rendered":"https:\/\/sandzakpress.net\/arhiva\/?p=96969"},"modified":"2013-12-01T12:29:45","modified_gmt":"2013-12-01T11:29:45","slug":"prof-dr-ejub-ganic-na-i-zasjedanju-avnoja-sandzak-je-imao-status-republike","status":"publish","type":"post","link":"https:\/\/sandzakpress.net\/arhiva\/prof-dr-ejub-ganic-na-i-zasjedanju-avnoja-sandzak-je-imao-status-republike\/","title":{"rendered":"Prof. dr. Ejub Gani\u0107: Na I. zasjedanju AVNOJA Sand\u017eak je imao status Republike"},"content":{"rendered":"<p><strong><img loading=\"lazy\" decoding=\"async\" class=\"alignleft\" alt=\"Ejup-Ganic-former-Bosnian-006\" src=\"http:\/\/www.sandzaklive.rs\/images\/thumbnails\/images\/Ostalo\/Ejup-Ganic-former-Bosnian-006-410x246.jpg\" width=\"332\" height=\"199\" \/>Uspostavom nove Jugoslavije\u00a0Sand\u017eak nije prerastao u njenu savjeznu jedinicu i otad se vode tihe rasprave o tom presjedanu, ali i njegovoj budu\u0107nosti.<\/strong><\/p>\n<p>SARAJEVO\u00a0\u2013 Sand\u017eak ima dugu i burnu historiju u kojoj se njegova sudbina prelamala kroz razli\u010dite vremenske periode i doga\u0111aje.<\/p>\n<p>U novijoj historiji ovog podru\u010dja posebno je zna\u010dajan period Drugoga svjetskog\u00a0rata, tokom kojeg je bio pod upravom Zemaljskog antifa\u0161isti\u010dkog vije\u0107a narodnog oslobo\u0111enja Sand\u017eaka, \u0161to je doprinijelo rasplamsavanju narodnooslobodila\u010dke borbe i \u0161irenju narodnooslobodila\u010dkog pokreta ne samo na ovom teritoriju ve\u0107 i \u0161ire.<\/p>\n<p><strong>\u00a0<\/strong><\/p>\n<p style=\"text-align: center;\"><strong><img loading=\"lazy\" decoding=\"async\" class=\"aligncenter\" alt=\"Sandzak01\" src=\"http:\/\/www.sandzaklive.rs\/images\/thumbnails\/images\/Ostalo\/Sandzak01-728x622.png\" width=\"466\" height=\"398\" \/><\/strong><\/p>\n<p><strong>Put i na\u010din<\/strong><\/p>\n<p><strong>Platforma za budu\u0107nost Sand\u017eaka<\/strong><\/p>\n<p>No, uspostavom nove Jugoslavije Sand\u017eak\u00a0nije prerastao u njenu saveznu jedinicu i otad se vode tihe rasprave o tom presjedanu, ali i njegovoj budu\u0107nosti.<\/p>\n<p>Od uspostavljanja republi\u010dkih granica 1945. godine sand\u017ea\u010dki teritorij podijeljen je izme\u0111u Srbije i Crne Gore, no ostala je kohezija jedinstvenog prostora u historijskom,\u00a0 kulturolo\u0161kom, pa i privrednom pogledu. Danas, kada su granice na Balkanu kona\u010dno uspostavljene, Sand\u017eak svoj razvoj vidi u formi \u201eevropske regije\u201c. To je put i na\u010din da se\u00a0 po evropskom modelu o\u010duva historijski, teritorijalni i kulturolo\u0161ki indentitet Sand\u017eaka i obezbijedi njegova revitalizacija u punom smislu te rije\u010di.<\/p>\n<p>Slijedom demokratskih opredjeljenja i evropskih principa, op\u0107ine i gradovi Sand\u017eaka, u funkciji Saveza op\u0107ina i gradova Sand\u017eaka, trebaju formirati svoju skup\u0161tinu pod nazivom Skup\u0161tina evropske regije Sand\u017eak.<\/p>\n<p>Inicijalno, predstavnici, odnosno \u010dlanovi prvog sastava Skup\u0161tine iz pojedinih op\u0107ina imenuju se na osnovu posljednjih rezultata izbora za Nacionalno vije\u0107e Bo\u0161njaka i op\u0107inskih struktura. Skup\u0161tina regije, preko svog Izvr\u0161nog odbora (izvr\u0161ni organ Skup\u0161tine), podsti\u010de intenzivniji i sadr\u017eajniji rad izme\u0111u organa lokalne samouprave (op\u0107ine) i republi\u010dkih organa (Vlada Srbije i Crne Gore). Tako\u0111er, ostvaruje saradnju sa srodnim regijama u u\u017eem i \u0161irem okru\u017eenju.<\/p>\n<p><img decoding=\"async\" alt=\"avjnoj sandzak\" src=\"http:\/\/www.sandzaklive.rs\/images\/Ostalo\/avjnoj_sandzak.jpg\" \/><\/p>\n<p><strong>Vlast i samouprava<\/strong><\/p>\n<p>Izvr\u0161ni odbor ove skup\u0161tine formira sekretarijate radi efikasnije koordinacije programa.<\/p>\n<p>&nbsp;<\/p>\n<p>Neophodni sekretarijati pri samom osnivanju Skup\u0161tine su: Sekretarijat za me\u0111uregionalnu saradnju, Sekretarijat za sand\u017ea\u010dku dijasporu, Sekretarijat za poduzetni\u0161tvo i Sekretarijat za obrazovanje i kulturu.<\/p>\n<p>&nbsp;<\/p>\n<p>Saradnja Izvr\u0161nog odbora Skup\u0161tine regije Sand\u017eak s vladama Srbije i Crne Gore, kao i organima lokalne samouprave, ima za cilj da vodi br\u017eem pribli\u017eavanju Srbije i Crne Gore Evropskoj uniji, te otvaranju novih tr\u017ei\u0161ta radi pokretanja razvojnih projekata u Sand\u017eaku i \u0161ire.<\/p>\n<p>Osnivanje ustanova i preduze\u0107a (Arhiv Sand\u017eaka, Narodno pozori\u0161te u Novom Pazaru, Javno preduze\u0107e \u0161ume i vode Sand\u017eaka, Razvojna banka Sand\u017eaka itd.) trebaju\u00a0 doprinijeti efikasnijem ukupnom razvoju ove regije za dobrobit svih njenih gra\u0111ana.<\/p>\n<p>&nbsp;<\/p>\n<p>Sekretarijat za me\u0111uregionalnu saradnju otvara predstavni\u0161tva u Briselu, Istanbulu i Va\u0161ingtonu. Treba zahtijevati otvaranje konzulata BiH, Turske, SAD i EU u Novom Pazaru.<\/p>\n<p>&nbsp;<\/p>\n<p>Izvr\u0161ni odbor preko svojih sekretarijata priprema prijedloge zakona i amandmane s ciljem pobolj\u0161anja postoje\u0107ih zakona i propisa koji reguliraju rad jedinica lokalne samouprave (gradovi i op\u0107ine) i obuhvataju novi koncept regija. Tako\u0111er, radi na formiranju prijedloga u vezi s raspodjelom javnih prihoda u dijelu koji se odnosi na finansiranje jedinica lokalne samouprave i regija, osigurava sredstva za saradnju sa sli\u010dnim organizacijama u zemlji i inozemstvu, kao i pokrivanje tro\u0161kova \u010dlanarine za \u010dlanstvo u me\u0111unarodnim asocijacijama.<\/p>\n<p>&nbsp;<\/p>\n<p>Bez saglasnosti Skup\u0161tine Sand\u017eaka (odnosno bez saglasnosti svih dvanaest op\u0107ina regije) nije mogu\u0107e nametati teritorijalno preure\u0111enje (novi okruzi, nove op\u0107ine i sli\u010dno), koji zadiru u historijski i teritorijalni identitet regije i ugro\u017eavaju njeno kulturno naslije\u0111e. Sva takva ranija de\u0161avanja su nelegalna.<\/p>\n<p>&nbsp;<\/p>\n<p><strong>Radikalni nasrtaji<\/strong><\/p>\n<p>Inicijalno, obezbje\u0111ivanje sredstava za rad i ostvarivanje programa regije Sand\u017eak potra\u017euju\u00a0se\u00a0od dijela op\u0107inskih bud\u017eeta. O\u010dekuje se da se iz dr\u017eavnih bud\u017eeta pokrivaju tro\u0161kovi rada Sekretarijata za me\u0111uregionalnu saradnju, Sekretarijata za dijasporu i Sekretarijata za obrazovanje i kulturu. U daljnjem razvoju koristit \u0107e EU finansijski model za regije, \u0161to treba regulirati zakonskim propisima.<\/p>\n<p>&nbsp;<\/p>\n<p>Ostali administrativni akti o sastavu, radu i reizboru Skup\u0161tine i njenih organa preciziraju se u Statutu Skup\u0161tine.<\/p>\n<p>&nbsp;<\/p>\n<p>Uspostavljanjem prekograni\u010dne regije Sand\u017eak, Srbija i Crna Gora osiguravaju br\u017ei dru\u0161tveno-ekonomski razvoj regije i ubrzavaju pribli\u017eavanje obje zemlje Evropskoj uniji. Obje zemlje, a pogotovo Srbija, ja\u010daju i dinamiziraju proces ekonomske i demokratske izgradnje. Naravno, koncept evropske regije Sand\u017eak ne zadire u ustavne nadle\u017enosti lokalne samouprave i republi\u010dkih organa.<\/p>\n<p>&nbsp;<\/p>\n<p>U ovom procesu apsorbiraju se svi modaliteti i iskustva regulative evropskih regija, kako bi se pobolj\u0161ao ukupni napredak. Sama \u010dinjenica da Srbija, ugro\u017eena nasljedstvom velikosrpske ideologije, a trenutno i zbog unutra\u0161njeg i vanjskog duga, nije ni u mogu\u0107nosti pokrenuti zna\u010dajnije investicione i razvojne cikluse u regijama poput Sand\u017eaka, zahtijeva da se odgovornost za op\u0107i napredak dijeli \u0161to vi\u0161e s regijama, \u0161to je koncept koji potvr\u0111uje i EU praksa.<\/p>\n<p>&nbsp;<\/p>\n<p>Gra\u0111ani Sand\u017eaka dobivaju na osje\u0107aju sigurnosti i pripadnosti, te dobivaju pravo da aktivno doprinesu boljoj budu\u0107nosti njihove dr\u017eave Srbije, odnosno Crne Gore. Prekograni\u010dna regija Sand\u017eak je i svojevrsna \u201ebuffer zone\u201c izme\u0111u Srbije i Crne Gore, \u0161to svakako ubla\u017eava nasrtaje radikalnih struja iz Srbije na unutra\u0161nju stabilnost Crne Gore.<\/p>\n<p>&nbsp;<\/p>\n<p>Predlo\u017eeni koncept nije u sukobu s pozitivnim tuma\u010denjem odredbi Ustava Srbije i Crne Gore, koji pokrivaju ovu materiju.<\/p>\n<p>&nbsp;<\/p>\n<p>(Tekst je skra\u0107ena verzija izlaganja prof. dr. Ejupa Gani\u0107a na nau\u010dnom skupu \u201ePitanje Sand\u017eaka\u201c odr\u017eanom 2. jula 2011. u Sarajevu)<\/p>\n<p>Pi\u0161e: Prof. dr. Ejup Gani\u0107,thebosniatimes.com<\/p>\n<div>\u00a0Izvor: <strong>sandzaklive.rs<\/strong><\/div>\n","protected":false},"excerpt":{"rendered":"<p>Uspostavom nove Jugoslavije\u00a0Sand\u017eak nije prerastao u njenu savjeznu jedinicu i otad se vode tihe rasprave o tom presjedanu, ali i njegovoj budu\u0107nosti. SARAJEVO\u00a0\u2013 Sand\u017eak ima dugu i burnu historiju u kojoj se njegova sudbina prelamala kroz razli\u010dite vremenske periode i doga\u0111aje. U novijoj historiji ovog podru\u010dja posebno je zna\u010dajan period Drugoga svjetskog\u00a0rata, tokom kojeg je [&hellip;]<\/p>\n","protected":false},"author":83,"featured_media":96970,"comment_status":"open","ping_status":"open","sticky":false,"template":"","format":"standard","meta":{"footnotes":""},"categories":[8957],"tags":[10288],"class_list":{"0":"post-96969","1":"post","2":"type-post","3":"status-publish","4":"format-standard","5":"has-post-thumbnail","7":"category-vijesti-dana","8":"tag-autonomija-sandzaka"},"yoast_head":"<!-- This site is optimized with the Yoast SEO Premium plugin v23.1 (Yoast SEO v24.9) - https:\/\/yoast.com\/wordpress\/plugins\/seo\/ -->\n<title>Prof. dr. Ejub Gani\u0107: Na I. zasjedanju AVNOJA Sand\u017eak je imao status Republike<\/title>\n<meta name=\"robots\" content=\"index, follow, max-snippet:-1, max-image-preview:large, max-video-preview:-1\" \/>\n<link rel=\"canonical\" href=\"https:\/\/sandzakpress.net\/arhiva\/prof-dr-ejub-ganic-na-i-zasjedanju-avnoja-sandzak-je-imao-status-republike\/\" \/>\n<meta property=\"og:locale\" content=\"bs_BA\" \/>\n<meta property=\"og:type\" content=\"article\" \/>\n<meta property=\"og:title\" content=\"Prof. dr. Ejub Gani\u0107: Na I. zasjedanju AVNOJA Sand\u017eak je imao status Republike\" \/>\n<meta property=\"og:description\" content=\"Uspostavom nove Jugoslavije\u00a0Sand\u017eak nije prerastao u njenu savjeznu jedinicu i otad se vode tihe rasprave o tom presjedanu, ali i njegovoj budu\u0107nosti. SARAJEVO\u00a0\u2013 Sand\u017eak ima dugu i burnu historiju u kojoj se njegova sudbina prelamala kroz razli\u010dite vremenske periode i doga\u0111aje. U novijoj historiji ovog podru\u010dja posebno je zna\u010dajan period Drugoga svjetskog\u00a0rata, tokom kojeg je [&hellip;]\" \/>\n<meta property=\"og:url\" content=\"https:\/\/sandzakpress.net\/arhiva\/prof-dr-ejub-ganic-na-i-zasjedanju-avnoja-sandzak-je-imao-status-republike\/\" \/>\n<meta property=\"og:site_name\" content=\"Sand\u017eak PRESS\" \/>\n<meta property=\"article:published_time\" content=\"2013-11-30T18:01:37+00:00\" \/>\n<meta property=\"article:modified_time\" content=\"2013-12-01T11:29:45+00:00\" \/>\n<meta property=\"og:image\" content=\"https:\/\/sandzakpress.net\/arhiva\/wp-content\/uploads\/2013\/11\/Ejup-Ganic-former-Bosnian-006-410x246.jpg\" \/>\n\t<meta property=\"og:image:width\" content=\"410\" \/>\n\t<meta property=\"og:image:height\" content=\"246\" \/>\n\t<meta property=\"og:image:type\" content=\"image\/jpeg\" \/>\n<meta name=\"author\" content=\"bosniak\" \/>\n<meta name=\"twitter:card\" content=\"summary_large_image\" \/>\n<meta name=\"twitter:label1\" content=\"Written by\" \/>\n\t<meta name=\"twitter:data1\" content=\"bosniak\" \/>\n\t<meta name=\"twitter:label2\" content=\"Est. reading time\" \/>\n\t<meta name=\"twitter:data2\" content=\"5 minuta\" \/>\n<script type=\"application\/ld+json\" class=\"yoast-schema-graph\">{\"@context\":\"https:\/\/schema.org\",\"@graph\":[{\"@type\":\"Article\",\"@id\":\"https:\/\/sandzakpress.net\/arhiva\/prof-dr-ejub-ganic-na-i-zasjedanju-avnoja-sandzak-je-imao-status-republike\/#article\",\"isPartOf\":{\"@id\":\"https:\/\/sandzakpress.net\/arhiva\/prof-dr-ejub-ganic-na-i-zasjedanju-avnoja-sandzak-je-imao-status-republike\/\"},\"author\":{\"name\":\"bosniak\",\"@id\":\"https:\/\/sandzakpress.net\/arhiva\/#\/schema\/person\/c8baee722073534b583ea7bdb2e36c02\"},\"headline\":\"Prof. dr. Ejub Gani\u0107: Na I. zasjedanju AVNOJA Sand\u017eak je imao status Republike\",\"datePublished\":\"2013-11-30T18:01:37+00:00\",\"dateModified\":\"2013-12-01T11:29:45+00:00\",\"mainEntityOfPage\":{\"@id\":\"https:\/\/sandzakpress.net\/arhiva\/prof-dr-ejub-ganic-na-i-zasjedanju-avnoja-sandzak-je-imao-status-republike\/\"},\"wordCount\":979,\"commentCount\":46,\"publisher\":{\"@id\":\"https:\/\/sandzakpress.net\/arhiva\/#\/schema\/person\/6e72b67d6e51910a1117b3b483ba20bd\"},\"image\":{\"@id\":\"https:\/\/sandzakpress.net\/arhiva\/prof-dr-ejub-ganic-na-i-zasjedanju-avnoja-sandzak-je-imao-status-republike\/#primaryimage\"},\"thumbnailUrl\":\"https:\/\/sandzakpress.net\/arhiva\/wp-content\/uploads\/2013\/11\/Ejup-Ganic-former-Bosnian-006-410x246.jpg\",\"keywords\":[\"Autonomija Sand\u017eaka\"],\"articleSection\":[\"VIJESTI DANA\"],\"inLanguage\":\"bs-BA\",\"potentialAction\":[{\"@type\":\"CommentAction\",\"name\":\"Comment\",\"target\":[\"https:\/\/sandzakpress.net\/arhiva\/prof-dr-ejub-ganic-na-i-zasjedanju-avnoja-sandzak-je-imao-status-republike\/#respond\"]}]},{\"@type\":\"WebPage\",\"@id\":\"https:\/\/sandzakpress.net\/arhiva\/prof-dr-ejub-ganic-na-i-zasjedanju-avnoja-sandzak-je-imao-status-republike\/\",\"url\":\"https:\/\/sandzakpress.net\/arhiva\/prof-dr-ejub-ganic-na-i-zasjedanju-avnoja-sandzak-je-imao-status-republike\/\",\"name\":\"Prof. dr. Ejub Gani\u0107: Na I. zasjedanju AVNOJA Sand\u017eak je imao status Republike\",\"isPartOf\":{\"@id\":\"https:\/\/sandzakpress.net\/arhiva\/#website\"},\"primaryImageOfPage\":{\"@id\":\"https:\/\/sandzakpress.net\/arhiva\/prof-dr-ejub-ganic-na-i-zasjedanju-avnoja-sandzak-je-imao-status-republike\/#primaryimage\"},\"image\":{\"@id\":\"https:\/\/sandzakpress.net\/arhiva\/prof-dr-ejub-ganic-na-i-zasjedanju-avnoja-sandzak-je-imao-status-republike\/#primaryimage\"},\"thumbnailUrl\":\"https:\/\/sandzakpress.net\/arhiva\/wp-content\/uploads\/2013\/11\/Ejup-Ganic-former-Bosnian-006-410x246.jpg\",\"datePublished\":\"2013-11-30T18:01:37+00:00\",\"dateModified\":\"2013-12-01T11:29:45+00:00\",\"breadcrumb\":{\"@id\":\"https:\/\/sandzakpress.net\/arhiva\/prof-dr-ejub-ganic-na-i-zasjedanju-avnoja-sandzak-je-imao-status-republike\/#breadcrumb\"},\"inLanguage\":\"bs-BA\",\"potentialAction\":[{\"@type\":\"ReadAction\",\"target\":[\"https:\/\/sandzakpress.net\/arhiva\/prof-dr-ejub-ganic-na-i-zasjedanju-avnoja-sandzak-je-imao-status-republike\/\"]}]},{\"@type\":\"ImageObject\",\"inLanguage\":\"bs-BA\",\"@id\":\"https:\/\/sandzakpress.net\/arhiva\/prof-dr-ejub-ganic-na-i-zasjedanju-avnoja-sandzak-je-imao-status-republike\/#primaryimage\",\"url\":\"https:\/\/sandzakpress.net\/arhiva\/wp-content\/uploads\/2013\/11\/Ejup-Ganic-former-Bosnian-006-410x246.jpg\",\"contentUrl\":\"https:\/\/sandzakpress.net\/arhiva\/wp-content\/uploads\/2013\/11\/Ejup-Ganic-former-Bosnian-006-410x246.jpg\",\"width\":410,\"height\":246},{\"@type\":\"BreadcrumbList\",\"@id\":\"https:\/\/sandzakpress.net\/arhiva\/prof-dr-ejub-ganic-na-i-zasjedanju-avnoja-sandzak-je-imao-status-republike\/#breadcrumb\",\"itemListElement\":[{\"@type\":\"ListItem\",\"position\":1,\"name\":\"Home\",\"item\":\"https:\/\/sandzakpress.net\/arhiva\/\"},{\"@type\":\"ListItem\",\"position\":2,\"name\":\"Prof. dr. Ejub Gani\u0107: Na I. zasjedanju AVNOJA Sand\u017eak je imao status Republike\"}]},{\"@type\":\"WebSite\",\"@id\":\"https:\/\/sandzakpress.net\/arhiva\/#website\",\"url\":\"https:\/\/sandzakpress.net\/arhiva\/\",\"name\":\"Sand\u017eak PRESS\",\"description\":\"Prve elektronske novine u Sand\u017eaku\",\"publisher\":{\"@id\":\"https:\/\/sandzakpress.net\/arhiva\/#\/schema\/person\/6e72b67d6e51910a1117b3b483ba20bd\"},\"potentialAction\":[{\"@type\":\"SearchAction\",\"target\":{\"@type\":\"EntryPoint\",\"urlTemplate\":\"https:\/\/sandzakpress.net\/arhiva\/?s={search_term_string}\"},\"query-input\":{\"@type\":\"PropertyValueSpecification\",\"valueRequired\":true,\"valueName\":\"search_term_string\"}}],\"inLanguage\":\"bs-BA\"},{\"@type\":[\"Person\",\"Organization\"],\"@id\":\"https:\/\/sandzakpress.net\/arhiva\/#\/schema\/person\/6e72b67d6e51910a1117b3b483ba20bd\",\"name\":\"Kul\",\"image\":{\"@type\":\"ImageObject\",\"inLanguage\":\"bs-BA\",\"@id\":\"https:\/\/sandzakpress.net\/arhiva\/#\/schema\/person\/image\/\",\"url\":\"https:\/\/secure.gravatar.com\/avatar\/42263f39aa27ac04c43cab85c280eb2e?s=96&d=mm&r=pg\",\"contentUrl\":\"https:\/\/secure.gravatar.com\/avatar\/42263f39aa27ac04c43cab85c280eb2e?s=96&d=mm&r=pg\",\"caption\":\"Kul\"},\"logo\":{\"@id\":\"https:\/\/sandzakpress.net\/arhiva\/#\/schema\/person\/image\/\"}},{\"@type\":\"Person\",\"@id\":\"https:\/\/sandzakpress.net\/arhiva\/#\/schema\/person\/c8baee722073534b583ea7bdb2e36c02\",\"name\":\"bosniak\",\"image\":{\"@type\":\"ImageObject\",\"inLanguage\":\"bs-BA\",\"@id\":\"https:\/\/sandzakpress.net\/arhiva\/#\/schema\/person\/image\/\",\"url\":\"https:\/\/secure.gravatar.com\/avatar\/a04fd330bfe3a36a72a0ad4a6d89fca7?s=96&d=mm&r=pg\",\"contentUrl\":\"https:\/\/secure.gravatar.com\/avatar\/a04fd330bfe3a36a72a0ad4a6d89fca7?s=96&d=mm&r=pg\",\"caption\":\"bosniak\"},\"url\":\"https:\/\/sandzakpress.net\/arhiva\/author\/bosniak\/\"}]}<\/script>\n<!-- \/ Yoast SEO Premium plugin. -->","yoast_head_json":{"title":"Prof. dr. Ejub Gani\u0107: Na I. zasjedanju AVNOJA Sand\u017eak je imao status Republike","robots":{"index":"index","follow":"follow","max-snippet":"max-snippet:-1","max-image-preview":"max-image-preview:large","max-video-preview":"max-video-preview:-1"},"canonical":"https:\/\/sandzakpress.net\/arhiva\/prof-dr-ejub-ganic-na-i-zasjedanju-avnoja-sandzak-je-imao-status-republike\/","og_locale":"bs_BA","og_type":"article","og_title":"Prof. dr. Ejub Gani\u0107: Na I. zasjedanju AVNOJA Sand\u017eak je imao status Republike","og_description":"Uspostavom nove Jugoslavije\u00a0Sand\u017eak nije prerastao u njenu savjeznu jedinicu i otad se vode tihe rasprave o tom presjedanu, ali i njegovoj budu\u0107nosti. SARAJEVO\u00a0\u2013 Sand\u017eak ima dugu i burnu historiju u kojoj se njegova sudbina prelamala kroz razli\u010dite vremenske periode i doga\u0111aje. U novijoj historiji ovog podru\u010dja posebno je zna\u010dajan period Drugoga svjetskog\u00a0rata, tokom kojeg je [&hellip;]","og_url":"https:\/\/sandzakpress.net\/arhiva\/prof-dr-ejub-ganic-na-i-zasjedanju-avnoja-sandzak-je-imao-status-republike\/","og_site_name":"Sand\u017eak PRESS","article_published_time":"2013-11-30T18:01:37+00:00","article_modified_time":"2013-12-01T11:29:45+00:00","og_image":[{"width":410,"height":246,"url":"https:\/\/sandzakpress.net\/arhiva\/wp-content\/uploads\/2013\/11\/Ejup-Ganic-former-Bosnian-006-410x246.jpg","type":"image\/jpeg"}],"author":"bosniak","twitter_card":"summary_large_image","twitter_misc":{"Written by":"bosniak","Est. reading time":"5 minuta"},"schema":{"@context":"https:\/\/schema.org","@graph":[{"@type":"Article","@id":"https:\/\/sandzakpress.net\/arhiva\/prof-dr-ejub-ganic-na-i-zasjedanju-avnoja-sandzak-je-imao-status-republike\/#article","isPartOf":{"@id":"https:\/\/sandzakpress.net\/arhiva\/prof-dr-ejub-ganic-na-i-zasjedanju-avnoja-sandzak-je-imao-status-republike\/"},"author":{"name":"bosniak","@id":"https:\/\/sandzakpress.net\/arhiva\/#\/schema\/person\/c8baee722073534b583ea7bdb2e36c02"},"headline":"Prof. dr. Ejub Gani\u0107: Na I. zasjedanju AVNOJA Sand\u017eak je imao status Republike","datePublished":"2013-11-30T18:01:37+00:00","dateModified":"2013-12-01T11:29:45+00:00","mainEntityOfPage":{"@id":"https:\/\/sandzakpress.net\/arhiva\/prof-dr-ejub-ganic-na-i-zasjedanju-avnoja-sandzak-je-imao-status-republike\/"},"wordCount":979,"commentCount":46,"publisher":{"@id":"https:\/\/sandzakpress.net\/arhiva\/#\/schema\/person\/6e72b67d6e51910a1117b3b483ba20bd"},"image":{"@id":"https:\/\/sandzakpress.net\/arhiva\/prof-dr-ejub-ganic-na-i-zasjedanju-avnoja-sandzak-je-imao-status-republike\/#primaryimage"},"thumbnailUrl":"https:\/\/sandzakpress.net\/arhiva\/wp-content\/uploads\/2013\/11\/Ejup-Ganic-former-Bosnian-006-410x246.jpg","keywords":["Autonomija Sand\u017eaka"],"articleSection":["VIJESTI DANA"],"inLanguage":"bs-BA","potentialAction":[{"@type":"CommentAction","name":"Comment","target":["https:\/\/sandzakpress.net\/arhiva\/prof-dr-ejub-ganic-na-i-zasjedanju-avnoja-sandzak-je-imao-status-republike\/#respond"]}]},{"@type":"WebPage","@id":"https:\/\/sandzakpress.net\/arhiva\/prof-dr-ejub-ganic-na-i-zasjedanju-avnoja-sandzak-je-imao-status-republike\/","url":"https:\/\/sandzakpress.net\/arhiva\/prof-dr-ejub-ganic-na-i-zasjedanju-avnoja-sandzak-je-imao-status-republike\/","name":"Prof. dr. Ejub Gani\u0107: Na I. zasjedanju AVNOJA Sand\u017eak je imao status Republike","isPartOf":{"@id":"https:\/\/sandzakpress.net\/arhiva\/#website"},"primaryImageOfPage":{"@id":"https:\/\/sandzakpress.net\/arhiva\/prof-dr-ejub-ganic-na-i-zasjedanju-avnoja-sandzak-je-imao-status-republike\/#primaryimage"},"image":{"@id":"https:\/\/sandzakpress.net\/arhiva\/prof-dr-ejub-ganic-na-i-zasjedanju-avnoja-sandzak-je-imao-status-republike\/#primaryimage"},"thumbnailUrl":"https:\/\/sandzakpress.net\/arhiva\/wp-content\/uploads\/2013\/11\/Ejup-Ganic-former-Bosnian-006-410x246.jpg","datePublished":"2013-11-30T18:01:37+00:00","dateModified":"2013-12-01T11:29:45+00:00","breadcrumb":{"@id":"https:\/\/sandzakpress.net\/arhiva\/prof-dr-ejub-ganic-na-i-zasjedanju-avnoja-sandzak-je-imao-status-republike\/#breadcrumb"},"inLanguage":"bs-BA","potentialAction":[{"@type":"ReadAction","target":["https:\/\/sandzakpress.net\/arhiva\/prof-dr-ejub-ganic-na-i-zasjedanju-avnoja-sandzak-je-imao-status-republike\/"]}]},{"@type":"ImageObject","inLanguage":"bs-BA","@id":"https:\/\/sandzakpress.net\/arhiva\/prof-dr-ejub-ganic-na-i-zasjedanju-avnoja-sandzak-je-imao-status-republike\/#primaryimage","url":"https:\/\/sandzakpress.net\/arhiva\/wp-content\/uploads\/2013\/11\/Ejup-Ganic-former-Bosnian-006-410x246.jpg","contentUrl":"https:\/\/sandzakpress.net\/arhiva\/wp-content\/uploads\/2013\/11\/Ejup-Ganic-former-Bosnian-006-410x246.jpg","width":410,"height":246},{"@type":"BreadcrumbList","@id":"https:\/\/sandzakpress.net\/arhiva\/prof-dr-ejub-ganic-na-i-zasjedanju-avnoja-sandzak-je-imao-status-republike\/#breadcrumb","itemListElement":[{"@type":"ListItem","position":1,"name":"Home","item":"https:\/\/sandzakpress.net\/arhiva\/"},{"@type":"ListItem","position":2,"name":"Prof. dr. Ejub Gani\u0107: Na I. zasjedanju AVNOJA Sand\u017eak je imao status Republike"}]},{"@type":"WebSite","@id":"https:\/\/sandzakpress.net\/arhiva\/#website","url":"https:\/\/sandzakpress.net\/arhiva\/","name":"Sand\u017eak PRESS","description":"Prve elektronske novine u Sand\u017eaku","publisher":{"@id":"https:\/\/sandzakpress.net\/arhiva\/#\/schema\/person\/6e72b67d6e51910a1117b3b483ba20bd"},"potentialAction":[{"@type":"SearchAction","target":{"@type":"EntryPoint","urlTemplate":"https:\/\/sandzakpress.net\/arhiva\/?s={search_term_string}"},"query-input":{"@type":"PropertyValueSpecification","valueRequired":true,"valueName":"search_term_string"}}],"inLanguage":"bs-BA"},{"@type":["Person","Organization"],"@id":"https:\/\/sandzakpress.net\/arhiva\/#\/schema\/person\/6e72b67d6e51910a1117b3b483ba20bd","name":"Kul","image":{"@type":"ImageObject","inLanguage":"bs-BA","@id":"https:\/\/sandzakpress.net\/arhiva\/#\/schema\/person\/image\/","url":"https:\/\/secure.gravatar.com\/avatar\/42263f39aa27ac04c43cab85c280eb2e?s=96&d=mm&r=pg","contentUrl":"https:\/\/secure.gravatar.com\/avatar\/42263f39aa27ac04c43cab85c280eb2e?s=96&d=mm&r=pg","caption":"Kul"},"logo":{"@id":"https:\/\/sandzakpress.net\/arhiva\/#\/schema\/person\/image\/"}},{"@type":"Person","@id":"https:\/\/sandzakpress.net\/arhiva\/#\/schema\/person\/c8baee722073534b583ea7bdb2e36c02","name":"bosniak","image":{"@type":"ImageObject","inLanguage":"bs-BA","@id":"https:\/\/sandzakpress.net\/arhiva\/#\/schema\/person\/image\/","url":"https:\/\/secure.gravatar.com\/avatar\/a04fd330bfe3a36a72a0ad4a6d89fca7?s=96&d=mm&r=pg","contentUrl":"https:\/\/secure.gravatar.com\/avatar\/a04fd330bfe3a36a72a0ad4a6d89fca7?s=96&d=mm&r=pg","caption":"bosniak"},"url":"https:\/\/sandzakpress.net\/arhiva\/author\/bosniak\/"}]}},"_links":{"self":[{"href":"https:\/\/sandzakpress.net\/arhiva\/wp-json\/wp\/v2\/posts\/96969"}],"collection":[{"href":"https:\/\/sandzakpress.net\/arhiva\/wp-json\/wp\/v2\/posts"}],"about":[{"href":"https:\/\/sandzakpress.net\/arhiva\/wp-json\/wp\/v2\/types\/post"}],"author":[{"embeddable":true,"href":"https:\/\/sandzakpress.net\/arhiva\/wp-json\/wp\/v2\/users\/83"}],"replies":[{"embeddable":true,"href":"https:\/\/sandzakpress.net\/arhiva\/wp-json\/wp\/v2\/comments?post=96969"}],"version-history":[{"count":0,"href":"https:\/\/sandzakpress.net\/arhiva\/wp-json\/wp\/v2\/posts\/96969\/revisions"}],"wp:featuredmedia":[{"embeddable":true,"href":"https:\/\/sandzakpress.net\/arhiva\/wp-json\/wp\/v2\/media\/96970"}],"wp:attachment":[{"href":"https:\/\/sandzakpress.net\/arhiva\/wp-json\/wp\/v2\/media?parent=96969"}],"wp:term":[{"taxonomy":"category","embeddable":true,"href":"https:\/\/sandzakpress.net\/arhiva\/wp-json\/wp\/v2\/categories?post=96969"},{"taxonomy":"post_tag","embeddable":true,"href":"https:\/\/sandzakpress.net\/arhiva\/wp-json\/wp\/v2\/tags?post=96969"}],"curies":[{"name":"wp","href":"https:\/\/api.w.org\/{rel}","templated":true}]}}